{"id":1415,"date":"2022-04-22T15:03:18","date_gmt":"2022-04-22T13:03:18","guid":{"rendered":"https:\/\/www.radiocastor.com\/?p=1415"},"modified":"2022-04-22T18:32:07","modified_gmt":"2022-04-22T16:32:07","slug":"voila-ce-qui-arrive-quand-on-ne-surveille-pas-ses-enfants-mon-nom-au-micro-lhistoire-de-mathieu-samson","status":"publish","type":"post","link":"https:\/\/www.radiocastor.com\/index.php\/voila-ce-qui-arrive-quand-on-ne-surveille-pas-ses-enfants-mon-nom-au-micro-lhistoire-de-mathieu-samson\/","title":{"rendered":"Voil\u00e0 ce qui arrive quand on ne surveille pas ses enfants: \u00ab\u00a0Mon nom au micro\u00a0\u00bb, l&rsquo;histoire de Mathieu Samson"},"content":{"rendered":"\n<p>Sorti le 15 avril, \u00ab\u00a0Mon nom au micro\u00a0\u00bb est le premier single de Mathieu Samson, extrait de l&rsquo;album \u00ab\u00a0Le gar\u00e7on lilas\u00a0\u00bb annonc\u00e9 pour cet \u00e9t\u00e9.<\/p>\n\n\n\n<p>Enfant, il a du vous arriver de vous perdre au supermarch\u00e9 ou \u00e0 la galerie commerciale (\u00ab\u00a0centre d&rsquo;achat\u00a0\u00bb dans le texte, on est \u00e0 Qu\u00e9bec&#8230;), c&rsquo;est forc\u00e9ment de ce souvenir d&rsquo;enfance que s&rsquo;est inspir\u00e9 Mathieu pour \u00e9crire cette chanson.<br>On imagine bien la sc\u00e8ne : \u00ab\u00a0Le petit Mathieu attend sa maman \u00e0 l&rsquo;accueil&#8230;\u00a0\u00bb<\/p>\n\n\n\n<p>Pour le son, on est en plein dans la pop des ann\u00e9es 80s, de l&rsquo;\u00e9nergie et un refrain entrainant, et la voix suave de Mathieu Samson qui s&rsquo;envole parfois dans des effets aigus surprenants.<br>C&rsquo;est gai et divertissant, voil\u00e0 un titre qui donne le sourire.<\/p>\n\n\n\n<p>L&rsquo;album annonc\u00e9 semble lui aussi devoir \u00eatre autobiographique, et en relation avec l&rsquo;univers LGBTQ, Mathieu confie : \u00ab\u00a0c&rsquo;est le portrait d\u2019une enfance heureuse fragilis\u00e9e par un secret et la honte qui en d\u00e9coule\u00a0\u00bb.<br>On a h\u00e2te de l&rsquo;\u00e9couter !<\/p>\n\n\n\n<p><iframe loading=\"lazy\" src=\"https:\/\/www.youtube.com\/embed\/dENvOugHP8k\" title=\"YouTube video player\" allow=\"accelerometer; autoplay; clipboard-write; encrypted-media; gyroscope; picture-in-picture\" allowfullscreen=\"\" width=\"560\" height=\"315\" frameborder=\"0\"><\/iframe><\/p>\n\n\n\n<p class=\"has-text-align-center\"><a rel=\"noreferrer noopener\" href=\"https:\/\/www.facebook.com\/mathieusamsonofficiel\" target=\"_blank\">Facebook<\/a> &#8211; <a href=\"https:\/\/www.instagram.com\/mathieusamsonofficiel\" target=\"_blank\" rel=\"noreferrer noopener\">Instagram<\/a><\/p>\n","protected":false},"excerpt":{"rendered":"<p>Sorti le 15 avril, \u00ab\u00a0Mon nom au micro\u00a0\u00bb est le premier single de Mathieu Samson,&#8230;<\/p>\n","protected":false},"author":1,"featured_media":1416,"comment_status":"closed","ping_status":"open","sticky":false,"template":"","format":"standard","meta":{"_uag_custom_page_level_css":"","footnotes":""},"categories":[4,32,46],"tags":[],"class_list":["post-1415","post","type-post","status-publish","format-standard","has-post-thumbnail","hentry","category-pop","category-single","category-sortie"],"yoast_head":"<!-- This site is optimized with the Yoast SEO plugin v27.4 - https:\/\/yoast.com\/product\/yoast-seo-wordpress\/ -->\n<title>Voil\u00e0 ce qui arrive quand on ne surveille pas ses enfants: &quot;Mon nom au micro&quot;, l&#039;histoire de Mathieu Samson - Radio Castor<\/title>\n<meta name=\"robots\" content=\"index, follow, max-snippet:-1, max-image-preview:large, max-video-preview:-1\" \/>\n<link rel=\"canonical\" href=\"https:\/\/www.radiocastor.com\/index.php\/voila-ce-qui-arrive-quand-on-ne-surveille-pas-ses-enfants-mon-nom-au-micro-lhistoire-de-mathieu-samson\/\" \/>\n<meta property=\"og:locale\" content=\"fr_FR\" \/>\n<meta property=\"og:type\" content=\"article\" \/>\n<meta property=\"og:title\" content=\"Voil\u00e0 ce qui arrive quand on ne surveille pas ses enfants: &quot;Mon nom au micro&quot;, l&#039;histoire de Mathieu Samson - Radio Castor\" \/>\n<meta property=\"og:description\" content=\"Sorti le 15 avril, \u00ab\u00a0Mon nom au micro\u00a0\u00bb est le premier single de Mathieu Samson,...\" \/>\n<meta property=\"og:url\" content=\"https:\/\/www.radiocastor.com\/index.php\/voila-ce-qui-arrive-quand-on-ne-surveille-pas-ses-enfants-mon-nom-au-micro-lhistoire-de-mathieu-samson\/\" \/>\n<meta property=\"og:site_name\" content=\"Radio Castor\" \/>\n<meta property=\"article:publisher\" content=\"https:\/\/www.facebook.com\/theradiocastor\" \/>\n<meta property=\"article:published_time\" content=\"2022-04-22T13:03:18+00:00\" \/>\n<meta property=\"article:modified_time\" content=\"2022-04-22T16:32:07+00:00\" \/>\n<meta property=\"og:image\" content=\"https:\/\/www.radiocastor.com\/wp-content\/uploads\/2022\/04\/Mathieu-Samson.jpg\" \/>\n\t<meta property=\"og:image:width\" content=\"1440\" \/>\n\t<meta property=\"og:image:height\" content=\"1440\" \/>\n\t<meta property=\"og:image:type\" content=\"image\/jpeg\" \/>\n<meta name=\"author\" content=\"R\u00e9daction R C\" \/>\n<meta name=\"twitter:card\" content=\"summary_large_image\" \/>\n<meta name=\"twitter:creator\" content=\"@TheRadioCastor\" \/>\n<meta name=\"twitter:site\" content=\"@TheRadioCastor\" \/>\n<meta name=\"twitter:label1\" content=\"\u00c9crit par\" \/>\n\t<meta name=\"twitter:data1\" content=\"R\u00e9daction R C\" \/>\n\t<meta name=\"twitter:label2\" content=\"Dur\u00e9e de lecture estim\u00e9e\" \/>\n\t<meta name=\"twitter:data2\" content=\"1 minute\" \/>\n<script type=\"application\/ld+json\" class=\"yoast-schema-graph\">{\"@context\":\"https:\\\/\\\/schema.org\",\"@graph\":[{\"@type\":\"Article\",\"@id\":\"https:\\\/\\\/www.radiocastor.com\\\/index.php\\\/voila-ce-qui-arrive-quand-on-ne-surveille-pas-ses-enfants-mon-nom-au-micro-lhistoire-de-mathieu-samson\\\/#article\",\"isPartOf\":{\"@id\":\"https:\\\/\\\/www.radiocastor.com\\\/index.php\\\/voila-ce-qui-arrive-quand-on-ne-surveille-pas-ses-enfants-mon-nom-au-micro-lhistoire-de-mathieu-samson\\\/\"},\"author\":{\"name\":\"R\u00e9daction R C\",\"@id\":\"https:\\\/\\\/www.radiocastor.com\\\/#\\\/schema\\\/person\\\/558b0e47dc4c11fa52b2220ba6a78779\"},\"headline\":\"Voil\u00e0 ce qui arrive quand on ne surveille pas ses enfants: \u00ab\u00a0Mon nom au micro\u00a0\u00bb, l&rsquo;histoire de Mathieu Samson\",\"datePublished\":\"2022-04-22T13:03:18+00:00\",\"dateModified\":\"2022-04-22T16:32:07+00:00\",\"mainEntityOfPage\":{\"@id\":\"https:\\\/\\\/www.radiocastor.com\\\/index.php\\\/voila-ce-qui-arrive-quand-on-ne-surveille-pas-ses-enfants-mon-nom-au-micro-lhistoire-de-mathieu-samson\\\/\"},\"wordCount\":200,\"publisher\":{\"@id\":\"https:\\\/\\\/www.radiocastor.com\\\/#organization\"},\"image\":{\"@id\":\"https:\\\/\\\/www.radiocastor.com\\\/index.php\\\/voila-ce-qui-arrive-quand-on-ne-surveille-pas-ses-enfants-mon-nom-au-micro-lhistoire-de-mathieu-samson\\\/#primaryimage\"},\"thumbnailUrl\":\"https:\\\/\\\/www.radiocastor.com\\\/wp-content\\\/uploads\\\/2022\\\/04\\\/Mathieu-Samson.jpg\",\"articleSection\":[\"Pop\",\"Single\",\"Sortie\"],\"inLanguage\":\"fr-FR\"},{\"@type\":\"WebPage\",\"@id\":\"https:\\\/\\\/www.radiocastor.com\\\/index.php\\\/voila-ce-qui-arrive-quand-on-ne-surveille-pas-ses-enfants-mon-nom-au-micro-lhistoire-de-mathieu-samson\\\/\",\"url\":\"https:\\\/\\\/www.radiocastor.com\\\/index.php\\\/voila-ce-qui-arrive-quand-on-ne-surveille-pas-ses-enfants-mon-nom-au-micro-lhistoire-de-mathieu-samson\\\/\",\"name\":\"Voil\u00e0 ce qui arrive quand on ne surveille pas ses enfants: \\\"Mon nom au micro\\\", l'histoire de Mathieu Samson - Radio Castor\",\"isPartOf\":{\"@id\":\"https:\\\/\\\/www.radiocastor.com\\\/#website\"},\"primaryImageOfPage\":{\"@id\":\"https:\\\/\\\/www.radiocastor.com\\\/index.php\\\/voila-ce-qui-arrive-quand-on-ne-surveille-pas-ses-enfants-mon-nom-au-micro-lhistoire-de-mathieu-samson\\\/#primaryimage\"},\"image\":{\"@id\":\"https:\\\/\\\/www.radiocastor.com\\\/index.php\\\/voila-ce-qui-arrive-quand-on-ne-surveille-pas-ses-enfants-mon-nom-au-micro-lhistoire-de-mathieu-samson\\\/#primaryimage\"},\"thumbnailUrl\":\"https:\\\/\\\/www.radiocastor.com\\\/wp-content\\\/uploads\\\/2022\\\/04\\\/Mathieu-Samson.jpg\",\"datePublished\":\"2022-04-22T13:03:18+00:00\",\"dateModified\":\"2022-04-22T16:32:07+00:00\",\"breadcrumb\":{\"@id\":\"https:\\\/\\\/www.radiocastor.com\\\/index.php\\\/voila-ce-qui-arrive-quand-on-ne-surveille-pas-ses-enfants-mon-nom-au-micro-lhistoire-de-mathieu-samson\\\/#breadcrumb\"},\"inLanguage\":\"fr-FR\",\"potentialAction\":[{\"@type\":\"ReadAction\",\"target\":[\"https:\\\/\\\/www.radiocastor.com\\\/index.php\\\/voila-ce-qui-arrive-quand-on-ne-surveille-pas-ses-enfants-mon-nom-au-micro-lhistoire-de-mathieu-samson\\\/\"]}]},{\"@type\":\"ImageObject\",\"inLanguage\":\"fr-FR\",\"@id\":\"https:\\\/\\\/www.radiocastor.com\\\/index.php\\\/voila-ce-qui-arrive-quand-on-ne-surveille-pas-ses-enfants-mon-nom-au-micro-lhistoire-de-mathieu-samson\\\/#primaryimage\",\"url\":\"https:\\\/\\\/www.radiocastor.com\\\/wp-content\\\/uploads\\\/2022\\\/04\\\/Mathieu-Samson.jpg\",\"contentUrl\":\"https:\\\/\\\/www.radiocastor.com\\\/wp-content\\\/uploads\\\/2022\\\/04\\\/Mathieu-Samson.jpg\",\"width\":1440,\"height\":1440},{\"@type\":\"BreadcrumbList\",\"@id\":\"https:\\\/\\\/www.radiocastor.com\\\/index.php\\\/voila-ce-qui-arrive-quand-on-ne-surveille-pas-ses-enfants-mon-nom-au-micro-lhistoire-de-mathieu-samson\\\/#breadcrumb\",\"itemListElement\":[{\"@type\":\"ListItem\",\"position\":1,\"name\":\"Accueil\",\"item\":\"https:\\\/\\\/www.radiocastor.com\\\/\"},{\"@type\":\"ListItem\",\"position\":2,\"name\":\"Voil\u00e0 ce qui arrive quand on ne surveille pas ses enfants: \u00ab\u00a0Mon nom au micro\u00a0\u00bb, l&rsquo;histoire de Mathieu Samson\"}]},{\"@type\":\"WebSite\",\"@id\":\"https:\\\/\\\/www.radiocastor.com\\\/#website\",\"url\":\"https:\\\/\\\/www.radiocastor.com\\\/\",\"name\":\"Radio Castor\",\"description\":\"La voix !\",\"publisher\":{\"@id\":\"https:\\\/\\\/www.radiocastor.com\\\/#organization\"},\"potentialAction\":[{\"@type\":\"SearchAction\",\"target\":{\"@type\":\"EntryPoint\",\"urlTemplate\":\"https:\\\/\\\/www.radiocastor.com\\\/?s={search_term_string}\"},\"query-input\":{\"@type\":\"PropertyValueSpecification\",\"valueRequired\":true,\"valueName\":\"search_term_string\"}}],\"inLanguage\":\"fr-FR\"},{\"@type\":\"Organization\",\"@id\":\"https:\\\/\\\/www.radiocastor.com\\\/#organization\",\"name\":\"Radio Castor\",\"url\":\"https:\\\/\\\/www.radiocastor.com\\\/\",\"logo\":{\"@type\":\"ImageObject\",\"inLanguage\":\"fr-FR\",\"@id\":\"https:\\\/\\\/www.radiocastor.com\\\/#\\\/schema\\\/logo\\\/image\\\/\",\"url\":\"https:\\\/\\\/www.radiocastor.com\\\/wp-content\\\/uploads\\\/2021\\\/11\\\/cropped-Radio-castor-logo-2.png\",\"contentUrl\":\"https:\\\/\\\/www.radiocastor.com\\\/wp-content\\\/uploads\\\/2021\\\/11\\\/cropped-Radio-castor-logo-2.png\",\"width\":437,\"height\":219,\"caption\":\"Radio Castor\"},\"image\":{\"@id\":\"https:\\\/\\\/www.radiocastor.com\\\/#\\\/schema\\\/logo\\\/image\\\/\"},\"sameAs\":[\"https:\\\/\\\/www.facebook.com\\\/theradiocastor\",\"https:\\\/\\\/x.com\\\/TheRadioCastor\",\"https:\\\/\\\/www.instagram.com\\\/theradiocastor\",\"https:\\\/\\\/www.youtube.com\\\/c\\\/RadioCastor\"]},{\"@type\":\"Person\",\"@id\":\"https:\\\/\\\/www.radiocastor.com\\\/#\\\/schema\\\/person\\\/558b0e47dc4c11fa52b2220ba6a78779\",\"name\":\"R\u00e9daction R C\",\"image\":{\"@type\":\"ImageObject\",\"inLanguage\":\"fr-FR\",\"@id\":\"https:\\\/\\\/secure.gravatar.com\\\/avatar\\\/1d3e4f4c4a0d129f7ed4838ea20c33760c2484b9bc381993df6c0e3f5bf89c23?s=96&d=mm&r=g\",\"url\":\"https:\\\/\\\/secure.gravatar.com\\\/avatar\\\/1d3e4f4c4a0d129f7ed4838ea20c33760c2484b9bc381993df6c0e3f5bf89c23?s=96&d=mm&r=g\",\"contentUrl\":\"https:\\\/\\\/secure.gravatar.com\\\/avatar\\\/1d3e4f4c4a0d129f7ed4838ea20c33760c2484b9bc381993df6c0e3f5bf89c23?s=96&d=mm&r=g\",\"caption\":\"R\u00e9daction R C\"},\"sameAs\":[\"http:\\\/\\\/www.radiocastor.com\"],\"url\":\"https:\\\/\\\/www.radiocastor.com\\\/index.php\\\/author\\\/radio-castor\\\/\"}]}<\/script>\n<!-- \/ Yoast SEO plugin. -->","yoast_head_json":{"title":"Voil\u00e0 ce qui arrive quand on ne surveille pas ses enfants: \"Mon nom au micro\", l'histoire de Mathieu Samson - Radio Castor","robots":{"index":"index","follow":"follow","max-snippet":"max-snippet:-1","max-image-preview":"max-image-preview:large","max-video-preview":"max-video-preview:-1"},"canonical":"https:\/\/www.radiocastor.com\/index.php\/voila-ce-qui-arrive-quand-on-ne-surveille-pas-ses-enfants-mon-nom-au-micro-lhistoire-de-mathieu-samson\/","og_locale":"fr_FR","og_type":"article","og_title":"Voil\u00e0 ce qui arrive quand on ne surveille pas ses enfants: \"Mon nom au micro\", l'histoire de Mathieu Samson - Radio Castor","og_description":"Sorti le 15 avril, \u00ab\u00a0Mon nom au micro\u00a0\u00bb est le premier single de Mathieu Samson,...","og_url":"https:\/\/www.radiocastor.com\/index.php\/voila-ce-qui-arrive-quand-on-ne-surveille-pas-ses-enfants-mon-nom-au-micro-lhistoire-de-mathieu-samson\/","og_site_name":"Radio Castor","article_publisher":"https:\/\/www.facebook.com\/theradiocastor","article_published_time":"2022-04-22T13:03:18+00:00","article_modified_time":"2022-04-22T16:32:07+00:00","og_image":[{"width":1440,"height":1440,"url":"https:\/\/www.radiocastor.com\/wp-content\/uploads\/2022\/04\/Mathieu-Samson.jpg","type":"image\/jpeg"}],"author":"R\u00e9daction R C","twitter_card":"summary_large_image","twitter_creator":"@TheRadioCastor","twitter_site":"@TheRadioCastor","twitter_misc":{"\u00c9crit par":"R\u00e9daction R C","Dur\u00e9e de lecture estim\u00e9e":"1 minute"},"schema":{"@context":"https:\/\/schema.org","@graph":[{"@type":"Article","@id":"https:\/\/www.radiocastor.com\/index.php\/voila-ce-qui-arrive-quand-on-ne-surveille-pas-ses-enfants-mon-nom-au-micro-lhistoire-de-mathieu-samson\/#article","isPartOf":{"@id":"https:\/\/www.radiocastor.com\/index.php\/voila-ce-qui-arrive-quand-on-ne-surveille-pas-ses-enfants-mon-nom-au-micro-lhistoire-de-mathieu-samson\/"},"author":{"name":"R\u00e9daction R C","@id":"https:\/\/www.radiocastor.com\/#\/schema\/person\/558b0e47dc4c11fa52b2220ba6a78779"},"headline":"Voil\u00e0 ce qui arrive quand on ne surveille pas ses enfants: \u00ab\u00a0Mon nom au micro\u00a0\u00bb, l&rsquo;histoire de Mathieu Samson","datePublished":"2022-04-22T13:03:18+00:00","dateModified":"2022-04-22T16:32:07+00:00","mainEntityOfPage":{"@id":"https:\/\/www.radiocastor.com\/index.php\/voila-ce-qui-arrive-quand-on-ne-surveille-pas-ses-enfants-mon-nom-au-micro-lhistoire-de-mathieu-samson\/"},"wordCount":200,"publisher":{"@id":"https:\/\/www.radiocastor.com\/#organization"},"image":{"@id":"https:\/\/www.radiocastor.com\/index.php\/voila-ce-qui-arrive-quand-on-ne-surveille-pas-ses-enfants-mon-nom-au-micro-lhistoire-de-mathieu-samson\/#primaryimage"},"thumbnailUrl":"https:\/\/www.radiocastor.com\/wp-content\/uploads\/2022\/04\/Mathieu-Samson.jpg","articleSection":["Pop","Single","Sortie"],"inLanguage":"fr-FR"},{"@type":"WebPage","@id":"https:\/\/www.radiocastor.com\/index.php\/voila-ce-qui-arrive-quand-on-ne-surveille-pas-ses-enfants-mon-nom-au-micro-lhistoire-de-mathieu-samson\/","url":"https:\/\/www.radiocastor.com\/index.php\/voila-ce-qui-arrive-quand-on-ne-surveille-pas-ses-enfants-mon-nom-au-micro-lhistoire-de-mathieu-samson\/","name":"Voil\u00e0 ce qui arrive quand on ne surveille pas ses enfants: \"Mon nom au micro\", l'histoire de Mathieu Samson - Radio Castor","isPartOf":{"@id":"https:\/\/www.radiocastor.com\/#website"},"primaryImageOfPage":{"@id":"https:\/\/www.radiocastor.com\/index.php\/voila-ce-qui-arrive-quand-on-ne-surveille-pas-ses-enfants-mon-nom-au-micro-lhistoire-de-mathieu-samson\/#primaryimage"},"image":{"@id":"https:\/\/www.radiocastor.com\/index.php\/voila-ce-qui-arrive-quand-on-ne-surveille-pas-ses-enfants-mon-nom-au-micro-lhistoire-de-mathieu-samson\/#primaryimage"},"thumbnailUrl":"https:\/\/www.radiocastor.com\/wp-content\/uploads\/2022\/04\/Mathieu-Samson.jpg","datePublished":"2022-04-22T13:03:18+00:00","dateModified":"2022-04-22T16:32:07+00:00","breadcrumb":{"@id":"https:\/\/www.radiocastor.com\/index.php\/voila-ce-qui-arrive-quand-on-ne-surveille-pas-ses-enfants-mon-nom-au-micro-lhistoire-de-mathieu-samson\/#breadcrumb"},"inLanguage":"fr-FR","potentialAction":[{"@type":"ReadAction","target":["https:\/\/www.radiocastor.com\/index.php\/voila-ce-qui-arrive-quand-on-ne-surveille-pas-ses-enfants-mon-nom-au-micro-lhistoire-de-mathieu-samson\/"]}]},{"@type":"ImageObject","inLanguage":"fr-FR","@id":"https:\/\/www.radiocastor.com\/index.php\/voila-ce-qui-arrive-quand-on-ne-surveille-pas-ses-enfants-mon-nom-au-micro-lhistoire-de-mathieu-samson\/#primaryimage","url":"https:\/\/www.radiocastor.com\/wp-content\/uploads\/2022\/04\/Mathieu-Samson.jpg","contentUrl":"https:\/\/www.radiocastor.com\/wp-content\/uploads\/2022\/04\/Mathieu-Samson.jpg","width":1440,"height":1440},{"@type":"BreadcrumbList","@id":"https:\/\/www.radiocastor.com\/index.php\/voila-ce-qui-arrive-quand-on-ne-surveille-pas-ses-enfants-mon-nom-au-micro-lhistoire-de-mathieu-samson\/#breadcrumb","itemListElement":[{"@type":"ListItem","position":1,"name":"Accueil","item":"https:\/\/www.radiocastor.com\/"},{"@type":"ListItem","position":2,"name":"Voil\u00e0 ce qui arrive quand on ne surveille pas ses enfants: \u00ab\u00a0Mon nom au micro\u00a0\u00bb, l&rsquo;histoire de Mathieu Samson"}]},{"@type":"WebSite","@id":"https:\/\/www.radiocastor.com\/#website","url":"https:\/\/www.radiocastor.com\/","name":"Radio Castor","description":"La voix !","publisher":{"@id":"https:\/\/www.radiocastor.com\/#organization"},"potentialAction":[{"@type":"SearchAction","target":{"@type":"EntryPoint","urlTemplate":"https:\/\/www.radiocastor.com\/?s={search_term_string}"},"query-input":{"@type":"PropertyValueSpecification","valueRequired":true,"valueName":"search_term_string"}}],"inLanguage":"fr-FR"},{"@type":"Organization","@id":"https:\/\/www.radiocastor.com\/#organization","name":"Radio Castor","url":"https:\/\/www.radiocastor.com\/","logo":{"@type":"ImageObject","inLanguage":"fr-FR","@id":"https:\/\/www.radiocastor.com\/#\/schema\/logo\/image\/","url":"https:\/\/www.radiocastor.com\/wp-content\/uploads\/2021\/11\/cropped-Radio-castor-logo-2.png","contentUrl":"https:\/\/www.radiocastor.com\/wp-content\/uploads\/2021\/11\/cropped-Radio-castor-logo-2.png","width":437,"height":219,"caption":"Radio Castor"},"image":{"@id":"https:\/\/www.radiocastor.com\/#\/schema\/logo\/image\/"},"sameAs":["https:\/\/www.facebook.com\/theradiocastor","https:\/\/x.com\/TheRadioCastor","https:\/\/www.instagram.com\/theradiocastor","https:\/\/www.youtube.com\/c\/RadioCastor"]},{"@type":"Person","@id":"https:\/\/www.radiocastor.com\/#\/schema\/person\/558b0e47dc4c11fa52b2220ba6a78779","name":"R\u00e9daction R C","image":{"@type":"ImageObject","inLanguage":"fr-FR","@id":"https:\/\/secure.gravatar.com\/avatar\/1d3e4f4c4a0d129f7ed4838ea20c33760c2484b9bc381993df6c0e3f5bf89c23?s=96&d=mm&r=g","url":"https:\/\/secure.gravatar.com\/avatar\/1d3e4f4c4a0d129f7ed4838ea20c33760c2484b9bc381993df6c0e3f5bf89c23?s=96&d=mm&r=g","contentUrl":"https:\/\/secure.gravatar.com\/avatar\/1d3e4f4c4a0d129f7ed4838ea20c33760c2484b9bc381993df6c0e3f5bf89c23?s=96&d=mm&r=g","caption":"R\u00e9daction R C"},"sameAs":["http:\/\/www.radiocastor.com"],"url":"https:\/\/www.radiocastor.com\/index.php\/author\/radio-castor\/"}]}},"uagb_featured_image_src":{"full":["https:\/\/www.radiocastor.com\/wp-content\/uploads\/2022\/04\/Mathieu-Samson.jpg",1440,1440,false],"thumbnail":["https:\/\/www.radiocastor.com\/wp-content\/uploads\/2022\/04\/Mathieu-Samson-150x150.jpg",150,150,true],"medium":["https:\/\/www.radiocastor.com\/wp-content\/uploads\/2022\/04\/Mathieu-Samson-300x300.jpg",300,300,true],"medium_large":["https:\/\/www.radiocastor.com\/wp-content\/uploads\/2022\/04\/Mathieu-Samson-768x768.jpg",640,640,true],"large":["https:\/\/www.radiocastor.com\/wp-content\/uploads\/2022\/04\/Mathieu-Samson-1024x1024.jpg",640,640,true],"1536x1536":["https:\/\/www.radiocastor.com\/wp-content\/uploads\/2022\/04\/Mathieu-Samson.jpg",1440,1440,false],"2048x2048":["https:\/\/www.radiocastor.com\/wp-content\/uploads\/2022\/04\/Mathieu-Samson.jpg",1440,1440,false],"newsever-slider-full":["https:\/\/www.radiocastor.com\/wp-content\/uploads\/2022\/04\/Mathieu-Samson-1280x845.jpg",1280,845,true],"newsever-featured":["https:\/\/www.radiocastor.com\/wp-content\/uploads\/2022\/04\/Mathieu-Samson-1024x1024.jpg",1024,1024,true],"newsever-medium":["https:\/\/www.radiocastor.com\/wp-content\/uploads\/2022\/04\/Mathieu-Samson-720x475.jpg",720,475,true]},"uagb_author_info":{"display_name":"R\u00e9daction R C","author_link":"https:\/\/www.radiocastor.com\/index.php\/author\/radio-castor\/"},"uagb_comment_info":0,"uagb_excerpt":"Sorti le 15 avril, \u00ab\u00a0Mon nom au micro\u00a0\u00bb est le premier single de Mathieu Samson,...","_links":{"self":[{"href":"https:\/\/www.radiocastor.com\/index.php\/wp-json\/wp\/v2\/posts\/1415","targetHints":{"allow":["GET"]}}],"collection":[{"href":"https:\/\/www.radiocastor.com\/index.php\/wp-json\/wp\/v2\/posts"}],"about":[{"href":"https:\/\/www.radiocastor.com\/index.php\/wp-json\/wp\/v2\/types\/post"}],"author":[{"embeddable":true,"href":"https:\/\/www.radiocastor.com\/index.php\/wp-json\/wp\/v2\/users\/1"}],"replies":[{"embeddable":true,"href":"https:\/\/www.radiocastor.com\/index.php\/wp-json\/wp\/v2\/comments?post=1415"}],"version-history":[{"count":0,"href":"https:\/\/www.radiocastor.com\/index.php\/wp-json\/wp\/v2\/posts\/1415\/revisions"}],"wp:featuredmedia":[{"embeddable":true,"href":"https:\/\/www.radiocastor.com\/index.php\/wp-json\/wp\/v2\/media\/1416"}],"wp:attachment":[{"href":"https:\/\/www.radiocastor.com\/index.php\/wp-json\/wp\/v2\/media?parent=1415"}],"wp:term":[{"taxonomy":"category","embeddable":true,"href":"https:\/\/www.radiocastor.com\/index.php\/wp-json\/wp\/v2\/categories?post=1415"},{"taxonomy":"post_tag","embeddable":true,"href":"https:\/\/www.radiocastor.com\/index.php\/wp-json\/wp\/v2\/tags?post=1415"}],"curies":[{"name":"wp","href":"https:\/\/api.w.org\/{rel}","templated":true}]}}