{"id":13857,"date":"2026-01-17T23:00:00","date_gmt":"2026-01-17T22:00:00","guid":{"rendered":"https:\/\/www.radiocastor.com\/?p=13857"},"modified":"2026-01-18T07:00:29","modified_gmt":"2026-01-18T06:00:29","slug":"titre-du-jour-buddy-ram-le-voyage-retro-existentiel-de-we-werent-meant-to-be-here","status":"publish","type":"post","link":"https:\/\/www.radiocastor.com\/index.php\/titre-du-jour-buddy-ram-le-voyage-retro-existentiel-de-we-werent-meant-to-be-here\/","title":{"rendered":"Titre du jour : Buddy Ram, Le voyage r\u00e9tro-existentiel de We Weren&rsquo;t Meant to Be Here"},"content":{"rendered":"\n<p>Le tout nouveau groupe <strong>Buddy Ram<\/strong> fait une entr\u00e9e remarqu\u00e9e sur la sc\u00e8ne ind\u00e9pendante avec son titre <strong>\u201cWe Weren&rsquo;t Meant to Be Here\u201d<\/strong>, sorti initialement en septembre 2025.<\/p>\n\n\n\n<p>Buddy Ram propose un univers rafra\u00eechissant qui puise sa force dans un m\u00e9lange habile d&rsquo;\u00e9poques. Leur son se situe au carrefour de la nostalgie des ann\u00e9es 60 et de la pr\u00e9cision des productions actuelles. On y retrouve l&rsquo;influence des harmonies vocales l\u00e9gendaires des <em>Beach Boys<\/em> ou de l&rsquo;\u00e9criture m\u00e9lodique de <em>Paul McCartney<\/em>, le tout saupoudr\u00e9 d&rsquo;une \u00e9nergie moderne qui n&rsquo;est pas sans rappeler les exp\u00e9rimentations de <em>Talking Heads<\/em> ou l&rsquo;indie-pop de <em>Garden City Movement<\/em>.<\/p>\n\n\n\n<p>Le morceau <strong>We Weren&rsquo;t Meant to Be Here<\/strong> est une p\u00e9pite de pop existentielle qui joue avec les contrastes : c&rsquo;est \u00e0 la fois doux et amer, lumineux et tourment\u00e9. Le texte explore ce sentiment \u00e9trange de ne pas \u00eatre \u00e0 sa place (\u00ab\u00a0We weren\u2019t meant to be here\u00a0\u00bb), tout en c\u00e9l\u00e9brant la chance d&rsquo;\u00eatre encore en vie dans un monde complexe (\u00ab\u00a0We\u2019re lucky that we still breathe\u00a0\u00bb).<\/p>\n\n\n\n<p>Musicalement, le titre est port\u00e9 par des \u00ab\u00a0good vibes\u00a0\u00bb contagieuses qui masquent une m\u00e9lancolie plus profonde. Des paroles \u00e9voquant un r\u00e9veil difficile \u00e0 cinq heures du matin jusqu&rsquo;aux m\u00e9taphores sur notre ADN et nos \u00ab\u00a0chimies compatibles\u00a0\u00bb, Buddy Ram livre un morceau qui se d\u00e9guste comme un bon vinyle : avec un grain r\u00e9tro mais une pertinence tout \u00e0 fait contemporaine. C\u2019est une introduction parfaite pour ce nouveau groupe qui r\u00e9ussit \u00e0 capturer l&rsquo;air du temps avec une \u00e9l\u00e9gance vintage.<\/p>\n\n\n\n<p><em>A \u00e9couter sur <a href=\"https:\/\/www.radiocastor.com\/index.php\/playlist\/\" target=\"_blank\" rel=\"noreferrer noopener\">nos playlists<\/a> !<\/em><\/p>\n\n\n\n<p style=\"text-align: center;\"><iframe loading=\"lazy\" width=\"560\" height=\"315\" src=\"https:\/\/www.youtube.com\/embed\/yV_bSn9ruSI?si=2r_IIXWz4ri_IJeP\" title=\"YouTube video player\" frameborder=\"0\" allow=\"accelerometer; autoplay; clipboard-write; encrypted-media; gyroscope; picture-in-picture; web-share\" referrerpolicy=\"strict-origin-when-cross-origin\" allowfullscreen><\/iframe><\/p>\n\n\n\n<p class=\"has-text-align-center\"><a href=\"https:\/\/www.facebook.com\/profile.php?id=61579768006761\" target=\"_blank\" rel=\"noreferrer noopener\">Facebook<\/a> &#8211; <a href=\"https:\/\/www.instagram.com\/obuddyramo\" target=\"_blank\" rel=\"noreferrer noopener\">Instagram<\/a><\/p>\n","protected":false},"excerpt":{"rendered":"<p>Le tout nouveau groupe Buddy Ram fait une entr\u00e9e remarqu\u00e9e sur la sc\u00e8ne ind\u00e9pendante avec&#8230;<\/p>\n","protected":false},"author":1,"featured_media":13858,"comment_status":"closed","ping_status":"open","sticky":false,"template":"","format":"standard","meta":{"_uag_custom_page_level_css":"","footnotes":""},"categories":[45],"tags":[],"class_list":["post-13857","post","type-post","status-publish","format-standard","has-post-thumbnail","hentry","category-titre-du-jour"],"yoast_head":"<!-- This site is optimized with the Yoast SEO plugin v27.4 - https:\/\/yoast.com\/product\/yoast-seo-wordpress\/ -->\n<title>Titre du jour : Buddy Ram, Le voyage r\u00e9tro-existentiel de We Weren&#039;t Meant to Be Here - Radio Castor<\/title>\n<meta name=\"robots\" content=\"index, follow, max-snippet:-1, max-image-preview:large, max-video-preview:-1\" \/>\n<link rel=\"canonical\" href=\"https:\/\/www.radiocastor.com\/index.php\/titre-du-jour-buddy-ram-le-voyage-retro-existentiel-de-we-werent-meant-to-be-here\/\" \/>\n<meta property=\"og:locale\" content=\"fr_FR\" \/>\n<meta property=\"og:type\" content=\"article\" \/>\n<meta property=\"og:title\" content=\"Titre du jour : Buddy Ram, Le voyage r\u00e9tro-existentiel de We Weren&#039;t Meant to Be Here - Radio Castor\" \/>\n<meta property=\"og:description\" content=\"Le tout nouveau groupe Buddy Ram fait une entr\u00e9e remarqu\u00e9e sur la sc\u00e8ne ind\u00e9pendante avec...\" \/>\n<meta property=\"og:url\" content=\"https:\/\/www.radiocastor.com\/index.php\/titre-du-jour-buddy-ram-le-voyage-retro-existentiel-de-we-werent-meant-to-be-here\/\" \/>\n<meta property=\"og:site_name\" content=\"Radio Castor\" \/>\n<meta property=\"article:publisher\" content=\"https:\/\/www.facebook.com\/theradiocastor\" \/>\n<meta property=\"article:published_time\" content=\"2026-01-17T22:00:00+00:00\" \/>\n<meta property=\"article:modified_time\" content=\"2026-01-18T06:00:29+00:00\" \/>\n<meta property=\"og:image\" content=\"https:\/\/www.radiocastor.com\/wp-content\/uploads\/2026\/01\/Buddy-Ram-e1768715740577.jpg\" \/>\n\t<meta property=\"og:image:width\" content=\"745\" \/>\n\t<meta property=\"og:image:height\" content=\"551\" \/>\n\t<meta property=\"og:image:type\" content=\"image\/jpeg\" \/>\n<meta name=\"author\" content=\"R\u00e9daction R C\" \/>\n<meta name=\"twitter:card\" content=\"summary_large_image\" \/>\n<meta name=\"twitter:creator\" content=\"@TheRadioCastor\" \/>\n<meta name=\"twitter:site\" content=\"@TheRadioCastor\" \/>\n<meta name=\"twitter:label1\" content=\"\u00c9crit par\" \/>\n\t<meta name=\"twitter:data1\" content=\"R\u00e9daction R C\" \/>\n\t<meta name=\"twitter:label2\" content=\"Dur\u00e9e de lecture estim\u00e9e\" \/>\n\t<meta name=\"twitter:data2\" content=\"2 minutes\" \/>\n<script type=\"application\/ld+json\" class=\"yoast-schema-graph\">{\"@context\":\"https:\\\/\\\/schema.org\",\"@graph\":[{\"@type\":\"Article\",\"@id\":\"https:\\\/\\\/www.radiocastor.com\\\/index.php\\\/titre-du-jour-buddy-ram-le-voyage-retro-existentiel-de-we-werent-meant-to-be-here\\\/#article\",\"isPartOf\":{\"@id\":\"https:\\\/\\\/www.radiocastor.com\\\/index.php\\\/titre-du-jour-buddy-ram-le-voyage-retro-existentiel-de-we-werent-meant-to-be-here\\\/\"},\"author\":{\"name\":\"R\u00e9daction R C\",\"@id\":\"https:\\\/\\\/www.radiocastor.com\\\/#\\\/schema\\\/person\\\/558b0e47dc4c11fa52b2220ba6a78779\"},\"headline\":\"Titre du jour : Buddy Ram, Le voyage r\u00e9tro-existentiel de We Weren&rsquo;t Meant to Be Here\",\"datePublished\":\"2026-01-17T22:00:00+00:00\",\"dateModified\":\"2026-01-18T06:00:29+00:00\",\"mainEntityOfPage\":{\"@id\":\"https:\\\/\\\/www.radiocastor.com\\\/index.php\\\/titre-du-jour-buddy-ram-le-voyage-retro-existentiel-de-we-werent-meant-to-be-here\\\/\"},\"wordCount\":301,\"publisher\":{\"@id\":\"https:\\\/\\\/www.radiocastor.com\\\/#organization\"},\"image\":{\"@id\":\"https:\\\/\\\/www.radiocastor.com\\\/index.php\\\/titre-du-jour-buddy-ram-le-voyage-retro-existentiel-de-we-werent-meant-to-be-here\\\/#primaryimage\"},\"thumbnailUrl\":\"https:\\\/\\\/www.radiocastor.com\\\/wp-content\\\/uploads\\\/2026\\\/01\\\/Buddy-Ram-e1768715740577.jpg\",\"articleSection\":[\"Titre du jour\"],\"inLanguage\":\"fr-FR\"},{\"@type\":\"WebPage\",\"@id\":\"https:\\\/\\\/www.radiocastor.com\\\/index.php\\\/titre-du-jour-buddy-ram-le-voyage-retro-existentiel-de-we-werent-meant-to-be-here\\\/\",\"url\":\"https:\\\/\\\/www.radiocastor.com\\\/index.php\\\/titre-du-jour-buddy-ram-le-voyage-retro-existentiel-de-we-werent-meant-to-be-here\\\/\",\"name\":\"Titre du jour : Buddy Ram, Le voyage r\u00e9tro-existentiel de We Weren't Meant to Be Here - Radio Castor\",\"isPartOf\":{\"@id\":\"https:\\\/\\\/www.radiocastor.com\\\/#website\"},\"primaryImageOfPage\":{\"@id\":\"https:\\\/\\\/www.radiocastor.com\\\/index.php\\\/titre-du-jour-buddy-ram-le-voyage-retro-existentiel-de-we-werent-meant-to-be-here\\\/#primaryimage\"},\"image\":{\"@id\":\"https:\\\/\\\/www.radiocastor.com\\\/index.php\\\/titre-du-jour-buddy-ram-le-voyage-retro-existentiel-de-we-werent-meant-to-be-here\\\/#primaryimage\"},\"thumbnailUrl\":\"https:\\\/\\\/www.radiocastor.com\\\/wp-content\\\/uploads\\\/2026\\\/01\\\/Buddy-Ram-e1768715740577.jpg\",\"datePublished\":\"2026-01-17T22:00:00+00:00\",\"dateModified\":\"2026-01-18T06:00:29+00:00\",\"breadcrumb\":{\"@id\":\"https:\\\/\\\/www.radiocastor.com\\\/index.php\\\/titre-du-jour-buddy-ram-le-voyage-retro-existentiel-de-we-werent-meant-to-be-here\\\/#breadcrumb\"},\"inLanguage\":\"fr-FR\",\"potentialAction\":[{\"@type\":\"ReadAction\",\"target\":[\"https:\\\/\\\/www.radiocastor.com\\\/index.php\\\/titre-du-jour-buddy-ram-le-voyage-retro-existentiel-de-we-werent-meant-to-be-here\\\/\"]}]},{\"@type\":\"ImageObject\",\"inLanguage\":\"fr-FR\",\"@id\":\"https:\\\/\\\/www.radiocastor.com\\\/index.php\\\/titre-du-jour-buddy-ram-le-voyage-retro-existentiel-de-we-werent-meant-to-be-here\\\/#primaryimage\",\"url\":\"https:\\\/\\\/www.radiocastor.com\\\/wp-content\\\/uploads\\\/2026\\\/01\\\/Buddy-Ram-e1768715740577.jpg\",\"contentUrl\":\"https:\\\/\\\/www.radiocastor.com\\\/wp-content\\\/uploads\\\/2026\\\/01\\\/Buddy-Ram-e1768715740577.jpg\",\"width\":745,\"height\":551,\"caption\":\"Buddy Ram\"},{\"@type\":\"BreadcrumbList\",\"@id\":\"https:\\\/\\\/www.radiocastor.com\\\/index.php\\\/titre-du-jour-buddy-ram-le-voyage-retro-existentiel-de-we-werent-meant-to-be-here\\\/#breadcrumb\",\"itemListElement\":[{\"@type\":\"ListItem\",\"position\":1,\"name\":\"Accueil\",\"item\":\"https:\\\/\\\/www.radiocastor.com\\\/\"},{\"@type\":\"ListItem\",\"position\":2,\"name\":\"Titre du jour : Buddy Ram, Le voyage r\u00e9tro-existentiel de We Weren&rsquo;t Meant to Be Here\"}]},{\"@type\":\"WebSite\",\"@id\":\"https:\\\/\\\/www.radiocastor.com\\\/#website\",\"url\":\"https:\\\/\\\/www.radiocastor.com\\\/\",\"name\":\"Radio Castor\",\"description\":\"La voix !\",\"publisher\":{\"@id\":\"https:\\\/\\\/www.radiocastor.com\\\/#organization\"},\"potentialAction\":[{\"@type\":\"SearchAction\",\"target\":{\"@type\":\"EntryPoint\",\"urlTemplate\":\"https:\\\/\\\/www.radiocastor.com\\\/?s={search_term_string}\"},\"query-input\":{\"@type\":\"PropertyValueSpecification\",\"valueRequired\":true,\"valueName\":\"search_term_string\"}}],\"inLanguage\":\"fr-FR\"},{\"@type\":\"Organization\",\"@id\":\"https:\\\/\\\/www.radiocastor.com\\\/#organization\",\"name\":\"Radio Castor\",\"url\":\"https:\\\/\\\/www.radiocastor.com\\\/\",\"logo\":{\"@type\":\"ImageObject\",\"inLanguage\":\"fr-FR\",\"@id\":\"https:\\\/\\\/www.radiocastor.com\\\/#\\\/schema\\\/logo\\\/image\\\/\",\"url\":\"https:\\\/\\\/www.radiocastor.com\\\/wp-content\\\/uploads\\\/2021\\\/11\\\/cropped-Radio-castor-logo-2.png\",\"contentUrl\":\"https:\\\/\\\/www.radiocastor.com\\\/wp-content\\\/uploads\\\/2021\\\/11\\\/cropped-Radio-castor-logo-2.png\",\"width\":437,\"height\":219,\"caption\":\"Radio Castor\"},\"image\":{\"@id\":\"https:\\\/\\\/www.radiocastor.com\\\/#\\\/schema\\\/logo\\\/image\\\/\"},\"sameAs\":[\"https:\\\/\\\/www.facebook.com\\\/theradiocastor\",\"https:\\\/\\\/x.com\\\/TheRadioCastor\",\"https:\\\/\\\/www.instagram.com\\\/theradiocastor\",\"https:\\\/\\\/www.youtube.com\\\/c\\\/RadioCastor\"]},{\"@type\":\"Person\",\"@id\":\"https:\\\/\\\/www.radiocastor.com\\\/#\\\/schema\\\/person\\\/558b0e47dc4c11fa52b2220ba6a78779\",\"name\":\"R\u00e9daction R C\",\"image\":{\"@type\":\"ImageObject\",\"inLanguage\":\"fr-FR\",\"@id\":\"https:\\\/\\\/secure.gravatar.com\\\/avatar\\\/1d3e4f4c4a0d129f7ed4838ea20c33760c2484b9bc381993df6c0e3f5bf89c23?s=96&d=mm&r=g\",\"url\":\"https:\\\/\\\/secure.gravatar.com\\\/avatar\\\/1d3e4f4c4a0d129f7ed4838ea20c33760c2484b9bc381993df6c0e3f5bf89c23?s=96&d=mm&r=g\",\"contentUrl\":\"https:\\\/\\\/secure.gravatar.com\\\/avatar\\\/1d3e4f4c4a0d129f7ed4838ea20c33760c2484b9bc381993df6c0e3f5bf89c23?s=96&d=mm&r=g\",\"caption\":\"R\u00e9daction R C\"},\"sameAs\":[\"http:\\\/\\\/www.radiocastor.com\"],\"url\":\"https:\\\/\\\/www.radiocastor.com\\\/index.php\\\/author\\\/radio-castor\\\/\"}]}<\/script>\n<!-- \/ Yoast SEO plugin. -->","yoast_head_json":{"title":"Titre du jour : Buddy Ram, Le voyage r\u00e9tro-existentiel de We Weren't Meant to Be Here - Radio Castor","robots":{"index":"index","follow":"follow","max-snippet":"max-snippet:-1","max-image-preview":"max-image-preview:large","max-video-preview":"max-video-preview:-1"},"canonical":"https:\/\/www.radiocastor.com\/index.php\/titre-du-jour-buddy-ram-le-voyage-retro-existentiel-de-we-werent-meant-to-be-here\/","og_locale":"fr_FR","og_type":"article","og_title":"Titre du jour : Buddy Ram, Le voyage r\u00e9tro-existentiel de We Weren't Meant to Be Here - Radio Castor","og_description":"Le tout nouveau groupe Buddy Ram fait une entr\u00e9e remarqu\u00e9e sur la sc\u00e8ne ind\u00e9pendante avec...","og_url":"https:\/\/www.radiocastor.com\/index.php\/titre-du-jour-buddy-ram-le-voyage-retro-existentiel-de-we-werent-meant-to-be-here\/","og_site_name":"Radio Castor","article_publisher":"https:\/\/www.facebook.com\/theradiocastor","article_published_time":"2026-01-17T22:00:00+00:00","article_modified_time":"2026-01-18T06:00:29+00:00","og_image":[{"width":745,"height":551,"url":"https:\/\/www.radiocastor.com\/wp-content\/uploads\/2026\/01\/Buddy-Ram-e1768715740577.jpg","type":"image\/jpeg"}],"author":"R\u00e9daction R C","twitter_card":"summary_large_image","twitter_creator":"@TheRadioCastor","twitter_site":"@TheRadioCastor","twitter_misc":{"\u00c9crit par":"R\u00e9daction R C","Dur\u00e9e de lecture estim\u00e9e":"2 minutes"},"schema":{"@context":"https:\/\/schema.org","@graph":[{"@type":"Article","@id":"https:\/\/www.radiocastor.com\/index.php\/titre-du-jour-buddy-ram-le-voyage-retro-existentiel-de-we-werent-meant-to-be-here\/#article","isPartOf":{"@id":"https:\/\/www.radiocastor.com\/index.php\/titre-du-jour-buddy-ram-le-voyage-retro-existentiel-de-we-werent-meant-to-be-here\/"},"author":{"name":"R\u00e9daction R C","@id":"https:\/\/www.radiocastor.com\/#\/schema\/person\/558b0e47dc4c11fa52b2220ba6a78779"},"headline":"Titre du jour : Buddy Ram, Le voyage r\u00e9tro-existentiel de We Weren&rsquo;t Meant to Be Here","datePublished":"2026-01-17T22:00:00+00:00","dateModified":"2026-01-18T06:00:29+00:00","mainEntityOfPage":{"@id":"https:\/\/www.radiocastor.com\/index.php\/titre-du-jour-buddy-ram-le-voyage-retro-existentiel-de-we-werent-meant-to-be-here\/"},"wordCount":301,"publisher":{"@id":"https:\/\/www.radiocastor.com\/#organization"},"image":{"@id":"https:\/\/www.radiocastor.com\/index.php\/titre-du-jour-buddy-ram-le-voyage-retro-existentiel-de-we-werent-meant-to-be-here\/#primaryimage"},"thumbnailUrl":"https:\/\/www.radiocastor.com\/wp-content\/uploads\/2026\/01\/Buddy-Ram-e1768715740577.jpg","articleSection":["Titre du jour"],"inLanguage":"fr-FR"},{"@type":"WebPage","@id":"https:\/\/www.radiocastor.com\/index.php\/titre-du-jour-buddy-ram-le-voyage-retro-existentiel-de-we-werent-meant-to-be-here\/","url":"https:\/\/www.radiocastor.com\/index.php\/titre-du-jour-buddy-ram-le-voyage-retro-existentiel-de-we-werent-meant-to-be-here\/","name":"Titre du jour : Buddy Ram, Le voyage r\u00e9tro-existentiel de We Weren't Meant to Be Here - Radio Castor","isPartOf":{"@id":"https:\/\/www.radiocastor.com\/#website"},"primaryImageOfPage":{"@id":"https:\/\/www.radiocastor.com\/index.php\/titre-du-jour-buddy-ram-le-voyage-retro-existentiel-de-we-werent-meant-to-be-here\/#primaryimage"},"image":{"@id":"https:\/\/www.radiocastor.com\/index.php\/titre-du-jour-buddy-ram-le-voyage-retro-existentiel-de-we-werent-meant-to-be-here\/#primaryimage"},"thumbnailUrl":"https:\/\/www.radiocastor.com\/wp-content\/uploads\/2026\/01\/Buddy-Ram-e1768715740577.jpg","datePublished":"2026-01-17T22:00:00+00:00","dateModified":"2026-01-18T06:00:29+00:00","breadcrumb":{"@id":"https:\/\/www.radiocastor.com\/index.php\/titre-du-jour-buddy-ram-le-voyage-retro-existentiel-de-we-werent-meant-to-be-here\/#breadcrumb"},"inLanguage":"fr-FR","potentialAction":[{"@type":"ReadAction","target":["https:\/\/www.radiocastor.com\/index.php\/titre-du-jour-buddy-ram-le-voyage-retro-existentiel-de-we-werent-meant-to-be-here\/"]}]},{"@type":"ImageObject","inLanguage":"fr-FR","@id":"https:\/\/www.radiocastor.com\/index.php\/titre-du-jour-buddy-ram-le-voyage-retro-existentiel-de-we-werent-meant-to-be-here\/#primaryimage","url":"https:\/\/www.radiocastor.com\/wp-content\/uploads\/2026\/01\/Buddy-Ram-e1768715740577.jpg","contentUrl":"https:\/\/www.radiocastor.com\/wp-content\/uploads\/2026\/01\/Buddy-Ram-e1768715740577.jpg","width":745,"height":551,"caption":"Buddy Ram"},{"@type":"BreadcrumbList","@id":"https:\/\/www.radiocastor.com\/index.php\/titre-du-jour-buddy-ram-le-voyage-retro-existentiel-de-we-werent-meant-to-be-here\/#breadcrumb","itemListElement":[{"@type":"ListItem","position":1,"name":"Accueil","item":"https:\/\/www.radiocastor.com\/"},{"@type":"ListItem","position":2,"name":"Titre du jour : Buddy Ram, Le voyage r\u00e9tro-existentiel de We Weren&rsquo;t Meant to Be Here"}]},{"@type":"WebSite","@id":"https:\/\/www.radiocastor.com\/#website","url":"https:\/\/www.radiocastor.com\/","name":"Radio Castor","description":"La voix !","publisher":{"@id":"https:\/\/www.radiocastor.com\/#organization"},"potentialAction":[{"@type":"SearchAction","target":{"@type":"EntryPoint","urlTemplate":"https:\/\/www.radiocastor.com\/?s={search_term_string}"},"query-input":{"@type":"PropertyValueSpecification","valueRequired":true,"valueName":"search_term_string"}}],"inLanguage":"fr-FR"},{"@type":"Organization","@id":"https:\/\/www.radiocastor.com\/#organization","name":"Radio Castor","url":"https:\/\/www.radiocastor.com\/","logo":{"@type":"ImageObject","inLanguage":"fr-FR","@id":"https:\/\/www.radiocastor.com\/#\/schema\/logo\/image\/","url":"https:\/\/www.radiocastor.com\/wp-content\/uploads\/2021\/11\/cropped-Radio-castor-logo-2.png","contentUrl":"https:\/\/www.radiocastor.com\/wp-content\/uploads\/2021\/11\/cropped-Radio-castor-logo-2.png","width":437,"height":219,"caption":"Radio Castor"},"image":{"@id":"https:\/\/www.radiocastor.com\/#\/schema\/logo\/image\/"},"sameAs":["https:\/\/www.facebook.com\/theradiocastor","https:\/\/x.com\/TheRadioCastor","https:\/\/www.instagram.com\/theradiocastor","https:\/\/www.youtube.com\/c\/RadioCastor"]},{"@type":"Person","@id":"https:\/\/www.radiocastor.com\/#\/schema\/person\/558b0e47dc4c11fa52b2220ba6a78779","name":"R\u00e9daction R C","image":{"@type":"ImageObject","inLanguage":"fr-FR","@id":"https:\/\/secure.gravatar.com\/avatar\/1d3e4f4c4a0d129f7ed4838ea20c33760c2484b9bc381993df6c0e3f5bf89c23?s=96&d=mm&r=g","url":"https:\/\/secure.gravatar.com\/avatar\/1d3e4f4c4a0d129f7ed4838ea20c33760c2484b9bc381993df6c0e3f5bf89c23?s=96&d=mm&r=g","contentUrl":"https:\/\/secure.gravatar.com\/avatar\/1d3e4f4c4a0d129f7ed4838ea20c33760c2484b9bc381993df6c0e3f5bf89c23?s=96&d=mm&r=g","caption":"R\u00e9daction R C"},"sameAs":["http:\/\/www.radiocastor.com"],"url":"https:\/\/www.radiocastor.com\/index.php\/author\/radio-castor\/"}]}},"uagb_featured_image_src":{"full":["https:\/\/www.radiocastor.com\/wp-content\/uploads\/2026\/01\/Buddy-Ram-e1768715740577.jpg",745,551,false],"thumbnail":["https:\/\/www.radiocastor.com\/wp-content\/uploads\/2026\/01\/Buddy-Ram-e1768715740577-150x150.jpg",150,150,true],"medium":["https:\/\/www.radiocastor.com\/wp-content\/uploads\/2026\/01\/Buddy-Ram-e1768715740577-300x222.jpg",300,222,true],"medium_large":["https:\/\/www.radiocastor.com\/wp-content\/uploads\/2026\/01\/Buddy-Ram-768x509.jpg",640,424,true],"large":["https:\/\/www.radiocastor.com\/wp-content\/uploads\/2026\/01\/Buddy-Ram-1024x679.jpg",640,424,true],"1536x1536":["https:\/\/www.radiocastor.com\/wp-content\/uploads\/2026\/01\/Buddy-Ram-e1768715740577.jpg",745,551,false],"2048x2048":["https:\/\/www.radiocastor.com\/wp-content\/uploads\/2026\/01\/Buddy-Ram-e1768715740577.jpg",745,551,false],"newsever-slider-full":["https:\/\/www.radiocastor.com\/wp-content\/uploads\/2026\/01\/Buddy-Ram-1280x845.jpg",1280,845,true],"newsever-featured":["https:\/\/www.radiocastor.com\/wp-content\/uploads\/2026\/01\/Buddy-Ram-1024x679.jpg",1024,679,true],"newsever-medium":["https:\/\/www.radiocastor.com\/wp-content\/uploads\/2026\/01\/Buddy-Ram-e1768715740577-720x475.jpg",720,475,true]},"uagb_author_info":{"display_name":"R\u00e9daction R C","author_link":"https:\/\/www.radiocastor.com\/index.php\/author\/radio-castor\/"},"uagb_comment_info":0,"uagb_excerpt":"Le tout nouveau groupe Buddy Ram fait une entr\u00e9e remarqu\u00e9e sur la sc\u00e8ne ind\u00e9pendante avec...","_links":{"self":[{"href":"https:\/\/www.radiocastor.com\/index.php\/wp-json\/wp\/v2\/posts\/13857","targetHints":{"allow":["GET"]}}],"collection":[{"href":"https:\/\/www.radiocastor.com\/index.php\/wp-json\/wp\/v2\/posts"}],"about":[{"href":"https:\/\/www.radiocastor.com\/index.php\/wp-json\/wp\/v2\/types\/post"}],"author":[{"embeddable":true,"href":"https:\/\/www.radiocastor.com\/index.php\/wp-json\/wp\/v2\/users\/1"}],"replies":[{"embeddable":true,"href":"https:\/\/www.radiocastor.com\/index.php\/wp-json\/wp\/v2\/comments?post=13857"}],"version-history":[{"count":1,"href":"https:\/\/www.radiocastor.com\/index.php\/wp-json\/wp\/v2\/posts\/13857\/revisions"}],"predecessor-version":[{"id":13859,"href":"https:\/\/www.radiocastor.com\/index.php\/wp-json\/wp\/v2\/posts\/13857\/revisions\/13859"}],"wp:featuredmedia":[{"embeddable":true,"href":"https:\/\/www.radiocastor.com\/index.php\/wp-json\/wp\/v2\/media\/13858"}],"wp:attachment":[{"href":"https:\/\/www.radiocastor.com\/index.php\/wp-json\/wp\/v2\/media?parent=13857"}],"wp:term":[{"taxonomy":"category","embeddable":true,"href":"https:\/\/www.radiocastor.com\/index.php\/wp-json\/wp\/v2\/categories?post=13857"},{"taxonomy":"post_tag","embeddable":true,"href":"https:\/\/www.radiocastor.com\/index.php\/wp-json\/wp\/v2\/tags?post=13857"}],"curies":[{"name":"wp","href":"https:\/\/api.w.org\/{rel}","templated":true}]}}