{"id":1364,"date":"2022-04-17T13:05:00","date_gmt":"2022-04-17T11:05:00","guid":{"rendered":"https:\/\/www.radiocastor.com\/?p=1364"},"modified":"2022-04-17T13:08:11","modified_gmt":"2022-04-17T11:08:11","slug":"une-ballade-jusqua-ploemeur-avec-margot-cavalier-cest-un-voyage-au-fond-de-soi-avec-ses-souvenirs-damour","status":"publish","type":"post","link":"https:\/\/www.radiocastor.com\/index.php\/une-ballade-jusqua-ploemeur-avec-margot-cavalier-cest-un-voyage-au-fond-de-soi-avec-ses-souvenirs-damour\/","title":{"rendered":"Une ballade \u00ab\u00a0Jusqu&rsquo;\u00e0 Ploemeur\u00a0\u00bb avec Margot Cavalier, c&rsquo;est un voyage au fond de soi avec ses souvenirs d&rsquo;amour"},"content":{"rendered":"\n<p>Voici \u00ab\u00a0Jusqu&rsquo;\u00e0 Ploemeur\u00a0\u00bb, une magnifique chanson issue de l&rsquo;album \u00ab\u00a0Acoustique\u00a0\u00bb, de Margot Cavalier, sorti vendredi dernier.<\/p>\n\n\n\n<p>Un piano\/voix dont on ne se lasse pas, la voix douce et sensuelle de Margot joue autant avec les notes qu&rsquo;avec les mots. Elle nous r\u00e9gale par sa maturit\u00e9, par la qualit\u00e9 des textes comme par la force de la composition. On croirait \u00e9couter une chanson de Barbara.<\/p>\n\n\n\n<p>Margot confie : \u00ab\u00a0Une fois cet album Acoustique sorti, je tenterai v\u00eatement par v\u00eatement de me rhabiller, plus solide, de renforcer single apr\u00e8s single mes d\u00e9cors musicaux tout en acclimatant ma parole aux vents et courants d&rsquo;une plan\u00e8te \u00e0 l&rsquo;humanit\u00e9 aussi fragile que volontaire\u00a0\u00bb. \u00c7a promet !<\/p>\n\n\n\n<p><iframe loading=\"lazy\" src=\"https:\/\/www.youtube.com\/embed\/8m4X8a8oDnY\" title=\"YouTube video player\" allow=\"accelerometer; autoplay; clipboard-write; encrypted-media; gyroscope; picture-in-picture\" allowfullscreen=\"\" width=\"560\" height=\"315\" frameborder=\"0\"><\/iframe><\/p>\n\n\n\n<p class=\"has-text-align-center\"><a rel=\"noreferrer noopener\" href=\"https:\/\/www.margotcavalier.com\" target=\"_blank\">Site Officiel<\/a> &#8211; <a rel=\"noreferrer noopener\" href=\"https:\/\/www.facebook.com\/margotcavalier\" target=\"_blank\">Facebook<\/a> &#8211; <a rel=\"noreferrer noopener\" href=\"https:\/\/www.instagram.com\/margotcavalier\/\" target=\"_blank\">Instagram<\/a> &#8211; <a rel=\"noreferrer noopener\" href=\"https:\/\/twitter.com\/margotcavalier\" target=\"_blank\">Twitter<\/a><\/p>\n","protected":false},"excerpt":{"rendered":"<p>Voici \u00ab\u00a0Jusqu&rsquo;\u00e0 Ploemeur\u00a0\u00bb, une magnifique chanson issue de l&rsquo;album \u00ab\u00a0Acoustique\u00a0\u00bb, de Margot Cavalier, sorti vendredi&#8230;<\/p>\n","protected":false},"author":1,"featured_media":1365,"comment_status":"closed","ping_status":"open","sticky":false,"template":"","format":"standard","meta":{"_uag_custom_page_level_css":"","footnotes":""},"categories":[81,4,46],"tags":[],"class_list":["post-1364","post","type-post","status-publish","format-standard","has-post-thumbnail","hentry","category-chanson-francaise","category-pop","category-sortie"],"yoast_head":"<!-- This site is optimized with the Yoast SEO plugin v27.4 - https:\/\/yoast.com\/product\/yoast-seo-wordpress\/ -->\n<title>Une ballade &quot;Jusqu&#039;\u00e0 Ploemeur&quot; avec Margot Cavalier, c&#039;est un voyage au fond de soi avec ses souvenirs d&#039;amour - Radio Castor<\/title>\n<meta name=\"robots\" content=\"index, follow, max-snippet:-1, max-image-preview:large, max-video-preview:-1\" \/>\n<link rel=\"canonical\" href=\"https:\/\/www.radiocastor.com\/index.php\/une-ballade-jusqua-ploemeur-avec-margot-cavalier-cest-un-voyage-au-fond-de-soi-avec-ses-souvenirs-damour\/\" \/>\n<meta property=\"og:locale\" content=\"fr_FR\" \/>\n<meta property=\"og:type\" content=\"article\" \/>\n<meta property=\"og:title\" content=\"Une ballade &quot;Jusqu&#039;\u00e0 Ploemeur&quot; avec Margot Cavalier, c&#039;est un voyage au fond de soi avec ses souvenirs d&#039;amour - Radio Castor\" \/>\n<meta property=\"og:description\" content=\"Voici \u00ab\u00a0Jusqu&rsquo;\u00e0 Ploemeur\u00a0\u00bb, une magnifique chanson issue de l&rsquo;album \u00ab\u00a0Acoustique\u00a0\u00bb, de Margot Cavalier, sorti vendredi...\" \/>\n<meta property=\"og:url\" content=\"https:\/\/www.radiocastor.com\/index.php\/une-ballade-jusqua-ploemeur-avec-margot-cavalier-cest-un-voyage-au-fond-de-soi-avec-ses-souvenirs-damour\/\" \/>\n<meta property=\"og:site_name\" content=\"Radio Castor\" \/>\n<meta property=\"article:publisher\" content=\"https:\/\/www.facebook.com\/theradiocastor\" \/>\n<meta property=\"article:published_time\" content=\"2022-04-17T11:05:00+00:00\" \/>\n<meta property=\"article:modified_time\" content=\"2022-04-17T11:08:11+00:00\" \/>\n<meta property=\"og:image\" content=\"https:\/\/www.radiocastor.com\/wp-content\/uploads\/2022\/04\/Margot-Cavalier.jpg\" \/>\n\t<meta property=\"og:image:width\" content=\"1365\" \/>\n\t<meta property=\"og:image:height\" content=\"1365\" \/>\n\t<meta property=\"og:image:type\" content=\"image\/jpeg\" \/>\n<meta name=\"author\" content=\"R\u00e9daction R C\" \/>\n<meta name=\"twitter:card\" content=\"summary_large_image\" \/>\n<meta name=\"twitter:creator\" content=\"@TheRadioCastor\" \/>\n<meta name=\"twitter:site\" content=\"@TheRadioCastor\" \/>\n<meta name=\"twitter:label1\" content=\"\u00c9crit par\" \/>\n\t<meta name=\"twitter:data1\" content=\"R\u00e9daction R C\" \/>\n\t<meta name=\"twitter:label2\" content=\"Dur\u00e9e de lecture estim\u00e9e\" \/>\n\t<meta name=\"twitter:data2\" content=\"1 minute\" \/>\n<script type=\"application\/ld+json\" class=\"yoast-schema-graph\">{\"@context\":\"https:\\\/\\\/schema.org\",\"@graph\":[{\"@type\":\"Article\",\"@id\":\"https:\\\/\\\/www.radiocastor.com\\\/index.php\\\/une-ballade-jusqua-ploemeur-avec-margot-cavalier-cest-un-voyage-au-fond-de-soi-avec-ses-souvenirs-damour\\\/#article\",\"isPartOf\":{\"@id\":\"https:\\\/\\\/www.radiocastor.com\\\/index.php\\\/une-ballade-jusqua-ploemeur-avec-margot-cavalier-cest-un-voyage-au-fond-de-soi-avec-ses-souvenirs-damour\\\/\"},\"author\":{\"name\":\"R\u00e9daction R C\",\"@id\":\"https:\\\/\\\/www.radiocastor.com\\\/#\\\/schema\\\/person\\\/558b0e47dc4c11fa52b2220ba6a78779\"},\"headline\":\"Une ballade \u00ab\u00a0Jusqu&rsquo;\u00e0 Ploemeur\u00a0\u00bb avec Margot Cavalier, c&rsquo;est un voyage au fond de soi avec ses souvenirs d&rsquo;amour\",\"datePublished\":\"2022-04-17T11:05:00+00:00\",\"dateModified\":\"2022-04-17T11:08:11+00:00\",\"mainEntityOfPage\":{\"@id\":\"https:\\\/\\\/www.radiocastor.com\\\/index.php\\\/une-ballade-jusqua-ploemeur-avec-margot-cavalier-cest-un-voyage-au-fond-de-soi-avec-ses-souvenirs-damour\\\/\"},\"wordCount\":147,\"publisher\":{\"@id\":\"https:\\\/\\\/www.radiocastor.com\\\/#organization\"},\"image\":{\"@id\":\"https:\\\/\\\/www.radiocastor.com\\\/index.php\\\/une-ballade-jusqua-ploemeur-avec-margot-cavalier-cest-un-voyage-au-fond-de-soi-avec-ses-souvenirs-damour\\\/#primaryimage\"},\"thumbnailUrl\":\"https:\\\/\\\/www.radiocastor.com\\\/wp-content\\\/uploads\\\/2022\\\/04\\\/Margot-Cavalier.jpg\",\"articleSection\":[\"Chanson Fran\u00e7aise\",\"Pop\",\"Sortie\"],\"inLanguage\":\"fr-FR\"},{\"@type\":\"WebPage\",\"@id\":\"https:\\\/\\\/www.radiocastor.com\\\/index.php\\\/une-ballade-jusqua-ploemeur-avec-margot-cavalier-cest-un-voyage-au-fond-de-soi-avec-ses-souvenirs-damour\\\/\",\"url\":\"https:\\\/\\\/www.radiocastor.com\\\/index.php\\\/une-ballade-jusqua-ploemeur-avec-margot-cavalier-cest-un-voyage-au-fond-de-soi-avec-ses-souvenirs-damour\\\/\",\"name\":\"Une ballade \\\"Jusqu'\u00e0 Ploemeur\\\" avec Margot Cavalier, c'est un voyage au fond de soi avec ses souvenirs d'amour - Radio Castor\",\"isPartOf\":{\"@id\":\"https:\\\/\\\/www.radiocastor.com\\\/#website\"},\"primaryImageOfPage\":{\"@id\":\"https:\\\/\\\/www.radiocastor.com\\\/index.php\\\/une-ballade-jusqua-ploemeur-avec-margot-cavalier-cest-un-voyage-au-fond-de-soi-avec-ses-souvenirs-damour\\\/#primaryimage\"},\"image\":{\"@id\":\"https:\\\/\\\/www.radiocastor.com\\\/index.php\\\/une-ballade-jusqua-ploemeur-avec-margot-cavalier-cest-un-voyage-au-fond-de-soi-avec-ses-souvenirs-damour\\\/#primaryimage\"},\"thumbnailUrl\":\"https:\\\/\\\/www.radiocastor.com\\\/wp-content\\\/uploads\\\/2022\\\/04\\\/Margot-Cavalier.jpg\",\"datePublished\":\"2022-04-17T11:05:00+00:00\",\"dateModified\":\"2022-04-17T11:08:11+00:00\",\"breadcrumb\":{\"@id\":\"https:\\\/\\\/www.radiocastor.com\\\/index.php\\\/une-ballade-jusqua-ploemeur-avec-margot-cavalier-cest-un-voyage-au-fond-de-soi-avec-ses-souvenirs-damour\\\/#breadcrumb\"},\"inLanguage\":\"fr-FR\",\"potentialAction\":[{\"@type\":\"ReadAction\",\"target\":[\"https:\\\/\\\/www.radiocastor.com\\\/index.php\\\/une-ballade-jusqua-ploemeur-avec-margot-cavalier-cest-un-voyage-au-fond-de-soi-avec-ses-souvenirs-damour\\\/\"]}]},{\"@type\":\"ImageObject\",\"inLanguage\":\"fr-FR\",\"@id\":\"https:\\\/\\\/www.radiocastor.com\\\/index.php\\\/une-ballade-jusqua-ploemeur-avec-margot-cavalier-cest-un-voyage-au-fond-de-soi-avec-ses-souvenirs-damour\\\/#primaryimage\",\"url\":\"https:\\\/\\\/www.radiocastor.com\\\/wp-content\\\/uploads\\\/2022\\\/04\\\/Margot-Cavalier.jpg\",\"contentUrl\":\"https:\\\/\\\/www.radiocastor.com\\\/wp-content\\\/uploads\\\/2022\\\/04\\\/Margot-Cavalier.jpg\",\"width\":1365,\"height\":1365},{\"@type\":\"BreadcrumbList\",\"@id\":\"https:\\\/\\\/www.radiocastor.com\\\/index.php\\\/une-ballade-jusqua-ploemeur-avec-margot-cavalier-cest-un-voyage-au-fond-de-soi-avec-ses-souvenirs-damour\\\/#breadcrumb\",\"itemListElement\":[{\"@type\":\"ListItem\",\"position\":1,\"name\":\"Accueil\",\"item\":\"https:\\\/\\\/www.radiocastor.com\\\/\"},{\"@type\":\"ListItem\",\"position\":2,\"name\":\"Une ballade \u00ab\u00a0Jusqu&rsquo;\u00e0 Ploemeur\u00a0\u00bb avec Margot Cavalier, c&rsquo;est un voyage au fond de soi avec ses souvenirs d&rsquo;amour\"}]},{\"@type\":\"WebSite\",\"@id\":\"https:\\\/\\\/www.radiocastor.com\\\/#website\",\"url\":\"https:\\\/\\\/www.radiocastor.com\\\/\",\"name\":\"Radio Castor\",\"description\":\"La voix !\",\"publisher\":{\"@id\":\"https:\\\/\\\/www.radiocastor.com\\\/#organization\"},\"potentialAction\":[{\"@type\":\"SearchAction\",\"target\":{\"@type\":\"EntryPoint\",\"urlTemplate\":\"https:\\\/\\\/www.radiocastor.com\\\/?s={search_term_string}\"},\"query-input\":{\"@type\":\"PropertyValueSpecification\",\"valueRequired\":true,\"valueName\":\"search_term_string\"}}],\"inLanguage\":\"fr-FR\"},{\"@type\":\"Organization\",\"@id\":\"https:\\\/\\\/www.radiocastor.com\\\/#organization\",\"name\":\"Radio Castor\",\"url\":\"https:\\\/\\\/www.radiocastor.com\\\/\",\"logo\":{\"@type\":\"ImageObject\",\"inLanguage\":\"fr-FR\",\"@id\":\"https:\\\/\\\/www.radiocastor.com\\\/#\\\/schema\\\/logo\\\/image\\\/\",\"url\":\"https:\\\/\\\/www.radiocastor.com\\\/wp-content\\\/uploads\\\/2021\\\/11\\\/cropped-Radio-castor-logo-2.png\",\"contentUrl\":\"https:\\\/\\\/www.radiocastor.com\\\/wp-content\\\/uploads\\\/2021\\\/11\\\/cropped-Radio-castor-logo-2.png\",\"width\":437,\"height\":219,\"caption\":\"Radio Castor\"},\"image\":{\"@id\":\"https:\\\/\\\/www.radiocastor.com\\\/#\\\/schema\\\/logo\\\/image\\\/\"},\"sameAs\":[\"https:\\\/\\\/www.facebook.com\\\/theradiocastor\",\"https:\\\/\\\/x.com\\\/TheRadioCastor\",\"https:\\\/\\\/www.instagram.com\\\/theradiocastor\",\"https:\\\/\\\/www.youtube.com\\\/c\\\/RadioCastor\"]},{\"@type\":\"Person\",\"@id\":\"https:\\\/\\\/www.radiocastor.com\\\/#\\\/schema\\\/person\\\/558b0e47dc4c11fa52b2220ba6a78779\",\"name\":\"R\u00e9daction R C\",\"image\":{\"@type\":\"ImageObject\",\"inLanguage\":\"fr-FR\",\"@id\":\"https:\\\/\\\/secure.gravatar.com\\\/avatar\\\/1d3e4f4c4a0d129f7ed4838ea20c33760c2484b9bc381993df6c0e3f5bf89c23?s=96&d=mm&r=g\",\"url\":\"https:\\\/\\\/secure.gravatar.com\\\/avatar\\\/1d3e4f4c4a0d129f7ed4838ea20c33760c2484b9bc381993df6c0e3f5bf89c23?s=96&d=mm&r=g\",\"contentUrl\":\"https:\\\/\\\/secure.gravatar.com\\\/avatar\\\/1d3e4f4c4a0d129f7ed4838ea20c33760c2484b9bc381993df6c0e3f5bf89c23?s=96&d=mm&r=g\",\"caption\":\"R\u00e9daction R C\"},\"sameAs\":[\"http:\\\/\\\/www.radiocastor.com\"],\"url\":\"https:\\\/\\\/www.radiocastor.com\\\/index.php\\\/author\\\/radio-castor\\\/\"}]}<\/script>\n<!-- \/ Yoast SEO plugin. -->","yoast_head_json":{"title":"Une ballade \"Jusqu'\u00e0 Ploemeur\" avec Margot Cavalier, c'est un voyage au fond de soi avec ses souvenirs d'amour - Radio Castor","robots":{"index":"index","follow":"follow","max-snippet":"max-snippet:-1","max-image-preview":"max-image-preview:large","max-video-preview":"max-video-preview:-1"},"canonical":"https:\/\/www.radiocastor.com\/index.php\/une-ballade-jusqua-ploemeur-avec-margot-cavalier-cest-un-voyage-au-fond-de-soi-avec-ses-souvenirs-damour\/","og_locale":"fr_FR","og_type":"article","og_title":"Une ballade \"Jusqu'\u00e0 Ploemeur\" avec Margot Cavalier, c'est un voyage au fond de soi avec ses souvenirs d'amour - Radio Castor","og_description":"Voici \u00ab\u00a0Jusqu&rsquo;\u00e0 Ploemeur\u00a0\u00bb, une magnifique chanson issue de l&rsquo;album \u00ab\u00a0Acoustique\u00a0\u00bb, de Margot Cavalier, sorti vendredi...","og_url":"https:\/\/www.radiocastor.com\/index.php\/une-ballade-jusqua-ploemeur-avec-margot-cavalier-cest-un-voyage-au-fond-de-soi-avec-ses-souvenirs-damour\/","og_site_name":"Radio Castor","article_publisher":"https:\/\/www.facebook.com\/theradiocastor","article_published_time":"2022-04-17T11:05:00+00:00","article_modified_time":"2022-04-17T11:08:11+00:00","og_image":[{"width":1365,"height":1365,"url":"https:\/\/www.radiocastor.com\/wp-content\/uploads\/2022\/04\/Margot-Cavalier.jpg","type":"image\/jpeg"}],"author":"R\u00e9daction R C","twitter_card":"summary_large_image","twitter_creator":"@TheRadioCastor","twitter_site":"@TheRadioCastor","twitter_misc":{"\u00c9crit par":"R\u00e9daction R C","Dur\u00e9e de lecture estim\u00e9e":"1 minute"},"schema":{"@context":"https:\/\/schema.org","@graph":[{"@type":"Article","@id":"https:\/\/www.radiocastor.com\/index.php\/une-ballade-jusqua-ploemeur-avec-margot-cavalier-cest-un-voyage-au-fond-de-soi-avec-ses-souvenirs-damour\/#article","isPartOf":{"@id":"https:\/\/www.radiocastor.com\/index.php\/une-ballade-jusqua-ploemeur-avec-margot-cavalier-cest-un-voyage-au-fond-de-soi-avec-ses-souvenirs-damour\/"},"author":{"name":"R\u00e9daction R C","@id":"https:\/\/www.radiocastor.com\/#\/schema\/person\/558b0e47dc4c11fa52b2220ba6a78779"},"headline":"Une ballade \u00ab\u00a0Jusqu&rsquo;\u00e0 Ploemeur\u00a0\u00bb avec Margot Cavalier, c&rsquo;est un voyage au fond de soi avec ses souvenirs d&rsquo;amour","datePublished":"2022-04-17T11:05:00+00:00","dateModified":"2022-04-17T11:08:11+00:00","mainEntityOfPage":{"@id":"https:\/\/www.radiocastor.com\/index.php\/une-ballade-jusqua-ploemeur-avec-margot-cavalier-cest-un-voyage-au-fond-de-soi-avec-ses-souvenirs-damour\/"},"wordCount":147,"publisher":{"@id":"https:\/\/www.radiocastor.com\/#organization"},"image":{"@id":"https:\/\/www.radiocastor.com\/index.php\/une-ballade-jusqua-ploemeur-avec-margot-cavalier-cest-un-voyage-au-fond-de-soi-avec-ses-souvenirs-damour\/#primaryimage"},"thumbnailUrl":"https:\/\/www.radiocastor.com\/wp-content\/uploads\/2022\/04\/Margot-Cavalier.jpg","articleSection":["Chanson Fran\u00e7aise","Pop","Sortie"],"inLanguage":"fr-FR"},{"@type":"WebPage","@id":"https:\/\/www.radiocastor.com\/index.php\/une-ballade-jusqua-ploemeur-avec-margot-cavalier-cest-un-voyage-au-fond-de-soi-avec-ses-souvenirs-damour\/","url":"https:\/\/www.radiocastor.com\/index.php\/une-ballade-jusqua-ploemeur-avec-margot-cavalier-cest-un-voyage-au-fond-de-soi-avec-ses-souvenirs-damour\/","name":"Une ballade \"Jusqu'\u00e0 Ploemeur\" avec Margot Cavalier, c'est un voyage au fond de soi avec ses souvenirs d'amour - Radio Castor","isPartOf":{"@id":"https:\/\/www.radiocastor.com\/#website"},"primaryImageOfPage":{"@id":"https:\/\/www.radiocastor.com\/index.php\/une-ballade-jusqua-ploemeur-avec-margot-cavalier-cest-un-voyage-au-fond-de-soi-avec-ses-souvenirs-damour\/#primaryimage"},"image":{"@id":"https:\/\/www.radiocastor.com\/index.php\/une-ballade-jusqua-ploemeur-avec-margot-cavalier-cest-un-voyage-au-fond-de-soi-avec-ses-souvenirs-damour\/#primaryimage"},"thumbnailUrl":"https:\/\/www.radiocastor.com\/wp-content\/uploads\/2022\/04\/Margot-Cavalier.jpg","datePublished":"2022-04-17T11:05:00+00:00","dateModified":"2022-04-17T11:08:11+00:00","breadcrumb":{"@id":"https:\/\/www.radiocastor.com\/index.php\/une-ballade-jusqua-ploemeur-avec-margot-cavalier-cest-un-voyage-au-fond-de-soi-avec-ses-souvenirs-damour\/#breadcrumb"},"inLanguage":"fr-FR","potentialAction":[{"@type":"ReadAction","target":["https:\/\/www.radiocastor.com\/index.php\/une-ballade-jusqua-ploemeur-avec-margot-cavalier-cest-un-voyage-au-fond-de-soi-avec-ses-souvenirs-damour\/"]}]},{"@type":"ImageObject","inLanguage":"fr-FR","@id":"https:\/\/www.radiocastor.com\/index.php\/une-ballade-jusqua-ploemeur-avec-margot-cavalier-cest-un-voyage-au-fond-de-soi-avec-ses-souvenirs-damour\/#primaryimage","url":"https:\/\/www.radiocastor.com\/wp-content\/uploads\/2022\/04\/Margot-Cavalier.jpg","contentUrl":"https:\/\/www.radiocastor.com\/wp-content\/uploads\/2022\/04\/Margot-Cavalier.jpg","width":1365,"height":1365},{"@type":"BreadcrumbList","@id":"https:\/\/www.radiocastor.com\/index.php\/une-ballade-jusqua-ploemeur-avec-margot-cavalier-cest-un-voyage-au-fond-de-soi-avec-ses-souvenirs-damour\/#breadcrumb","itemListElement":[{"@type":"ListItem","position":1,"name":"Accueil","item":"https:\/\/www.radiocastor.com\/"},{"@type":"ListItem","position":2,"name":"Une ballade \u00ab\u00a0Jusqu&rsquo;\u00e0 Ploemeur\u00a0\u00bb avec Margot Cavalier, c&rsquo;est un voyage au fond de soi avec ses souvenirs d&rsquo;amour"}]},{"@type":"WebSite","@id":"https:\/\/www.radiocastor.com\/#website","url":"https:\/\/www.radiocastor.com\/","name":"Radio Castor","description":"La voix !","publisher":{"@id":"https:\/\/www.radiocastor.com\/#organization"},"potentialAction":[{"@type":"SearchAction","target":{"@type":"EntryPoint","urlTemplate":"https:\/\/www.radiocastor.com\/?s={search_term_string}"},"query-input":{"@type":"PropertyValueSpecification","valueRequired":true,"valueName":"search_term_string"}}],"inLanguage":"fr-FR"},{"@type":"Organization","@id":"https:\/\/www.radiocastor.com\/#organization","name":"Radio Castor","url":"https:\/\/www.radiocastor.com\/","logo":{"@type":"ImageObject","inLanguage":"fr-FR","@id":"https:\/\/www.radiocastor.com\/#\/schema\/logo\/image\/","url":"https:\/\/www.radiocastor.com\/wp-content\/uploads\/2021\/11\/cropped-Radio-castor-logo-2.png","contentUrl":"https:\/\/www.radiocastor.com\/wp-content\/uploads\/2021\/11\/cropped-Radio-castor-logo-2.png","width":437,"height":219,"caption":"Radio Castor"},"image":{"@id":"https:\/\/www.radiocastor.com\/#\/schema\/logo\/image\/"},"sameAs":["https:\/\/www.facebook.com\/theradiocastor","https:\/\/x.com\/TheRadioCastor","https:\/\/www.instagram.com\/theradiocastor","https:\/\/www.youtube.com\/c\/RadioCastor"]},{"@type":"Person","@id":"https:\/\/www.radiocastor.com\/#\/schema\/person\/558b0e47dc4c11fa52b2220ba6a78779","name":"R\u00e9daction R C","image":{"@type":"ImageObject","inLanguage":"fr-FR","@id":"https:\/\/secure.gravatar.com\/avatar\/1d3e4f4c4a0d129f7ed4838ea20c33760c2484b9bc381993df6c0e3f5bf89c23?s=96&d=mm&r=g","url":"https:\/\/secure.gravatar.com\/avatar\/1d3e4f4c4a0d129f7ed4838ea20c33760c2484b9bc381993df6c0e3f5bf89c23?s=96&d=mm&r=g","contentUrl":"https:\/\/secure.gravatar.com\/avatar\/1d3e4f4c4a0d129f7ed4838ea20c33760c2484b9bc381993df6c0e3f5bf89c23?s=96&d=mm&r=g","caption":"R\u00e9daction R C"},"sameAs":["http:\/\/www.radiocastor.com"],"url":"https:\/\/www.radiocastor.com\/index.php\/author\/radio-castor\/"}]}},"uagb_featured_image_src":{"full":["https:\/\/www.radiocastor.com\/wp-content\/uploads\/2022\/04\/Margot-Cavalier.jpg",1365,1365,false],"thumbnail":["https:\/\/www.radiocastor.com\/wp-content\/uploads\/2022\/04\/Margot-Cavalier-150x150.jpg",150,150,true],"medium":["https:\/\/www.radiocastor.com\/wp-content\/uploads\/2022\/04\/Margot-Cavalier-300x300.jpg",300,300,true],"medium_large":["https:\/\/www.radiocastor.com\/wp-content\/uploads\/2022\/04\/Margot-Cavalier-768x768.jpg",640,640,true],"large":["https:\/\/www.radiocastor.com\/wp-content\/uploads\/2022\/04\/Margot-Cavalier-1024x1024.jpg",640,640,true],"1536x1536":["https:\/\/www.radiocastor.com\/wp-content\/uploads\/2022\/04\/Margot-Cavalier.jpg",1365,1365,false],"2048x2048":["https:\/\/www.radiocastor.com\/wp-content\/uploads\/2022\/04\/Margot-Cavalier.jpg",1365,1365,false],"newsever-slider-full":["https:\/\/www.radiocastor.com\/wp-content\/uploads\/2022\/04\/Margot-Cavalier-1280x845.jpg",1280,845,true],"newsever-featured":["https:\/\/www.radiocastor.com\/wp-content\/uploads\/2022\/04\/Margot-Cavalier-1024x1024.jpg",1024,1024,true],"newsever-medium":["https:\/\/www.radiocastor.com\/wp-content\/uploads\/2022\/04\/Margot-Cavalier-720x475.jpg",720,475,true]},"uagb_author_info":{"display_name":"R\u00e9daction R C","author_link":"https:\/\/www.radiocastor.com\/index.php\/author\/radio-castor\/"},"uagb_comment_info":0,"uagb_excerpt":"Voici \u00ab\u00a0Jusqu&rsquo;\u00e0 Ploemeur\u00a0\u00bb, une magnifique chanson issue de l&rsquo;album \u00ab\u00a0Acoustique\u00a0\u00bb, de Margot Cavalier, sorti vendredi...","_links":{"self":[{"href":"https:\/\/www.radiocastor.com\/index.php\/wp-json\/wp\/v2\/posts\/1364","targetHints":{"allow":["GET"]}}],"collection":[{"href":"https:\/\/www.radiocastor.com\/index.php\/wp-json\/wp\/v2\/posts"}],"about":[{"href":"https:\/\/www.radiocastor.com\/index.php\/wp-json\/wp\/v2\/types\/post"}],"author":[{"embeddable":true,"href":"https:\/\/www.radiocastor.com\/index.php\/wp-json\/wp\/v2\/users\/1"}],"replies":[{"embeddable":true,"href":"https:\/\/www.radiocastor.com\/index.php\/wp-json\/wp\/v2\/comments?post=1364"}],"version-history":[{"count":0,"href":"https:\/\/www.radiocastor.com\/index.php\/wp-json\/wp\/v2\/posts\/1364\/revisions"}],"wp:featuredmedia":[{"embeddable":true,"href":"https:\/\/www.radiocastor.com\/index.php\/wp-json\/wp\/v2\/media\/1365"}],"wp:attachment":[{"href":"https:\/\/www.radiocastor.com\/index.php\/wp-json\/wp\/v2\/media?parent=1364"}],"wp:term":[{"taxonomy":"category","embeddable":true,"href":"https:\/\/www.radiocastor.com\/index.php\/wp-json\/wp\/v2\/categories?post=1364"},{"taxonomy":"post_tag","embeddable":true,"href":"https:\/\/www.radiocastor.com\/index.php\/wp-json\/wp\/v2\/tags?post=1364"}],"curies":[{"name":"wp","href":"https:\/\/api.w.org\/{rel}","templated":true}]}}