{"id":13546,"date":"2025-12-06T20:55:14","date_gmt":"2025-12-06T19:55:14","guid":{"rendered":"https:\/\/www.radiocastor.com\/?p=13546"},"modified":"2025-12-06T20:55:15","modified_gmt":"2025-12-06T19:55:15","slug":"riatto-the-dog-et-leo-unissent-leurs-voix-dans-carry-on-un-hymne-indie-folk-organique-a-loptimisme","status":"publish","type":"post","link":"https:\/\/www.radiocastor.com\/index.php\/riatto-the-dog-et-leo-unissent-leurs-voix-dans-carry-on-un-hymne-indie-folk-organique-a-loptimisme\/","title":{"rendered":"Riatto &amp; The Dog et L\u00c9O unissent leurs voix dans \u201cCarry On\u201d, un hymne Indie Folk organique \u00e0 l&rsquo;optimisme"},"content":{"rendered":"\n<p>L&rsquo;artiste <strong>Riatto &amp; The Dog<\/strong> (Laurent Riatto) nous pr\u00e9sente son dernier titre, \u201cCarry On (Feat. L\u00c9O)\u201d, sorti le 30 novembre 2025.<\/p>\n\n\n\n<p>Riatto &amp; The Dog est le projet d&rsquo;un auteur-compositeur et multi-instrumentiste qui cr\u00e9e sa musique de mani\u00e8re <strong>authentique et organique<\/strong>, dans un esprit r\u00e9solument <em>analogique<\/em>. L&rsquo;artiste vit et travaille dans une petite ville baln\u00e9aire de Normandie, o\u00f9 il passe le plus clair de son temps avec son chien, sa fid\u00e8le <em>workhorse<\/em>. Ancien musicien ayant connu une br\u00e8ve notori\u00e9t\u00e9 avant l&rsquo;\u00e8re des r\u00e9seaux sociaux, il se consacre d\u00e9sormais \u00e0 la production et au soutien de jeunes talents. Il cherche avant tout \u00e0 se connecter avec des personnes partageant les m\u00eames id\u00e9es, en se concentrant sur une approche musicale intime et honn\u00eate.<\/p>\n\n\n\n<p>\u201cCarry On (Feat. L\u00c9O)\u201d est le fruit de la <strong>premi\u00e8re collaboration<\/strong> entre Riatto &amp; The Dog et l&rsquo;artiste L\u00c9O. Ce titre <strong>Indie Folk<\/strong> est \u00e0 la fois intime et tr\u00e8s \u00e9nergique, int\u00e9grant les voix masculines et f\u00e9minines pour un rendu riche. Le morceau est d\u00e9crit comme une chanson sur la <strong>r\u00e9silience et l&rsquo;optimisme<\/strong>, m\u00eame lorsque la vie semble s&rsquo;effondrer. Inspir\u00e9 par des groupes vocaux classiques du folk-rock comme <strong>Crosby, Stills &amp; Nash<\/strong> et la puret\u00e9 des <strong>Fleet Foxes<\/strong>, \u00ab\u00a0Carry On\u00a0\u00bb est con\u00e7u pour \u00eatre un hymne rassembleur et encourageant. La production est ancr\u00e9e dans le son organique et <em>analogique<\/em> du cr\u00e9ateur, offrant un moment d&rsquo;\u00e9coute chaleureux qui invite \u00e0 la fois \u00e0 l&rsquo;introspection et au chant collectif.<\/p>\n\n\n\n<p><em>A \u00e9couter sur <a href=\"https:\/\/www.radiocastor.com\/index.php\/playlist\/\" target=\"_blank\" rel=\"noreferrer noopener\">nos playlists<\/a> !<\/em><\/p>\n\n\n\n<p style=\"text-align: center;\"><iframe loading=\"lazy\" width=\"560\" height=\"315\" src=\"https:\/\/www.youtube.com\/embed\/sN8b-5IxV3c?si=y1-I6008ZJoOE8ZU\" title=\"YouTube video player\" frameborder=\"0\" allow=\"accelerometer; autoplay; clipboard-write; encrypted-media; gyroscope; picture-in-picture; web-share\" referrerpolicy=\"strict-origin-when-cross-origin\" allowfullscreen><\/iframe><\/p>\n\n\n\n<p class=\"has-text-align-center\">Riatto : <a href=\"https:\/\/www.facebook.com\/profile.php?id=100009149181161&amp;ref=pl_edit_ig_profile_ac\" target=\"_blank\" rel=\"noreferrer noopener\">Facebook<\/a> &#8211; <a href=\"https:\/\/www.instagram.com\/riatto_music\" target=\"_blank\" rel=\"noreferrer noopener\">Instagram<\/a><\/p>\n\n\n\n<p class=\"has-text-align-center\">L\u00c9O : <a href=\"https:\/\/www.facebook.com\/profile.php?id=61571412945582\" target=\"_blank\" rel=\"noreferrer noopener\">Facebook<\/a> \u2013 <a href=\"https:\/\/www.instagram.com\/itsoundslikeleo\" target=\"_blank\" rel=\"noreferrer noopener\">Instagram<\/a><\/p>\n","protected":false},"excerpt":{"rendered":"<p>L&rsquo;artiste Riatto &amp; The Dog (Laurent Riatto) nous pr\u00e9sente son dernier titre, \u201cCarry On (Feat&#8230;.<\/p>\n","protected":false},"author":1,"featured_media":13547,"comment_status":"closed","ping_status":"open","sticky":false,"template":"","format":"standard","meta":{"_uag_custom_page_level_css":"","footnotes":""},"categories":[76,32,46],"tags":[],"class_list":["post-13546","post","type-post","status-publish","format-standard","has-post-thumbnail","hentry","category-folk","category-single","category-sortie"],"yoast_head":"<!-- This site is optimized with the Yoast SEO plugin v27.4 - https:\/\/yoast.com\/product\/yoast-seo-wordpress\/ -->\n<title>Riatto &amp; The Dog et L\u00c9O unissent leurs voix dans \u201cCarry On\u201d, un hymne Indie Folk organique \u00e0 l&#039;optimisme - Radio Castor<\/title>\n<meta name=\"robots\" content=\"index, follow, max-snippet:-1, max-image-preview:large, max-video-preview:-1\" \/>\n<link rel=\"canonical\" href=\"https:\/\/www.radiocastor.com\/index.php\/riatto-the-dog-et-leo-unissent-leurs-voix-dans-carry-on-un-hymne-indie-folk-organique-a-loptimisme\/\" \/>\n<meta property=\"og:locale\" content=\"fr_FR\" \/>\n<meta property=\"og:type\" content=\"article\" \/>\n<meta property=\"og:title\" content=\"Riatto &amp; The Dog et L\u00c9O unissent leurs voix dans \u201cCarry On\u201d, un hymne Indie Folk organique \u00e0 l&#039;optimisme - Radio Castor\" \/>\n<meta property=\"og:description\" content=\"L&rsquo;artiste Riatto &amp; The Dog (Laurent Riatto) nous pr\u00e9sente son dernier titre, \u201cCarry On (Feat....\" \/>\n<meta property=\"og:url\" content=\"https:\/\/www.radiocastor.com\/index.php\/riatto-the-dog-et-leo-unissent-leurs-voix-dans-carry-on-un-hymne-indie-folk-organique-a-loptimisme\/\" \/>\n<meta property=\"og:site_name\" content=\"Radio Castor\" \/>\n<meta property=\"article:publisher\" content=\"https:\/\/www.facebook.com\/theradiocastor\" \/>\n<meta property=\"article:published_time\" content=\"2025-12-06T19:55:14+00:00\" \/>\n<meta property=\"article:modified_time\" content=\"2025-12-06T19:55:15+00:00\" \/>\n<meta property=\"og:image\" content=\"https:\/\/www.radiocastor.com\/wp-content\/uploads\/2025\/12\/Screenshot-2025-12-06-at-20-49-42-Riatto-The-Dog-@riatto_music-\u2022-Photos-et-videos-Instagram.png\" \/>\n\t<meta property=\"og:image:width\" content=\"767\" \/>\n\t<meta property=\"og:image:height\" content=\"588\" \/>\n\t<meta property=\"og:image:type\" content=\"image\/png\" \/>\n<meta name=\"author\" content=\"R\u00e9daction R C\" \/>\n<meta name=\"twitter:card\" content=\"summary_large_image\" \/>\n<meta name=\"twitter:creator\" content=\"@TheRadioCastor\" \/>\n<meta name=\"twitter:site\" content=\"@TheRadioCastor\" \/>\n<meta name=\"twitter:label1\" content=\"\u00c9crit par\" \/>\n\t<meta name=\"twitter:data1\" content=\"R\u00e9daction R C\" \/>\n\t<meta name=\"twitter:label2\" content=\"Dur\u00e9e de lecture estim\u00e9e\" \/>\n\t<meta name=\"twitter:data2\" content=\"2 minutes\" \/>\n<script type=\"application\/ld+json\" class=\"yoast-schema-graph\">{\"@context\":\"https:\\\/\\\/schema.org\",\"@graph\":[{\"@type\":\"Article\",\"@id\":\"https:\\\/\\\/www.radiocastor.com\\\/index.php\\\/riatto-the-dog-et-leo-unissent-leurs-voix-dans-carry-on-un-hymne-indie-folk-organique-a-loptimisme\\\/#article\",\"isPartOf\":{\"@id\":\"https:\\\/\\\/www.radiocastor.com\\\/index.php\\\/riatto-the-dog-et-leo-unissent-leurs-voix-dans-carry-on-un-hymne-indie-folk-organique-a-loptimisme\\\/\"},\"author\":{\"name\":\"R\u00e9daction R C\",\"@id\":\"https:\\\/\\\/www.radiocastor.com\\\/#\\\/schema\\\/person\\\/558b0e47dc4c11fa52b2220ba6a78779\"},\"headline\":\"Riatto &amp; The Dog et L\u00c9O unissent leurs voix dans \u201cCarry On\u201d, un hymne Indie Folk organique \u00e0 l&rsquo;optimisme\",\"datePublished\":\"2025-12-06T19:55:14+00:00\",\"dateModified\":\"2025-12-06T19:55:15+00:00\",\"mainEntityOfPage\":{\"@id\":\"https:\\\/\\\/www.radiocastor.com\\\/index.php\\\/riatto-the-dog-et-leo-unissent-leurs-voix-dans-carry-on-un-hymne-indie-folk-organique-a-loptimisme\\\/\"},\"wordCount\":299,\"publisher\":{\"@id\":\"https:\\\/\\\/www.radiocastor.com\\\/#organization\"},\"image\":{\"@id\":\"https:\\\/\\\/www.radiocastor.com\\\/index.php\\\/riatto-the-dog-et-leo-unissent-leurs-voix-dans-carry-on-un-hymne-indie-folk-organique-a-loptimisme\\\/#primaryimage\"},\"thumbnailUrl\":\"https:\\\/\\\/www.radiocastor.com\\\/wp-content\\\/uploads\\\/2025\\\/12\\\/Screenshot-2025-12-06-at-20-49-42-Riatto-The-Dog-@riatto_music-\u2022-Photos-et-videos-Instagram.png\",\"articleSection\":[\"Folk\",\"Single\",\"Sortie\"],\"inLanguage\":\"fr-FR\"},{\"@type\":\"WebPage\",\"@id\":\"https:\\\/\\\/www.radiocastor.com\\\/index.php\\\/riatto-the-dog-et-leo-unissent-leurs-voix-dans-carry-on-un-hymne-indie-folk-organique-a-loptimisme\\\/\",\"url\":\"https:\\\/\\\/www.radiocastor.com\\\/index.php\\\/riatto-the-dog-et-leo-unissent-leurs-voix-dans-carry-on-un-hymne-indie-folk-organique-a-loptimisme\\\/\",\"name\":\"Riatto &amp; The Dog et L\u00c9O unissent leurs voix dans \u201cCarry On\u201d, un hymne Indie Folk organique \u00e0 l'optimisme - Radio Castor\",\"isPartOf\":{\"@id\":\"https:\\\/\\\/www.radiocastor.com\\\/#website\"},\"primaryImageOfPage\":{\"@id\":\"https:\\\/\\\/www.radiocastor.com\\\/index.php\\\/riatto-the-dog-et-leo-unissent-leurs-voix-dans-carry-on-un-hymne-indie-folk-organique-a-loptimisme\\\/#primaryimage\"},\"image\":{\"@id\":\"https:\\\/\\\/www.radiocastor.com\\\/index.php\\\/riatto-the-dog-et-leo-unissent-leurs-voix-dans-carry-on-un-hymne-indie-folk-organique-a-loptimisme\\\/#primaryimage\"},\"thumbnailUrl\":\"https:\\\/\\\/www.radiocastor.com\\\/wp-content\\\/uploads\\\/2025\\\/12\\\/Screenshot-2025-12-06-at-20-49-42-Riatto-The-Dog-@riatto_music-\u2022-Photos-et-videos-Instagram.png\",\"datePublished\":\"2025-12-06T19:55:14+00:00\",\"dateModified\":\"2025-12-06T19:55:15+00:00\",\"breadcrumb\":{\"@id\":\"https:\\\/\\\/www.radiocastor.com\\\/index.php\\\/riatto-the-dog-et-leo-unissent-leurs-voix-dans-carry-on-un-hymne-indie-folk-organique-a-loptimisme\\\/#breadcrumb\"},\"inLanguage\":\"fr-FR\",\"potentialAction\":[{\"@type\":\"ReadAction\",\"target\":[\"https:\\\/\\\/www.radiocastor.com\\\/index.php\\\/riatto-the-dog-et-leo-unissent-leurs-voix-dans-carry-on-un-hymne-indie-folk-organique-a-loptimisme\\\/\"]}]},{\"@type\":\"ImageObject\",\"inLanguage\":\"fr-FR\",\"@id\":\"https:\\\/\\\/www.radiocastor.com\\\/index.php\\\/riatto-the-dog-et-leo-unissent-leurs-voix-dans-carry-on-un-hymne-indie-folk-organique-a-loptimisme\\\/#primaryimage\",\"url\":\"https:\\\/\\\/www.radiocastor.com\\\/wp-content\\\/uploads\\\/2025\\\/12\\\/Screenshot-2025-12-06-at-20-49-42-Riatto-The-Dog-@riatto_music-\u2022-Photos-et-videos-Instagram.png\",\"contentUrl\":\"https:\\\/\\\/www.radiocastor.com\\\/wp-content\\\/uploads\\\/2025\\\/12\\\/Screenshot-2025-12-06-at-20-49-42-Riatto-The-Dog-@riatto_music-\u2022-Photos-et-videos-Instagram.png\",\"width\":767,\"height\":588,\"caption\":\"Riatto & The Dog\"},{\"@type\":\"BreadcrumbList\",\"@id\":\"https:\\\/\\\/www.radiocastor.com\\\/index.php\\\/riatto-the-dog-et-leo-unissent-leurs-voix-dans-carry-on-un-hymne-indie-folk-organique-a-loptimisme\\\/#breadcrumb\",\"itemListElement\":[{\"@type\":\"ListItem\",\"position\":1,\"name\":\"Accueil\",\"item\":\"https:\\\/\\\/www.radiocastor.com\\\/\"},{\"@type\":\"ListItem\",\"position\":2,\"name\":\"Riatto &amp; The Dog et L\u00c9O unissent leurs voix dans \u201cCarry On\u201d, un hymne Indie Folk organique \u00e0 l&rsquo;optimisme\"}]},{\"@type\":\"WebSite\",\"@id\":\"https:\\\/\\\/www.radiocastor.com\\\/#website\",\"url\":\"https:\\\/\\\/www.radiocastor.com\\\/\",\"name\":\"Radio Castor\",\"description\":\"La voix !\",\"publisher\":{\"@id\":\"https:\\\/\\\/www.radiocastor.com\\\/#organization\"},\"potentialAction\":[{\"@type\":\"SearchAction\",\"target\":{\"@type\":\"EntryPoint\",\"urlTemplate\":\"https:\\\/\\\/www.radiocastor.com\\\/?s={search_term_string}\"},\"query-input\":{\"@type\":\"PropertyValueSpecification\",\"valueRequired\":true,\"valueName\":\"search_term_string\"}}],\"inLanguage\":\"fr-FR\"},{\"@type\":\"Organization\",\"@id\":\"https:\\\/\\\/www.radiocastor.com\\\/#organization\",\"name\":\"Radio Castor\",\"url\":\"https:\\\/\\\/www.radiocastor.com\\\/\",\"logo\":{\"@type\":\"ImageObject\",\"inLanguage\":\"fr-FR\",\"@id\":\"https:\\\/\\\/www.radiocastor.com\\\/#\\\/schema\\\/logo\\\/image\\\/\",\"url\":\"https:\\\/\\\/www.radiocastor.com\\\/wp-content\\\/uploads\\\/2021\\\/11\\\/cropped-Radio-castor-logo-2.png\",\"contentUrl\":\"https:\\\/\\\/www.radiocastor.com\\\/wp-content\\\/uploads\\\/2021\\\/11\\\/cropped-Radio-castor-logo-2.png\",\"width\":437,\"height\":219,\"caption\":\"Radio Castor\"},\"image\":{\"@id\":\"https:\\\/\\\/www.radiocastor.com\\\/#\\\/schema\\\/logo\\\/image\\\/\"},\"sameAs\":[\"https:\\\/\\\/www.facebook.com\\\/theradiocastor\",\"https:\\\/\\\/x.com\\\/TheRadioCastor\",\"https:\\\/\\\/www.instagram.com\\\/theradiocastor\",\"https:\\\/\\\/www.youtube.com\\\/c\\\/RadioCastor\"]},{\"@type\":\"Person\",\"@id\":\"https:\\\/\\\/www.radiocastor.com\\\/#\\\/schema\\\/person\\\/558b0e47dc4c11fa52b2220ba6a78779\",\"name\":\"R\u00e9daction R C\",\"image\":{\"@type\":\"ImageObject\",\"inLanguage\":\"fr-FR\",\"@id\":\"https:\\\/\\\/secure.gravatar.com\\\/avatar\\\/1d3e4f4c4a0d129f7ed4838ea20c33760c2484b9bc381993df6c0e3f5bf89c23?s=96&d=mm&r=g\",\"url\":\"https:\\\/\\\/secure.gravatar.com\\\/avatar\\\/1d3e4f4c4a0d129f7ed4838ea20c33760c2484b9bc381993df6c0e3f5bf89c23?s=96&d=mm&r=g\",\"contentUrl\":\"https:\\\/\\\/secure.gravatar.com\\\/avatar\\\/1d3e4f4c4a0d129f7ed4838ea20c33760c2484b9bc381993df6c0e3f5bf89c23?s=96&d=mm&r=g\",\"caption\":\"R\u00e9daction R C\"},\"sameAs\":[\"http:\\\/\\\/www.radiocastor.com\"],\"url\":\"https:\\\/\\\/www.radiocastor.com\\\/index.php\\\/author\\\/radio-castor\\\/\"}]}<\/script>\n<!-- \/ Yoast SEO plugin. -->","yoast_head_json":{"title":"Riatto &amp; The Dog et L\u00c9O unissent leurs voix dans \u201cCarry On\u201d, un hymne Indie Folk organique \u00e0 l'optimisme - Radio Castor","robots":{"index":"index","follow":"follow","max-snippet":"max-snippet:-1","max-image-preview":"max-image-preview:large","max-video-preview":"max-video-preview:-1"},"canonical":"https:\/\/www.radiocastor.com\/index.php\/riatto-the-dog-et-leo-unissent-leurs-voix-dans-carry-on-un-hymne-indie-folk-organique-a-loptimisme\/","og_locale":"fr_FR","og_type":"article","og_title":"Riatto &amp; The Dog et L\u00c9O unissent leurs voix dans \u201cCarry On\u201d, un hymne Indie Folk organique \u00e0 l'optimisme - Radio Castor","og_description":"L&rsquo;artiste Riatto &amp; The Dog (Laurent Riatto) nous pr\u00e9sente son dernier titre, \u201cCarry On (Feat....","og_url":"https:\/\/www.radiocastor.com\/index.php\/riatto-the-dog-et-leo-unissent-leurs-voix-dans-carry-on-un-hymne-indie-folk-organique-a-loptimisme\/","og_site_name":"Radio Castor","article_publisher":"https:\/\/www.facebook.com\/theradiocastor","article_published_time":"2025-12-06T19:55:14+00:00","article_modified_time":"2025-12-06T19:55:15+00:00","og_image":[{"width":767,"height":588,"url":"https:\/\/www.radiocastor.com\/wp-content\/uploads\/2025\/12\/Screenshot-2025-12-06-at-20-49-42-Riatto-The-Dog-@riatto_music-\u2022-Photos-et-videos-Instagram.png","type":"image\/png"}],"author":"R\u00e9daction R C","twitter_card":"summary_large_image","twitter_creator":"@TheRadioCastor","twitter_site":"@TheRadioCastor","twitter_misc":{"\u00c9crit par":"R\u00e9daction R C","Dur\u00e9e de lecture estim\u00e9e":"2 minutes"},"schema":{"@context":"https:\/\/schema.org","@graph":[{"@type":"Article","@id":"https:\/\/www.radiocastor.com\/index.php\/riatto-the-dog-et-leo-unissent-leurs-voix-dans-carry-on-un-hymne-indie-folk-organique-a-loptimisme\/#article","isPartOf":{"@id":"https:\/\/www.radiocastor.com\/index.php\/riatto-the-dog-et-leo-unissent-leurs-voix-dans-carry-on-un-hymne-indie-folk-organique-a-loptimisme\/"},"author":{"name":"R\u00e9daction R C","@id":"https:\/\/www.radiocastor.com\/#\/schema\/person\/558b0e47dc4c11fa52b2220ba6a78779"},"headline":"Riatto &amp; The Dog et L\u00c9O unissent leurs voix dans \u201cCarry On\u201d, un hymne Indie Folk organique \u00e0 l&rsquo;optimisme","datePublished":"2025-12-06T19:55:14+00:00","dateModified":"2025-12-06T19:55:15+00:00","mainEntityOfPage":{"@id":"https:\/\/www.radiocastor.com\/index.php\/riatto-the-dog-et-leo-unissent-leurs-voix-dans-carry-on-un-hymne-indie-folk-organique-a-loptimisme\/"},"wordCount":299,"publisher":{"@id":"https:\/\/www.radiocastor.com\/#organization"},"image":{"@id":"https:\/\/www.radiocastor.com\/index.php\/riatto-the-dog-et-leo-unissent-leurs-voix-dans-carry-on-un-hymne-indie-folk-organique-a-loptimisme\/#primaryimage"},"thumbnailUrl":"https:\/\/www.radiocastor.com\/wp-content\/uploads\/2025\/12\/Screenshot-2025-12-06-at-20-49-42-Riatto-The-Dog-@riatto_music-\u2022-Photos-et-videos-Instagram.png","articleSection":["Folk","Single","Sortie"],"inLanguage":"fr-FR"},{"@type":"WebPage","@id":"https:\/\/www.radiocastor.com\/index.php\/riatto-the-dog-et-leo-unissent-leurs-voix-dans-carry-on-un-hymne-indie-folk-organique-a-loptimisme\/","url":"https:\/\/www.radiocastor.com\/index.php\/riatto-the-dog-et-leo-unissent-leurs-voix-dans-carry-on-un-hymne-indie-folk-organique-a-loptimisme\/","name":"Riatto &amp; The Dog et L\u00c9O unissent leurs voix dans \u201cCarry On\u201d, un hymne Indie Folk organique \u00e0 l'optimisme - Radio Castor","isPartOf":{"@id":"https:\/\/www.radiocastor.com\/#website"},"primaryImageOfPage":{"@id":"https:\/\/www.radiocastor.com\/index.php\/riatto-the-dog-et-leo-unissent-leurs-voix-dans-carry-on-un-hymne-indie-folk-organique-a-loptimisme\/#primaryimage"},"image":{"@id":"https:\/\/www.radiocastor.com\/index.php\/riatto-the-dog-et-leo-unissent-leurs-voix-dans-carry-on-un-hymne-indie-folk-organique-a-loptimisme\/#primaryimage"},"thumbnailUrl":"https:\/\/www.radiocastor.com\/wp-content\/uploads\/2025\/12\/Screenshot-2025-12-06-at-20-49-42-Riatto-The-Dog-@riatto_music-\u2022-Photos-et-videos-Instagram.png","datePublished":"2025-12-06T19:55:14+00:00","dateModified":"2025-12-06T19:55:15+00:00","breadcrumb":{"@id":"https:\/\/www.radiocastor.com\/index.php\/riatto-the-dog-et-leo-unissent-leurs-voix-dans-carry-on-un-hymne-indie-folk-organique-a-loptimisme\/#breadcrumb"},"inLanguage":"fr-FR","potentialAction":[{"@type":"ReadAction","target":["https:\/\/www.radiocastor.com\/index.php\/riatto-the-dog-et-leo-unissent-leurs-voix-dans-carry-on-un-hymne-indie-folk-organique-a-loptimisme\/"]}]},{"@type":"ImageObject","inLanguage":"fr-FR","@id":"https:\/\/www.radiocastor.com\/index.php\/riatto-the-dog-et-leo-unissent-leurs-voix-dans-carry-on-un-hymne-indie-folk-organique-a-loptimisme\/#primaryimage","url":"https:\/\/www.radiocastor.com\/wp-content\/uploads\/2025\/12\/Screenshot-2025-12-06-at-20-49-42-Riatto-The-Dog-@riatto_music-\u2022-Photos-et-videos-Instagram.png","contentUrl":"https:\/\/www.radiocastor.com\/wp-content\/uploads\/2025\/12\/Screenshot-2025-12-06-at-20-49-42-Riatto-The-Dog-@riatto_music-\u2022-Photos-et-videos-Instagram.png","width":767,"height":588,"caption":"Riatto & The Dog"},{"@type":"BreadcrumbList","@id":"https:\/\/www.radiocastor.com\/index.php\/riatto-the-dog-et-leo-unissent-leurs-voix-dans-carry-on-un-hymne-indie-folk-organique-a-loptimisme\/#breadcrumb","itemListElement":[{"@type":"ListItem","position":1,"name":"Accueil","item":"https:\/\/www.radiocastor.com\/"},{"@type":"ListItem","position":2,"name":"Riatto &amp; The Dog et L\u00c9O unissent leurs voix dans \u201cCarry On\u201d, un hymne Indie Folk organique \u00e0 l&rsquo;optimisme"}]},{"@type":"WebSite","@id":"https:\/\/www.radiocastor.com\/#website","url":"https:\/\/www.radiocastor.com\/","name":"Radio Castor","description":"La voix !","publisher":{"@id":"https:\/\/www.radiocastor.com\/#organization"},"potentialAction":[{"@type":"SearchAction","target":{"@type":"EntryPoint","urlTemplate":"https:\/\/www.radiocastor.com\/?s={search_term_string}"},"query-input":{"@type":"PropertyValueSpecification","valueRequired":true,"valueName":"search_term_string"}}],"inLanguage":"fr-FR"},{"@type":"Organization","@id":"https:\/\/www.radiocastor.com\/#organization","name":"Radio Castor","url":"https:\/\/www.radiocastor.com\/","logo":{"@type":"ImageObject","inLanguage":"fr-FR","@id":"https:\/\/www.radiocastor.com\/#\/schema\/logo\/image\/","url":"https:\/\/www.radiocastor.com\/wp-content\/uploads\/2021\/11\/cropped-Radio-castor-logo-2.png","contentUrl":"https:\/\/www.radiocastor.com\/wp-content\/uploads\/2021\/11\/cropped-Radio-castor-logo-2.png","width":437,"height":219,"caption":"Radio Castor"},"image":{"@id":"https:\/\/www.radiocastor.com\/#\/schema\/logo\/image\/"},"sameAs":["https:\/\/www.facebook.com\/theradiocastor","https:\/\/x.com\/TheRadioCastor","https:\/\/www.instagram.com\/theradiocastor","https:\/\/www.youtube.com\/c\/RadioCastor"]},{"@type":"Person","@id":"https:\/\/www.radiocastor.com\/#\/schema\/person\/558b0e47dc4c11fa52b2220ba6a78779","name":"R\u00e9daction R C","image":{"@type":"ImageObject","inLanguage":"fr-FR","@id":"https:\/\/secure.gravatar.com\/avatar\/1d3e4f4c4a0d129f7ed4838ea20c33760c2484b9bc381993df6c0e3f5bf89c23?s=96&d=mm&r=g","url":"https:\/\/secure.gravatar.com\/avatar\/1d3e4f4c4a0d129f7ed4838ea20c33760c2484b9bc381993df6c0e3f5bf89c23?s=96&d=mm&r=g","contentUrl":"https:\/\/secure.gravatar.com\/avatar\/1d3e4f4c4a0d129f7ed4838ea20c33760c2484b9bc381993df6c0e3f5bf89c23?s=96&d=mm&r=g","caption":"R\u00e9daction R C"},"sameAs":["http:\/\/www.radiocastor.com"],"url":"https:\/\/www.radiocastor.com\/index.php\/author\/radio-castor\/"}]}},"uagb_featured_image_src":{"full":["https:\/\/www.radiocastor.com\/wp-content\/uploads\/2025\/12\/Screenshot-2025-12-06-at-20-49-42-Riatto-The-Dog-@riatto_music-\u2022-Photos-et-videos-Instagram.png",767,588,false],"thumbnail":["https:\/\/www.radiocastor.com\/wp-content\/uploads\/2025\/12\/Screenshot-2025-12-06-at-20-49-42-Riatto-The-Dog-@riatto_music-\u2022-Photos-et-videos-Instagram-150x150.png",150,150,true],"medium":["https:\/\/www.radiocastor.com\/wp-content\/uploads\/2025\/12\/Screenshot-2025-12-06-at-20-49-42-Riatto-The-Dog-@riatto_music-\u2022-Photos-et-videos-Instagram-300x230.png",300,230,true],"medium_large":["https:\/\/www.radiocastor.com\/wp-content\/uploads\/2025\/12\/Screenshot-2025-12-06-at-20-49-42-Riatto-The-Dog-@riatto_music-\u2022-Photos-et-videos-Instagram.png",640,491,false],"large":["https:\/\/www.radiocastor.com\/wp-content\/uploads\/2025\/12\/Screenshot-2025-12-06-at-20-49-42-Riatto-The-Dog-@riatto_music-\u2022-Photos-et-videos-Instagram.png",640,491,false],"1536x1536":["https:\/\/www.radiocastor.com\/wp-content\/uploads\/2025\/12\/Screenshot-2025-12-06-at-20-49-42-Riatto-The-Dog-@riatto_music-\u2022-Photos-et-videos-Instagram.png",767,588,false],"2048x2048":["https:\/\/www.radiocastor.com\/wp-content\/uploads\/2025\/12\/Screenshot-2025-12-06-at-20-49-42-Riatto-The-Dog-@riatto_music-\u2022-Photos-et-videos-Instagram.png",767,588,false],"newsever-slider-full":["https:\/\/www.radiocastor.com\/wp-content\/uploads\/2025\/12\/Screenshot-2025-12-06-at-20-49-42-Riatto-The-Dog-@riatto_music-\u2022-Photos-et-videos-Instagram.png",767,588,false],"newsever-featured":["https:\/\/www.radiocastor.com\/wp-content\/uploads\/2025\/12\/Screenshot-2025-12-06-at-20-49-42-Riatto-The-Dog-@riatto_music-\u2022-Photos-et-videos-Instagram.png",767,588,false],"newsever-medium":["https:\/\/www.radiocastor.com\/wp-content\/uploads\/2025\/12\/Screenshot-2025-12-06-at-20-49-42-Riatto-The-Dog-@riatto_music-\u2022-Photos-et-videos-Instagram-720x475.png",720,475,true]},"uagb_author_info":{"display_name":"R\u00e9daction R C","author_link":"https:\/\/www.radiocastor.com\/index.php\/author\/radio-castor\/"},"uagb_comment_info":0,"uagb_excerpt":"L&rsquo;artiste Riatto &amp; The Dog (Laurent Riatto) nous pr\u00e9sente son dernier titre, \u201cCarry On (Feat....","_links":{"self":[{"href":"https:\/\/www.radiocastor.com\/index.php\/wp-json\/wp\/v2\/posts\/13546","targetHints":{"allow":["GET"]}}],"collection":[{"href":"https:\/\/www.radiocastor.com\/index.php\/wp-json\/wp\/v2\/posts"}],"about":[{"href":"https:\/\/www.radiocastor.com\/index.php\/wp-json\/wp\/v2\/types\/post"}],"author":[{"embeddable":true,"href":"https:\/\/www.radiocastor.com\/index.php\/wp-json\/wp\/v2\/users\/1"}],"replies":[{"embeddable":true,"href":"https:\/\/www.radiocastor.com\/index.php\/wp-json\/wp\/v2\/comments?post=13546"}],"version-history":[{"count":1,"href":"https:\/\/www.radiocastor.com\/index.php\/wp-json\/wp\/v2\/posts\/13546\/revisions"}],"predecessor-version":[{"id":13548,"href":"https:\/\/www.radiocastor.com\/index.php\/wp-json\/wp\/v2\/posts\/13546\/revisions\/13548"}],"wp:featuredmedia":[{"embeddable":true,"href":"https:\/\/www.radiocastor.com\/index.php\/wp-json\/wp\/v2\/media\/13547"}],"wp:attachment":[{"href":"https:\/\/www.radiocastor.com\/index.php\/wp-json\/wp\/v2\/media?parent=13546"}],"wp:term":[{"taxonomy":"category","embeddable":true,"href":"https:\/\/www.radiocastor.com\/index.php\/wp-json\/wp\/v2\/categories?post=13546"},{"taxonomy":"post_tag","embeddable":true,"href":"https:\/\/www.radiocastor.com\/index.php\/wp-json\/wp\/v2\/tags?post=13546"}],"curies":[{"name":"wp","href":"https:\/\/api.w.org\/{rel}","templated":true}]}}