{"id":13401,"date":"2025-11-27T03:58:27","date_gmt":"2025-11-27T02:58:27","guid":{"rendered":"https:\/\/www.radiocastor.com\/?p=13401"},"modified":"2025-11-27T03:58:28","modified_gmt":"2025-11-27T02:58:28","slug":"kyarna-kutcha-edwards-et-quarralia-knox-sunissent-pour-the-fixer-un-hymne-de-soutien-en-folk-rock-country","status":"publish","type":"post","link":"https:\/\/www.radiocastor.com\/index.php\/kyarna-kutcha-edwards-et-quarralia-knox-sunissent-pour-the-fixer-un-hymne-de-soutien-en-folk-rock-country\/","title":{"rendered":"KYARNA, Kutcha Edwards et Quarralia Knox s&rsquo;unissent pour \u00ab\u00a0The Fixer\u00a0\u00bb, un hymne de soutien en Folk Rock\/Country"},"content":{"rendered":"\n<p>L&rsquo;artiste Yuin <strong>KYARNA<\/strong>, originaire de la c\u00f4te sud de la Nouvelle-Galles du Sud, en Australie, collabore avec <strong>Kutcha Edwards<\/strong> et <strong>Quarralia Knox<\/strong> pour son nouveau <em>single<\/em>, \u201cThe Fixer\u201d, sorti le 18 novembre 2025.<\/p>\n\n\n\n<p>Nous vous avons d\u00e9j\u00e0 pr\u00e9sent\u00e9 <a href=\"https:\/\/www.radiocastor.com\/?s=KYARNA\" target=\"_blank\" rel=\"noreferrer noopener\">KYARNA<\/a>.<\/p>\n\n\n\n<p>Connue pour son talent de conteuse (<em>storyteller<\/em>), sa musique est un m\u00e9lange de <strong>Country, Folk et Americana<\/strong> qui transmet des histoires sinc\u00e8res avec une honn\u00eatet\u00e9 brute, dans la veine de Brandi Carlile ou Emmylou Harris.<\/p>\n\n\n\n<p>\u201cThe Fixer\u201d est une chanson puissante ax\u00e9e sur le th\u00e8me de la <strong>r\u00e9silience<\/strong> et du <strong>soutien inconditionnel<\/strong> dans une relation difficile. Le narrateur s&rsquo;identifie comme \u00ab le r\u00e9parateur \u00bb (<em>The Fixer<\/em>), celui qui porte le fardeau de l&rsquo;autre et lui offre la force de se relever. Ce message de solidarit\u00e9 est renforc\u00e9 par la collaboration avec les artistes autochtones Kutcha Edwards et Quarralia Knox, ajoutant de la profondeur \u00e0 ce morceau <strong>Folk Rock<\/strong> teint\u00e9 de Country.<\/p>\n\n\n\n<p>Les paroles montrent la d\u00e9termination \u00e0 aider l&rsquo;autre \u00e0 rompre les cycles n\u00e9gatifs et \u00e0 surmonter la honte : \u00ab\u00a0<em>I&rsquo;m the fixer<\/em> <em>Break the cycle<\/em> <em>Keep the circle<\/em> <em>Stop the shame<\/em> <em>Open the sky<\/em>\u00ab\u00a0<\/p>\n\n\n\n<p>Le message est un engagement constant : \u00ab <em>I will never, never be taken away \/ I am here, I am with you<\/em> \u00bb (\u00ab Je ne serai jamais, jamais emport\u00e9 \/ Je suis ici, je suis avec toi \u00bb). Avec une profondeur \u00e9motionnelle et une voix envo\u00fbtante, \u201cThe Fixer\u201d est une composition touchante sur la loyaut\u00e9 et l&rsquo;espoir.<\/p>\n\n\n\n<p><em>A \u00e9couter sur <a href=\"https:\/\/www.radiocastor.com\/index.php\/playlist\/\" target=\"_blank\" rel=\"noreferrer noopener\">nos playlists<\/a> !<\/em><\/p>\n\n\n\n<p style=\"text-align: center;\"><iframe loading=\"lazy\" width=\"560\" height=\"315\" src=\"https:\/\/www.youtube.com\/embed\/dDiY3N_KjNw?si=_7sEO6aJmaW1HCD6\" title=\"YouTube video player\" frameborder=\"0\" allow=\"accelerometer; autoplay; clipboard-write; encrypted-media; gyroscope; picture-in-picture; web-share\" referrerpolicy=\"strict-origin-when-cross-origin\" allowfullscreen><\/iframe><\/p>\n\n\n\n<p class=\"has-text-align-center\"><a href=\"https:\/\/www.facebook.com\/profile.php?id=100092744075640\" target=\"_blank\" rel=\"noreferrer noopener\">Facebook<\/a> &#8211; <a href=\"https:\/\/www.instagram.com\/kyarnamusic\" target=\"_blank\" rel=\"noreferrer noopener\">Instagram<\/a><\/p>\n","protected":false},"excerpt":{"rendered":"<p>L&rsquo;artiste Yuin KYARNA, originaire de la c\u00f4te sud de la Nouvelle-Galles du Sud, en Australie,&#8230;<\/p>\n","protected":false},"author":1,"featured_media":13402,"comment_status":"closed","ping_status":"open","sticky":false,"template":"","format":"standard","meta":{"_uag_custom_page_level_css":"","footnotes":""},"categories":[77,76,5,32,46],"tags":[],"class_list":["post-13401","post","type-post","status-publish","format-standard","has-post-thumbnail","hentry","category-country","category-folk","category-rock","category-single","category-sortie"],"yoast_head":"<!-- This site is optimized with the Yoast SEO plugin v27.5 - https:\/\/yoast.com\/product\/yoast-seo-wordpress\/ -->\n<title>KYARNA, Kutcha Edwards et Quarralia Knox s&#039;unissent pour &quot;The Fixer&quot;, un hymne de soutien en Folk Rock\/Country - Radio Castor<\/title>\n<meta name=\"robots\" content=\"index, follow, max-snippet:-1, max-image-preview:large, max-video-preview:-1\" \/>\n<link rel=\"canonical\" href=\"https:\/\/www.radiocastor.com\/index.php\/kyarna-kutcha-edwards-et-quarralia-knox-sunissent-pour-the-fixer-un-hymne-de-soutien-en-folk-rock-country\/\" \/>\n<meta property=\"og:locale\" content=\"fr_FR\" \/>\n<meta property=\"og:type\" content=\"article\" \/>\n<meta property=\"og:title\" content=\"KYARNA, Kutcha Edwards et Quarralia Knox s&#039;unissent pour &quot;The Fixer&quot;, un hymne de soutien en Folk Rock\/Country - Radio Castor\" \/>\n<meta property=\"og:description\" content=\"L&rsquo;artiste Yuin KYARNA, originaire de la c\u00f4te sud de la Nouvelle-Galles du Sud, en Australie,...\" \/>\n<meta property=\"og:url\" content=\"https:\/\/www.radiocastor.com\/index.php\/kyarna-kutcha-edwards-et-quarralia-knox-sunissent-pour-the-fixer-un-hymne-de-soutien-en-folk-rock-country\/\" \/>\n<meta property=\"og:site_name\" content=\"Radio Castor\" \/>\n<meta property=\"article:publisher\" content=\"https:\/\/www.facebook.com\/theradiocastor\" \/>\n<meta property=\"article:published_time\" content=\"2025-11-27T02:58:27+00:00\" \/>\n<meta property=\"article:modified_time\" content=\"2025-11-27T02:58:28+00:00\" \/>\n<meta property=\"og:image\" content=\"https:\/\/www.radiocastor.com\/wp-content\/uploads\/2025\/11\/Screenshot-2025-11-27-at-03-52-35-3-Facebook.png\" \/>\n\t<meta property=\"og:image:width\" content=\"536\" \/>\n\t<meta property=\"og:image:height\" content=\"560\" \/>\n\t<meta property=\"og:image:type\" content=\"image\/png\" \/>\n<meta name=\"author\" content=\"R\u00e9daction R C\" \/>\n<meta name=\"twitter:card\" content=\"summary_large_image\" \/>\n<meta name=\"twitter:creator\" content=\"@TheRadioCastor\" \/>\n<meta name=\"twitter:site\" content=\"@TheRadioCastor\" \/>\n<meta name=\"twitter:label1\" content=\"\u00c9crit par\" \/>\n\t<meta name=\"twitter:data1\" content=\"R\u00e9daction R C\" \/>\n\t<meta name=\"twitter:label2\" content=\"Dur\u00e9e de lecture estim\u00e9e\" \/>\n\t<meta name=\"twitter:data2\" content=\"2 minutes\" \/>\n<script type=\"application\/ld+json\" class=\"yoast-schema-graph\">{\"@context\":\"https:\\\/\\\/schema.org\",\"@graph\":[{\"@type\":\"Article\",\"@id\":\"https:\\\/\\\/www.radiocastor.com\\\/index.php\\\/kyarna-kutcha-edwards-et-quarralia-knox-sunissent-pour-the-fixer-un-hymne-de-soutien-en-folk-rock-country\\\/#article\",\"isPartOf\":{\"@id\":\"https:\\\/\\\/www.radiocastor.com\\\/index.php\\\/kyarna-kutcha-edwards-et-quarralia-knox-sunissent-pour-the-fixer-un-hymne-de-soutien-en-folk-rock-country\\\/\"},\"author\":{\"name\":\"R\u00e9daction R C\",\"@id\":\"https:\\\/\\\/www.radiocastor.com\\\/#\\\/schema\\\/person\\\/558b0e47dc4c11fa52b2220ba6a78779\"},\"headline\":\"KYARNA, Kutcha Edwards et Quarralia Knox s&rsquo;unissent pour \u00ab\u00a0The Fixer\u00a0\u00bb, un hymne de soutien en Folk Rock\\\/Country\",\"datePublished\":\"2025-11-27T02:58:27+00:00\",\"dateModified\":\"2025-11-27T02:58:28+00:00\",\"mainEntityOfPage\":{\"@id\":\"https:\\\/\\\/www.radiocastor.com\\\/index.php\\\/kyarna-kutcha-edwards-et-quarralia-knox-sunissent-pour-the-fixer-un-hymne-de-soutien-en-folk-rock-country\\\/\"},\"wordCount\":273,\"publisher\":{\"@id\":\"https:\\\/\\\/www.radiocastor.com\\\/#organization\"},\"image\":{\"@id\":\"https:\\\/\\\/www.radiocastor.com\\\/index.php\\\/kyarna-kutcha-edwards-et-quarralia-knox-sunissent-pour-the-fixer-un-hymne-de-soutien-en-folk-rock-country\\\/#primaryimage\"},\"thumbnailUrl\":\"https:\\\/\\\/www.radiocastor.com\\\/wp-content\\\/uploads\\\/2025\\\/11\\\/Screenshot-2025-11-27-at-03-52-35-3-Facebook.png\",\"articleSection\":[\"Country\",\"Folk\",\"Rock\",\"Single\",\"Sortie\"],\"inLanguage\":\"fr-FR\"},{\"@type\":\"WebPage\",\"@id\":\"https:\\\/\\\/www.radiocastor.com\\\/index.php\\\/kyarna-kutcha-edwards-et-quarralia-knox-sunissent-pour-the-fixer-un-hymne-de-soutien-en-folk-rock-country\\\/\",\"url\":\"https:\\\/\\\/www.radiocastor.com\\\/index.php\\\/kyarna-kutcha-edwards-et-quarralia-knox-sunissent-pour-the-fixer-un-hymne-de-soutien-en-folk-rock-country\\\/\",\"name\":\"KYARNA, Kutcha Edwards et Quarralia Knox s'unissent pour \\\"The Fixer\\\", un hymne de soutien en Folk Rock\\\/Country - Radio Castor\",\"isPartOf\":{\"@id\":\"https:\\\/\\\/www.radiocastor.com\\\/#website\"},\"primaryImageOfPage\":{\"@id\":\"https:\\\/\\\/www.radiocastor.com\\\/index.php\\\/kyarna-kutcha-edwards-et-quarralia-knox-sunissent-pour-the-fixer-un-hymne-de-soutien-en-folk-rock-country\\\/#primaryimage\"},\"image\":{\"@id\":\"https:\\\/\\\/www.radiocastor.com\\\/index.php\\\/kyarna-kutcha-edwards-et-quarralia-knox-sunissent-pour-the-fixer-un-hymne-de-soutien-en-folk-rock-country\\\/#primaryimage\"},\"thumbnailUrl\":\"https:\\\/\\\/www.radiocastor.com\\\/wp-content\\\/uploads\\\/2025\\\/11\\\/Screenshot-2025-11-27-at-03-52-35-3-Facebook.png\",\"datePublished\":\"2025-11-27T02:58:27+00:00\",\"dateModified\":\"2025-11-27T02:58:28+00:00\",\"breadcrumb\":{\"@id\":\"https:\\\/\\\/www.radiocastor.com\\\/index.php\\\/kyarna-kutcha-edwards-et-quarralia-knox-sunissent-pour-the-fixer-un-hymne-de-soutien-en-folk-rock-country\\\/#breadcrumb\"},\"inLanguage\":\"fr-FR\",\"potentialAction\":[{\"@type\":\"ReadAction\",\"target\":[\"https:\\\/\\\/www.radiocastor.com\\\/index.php\\\/kyarna-kutcha-edwards-et-quarralia-knox-sunissent-pour-the-fixer-un-hymne-de-soutien-en-folk-rock-country\\\/\"]}]},{\"@type\":\"ImageObject\",\"inLanguage\":\"fr-FR\",\"@id\":\"https:\\\/\\\/www.radiocastor.com\\\/index.php\\\/kyarna-kutcha-edwards-et-quarralia-knox-sunissent-pour-the-fixer-un-hymne-de-soutien-en-folk-rock-country\\\/#primaryimage\",\"url\":\"https:\\\/\\\/www.radiocastor.com\\\/wp-content\\\/uploads\\\/2025\\\/11\\\/Screenshot-2025-11-27-at-03-52-35-3-Facebook.png\",\"contentUrl\":\"https:\\\/\\\/www.radiocastor.com\\\/wp-content\\\/uploads\\\/2025\\\/11\\\/Screenshot-2025-11-27-at-03-52-35-3-Facebook.png\",\"width\":536,\"height\":560,\"caption\":\"KYARNA\"},{\"@type\":\"BreadcrumbList\",\"@id\":\"https:\\\/\\\/www.radiocastor.com\\\/index.php\\\/kyarna-kutcha-edwards-et-quarralia-knox-sunissent-pour-the-fixer-un-hymne-de-soutien-en-folk-rock-country\\\/#breadcrumb\",\"itemListElement\":[{\"@type\":\"ListItem\",\"position\":1,\"name\":\"Accueil\",\"item\":\"https:\\\/\\\/www.radiocastor.com\\\/\"},{\"@type\":\"ListItem\",\"position\":2,\"name\":\"KYARNA, Kutcha Edwards et Quarralia Knox s&rsquo;unissent pour \u00ab\u00a0The Fixer\u00a0\u00bb, un hymne de soutien en Folk Rock\\\/Country\"}]},{\"@type\":\"WebSite\",\"@id\":\"https:\\\/\\\/www.radiocastor.com\\\/#website\",\"url\":\"https:\\\/\\\/www.radiocastor.com\\\/\",\"name\":\"Radio Castor\",\"description\":\"La voix !\",\"publisher\":{\"@id\":\"https:\\\/\\\/www.radiocastor.com\\\/#organization\"},\"potentialAction\":[{\"@type\":\"SearchAction\",\"target\":{\"@type\":\"EntryPoint\",\"urlTemplate\":\"https:\\\/\\\/www.radiocastor.com\\\/?s={search_term_string}\"},\"query-input\":{\"@type\":\"PropertyValueSpecification\",\"valueRequired\":true,\"valueName\":\"search_term_string\"}}],\"inLanguage\":\"fr-FR\"},{\"@type\":\"Organization\",\"@id\":\"https:\\\/\\\/www.radiocastor.com\\\/#organization\",\"name\":\"Radio Castor\",\"url\":\"https:\\\/\\\/www.radiocastor.com\\\/\",\"logo\":{\"@type\":\"ImageObject\",\"inLanguage\":\"fr-FR\",\"@id\":\"https:\\\/\\\/www.radiocastor.com\\\/#\\\/schema\\\/logo\\\/image\\\/\",\"url\":\"https:\\\/\\\/www.radiocastor.com\\\/wp-content\\\/uploads\\\/2021\\\/11\\\/cropped-Radio-castor-logo-2.png\",\"contentUrl\":\"https:\\\/\\\/www.radiocastor.com\\\/wp-content\\\/uploads\\\/2021\\\/11\\\/cropped-Radio-castor-logo-2.png\",\"width\":437,\"height\":219,\"caption\":\"Radio Castor\"},\"image\":{\"@id\":\"https:\\\/\\\/www.radiocastor.com\\\/#\\\/schema\\\/logo\\\/image\\\/\"},\"sameAs\":[\"https:\\\/\\\/www.facebook.com\\\/theradiocastor\",\"https:\\\/\\\/x.com\\\/TheRadioCastor\",\"https:\\\/\\\/www.instagram.com\\\/theradiocastor\",\"https:\\\/\\\/www.youtube.com\\\/c\\\/RadioCastor\"]},{\"@type\":\"Person\",\"@id\":\"https:\\\/\\\/www.radiocastor.com\\\/#\\\/schema\\\/person\\\/558b0e47dc4c11fa52b2220ba6a78779\",\"name\":\"R\u00e9daction R C\",\"image\":{\"@type\":\"ImageObject\",\"inLanguage\":\"fr-FR\",\"@id\":\"https:\\\/\\\/secure.gravatar.com\\\/avatar\\\/1d3e4f4c4a0d129f7ed4838ea20c33760c2484b9bc381993df6c0e3f5bf89c23?s=96&d=mm&r=g\",\"url\":\"https:\\\/\\\/secure.gravatar.com\\\/avatar\\\/1d3e4f4c4a0d129f7ed4838ea20c33760c2484b9bc381993df6c0e3f5bf89c23?s=96&d=mm&r=g\",\"contentUrl\":\"https:\\\/\\\/secure.gravatar.com\\\/avatar\\\/1d3e4f4c4a0d129f7ed4838ea20c33760c2484b9bc381993df6c0e3f5bf89c23?s=96&d=mm&r=g\",\"caption\":\"R\u00e9daction R C\"},\"sameAs\":[\"http:\\\/\\\/www.radiocastor.com\"],\"url\":\"https:\\\/\\\/www.radiocastor.com\\\/index.php\\\/author\\\/radio-castor\\\/\"}]}<\/script>\n<!-- \/ Yoast SEO plugin. -->","yoast_head_json":{"title":"KYARNA, Kutcha Edwards et Quarralia Knox s'unissent pour \"The Fixer\", un hymne de soutien en Folk Rock\/Country - Radio Castor","robots":{"index":"index","follow":"follow","max-snippet":"max-snippet:-1","max-image-preview":"max-image-preview:large","max-video-preview":"max-video-preview:-1"},"canonical":"https:\/\/www.radiocastor.com\/index.php\/kyarna-kutcha-edwards-et-quarralia-knox-sunissent-pour-the-fixer-un-hymne-de-soutien-en-folk-rock-country\/","og_locale":"fr_FR","og_type":"article","og_title":"KYARNA, Kutcha Edwards et Quarralia Knox s'unissent pour \"The Fixer\", un hymne de soutien en Folk Rock\/Country - Radio Castor","og_description":"L&rsquo;artiste Yuin KYARNA, originaire de la c\u00f4te sud de la Nouvelle-Galles du Sud, en Australie,...","og_url":"https:\/\/www.radiocastor.com\/index.php\/kyarna-kutcha-edwards-et-quarralia-knox-sunissent-pour-the-fixer-un-hymne-de-soutien-en-folk-rock-country\/","og_site_name":"Radio Castor","article_publisher":"https:\/\/www.facebook.com\/theradiocastor","article_published_time":"2025-11-27T02:58:27+00:00","article_modified_time":"2025-11-27T02:58:28+00:00","og_image":[{"width":536,"height":560,"url":"https:\/\/www.radiocastor.com\/wp-content\/uploads\/2025\/11\/Screenshot-2025-11-27-at-03-52-35-3-Facebook.png","type":"image\/png"}],"author":"R\u00e9daction R C","twitter_card":"summary_large_image","twitter_creator":"@TheRadioCastor","twitter_site":"@TheRadioCastor","twitter_misc":{"\u00c9crit par":"R\u00e9daction R C","Dur\u00e9e de lecture estim\u00e9e":"2 minutes"},"schema":{"@context":"https:\/\/schema.org","@graph":[{"@type":"Article","@id":"https:\/\/www.radiocastor.com\/index.php\/kyarna-kutcha-edwards-et-quarralia-knox-sunissent-pour-the-fixer-un-hymne-de-soutien-en-folk-rock-country\/#article","isPartOf":{"@id":"https:\/\/www.radiocastor.com\/index.php\/kyarna-kutcha-edwards-et-quarralia-knox-sunissent-pour-the-fixer-un-hymne-de-soutien-en-folk-rock-country\/"},"author":{"name":"R\u00e9daction R C","@id":"https:\/\/www.radiocastor.com\/#\/schema\/person\/558b0e47dc4c11fa52b2220ba6a78779"},"headline":"KYARNA, Kutcha Edwards et Quarralia Knox s&rsquo;unissent pour \u00ab\u00a0The Fixer\u00a0\u00bb, un hymne de soutien en Folk Rock\/Country","datePublished":"2025-11-27T02:58:27+00:00","dateModified":"2025-11-27T02:58:28+00:00","mainEntityOfPage":{"@id":"https:\/\/www.radiocastor.com\/index.php\/kyarna-kutcha-edwards-et-quarralia-knox-sunissent-pour-the-fixer-un-hymne-de-soutien-en-folk-rock-country\/"},"wordCount":273,"publisher":{"@id":"https:\/\/www.radiocastor.com\/#organization"},"image":{"@id":"https:\/\/www.radiocastor.com\/index.php\/kyarna-kutcha-edwards-et-quarralia-knox-sunissent-pour-the-fixer-un-hymne-de-soutien-en-folk-rock-country\/#primaryimage"},"thumbnailUrl":"https:\/\/www.radiocastor.com\/wp-content\/uploads\/2025\/11\/Screenshot-2025-11-27-at-03-52-35-3-Facebook.png","articleSection":["Country","Folk","Rock","Single","Sortie"],"inLanguage":"fr-FR"},{"@type":"WebPage","@id":"https:\/\/www.radiocastor.com\/index.php\/kyarna-kutcha-edwards-et-quarralia-knox-sunissent-pour-the-fixer-un-hymne-de-soutien-en-folk-rock-country\/","url":"https:\/\/www.radiocastor.com\/index.php\/kyarna-kutcha-edwards-et-quarralia-knox-sunissent-pour-the-fixer-un-hymne-de-soutien-en-folk-rock-country\/","name":"KYARNA, Kutcha Edwards et Quarralia Knox s'unissent pour \"The Fixer\", un hymne de soutien en Folk Rock\/Country - Radio Castor","isPartOf":{"@id":"https:\/\/www.radiocastor.com\/#website"},"primaryImageOfPage":{"@id":"https:\/\/www.radiocastor.com\/index.php\/kyarna-kutcha-edwards-et-quarralia-knox-sunissent-pour-the-fixer-un-hymne-de-soutien-en-folk-rock-country\/#primaryimage"},"image":{"@id":"https:\/\/www.radiocastor.com\/index.php\/kyarna-kutcha-edwards-et-quarralia-knox-sunissent-pour-the-fixer-un-hymne-de-soutien-en-folk-rock-country\/#primaryimage"},"thumbnailUrl":"https:\/\/www.radiocastor.com\/wp-content\/uploads\/2025\/11\/Screenshot-2025-11-27-at-03-52-35-3-Facebook.png","datePublished":"2025-11-27T02:58:27+00:00","dateModified":"2025-11-27T02:58:28+00:00","breadcrumb":{"@id":"https:\/\/www.radiocastor.com\/index.php\/kyarna-kutcha-edwards-et-quarralia-knox-sunissent-pour-the-fixer-un-hymne-de-soutien-en-folk-rock-country\/#breadcrumb"},"inLanguage":"fr-FR","potentialAction":[{"@type":"ReadAction","target":["https:\/\/www.radiocastor.com\/index.php\/kyarna-kutcha-edwards-et-quarralia-knox-sunissent-pour-the-fixer-un-hymne-de-soutien-en-folk-rock-country\/"]}]},{"@type":"ImageObject","inLanguage":"fr-FR","@id":"https:\/\/www.radiocastor.com\/index.php\/kyarna-kutcha-edwards-et-quarralia-knox-sunissent-pour-the-fixer-un-hymne-de-soutien-en-folk-rock-country\/#primaryimage","url":"https:\/\/www.radiocastor.com\/wp-content\/uploads\/2025\/11\/Screenshot-2025-11-27-at-03-52-35-3-Facebook.png","contentUrl":"https:\/\/www.radiocastor.com\/wp-content\/uploads\/2025\/11\/Screenshot-2025-11-27-at-03-52-35-3-Facebook.png","width":536,"height":560,"caption":"KYARNA"},{"@type":"BreadcrumbList","@id":"https:\/\/www.radiocastor.com\/index.php\/kyarna-kutcha-edwards-et-quarralia-knox-sunissent-pour-the-fixer-un-hymne-de-soutien-en-folk-rock-country\/#breadcrumb","itemListElement":[{"@type":"ListItem","position":1,"name":"Accueil","item":"https:\/\/www.radiocastor.com\/"},{"@type":"ListItem","position":2,"name":"KYARNA, Kutcha Edwards et Quarralia Knox s&rsquo;unissent pour \u00ab\u00a0The Fixer\u00a0\u00bb, un hymne de soutien en Folk Rock\/Country"}]},{"@type":"WebSite","@id":"https:\/\/www.radiocastor.com\/#website","url":"https:\/\/www.radiocastor.com\/","name":"Radio Castor","description":"La voix !","publisher":{"@id":"https:\/\/www.radiocastor.com\/#organization"},"potentialAction":[{"@type":"SearchAction","target":{"@type":"EntryPoint","urlTemplate":"https:\/\/www.radiocastor.com\/?s={search_term_string}"},"query-input":{"@type":"PropertyValueSpecification","valueRequired":true,"valueName":"search_term_string"}}],"inLanguage":"fr-FR"},{"@type":"Organization","@id":"https:\/\/www.radiocastor.com\/#organization","name":"Radio Castor","url":"https:\/\/www.radiocastor.com\/","logo":{"@type":"ImageObject","inLanguage":"fr-FR","@id":"https:\/\/www.radiocastor.com\/#\/schema\/logo\/image\/","url":"https:\/\/www.radiocastor.com\/wp-content\/uploads\/2021\/11\/cropped-Radio-castor-logo-2.png","contentUrl":"https:\/\/www.radiocastor.com\/wp-content\/uploads\/2021\/11\/cropped-Radio-castor-logo-2.png","width":437,"height":219,"caption":"Radio Castor"},"image":{"@id":"https:\/\/www.radiocastor.com\/#\/schema\/logo\/image\/"},"sameAs":["https:\/\/www.facebook.com\/theradiocastor","https:\/\/x.com\/TheRadioCastor","https:\/\/www.instagram.com\/theradiocastor","https:\/\/www.youtube.com\/c\/RadioCastor"]},{"@type":"Person","@id":"https:\/\/www.radiocastor.com\/#\/schema\/person\/558b0e47dc4c11fa52b2220ba6a78779","name":"R\u00e9daction R C","image":{"@type":"ImageObject","inLanguage":"fr-FR","@id":"https:\/\/secure.gravatar.com\/avatar\/1d3e4f4c4a0d129f7ed4838ea20c33760c2484b9bc381993df6c0e3f5bf89c23?s=96&d=mm&r=g","url":"https:\/\/secure.gravatar.com\/avatar\/1d3e4f4c4a0d129f7ed4838ea20c33760c2484b9bc381993df6c0e3f5bf89c23?s=96&d=mm&r=g","contentUrl":"https:\/\/secure.gravatar.com\/avatar\/1d3e4f4c4a0d129f7ed4838ea20c33760c2484b9bc381993df6c0e3f5bf89c23?s=96&d=mm&r=g","caption":"R\u00e9daction R C"},"sameAs":["http:\/\/www.radiocastor.com"],"url":"https:\/\/www.radiocastor.com\/index.php\/author\/radio-castor\/"}]}},"uagb_featured_image_src":{"full":["https:\/\/www.radiocastor.com\/wp-content\/uploads\/2025\/11\/Screenshot-2025-11-27-at-03-52-35-3-Facebook.png",536,560,false],"thumbnail":["https:\/\/www.radiocastor.com\/wp-content\/uploads\/2025\/11\/Screenshot-2025-11-27-at-03-52-35-3-Facebook-150x150.png",150,150,true],"medium":["https:\/\/www.radiocastor.com\/wp-content\/uploads\/2025\/11\/Screenshot-2025-11-27-at-03-52-35-3-Facebook-287x300.png",287,300,true],"medium_large":["https:\/\/www.radiocastor.com\/wp-content\/uploads\/2025\/11\/Screenshot-2025-11-27-at-03-52-35-3-Facebook.png",536,560,false],"large":["https:\/\/www.radiocastor.com\/wp-content\/uploads\/2025\/11\/Screenshot-2025-11-27-at-03-52-35-3-Facebook.png",536,560,false],"1536x1536":["https:\/\/www.radiocastor.com\/wp-content\/uploads\/2025\/11\/Screenshot-2025-11-27-at-03-52-35-3-Facebook.png",536,560,false],"2048x2048":["https:\/\/www.radiocastor.com\/wp-content\/uploads\/2025\/11\/Screenshot-2025-11-27-at-03-52-35-3-Facebook.png",536,560,false],"newsever-slider-full":["https:\/\/www.radiocastor.com\/wp-content\/uploads\/2025\/11\/Screenshot-2025-11-27-at-03-52-35-3-Facebook.png",536,560,false],"newsever-featured":["https:\/\/www.radiocastor.com\/wp-content\/uploads\/2025\/11\/Screenshot-2025-11-27-at-03-52-35-3-Facebook.png",536,560,false],"newsever-medium":["https:\/\/www.radiocastor.com\/wp-content\/uploads\/2025\/11\/Screenshot-2025-11-27-at-03-52-35-3-Facebook-536x475.png",536,475,true]},"uagb_author_info":{"display_name":"R\u00e9daction R C","author_link":"https:\/\/www.radiocastor.com\/index.php\/author\/radio-castor\/"},"uagb_comment_info":0,"uagb_excerpt":"L&rsquo;artiste Yuin KYARNA, originaire de la c\u00f4te sud de la Nouvelle-Galles du Sud, en Australie,...","_links":{"self":[{"href":"https:\/\/www.radiocastor.com\/index.php\/wp-json\/wp\/v2\/posts\/13401","targetHints":{"allow":["GET"]}}],"collection":[{"href":"https:\/\/www.radiocastor.com\/index.php\/wp-json\/wp\/v2\/posts"}],"about":[{"href":"https:\/\/www.radiocastor.com\/index.php\/wp-json\/wp\/v2\/types\/post"}],"author":[{"embeddable":true,"href":"https:\/\/www.radiocastor.com\/index.php\/wp-json\/wp\/v2\/users\/1"}],"replies":[{"embeddable":true,"href":"https:\/\/www.radiocastor.com\/index.php\/wp-json\/wp\/v2\/comments?post=13401"}],"version-history":[{"count":1,"href":"https:\/\/www.radiocastor.com\/index.php\/wp-json\/wp\/v2\/posts\/13401\/revisions"}],"predecessor-version":[{"id":13403,"href":"https:\/\/www.radiocastor.com\/index.php\/wp-json\/wp\/v2\/posts\/13401\/revisions\/13403"}],"wp:featuredmedia":[{"embeddable":true,"href":"https:\/\/www.radiocastor.com\/index.php\/wp-json\/wp\/v2\/media\/13402"}],"wp:attachment":[{"href":"https:\/\/www.radiocastor.com\/index.php\/wp-json\/wp\/v2\/media?parent=13401"}],"wp:term":[{"taxonomy":"category","embeddable":true,"href":"https:\/\/www.radiocastor.com\/index.php\/wp-json\/wp\/v2\/categories?post=13401"},{"taxonomy":"post_tag","embeddable":true,"href":"https:\/\/www.radiocastor.com\/index.php\/wp-json\/wp\/v2\/tags?post=13401"}],"curies":[{"name":"wp","href":"https:\/\/api.w.org\/{rel}","templated":true}]}}