{"id":13032,"date":"2025-10-14T15:00:18","date_gmt":"2025-10-14T13:00:18","guid":{"rendered":"https:\/\/www.radiocastor.com\/?p=13032"},"modified":"2025-12-09T18:51:28","modified_gmt":"2025-12-09T17:51:28","slug":"chronique-de-la-chanson-francaise-episode-37-une-rentree-reussie","status":"publish","type":"post","link":"https:\/\/www.radiocastor.com\/index.php\/chronique-de-la-chanson-francaise-episode-37-une-rentree-reussie\/","title":{"rendered":"Chronique de la chanson fran\u00e7aise, \u00e9pisode 37, une rentr\u00e9e r\u00e9ussie !"},"content":{"rendered":"\n<p>Cette rentr\u00e9e musicale c\u00e9l\u00e8bre la richesse et la vitalit\u00e9 de la sc\u00e8ne francophone.<br>Des voix nouvelles croisent des artistes confirm\u00e9s, unis par une m\u00eame envie : raconter, \u00e9mouvoir et surprendre.<br>Pop, chanson, \u00e9lectro, folk ou rock, tous explorent \u00e0 leur mani\u00e8re les \u00e9motions qui nous traversent \u2014 l\u2019amour, la r\u00e9silience, le doute, la f\u00eate, le r\u00eave.<br>De l\u2019intime au collectif, de la douceur \u00e0 l\u2019\u00e9nergie pure, cette s\u00e9lection met en lumi\u00e8re une g\u00e9n\u00e9ration d\u2019auteurs, compositrices et interpr\u00e8tes qui redonnent sens \u00e0 la cr\u00e9ation en fran\u00e7ais.<br>Une mosa\u00efque de styles, de sensibilit\u00e9s et d\u2019histoires : la preuve \u00e9clatante que la chanson francophone n\u2019a jamais \u00e9t\u00e9 aussi inspir\u00e9e.<\/p>\n\n\n\n<p><em>A \u00e9couter sur <a href=\"https:\/\/www.radiocastor.com\/index.php\/playlist\/\" target=\"_blank\" rel=\"noreferrer noopener\">nos playlists<\/a> !<\/em><\/p>\n\n\n\n<h2 class=\"wp-block-heading has-luminous-vivid-orange-color has-text-color has-link-color wp-elements-036aad737e8d40ac7ffa66fb02f66530\">LOU LIPSKER : \u201cTaxi\u201d<\/h2>\n\n\n\n<p>Entre <strong>Paris et Manhattan<\/strong>, <strong>Lou Lipsker<\/strong> incarne une nouvelle g\u00e9n\u00e9ration d\u2019artistes capables de faire dialoguer la <strong>chanson fran\u00e7aise classique<\/strong> et la <strong>pop moderne<\/strong>.<br>Form\u00e9e au <strong>Conservatoire<\/strong>, la chanteuse et autrice-compositrice s\u2019inspire aussi bien de <strong>Barbara<\/strong>, <strong>Aznavour<\/strong> ou <strong>Gainsbourg<\/strong> que d\u2019<strong>Amy Winehouse<\/strong>, pour cr\u00e9er une musique \u00e0 la fois \u00e9l\u00e9gante, m\u00e9lancolique et sensuelle.<br>Avec <strong>\u201cTaxi\u201d<\/strong>, son nouveau single sorti le 27 ao\u00fbt, Lou Lipsker d\u00e9voile une ballade atmosph\u00e9rique et cin\u00e9matographique, o\u00f9 chaque note semble flotter dans la nuit new-yorkaise.<br>Entre romantisme feutr\u00e9 et intensit\u00e9 dramatique, la chanson explore ces instants suspendus o\u00f9 l\u2019on quitte quelqu\u2019un \u2014 ou peut-\u00eatre une version de soi-m\u00eame \u2014 sous les n\u00e9ons d\u2019une ville qui ne dort jamais.<br>Enregistr\u00e9 \u00e0 <strong>Paris<\/strong> avec <strong>F\u00e9lix Gray<\/strong>, \u201cTaxi\u201d marque une premi\u00e8re \u00e9tape prometteuse dans le parcours d\u2019une artiste \u00e0 la voix magn\u00e9tique, qui r\u00e9invente la chanson d\u2019amour avec gr\u00e2ce et modernit\u00e9.<br>Une escale po\u00e9tique entre <strong>nostalgie, \u00e9l\u00e9gance et sinc\u00e9rit\u00e9<\/strong>.<\/p>\n\n\n\n<p style=\"text-align: center;\"><iframe loading=\"lazy\" width=\"560\" height=\"315\" src=\"https:\/\/www.youtube.com\/embed\/2HxDWDCOrXc?si=elw8B5aoNmOaD4FR\" title=\"YouTube video player\" frameborder=\"0\" allow=\"accelerometer; autoplay; clipboard-write; encrypted-media; gyroscope; picture-in-picture; web-share\" referrerpolicy=\"strict-origin-when-cross-origin\" allowfullscreen><\/iframe><\/p>\n\n\n\n<p class=\"has-text-align-center\"><a href=\"https:\/\/www.instagram.com\/loulipsker\" target=\"_blank\" rel=\"noreferrer noopener\">Instagram<\/a><\/p>\n\n\n\n<h2 class=\"wp-block-heading has-luminous-vivid-orange-color has-text-color has-link-color wp-elements-9f685d9a67094cfbb8391ecf05caf7d1\">Olenn : \u201cde s\u2019aimer\u201d<\/h2>\n\n\n\n<p>Auteur-compositeur-interpr\u00e8te originaire de <strong>Lyon<\/strong> et install\u00e9 \u00e0 <strong>Toulouse<\/strong>, <strong>OLENN<\/strong> fa\u00e7onne depuis plusieurs ann\u00e9es un univers singulier, \u00e0 la crois\u00e9e de la <strong>pop cin\u00e9matographique<\/strong>, du <strong>pop-rock<\/strong> et de la <strong>vari\u00e9t\u00e9 moderne<\/strong>.<br>Son timbre grave et chaleureux, ses textes habit\u00e9s et ses m\u00e9lodies immersives r\u00e9v\u00e8lent une sensibilit\u00e9 rare, entre \u00e9motion brute et qu\u00eate de lumi\u00e8re.<br>Avec <strong>\u201cDe s\u2019aimer\u201d<\/strong>, extrait de son futur EP <em>Black Out<\/em> attendu en 2025, OLENN signe une v\u00e9ritable <strong>d\u00e9claration d\u2019amour universelle<\/strong>.<br>\u00c9crite apr\u00e8s une rencontre inattendue, cette chanson c\u00e9l\u00e8bre la possibilit\u00e9 d\u2019aimer \u00e0 nouveau, au-del\u00e0 des blessures et des fronti\u00e8res.<br>Sur une production \u00e9l\u00e9gante, entre orchestrations feutr\u00e9es et envol\u00e9es pop, l\u2019artiste d\u00e9livre un message de libert\u00e9, de tol\u00e9rance et d\u2019esp\u00e9rance.<br>\u201cDe s\u2019aimer\u201d r\u00e9sonne comme un hymne \u00e0 l\u2019amour sous toutes ses formes, y compris <strong>LGBTQIA+<\/strong>, et touche droit au c\u0153ur par sa sinc\u00e9rit\u00e9 d\u00e9sarmante.<br>Entre po\u00e9sie et intensit\u00e9, OLENN s\u2019affirme comme un <strong>conteur de l\u2019intime<\/strong>, capable de transformer l\u2019\u00e9motion en un art vibrant et universel.<\/p>\n\n\n\n<p style=\"text-align: center;\"><iframe loading=\"lazy\" width=\"560\" height=\"315\" src=\"https:\/\/www.youtube.com\/embed\/PbzKH-T88bs?si=17o99yjppshfk8Hq\" title=\"YouTube video player\" frameborder=\"0\" allow=\"accelerometer; autoplay; clipboard-write; encrypted-media; gyroscope; picture-in-picture; web-share\" referrerpolicy=\"strict-origin-when-cross-origin\" allowfullscreen><\/iframe><\/p>\n\n\n\n<p class=\"has-text-align-center\"><a href=\"https:\/\/www.facebook.com\/profile.php?id=61577985701708\" target=\"_blank\" rel=\"noreferrer noopener\">Facebook<\/a> &#8211; <a href=\"https:\/\/www.instagram.com\/olennmusic\" target=\"_blank\" rel=\"noreferrer noopener\">Instagram<\/a><\/p>\n\n\n\n<h2 class=\"wp-block-heading has-luminous-vivid-orange-color has-text-color has-link-color wp-elements-de24b149829cca5ec6897cdca3441f51\">Flo Malley : \u201c21 grammes\u201d<\/h2>\n\n\n\n<p>R\u00e9v\u00e9l\u00e9 au grand public en 2012 dans <strong>The Voice<\/strong>, <strong>Flo Malley<\/strong> a depuis trac\u00e9 un parcours discret mais solide, port\u00e9 par une sinc\u00e9rit\u00e9 artistique rare.<br>Apr\u00e8s le titre \u201cFlipp\u00e9\u201d, il revient avec <strong>\u201c21 grammes\u201d<\/strong>, un morceau lumineux et introspectif qui donne son nom \u00e0 son tout nouvel EP.<br>Dans cette chanson pop aux accents po\u00e9tiques, l\u2019artiste explore la part d\u2019humanit\u00e9 qui nous relie tous, entre fragilit\u00e9, amour et espoir.<br>Sa voix, \u00e0 la fois douce et habit\u00e9e, se pose sur une production moderne, m\u00ealant \u00e9motion brute et m\u00e9lodie entra\u00eenante.<br>\u00c0 travers des paroles empreintes de bienveillance et d\u2019authenticit\u00e9 \u2014 \u201c21 grammes, c\u2019est tout c\u2019que tu p\u00e8ses\u201d \u2014 Flo Malley c\u00e9l\u00e8bre la beaut\u00e9 de l\u2019\u00eatre, loin des artifices.<br>Son \u00e9criture sinc\u00e8re et sa sensibilit\u00e9 musicale traduisent une v\u00e9ritable <strong>qu\u00eate d\u2019\u00e9quilibre et de sens<\/strong>, dans un monde souvent trop rapide.<br>Avec cet EP, il confirme qu\u2019il est bien plus qu\u2019une belle voix : un <strong>auteur-interpr\u00e8te humaniste<\/strong>, capable de toucher le c\u0153ur de chacun.<\/p>\n\n\n\n<p style=\"text-align: center;\"><iframe loading=\"lazy\" width=\"560\" height=\"315\" src=\"https:\/\/www.youtube.com\/embed\/qnZ8SK3OZU4?si=8JAEO8NBQYPPFyjh\" title=\"YouTube video player\" frameborder=\"0\" allow=\"accelerometer; autoplay; clipboard-write; encrypted-media; gyroscope; picture-in-picture; web-share\" referrerpolicy=\"strict-origin-when-cross-origin\" allowfullscreen><\/iframe><\/p>\n\n\n\n<p class=\"has-text-align-center\"><a href=\"https:\/\/www.facebook.com\/Flomalleyofficiel\" target=\"_blank\" rel=\"noreferrer noopener\">Facebook<\/a> &#8211; <a href=\"https:\/\/www.instagram.com\/flomalley\" target=\"_blank\" rel=\"noreferrer noopener\">Instagram<\/a><\/p>\n\n\n\n<h2 class=\"wp-block-heading has-luminous-vivid-orange-color has-text-color has-link-color wp-elements-6c1344993d37eb7e59173cc4abacd131\"><strong>Andrea Ponti<\/strong> : \u201cToi aussi\u201d<\/h2>\n\n\n\n<p>Avec <strong>\u201cToi aussi\u201d<\/strong>, <strong>Andrea Ponti<\/strong> signe une chanson d\u2019une intensit\u00e9 rare, un appel vibrant \u00e0 toutes les \u00e2mes sensibles.<br>Extrait de son premier EP <em>Deviens<\/em> (paru le 12 septembre 2025), ce titre d\u00e9licat m\u00eale <strong>chanson fran\u00e7aise moderne<\/strong> et <strong>pop introspective<\/strong>, port\u00e9 par une voix \u00e0 la fois fragile et lumineuse.<br>\u00c9crite aux c\u00f4t\u00e9s de <strong>Jonathan Cagne<\/strong> (<em>Star Academy<\/em>) et <strong>Igit<\/strong> (co-auteur de <em>Voil\u00e0<\/em> pour <strong>Barbara Pravi<\/strong>), la chanson explore ce sentiment d\u2019\u00eatre <em>\u201c\u00e0 fleur de peau tout le temps\u201d<\/em>, de ressentir la vie avec une acuit\u00e9 bouleversante.<br>Dans un monde trop grand, Andrea s\u2019adresse \u00e0 ceux qui, comme elle, pleurent sans raison, rient trop fort, aiment trop vite \u2014 \u00e0 tous ceux dont le c\u0153ur bat un peu trop fort.<br>Sa voix sinc\u00e8re \u00e9pouse chaque mot, chaque respiration, jusqu\u2019\u00e0 ce refrain universel : <em>\u201cDis, est-ce que toi aussi tu te sens \u00e0 fleur de peau ?\u201d<\/em><br>\u201cToi aussi\u201d est une ode \u00e0 la sensibilit\u00e9, une main tendue \u00e0 tous les r\u00eaveurs qui transforment leurs \u00e9motions en lumi\u00e8re.<br>Une chanson douce et n\u00e9cessaire, qui r\u00e9concilie avec le fait de <strong>ressentir pleinement<\/strong>.<\/p>\n\n\n\n<p style=\"text-align: center;\"><iframe loading=\"lazy\" width=\"560\" height=\"315\" src=\"https:\/\/www.youtube.com\/embed\/FRasDRNaDd8?si=cCQHgfC-ppTVnlak\" title=\"YouTube video player\" frameborder=\"0\" allow=\"accelerometer; autoplay; clipboard-write; encrypted-media; gyroscope; picture-in-picture; web-share\" referrerpolicy=\"strict-origin-when-cross-origin\" allowfullscreen><\/iframe><\/p>\n\n\n\n<p class=\"has-text-align-center\"><a href=\"https:\/\/www.facebook.com\/andreaponti.off\" target=\"_blank\" rel=\"noreferrer noopener\">Facebook<\/a> &#8211; <a href=\"https:\/\/www.instagram.com\/andreaponti_off\" target=\"_blank\" rel=\"noreferrer noopener\">Instagram<\/a><\/p>\n\n\n\n<h2 class=\"wp-block-heading has-luminous-vivid-orange-color has-text-color has-link-color wp-elements-2aa58a0cf4e7fbaf23e5021d0772eafa\">Marie Espinosa : \u201cLa Pleureuse\u201d<\/h2>\n\n\n\n<p>Avec <strong>\u201cLa Pleureuse\u201d<\/strong>, <strong>Marie Espinosa<\/strong> signe un retour bouleversant, \u00e0 la fois d\u00e9licat et incandescent.<br>Connue pour sa voix douce et charg\u00e9e d\u2019\u00e9motion, l\u2019artiste fran\u00e7aise explore ici les nuances du chagrin et de la passion avec une intensit\u00e9 rare.<br>Entre <strong>pop \u00e9l\u00e9gante<\/strong> et <strong>folk des ann\u00e9es 70<\/strong>, elle poursuit une \u0153uvre profond\u00e9ment sensible, o\u00f9 chaque mot semble vibrer \u00e0 fleur de peau.<br>Entour\u00e9e d\u2019un casting d\u2019exception \u2014 <strong>Benjamin Biolay<\/strong> pour la r\u00e9alisation et les arrangements de plusieurs titres, <strong>Tristan Salvati<\/strong> (Ang\u00e8le, Louane, Hoshi) pour les autres productions \u2014 Marie tisse une atmosph\u00e8re feutr\u00e9e, \u00e0 la fois m\u00e9lancolique et lumineuse.<br>\u201cLa Pleureuse\u201d agit comme une confession mise en musique, un autoportrait intime entre force et fragilit\u00e9.<br>Le morceau, port\u00e9 par un <strong>clip envo\u00fbtant<\/strong>, annonce un <strong>nouvel EP pr\u00e9vu pour le printemps 2026<\/strong>.<br>Entre tendresse d\u00e9sarm\u00e9e et po\u00e9sie visc\u00e9rale, Marie Espinosa s\u2019affirme plus que jamais comme une <strong>voix singuli\u00e8re de la sc\u00e8ne fran\u00e7aise<\/strong>, capable de faire pleurer, mais surtout d\u2019\u00e9mouvoir avec gr\u00e2ce.<\/p>\n\n\n\n<p style=\"text-align: center;\"><iframe loading=\"lazy\" width=\"560\" height=\"315\" src=\"https:\/\/www.youtube.com\/embed\/bwq5763yge8?si=OH1AgMbv4PFIuPXi\" title=\"YouTube video player\" frameborder=\"0\" allow=\"accelerometer; autoplay; clipboard-write; encrypted-media; gyroscope; picture-in-picture; web-share\" referrerpolicy=\"strict-origin-when-cross-origin\" allowfullscreen><\/iframe><\/p>\n\n\n\n<p class=\"has-text-align-center\"><a href=\"https:\/\/www.facebook.com\/profile.php?id=100063450349062\" target=\"_blank\" rel=\"noreferrer noopener\">Facebook<\/a> &#8211; <a href=\"https:\/\/www.instagram.com\/marie_espinosa_\" target=\"_blank\" rel=\"noreferrer noopener\">Instagram<\/a><\/p>\n\n\n\n<h2 class=\"wp-block-heading has-luminous-vivid-orange-color has-text-color has-link-color wp-elements-fd38b776c7026ca1a4bee1016c207516\">Ariane DesLions : \u201cLes Grandes personnes \u201c<\/h2>\n\n\n\n<p>Avec son univers p\u00e9tillant et singulier, <strong>Ariane DesLions<\/strong> r\u00e9invente la <strong>musique jeunesse<\/strong> en y insufflant po\u00e9sie, humour et r\u00e9flexion.<br>Multi-instrumentiste originaire du Qu\u00e9bec, elle construit depuis plusieurs ann\u00e9es un monde sonore fait d\u2019objets transform\u00e9s, comme son <strong>B\u00e2tard\u00e9on<\/strong> \u2014 mi-guitare, mi-accord\u00e9on \u2014 ou son <strong>Horlango<\/strong>, charango fabriqu\u00e9 \u00e0 partir d\u2019une horloge.<br>Son troisi\u00e8me album, <em>Pourquoi souvent presque tout le temps<\/em> (ao\u00fbt 2025), m\u00eale <strong>folk<\/strong>, <strong>reggae<\/strong>, <strong>trad<\/strong> et <strong>pop po\u00e9tique<\/strong>, abordant avec tendresse des th\u00e8mes aussi profonds que l\u2019anxi\u00e9t\u00e9, la guerre ou la surconsommation.<br>Le single <strong>\u201cLes Grandes personnes\u201d<\/strong> en est un parfait exemple : une chanson espi\u00e8gle et lumineuse qui questionne, \u00e0 la mani\u00e8re du <em>Petit Prince<\/em>, la gravit\u00e9 du monde adulte.<br>\u00c0 travers un texte dr\u00f4le et lucide, Ariane invite \u00e0 <strong>retrouver l\u2019enfant int\u00e9rieur<\/strong>, celui qui s\u2019amuse, r\u00eave et s\u2019\u00e9merveille.<br>Entre instruments insolites et rythmes entra\u00eenants, elle livre un titre \u00e0 la fois festif et philosophique, port\u00e9 par une \u00e9nergie contagieuse.<br>Une artiste rare, capable de faire <strong>r\u00e9fl\u00e9chir en souriant<\/strong> et de r\u00e9enchanter la chanson francophone.<\/p>\n\n\n\n<p style=\"text-align: center;\"><iframe loading=\"lazy\" width=\"560\" height=\"315\" src=\"https:\/\/www.youtube.com\/embed\/8Hg9RK5w_2o?si=K8Jh4zgGZRmQz31p\" title=\"YouTube video player\" frameborder=\"0\" allow=\"accelerometer; autoplay; clipboard-write; encrypted-media; gyroscope; picture-in-picture; web-share\" referrerpolicy=\"strict-origin-when-cross-origin\" allowfullscreen><\/iframe><\/p>\n\n\n\n<p class=\"has-text-align-center\"><a href=\"https:\/\/www.facebook.com\/arianedeslions\" target=\"_blank\" rel=\"noreferrer noopener\">Facebook<\/a> &#8211; <a href=\"https:\/\/www.instagram.com\/ariane_deslions\" target=\"_blank\" rel=\"noreferrer noopener\">Instagram<\/a><\/p>\n\n\n\n<h2 class=\"wp-block-heading has-luminous-vivid-orange-color has-text-color has-link-color wp-elements-3b39d02ec001b6efd19269c796c78003\">Stan Mathis : \u201cQuelques jours avec toi\u201d<\/h2>\n\n\n\n<p>Auteur, compositeur et interpr\u00e8te \u00e0 la plume raffin\u00e9e, <strong>Stan Mathis<\/strong> revient avec <strong>\u201cQuelques jours avec toi\u201d<\/strong>, premier extrait de son nouvel album <em>Synopsis<\/em>, enregistr\u00e9 dans le l\u00e9gendaire <strong>Abbey Road Studios<\/strong> \u00e0 Londres.<br>Mix\u00e9 par <strong>B\u00e9n\u00e9dicte Schmitt<\/strong> et masteris\u00e9 par <strong>Dominique Blanc-Francard<\/strong>, ce titre marque une \u00e9tape majeure dans la carri\u00e8re du musicien lyonnais, confirmant son go\u00fbt pour la <strong>pop symphonique<\/strong> ambitieuse et po\u00e9tique.<br>Accompagn\u00e9 par le <strong>Budapest Symphony Orchestra<\/strong>, Stan Mathis signe une chanson en mouvement perp\u00e9tuel, port\u00e9e par un <strong>rythme martial et ent\u00eatant<\/strong>, qui s\u2019\u00e9l\u00e8ve peu \u00e0 peu vers une envol\u00e9e orchestrale d\u2019une intensit\u00e9 rare.<br>Le morceau \u00e9voque la qu\u00eate amoureuse, le besoin de changement et la fuite en avant, avec une \u00e9criture subtile et cin\u00e9matographique.<br>Entre \u00e9l\u00e9gance m\u00e9lodique et puissance \u00e9motionnelle, \u201cQuelques jours avec toi\u201d s\u2019inscrit dans la lign\u00e9e des grands explorateurs de la chanson d\u2019auteur moderne \u2014 de <strong>Dominique A<\/strong> \u00e0 <strong>The Divine Comedy<\/strong>, en passant par <strong>Bashung<\/strong>.<br>Une ouverture majestueuse qui annonce un album \u00e0 la fois <strong>intime, ample et profond\u00e9ment humain<\/strong>.<\/p>\n\n\n\n<p style=\"text-align: center;\"><iframe loading=\"lazy\" width=\"560\" height=\"315\" src=\"https:\/\/www.youtube.com\/embed\/_ptlwl9gLn8?si=RCp47NnMo-fb7E0p\" title=\"YouTube video player\" frameborder=\"0\" allow=\"accelerometer; autoplay; clipboard-write; encrypted-media; gyroscope; picture-in-picture; web-share\" referrerpolicy=\"strict-origin-when-cross-origin\" allowfullscreen><\/iframe><\/p>\n\n\n\n<p class=\"has-text-align-center\"><a href=\"https:\/\/www.facebook.com\/7stanmathis\" target=\"_blank\" rel=\"noreferrer noopener\">Facebook<\/a> &#8211; <a href=\"https:\/\/www.instagram.com\/stan_mathis_\" target=\"_blank\" rel=\"noreferrer noopener\">Instagram<\/a> &#8211; <a href=\"https:\/\/twitter.com\/MathisOfficiel\" target=\"_blank\" rel=\"noreferrer noopener\">Twitter<\/a><\/p>\n\n\n\n<h2 class=\"wp-block-heading has-luminous-vivid-orange-color has-text-color has-link-color wp-elements-9caf151399cf2f1d4c3b0cee29f5fb1e\">Aurelle Key : \u201cPar Habitude\u201d<\/h2>\n\n\n\n<p>Entre <strong>blues, soul et rock<\/strong>, <strong>Aurelle Key<\/strong> s\u2019impose comme une artiste \u00e0 part, \u00e0 la fois sensuelle, authentique et puissante.<br>Son univers m\u00eale \u00e9l\u00e9gance vintage et \u00e9nergie contemporaine, dans un style qui \u00e9voque la magie des grandes voix des ann\u00e9es 50 \u00e0 70.<br>Avec son <strong>premier album \u201cVagabonde\u201d<\/strong>, sorti en novembre 2024 (et d\u00e9sormais disponible en vinyle depuis juin 2025), elle signe un projet personnel et inspir\u00e9, o\u00f9 chaque titre explore les th\u00e8mes du voyage, de la libert\u00e9 et de l\u2019amour.<br>Le single <strong>\u201cPar Habitude\u201d<\/strong>, accompagn\u00e9 d\u2019un clip soign\u00e9, illustre parfaitement sa capacit\u00e9 \u00e0 marier douceur et intensit\u00e9.<br>Port\u00e9e par une voix chaude et envo\u00fbtante, Aurelle Key navigue avec aisance entre fran\u00e7ais et anglais, offrant une exp\u00e9rience musicale \u00e0 la fois intime et universelle.<br>Sur sc\u00e8ne, qu\u2019elle se produise en duo ou en sextet, elle captive par sa <strong>pr\u00e9sence magn\u00e9tique<\/strong> et son interpr\u00e9tation sinc\u00e8re.<br>Avec \u201cVagabonde\u201d, Aurelle Key s\u2019impose comme l\u2019une des <strong>figures montantes de la soul fran\u00e7aise<\/strong>, pr\u00eate \u00e0 enflammer les sc\u00e8nes avec gr\u00e2ce et caract\u00e8re.<\/p>\n\n\n\n<p style=\"text-align: center;\"><iframe loading=\"lazy\" width=\"560\" height=\"315\" src=\"https:\/\/www.youtube.com\/embed\/kmA9FVJK_8k?si=b5yz6n8RnRZqdFxg\" title=\"YouTube video player\" frameborder=\"0\" allow=\"accelerometer; autoplay; clipboard-write; encrypted-media; gyroscope; picture-in-picture; web-share\" referrerpolicy=\"strict-origin-when-cross-origin\" allowfullscreen><\/iframe><\/p>\n\n\n\n<p class=\"has-text-align-center\"><a href=\"https:\/\/www.facebook.com\/aurellekey\" target=\"_blank\" rel=\"noreferrer noopener\">Facebook<\/a> &#8211; <a href=\"https:\/\/www.instagram.com\/aurelle_key\" target=\"_blank\" rel=\"noreferrer noopener\">Instagram<\/a><\/p>\n\n\n\n<h2 class=\"wp-block-heading has-luminous-vivid-orange-color has-text-color has-link-color wp-elements-69b92c49690a808f25396949b5a44318\">Piero : \u201cA million miles away\u201d<\/h2>\n\n\n\n<p>Connu comme chanteur et guitariste du groupe <strong>Motel<\/strong>, avec lequel il a fait vibrer les sc\u00e8nes fran\u00e7aises pendant des ann\u00e9es, <strong>Pierre Gerentes<\/strong> ouvre aujourd\u2019hui un nouveau chapitre de sa carri\u00e8re sous le nom de <strong>Pier\u00f8<\/strong>.<br>Son projet solo, nourri par plus de deux mille concerts et une exp\u00e9rience sc\u00e9nique impressionnante, s\u2019impose comme une exploration personnelle et sinc\u00e8re de la pop-rock contemporaine.<br>Avec <strong>\u201cA Million Miles Away\u201d<\/strong>, premier single extrait de l\u2019EP <em>J\u2019ai choisi le feu<\/em> (sorti fin juin 2025), Pier\u00f8 signe une ballade a\u00e9rienne, \u00e0 la fois m\u00e9lodique et introspective.<br>Entre fran\u00e7ais et anglais, il \u00e9voque la distance \u00e9motionnelle, ces moments suspendus o\u00f9 l\u2019amour semble s\u2019effilocher sans dispara\u00eetre vraiment.<br>Sa voix chaude et pos\u00e9e se d\u00e9ploie sur une instrumentation subtile, entre <strong>m\u00e9lancolie et lumi\u00e8re<\/strong>, dans une esth\u00e9tique proche du rock anglo-saxon des grandes heures.<br>Ce titre marque un tournant pour l\u2019artiste : un retour \u00e0 l\u2019essentiel, empreint de <strong>sinc\u00e9rit\u00e9 et d\u2019\u00e9motion vraie<\/strong>, o\u00f9 chaque mot et chaque note r\u00e9sonnent comme un \u00e9cho intime venu du c\u0153ur.<\/p>\n\n\n\n<p style=\"text-align: center;\"><iframe loading=\"lazy\" width=\"560\" height=\"315\" src=\"https:\/\/www.youtube.com\/embed\/5HRCCdz24GU?si=CF81AgX1jY2ysmDw\" title=\"YouTube video player\" frameborder=\"0\" allow=\"accelerometer; autoplay; clipboard-write; encrypted-media; gyroscope; picture-in-picture; web-share\" referrerpolicy=\"strict-origin-when-cross-origin\" allowfullscreen><\/iframe><\/p>\n\n\n\n<p class=\"has-text-align-center\"><a href=\"https:\/\/www.facebook.com\/PIEROmusicofficiel\" target=\"_blank\" rel=\"noreferrer noopener\">Facebook<\/a> &#8211; <a href=\"https:\/\/www.instagram.com\/PIEROmusicofficiel\" target=\"_blank\" rel=\"noreferrer noopener\">Instagram<\/a><\/p>\n\n\n\n<h2 class=\"wp-block-heading has-luminous-vivid-orange-color has-text-color has-link-color wp-elements-2740ac57766a8982d419a74db36ac42a\">Milla : \u201cLa meute (feat. Marie Jay)\u201d<\/h2>\n\n\n\n<p>Avec <strong>\u201cLa meute\u201d<\/strong>, <strong>Milla<\/strong> et <strong>Marie Jay<\/strong> signent une collaboration magn\u00e9tique, \u00e0 la crois\u00e9e de la <strong>pop po\u00e9tique<\/strong> et de la <strong>chanson organique<\/strong>.<br>N\u00e9e sur les hauteurs du L\u00e9man, cette rencontre entre deux artistes sensibles donne naissance \u00e0 un morceau envo\u00fbtant, o\u00f9 les voix se cherchent, s\u2019enlacent, puis se confondent dans une m\u00eame pulsation.<br>Connue pour ses tourn\u00e9es \u00e0 travers le monde \u2014 de la Suisse \u00e0 l\u2019Asie, en passant par l\u2019Afrique et l\u2019Am\u00e9rique latine \u2014 <strong>Milla<\/strong> d\u00e9voile un univers habit\u00e9, \u00e0 la fois instinctif et spirituel.<br>Son premier EP, r\u00e9alis\u00e9 \u00e0 <strong>Paris<\/strong> avec <strong>Fr\u00e9d\u00e9ric Jaillard<\/strong>, <strong>Yann Arnaud<\/strong> et <strong>Chab<\/strong>, confirme la richesse d\u2019une artiste en pleine ascension.<br>Face \u00e0 elle, <strong>Marie Jay<\/strong>, 22 ans, incarne une nouvelle g\u00e9n\u00e9ration d\u2019auteures-compositrices \u00e0 la plume fine et aux sonorit\u00e9s \u00e9lectro-pop d\u00e9licates.<br>\u201cLa meute\u201d \u00e9voque l\u2019enfance libre, les jeux sans genre, la puissance des liens sauvages et la r\u00e9volte douce contre les codes impos\u00e9s.<br>Un hymne \u00e0 l\u2019instinct et \u00e0 la sororit\u00e9 \u2014 vibrant, charnel et lumineux.<\/p>\n\n\n\n<p style=\"text-align: center;\"><iframe loading=\"lazy\" width=\"560\" height=\"315\" src=\"https:\/\/www.youtube.com\/embed\/A-sBXAZU-Mw?si=CsB7Qv9P8FeUYdTN\" title=\"YouTube video player\" frameborder=\"0\" allow=\"accelerometer; autoplay; clipboard-write; encrypted-media; gyroscope; picture-in-picture; web-share\" referrerpolicy=\"strict-origin-when-cross-origin\" allowfullscreen><\/iframe><\/p>\n\n\n\n<p class=\"has-text-align-center\"><a href=\"https:\/\/www.facebook.com\/profile.php?id=100010448431103\" target=\"_blank\" rel=\"noreferrer noopener\">Facebook<\/a> &#8211; <a href=\"https:\/\/www.instagram.com\/_mi_ll_a__\" target=\"_blank\" rel=\"noreferrer noopener\">Instagram<\/a> &#8211; <a href=\"https:\/\/www.facebook.com\/profile.php?id=100011048883022\" target=\"_blank\" rel=\"noreferrer noopener\">Facebook<\/a> &#8211; <a href=\"https:\/\/www.instagram.com\/_marie_jay_\" target=\"_blank\" rel=\"noreferrer noopener\">Instagram<\/a><\/p>\n\n\n\n<h2 class=\"wp-block-heading has-luminous-vivid-orange-color has-text-color has-link-color wp-elements-71bde53c2276c5da3c4cba58fbafedc5\">Mogo : \u201cRien de nouveau\u201d<\/h2>\n\n\n\n<p>Originaire de <strong>Dunkerque<\/strong> et aujourd\u2019hui install\u00e9e \u00e0 <strong>Paris<\/strong>, <strong>M O G O<\/strong> (Margaux Osiol) incarne une nouvelle g\u00e9n\u00e9ration d\u2019artistes pop fran\u00e7aises : libres, sensibles et audacieuses.<br>Auteure, compositrice et interpr\u00e8te, elle s\u2019est d\u2019abord illustr\u00e9e sur sc\u00e8ne dans l\u2019univers de la com\u00e9die musicale \u2014 notamment \u00e0 Disneyland Paris dans <em>La Reine des Neiges<\/em> (r\u00f4le d\u2019Anna) ou encore dans <em>Chance!<\/em> au Th\u00e9\u00e2tre du Gymnase.<br>Elle a \u00e9galement pr\u00eat\u00e9 sa voix en tant que guide vocal pour l\u2019\u00e9mission <em>Mask Singer<\/em> sur TF1.<br>Avec son premier single <strong>\u201cRien de nouveau\u201d<\/strong>, sorti le 4 juillet 2025, M O G O d\u00e9voile une <strong>pop \u00e9lectro<\/strong> \u00e9l\u00e9gante, o\u00f9 m\u00e9lancolie et \u00e9nergie se m\u00ealent dans une \u00e9criture cisel\u00e9e.<br>Le titre \u00e9voque les m\u00e9andres d\u2019une relation toxique, port\u00e9e par une voix \u00e0 la fois fragile et affirm\u00e9e, qui navigue entre douleur et r\u00e9silience.<br>Inspir\u00e9e par <strong>Myl\u00e8ne Farmer<\/strong>, <strong>Louane<\/strong> ou <strong>Zaho de Sagazan<\/strong>, l\u2019artiste revendique une sensibilit\u00e9 moderne et po\u00e9tique.<br>Une premi\u00e8re \u00e9tape prometteuse pour cette <strong>jeune artiste ind\u00e9pendante<\/strong>, bien d\u00e9cid\u00e9e \u00e0 faire danser les \u00e9motions autant que les c\u0153urs.<\/p>\n\n\n\n<p style=\"text-align: center;\"><iframe loading=\"lazy\" width=\"560\" height=\"315\" src=\"https:\/\/www.youtube.com\/embed\/B705nQ8wBXA?si=iVE5vN4efJ_-ixKP\" title=\"YouTube video player\" frameborder=\"0\" allow=\"accelerometer; autoplay; clipboard-write; encrypted-media; gyroscope; picture-in-picture; web-share\" referrerpolicy=\"strict-origin-when-cross-origin\" allowfullscreen><\/iframe><\/p>\n\n\n\n<p class=\"has-text-align-center\"><a href=\"https:\/\/www.facebook.com\/mogoatoutprix\" target=\"_blank\" rel=\"noreferrer noopener\">Facebook<\/a> &#8211; <a href=\"https:\/\/www.instagram.com\/mogoatoutprix\" target=\"_blank\" rel=\"noreferrer noopener\">Instagram<\/a> &#8211; <a href=\"https:\/\/twitter.com\/mogoatoutprix\" target=\"_blank\" rel=\"noreferrer noopener\">Twitter<\/a><\/p>\n\n\n\n<h2 class=\"wp-block-heading has-luminous-vivid-orange-color has-text-color has-link-color wp-elements-2384fe1a97391d322f673e1afd76215f\">Dorian Kateb : \u201cL\u2019orage\u201d<\/h2>\n\n\n\n<p>Chanteur, compositeur et interpr\u00e8te, <strong>Dorian Kateb<\/strong> fait partie de cette nouvelle vague d\u2019artistes qui r\u00e9inventent la <strong>pop fran\u00e7aise<\/strong> en y m\u00ealant des influences <strong>R\u2019n\u2019B<\/strong> et <strong>soul<\/strong>.<br>Apr\u00e8s plusieurs ann\u00e9es d\u2019\u00e9criture et de recherche sonore, il fa\u00e7onne un univers singulier, qu\u2019il qualifie lui-m\u00eame de <strong>pop progressive<\/strong>, o\u00f9 se croisent m\u00e9lodies enveloppantes, rythmes modernes et \u00e9motions brutes.<br>Son titre <strong>\u201cL\u2019Orage\u201d<\/strong> illustre parfaitement cette esth\u00e9tique : une chanson habit\u00e9e, \u00e0 la fois introspective et puissante, qui explore les turbulences int\u00e9rieures et la n\u00e9cessit\u00e9 de s\u2019y confronter pour mieux rena\u00eetre.<br>La voix de Dorian, chaude et expressive, se d\u00e9ploie sur une production subtile, entre tension et apaisement, traduisant avec justesse la dualit\u00e9 du morceau.<br>Artiste complet et perfectionniste, il multiplie les collaborations et les exp\u00e9riences sc\u00e9niques \u2014 notamment en tant que <strong>choriste sur la tourn\u00e9e 2023\/2024 de Shaka Ponk<\/strong>.<br>Avec \u201cL\u2019Orage\u201d, Dorian Kateb affirme sa volont\u00e9 d\u2019imposer une <strong>signature sonore personnelle<\/strong>, \u00e0 la crois\u00e9e de la pop, du R\u2019n\u2019B et de la po\u00e9sie moderne.<\/p>\n\n\n\n<p style=\"text-align: center;\"><iframe loading=\"lazy\" width=\"560\" height=\"315\" src=\"https:\/\/www.youtube.com\/embed\/diEroyy2tqE?si=3hsQAI0IVWntDMKV\" title=\"YouTube video player\" frameborder=\"0\" allow=\"accelerometer; autoplay; clipboard-write; encrypted-media; gyroscope; picture-in-picture; web-share\" referrerpolicy=\"strict-origin-when-cross-origin\" allowfullscreen><\/iframe><\/p>\n\n\n\n<p class=\"has-text-align-center\"><a href=\"https:\/\/www.instagram.com\/doriankateb\" target=\"_blank\" rel=\"noreferrer noopener\">Instagram<\/a><\/p>\n\n\n\n<h2 class=\"wp-block-heading has-luminous-vivid-orange-color has-text-color has-link-color wp-elements-6a36650196a0c718244a89f4fbea5418\">Vito : \u201cDe nos vies faire une f\u00eate\u201d<\/h2>\n\n\n\n<p>Docteur en droit public, enseignant \u00e0 Sciences Po et \u00e0 l\u2019universit\u00e9 de Nanterre, <strong>Vito Marinese<\/strong> explore la d\u00e9mocratie sous un angle inattendu : celui de la f\u00eate.<br>Convaincu que c\u00e9l\u00e9brer ensemble est un acte social et politique essentiel, il s\u2019est associ\u00e9 \u00e0 <strong>Fred Amiel<\/strong> pour fonder en 2022 la maison d\u2019\u00e9dition <em>Hic &amp; Nunc<\/em> et publier <em>Le Manifeste pour un Parti de la f\u00eate<\/em>.<br>De ce projet intellectuel est n\u00e9e une aventure artistique collective : <strong>\u201cDe nos vies faire une f\u00eate\u201d<\/strong>, une chanson enregistr\u00e9e avec douze artistes talentueux (dont <strong>Camille Feist<\/strong>, <strong>Fredox<\/strong>, <strong>Kik Liard<\/strong>, <strong>Aur\u00e9lie Miermont<\/strong>, <strong>Julien Perrugini<\/strong>, et d\u2019autres encore).<br>Au-del\u00e0 du simple titre musical, c\u2019est une d\u00e9marche engag\u00e9e : promouvoir plus de <strong>culture<\/strong>, de <strong>temps libre<\/strong> et d\u2019<strong>espaces de rencontre<\/strong>, face \u00e0 la mont\u00e9e des extr\u00eames et au recul de la bienveillance.<br>Le Parti de la f\u00eate veut rappeler que la joie partag\u00e9e, la tol\u00e9rance et la curiosit\u00e9 sont des forces politiques en soi. Et si tout se passe bien&#8230; la prochaine \u00e9tape, ce sera peut-\u00eatre les \u00e9lections !<\/p>\n\n\n\n<p style=\"text-align: center;\"><iframe loading=\"lazy\" width=\"560\" height=\"315\" src=\"https:\/\/www.youtube.com\/embed\/WbgNQbnud2I?si=9IdZIE8vRuiRniit\" title=\"YouTube video player\" frameborder=\"0\" allow=\"accelerometer; autoplay; clipboard-write; encrypted-media; gyroscope; picture-in-picture; web-share\" referrerpolicy=\"strict-origin-when-cross-origin\" allowfullscreen><\/iframe><\/p>\n\n\n\n<p class=\"has-text-align-center\"><a href=\"https:\/\/www.facebook.com\/partidelafete2022\" target=\"_blank\" rel=\"noreferrer noopener\">Facebook<\/a> &#8211; <a href=\"https:\/\/www.instagram.com\/parti_de_la_fete\" target=\"_blank\" rel=\"noreferrer noopener\">Instagram<\/a><\/p>\n\n\n\n<h2 class=\"wp-block-heading has-luminous-vivid-orange-color has-text-color has-link-color wp-elements-eab6ff76a1561704dbe878be14b67710\">Jibb Valley : \u201cCarole est partie\u201d<\/h2>\n\n\n\n<p>Sous son nouveau nom de sc\u00e8ne, <strong>Jibb Valley<\/strong> ouvre un chapitre flamboyant, entre <strong>rock\u2019n\u2019roll r\u00e9tro<\/strong>, <strong>country<\/strong> et <strong>cin\u00e9ma de grands espaces<\/strong>.<br>Apr\u00e8s un premier album sign\u00e9 <em>Jbey<\/em>, l\u2019artiste fran\u00e7ais revient avec <strong>\u201cCarole est partie\u201d<\/strong>, un single plein d\u2019\u00e9nergie, d\u2019humour et de storytelling \u00e0 l\u2019ancienne, disponible le <strong>18 septembre 2025<\/strong>.<br>Sur fond de guitares twang, de cuivres \u00e9clatants et de ch\u0153urs fa\u00e7on fifties, Jibb met en sc\u00e8ne le retour d\u2019un soldat persuad\u00e9 de retrouver sa bien-aim\u00e9e\u2026 avant de la voir filer en Cadillac avec un autre.<br>Entre ironie et tendresse, la chanson joue la carte du <strong>second degr\u00e9<\/strong>, mariant la fougue du rockabilly \u00e0 une production r\u00e9solument moderne.<br>Avec son esth\u00e9tique 50s revisit\u00e9e et son sens du r\u00e9cit visuel, <strong>\u201cCarole est partie\u201d<\/strong> \u00e9voque \u00e0 la fois <strong>Elvis<\/strong>, <strong>Eddy Mitchell<\/strong> et <strong>Tame Impala<\/strong>, dans une cavalcade rythm\u00e9e et cin\u00e9matographique.<br>Le titre est accompagn\u00e9 d\u2019une face B plus m\u00e9lancolique, <em>\u201cQuand je partirai\u201d<\/em>.<br>Un retour inspir\u00e9 pour un artiste qui m\u00eale <strong>panache, humour et \u00e9l\u00e9gance vintage<\/strong>.<\/p>\n\n\n\n<p style=\"text-align: center;\"><iframe loading=\"lazy\" width=\"560\" height=\"315\" src=\"https:\/\/www.youtube.com\/embed\/uofkqsj5nYw?si=j0QswsqjUBfeTvkm\" title=\"YouTube video player\" frameborder=\"0\" allow=\"accelerometer; autoplay; clipboard-write; encrypted-media; gyroscope; picture-in-picture; web-share\" referrerpolicy=\"strict-origin-when-cross-origin\" allowfullscreen><\/iframe><\/p>\n\n\n\n<p class=\"has-text-align-center\"><a href=\"https:\/\/www.facebook.com\/jibbvalley\" target=\"_blank\" rel=\"noreferrer noopener\">Facebook<\/a> &#8211; <a href=\"https:\/\/www.instagram.com\/jibbvalley\" target=\"_blank\" rel=\"noreferrer noopener\">Instagram<\/a><\/p>\n\n\n\n<h2 class=\"wp-block-heading has-luminous-vivid-orange-color has-text-color has-link-color wp-elements-067187894c62be28e782c446bdd126e3\">Francesco Palmeri : \u201cZen\u201d<\/h2>\n\n\n\n<p>Musicien, auteur, compositeur et producteur <strong>bruxellois<\/strong>, <strong>Francesco Palmeri<\/strong> est un v\u00e9ritable artisan de la chanson pop francophone.<br>Fort d\u2019un parcours impressionnant \u2014 des collaborations avec <strong>Belle Perez<\/strong>, <strong>Fr\u00e9d\u00e9ric Fran\u00e7ois<\/strong> ou <strong>Mousta Largo<\/strong>, jusqu\u2019\u00e0 la direction musicale de tourn\u00e9es internationales \u2014 il continue d\u2019explorer les passerelles entre les styles et les \u00e9poques.<br>Avec <strong>\u201cZen\u201d<\/strong>, Francesco signe un titre empreint de <strong>nostalgie post-disco<\/strong>, o\u00f9 les rythmes lumineux des ann\u00e9es 80 rencontrent une \u00e9criture introspective et po\u00e9tique.<br>La chanson \u00e9voque les blessures d\u2019un amour d\u00e9\u00e7u, les promesses bris\u00e9es, mais aussi la capacit\u00e9 de <strong>rester debout, de rester zen<\/strong>, malgr\u00e9 la temp\u00eate.<br>Entre tensions et apaisement, sa voix se fait \u00e0 la fois pri\u00e8re et lib\u00e9ration, port\u00e9e par des claviers a\u00e9riens et une production \u00e9l\u00e9gante.<br>\u201cZen\u201d illustre \u00e0 merveille la signature de Francesco Palmeri : une <strong>pop intemporelle<\/strong>, sinc\u00e8re et gorg\u00e9e de lumi\u00e8re, o\u00f9 la passion m\u00e9diterran\u00e9enne se m\u00eale \u00e0 l\u2019\u00e9l\u00e9gance belge.<br>Un retour inspir\u00e9 pour un artiste complet, fid\u00e8le \u00e0 sa qu\u00eate d\u2019\u00e9quilibre entre \u00e9motion et groove.<\/p>\n\n\n\n<p style=\"text-align: center;\"><iframe loading=\"lazy\" width=\"560\" height=\"315\" src=\"https:\/\/www.youtube.com\/embed\/XE0bZNiVn9Y?si=D0Qqmjf2XlvnstMG\" title=\"YouTube video player\" frameborder=\"0\" allow=\"accelerometer; autoplay; clipboard-write; encrypted-media; gyroscope; picture-in-picture; web-share\" referrerpolicy=\"strict-origin-when-cross-origin\" allowfullscreen><\/iframe><\/p>\n\n\n\n<p class=\"has-text-align-center\"><a href=\"https:\/\/www.facebook.com\/francescopalmerioff\" target=\"_blank\" rel=\"noreferrer noopener\">Facebook<\/a> &#8211; <a href=\"https:\/\/www.instagram.com\/francescopalmeri_off\" target=\"_blank\" rel=\"noreferrer noopener\">Instagram<\/a><\/p>\n\n\n\n<h2 class=\"wp-block-heading has-luminous-vivid-orange-color has-text-color has-link-color wp-elements-b0c53cdfed0cced7598db237e041d29f\">Alix : \u201dJe ferai du beau\u201d<\/h2>\n\n\n\n<p>Entre <strong>folk<\/strong> et <strong>pop intimiste<\/strong>, <strong>Alix<\/strong> transforme la vuln\u00e9rabilit\u00e9 en force lumineuse.<br>Originaire de la r\u00e9gion parisienne, l\u2019autrice-compositrice-interpr\u00e8te fa\u00e7onne un univers sensible o\u00f9 chaque \u00e9motion devient mati\u00e8re \u00e0 cr\u00e9ation.<br>Inspir\u00e9e par <strong>Vianney<\/strong>, <strong>Ben Mazu\u00e9<\/strong> ou <strong>Pomme<\/strong>, elle m\u00eale douceur acoustique et profondeur des mots pour offrir une musique sinc\u00e8re, r\u00e9confortante et universelle.<br>Avec <strong>\u201cJe ferai du beau\u201d<\/strong>, son tout premier single sorti le 19 septembre, Alix signe une v\u00e9ritable <strong>d\u00e9claration de r\u00e9silience<\/strong>.<br>\u00c9crit comme une promesse faite \u00e0 soi-m\u00eame, le morceau c\u00e9l\u00e8bre la capacit\u00e9 \u00e0 transformer la douleur en lumi\u00e8re, \u00e0 sublimer les cicatrices plut\u00f4t qu\u2019\u00e0 les cacher.<br>Port\u00e9e par une voix d\u00e9licate et apaisante, elle livre une chanson \u00e0 la fois intime et f\u00e9d\u00e9ratrice, un hymne aux \u00e2mes sensibles qui refusent de se taire.<br>Ce premier titre annonce un EP \u00e0 venir, <em>C\u0153ur \u00e0 apprendre<\/em> (janvier 2026), o\u00f9 Alix poursuit sa mission : <strong>apaiser, relier et faire du beau<\/strong>, m\u00eame \u00e0 partir des failles.<\/p>\n\n\n\n<p style=\"text-align: center;\"><iframe loading=\"lazy\" width=\"560\" height=\"315\" src=\"https:\/\/www.youtube.com\/embed\/07cz4jMNssc?si=nm3CT8h-4Crre5C6\" title=\"YouTube video player\" frameborder=\"0\" allow=\"accelerometer; autoplay; clipboard-write; encrypted-media; gyroscope; picture-in-picture; web-share\" referrerpolicy=\"strict-origin-when-cross-origin\" allowfullscreen><\/iframe><\/p>\n\n\n\n<p class=\"has-text-align-center\"><a href=\"https:\/\/www.facebook.com\/profile.php?id=100008405988422\" target=\"_blank\" rel=\"noreferrer noopener\">Facebook<\/a> &#8211; <a href=\"https:\/\/www.instagram.com\/alixx.wav\" target=\"_blank\" rel=\"noreferrer noopener\">Instagram<\/a><\/p>\n\n\n\n<h2 class=\"wp-block-heading has-luminous-vivid-orange-color has-text-color has-link-color wp-elements-8636346b1da828aaca3ed56117bdd585\">Christophe Andreani : \u201cLaetitia s&rsquo;en fiche \u201c<\/h2>\n\n\n\n<p>Auteur, compositeur et interpr\u00e8te, <strong>Christophe Andr\u00e9ani<\/strong> incarne avec justesse la tradition de la <strong>chanson fran\u00e7aise \u00e0 texte<\/strong>.<br>Amoureux des mots, il a perfectionn\u00e9 son art aux c\u00f4t\u00e9s de <strong>Claude Lemesle<\/strong>, parolier de Joe Dassin ou Serge Reggiani, et a re\u00e7u en 2012 le <strong>Prix Allain Leprest<\/strong> pour la qualit\u00e9 de son \u00e9criture.<br>On lui doit \u00e9galement une collaboration remarqu\u00e9e sur l\u2019album <em>Mes classiques<\/em> de <strong>Mireille Mathieu<\/strong>, pour lequel il a co\u00e9crit <em>Le premier regard d\u2019amour<\/em> sur une musique de Tcha\u00efkovski.<br>Son quatri\u00e8me album, sobrement intitul\u00e9 <strong>\u201cQuatre\u201d<\/strong> (ao\u00fbt 2025), prolonge cette exigence litt\u00e9raire et musicale.<br>Chaque chanson y devient un fragment de vie, une sc\u00e8ne observ\u00e9e avec curiosit\u00e9, humour et tendresse.<br>Le single <strong>\u201cLaetitia s\u2019en fiche\u201d<\/strong> illustre parfaitement cet esprit : une chanson de <strong>vari\u00e9t\u00e9 raffin\u00e9e<\/strong>, ancr\u00e9e dans la r\u00e9alit\u00e9 d\u2019aujourd\u2019hui, pleine de malice et de v\u00e9rit\u00e9.<br>Fid\u00e8le \u00e0 sa vision humaniste, Christophe Andr\u00e9ani pr\u00e9f\u00e8re raconter le monde plut\u00f4t que se mettre en sc\u00e8ne.<br>Un artisan des mots, pour qui chaque texte est un \u00e9crin fa\u00e7onn\u00e9 avec patience et \u00e9motion.<\/p>\n\n\n\n<p style=\"text-align: center;\"><iframe loading=\"lazy\" width=\"560\" height=\"315\" src=\"https:\/\/www.youtube.com\/embed\/uwN-Eh50dec?si=mDg2Nn8SFeYujpB3\" title=\"YouTube video player\" frameborder=\"0\" allow=\"accelerometer; autoplay; clipboard-write; encrypted-media; gyroscope; picture-in-picture; web-share\" referrerpolicy=\"strict-origin-when-cross-origin\" allowfullscreen><\/iframe><\/p>\n\n\n\n<p class=\"has-text-align-center\"><a href=\"https:\/\/www.facebook.com\/christopheandreanichanson\" target=\"_blank\" rel=\"noreferrer noopener\">Facebook<\/a><\/p>\n\n\n\n<h2 class=\"wp-block-heading has-luminous-vivid-orange-color has-text-color has-link-color wp-elements-d894c2b4e006a5dc6b48f2b520848f86\">Yann Kyle : \u201cJe pleure\u201d<\/h2>\n\n\n\n<p>\u00c0 seulement 24 ans, <strong>Yann Kyle<\/strong> s\u2019impose comme l\u2019une des voix montantes de la <strong>pop fran\u00e7aise \u00e9motionnelle<\/strong>.<br>N\u00e9 \u00e0 Paris et passionn\u00e9 de musique depuis l\u2019enfance, il a b\u00e2ti un univers raffin\u00e9 o\u00f9 se rencontrent <strong>sonorit\u00e9s orchestrales vintage<\/strong> et <strong>production moderne<\/strong>, au service d\u2019une \u00e9criture sinc\u00e8re et introspective.<br>Dipl\u00f4m\u00e9 de l\u2019ESCP et de l\u2019Institut Fran\u00e7ais de la Mode, il allie sens artistique et rigueur, construisant pas \u00e0 pas une identit\u00e9 musicale \u00e0 part.<br>Avec <strong>\u201cJe pleure\u201d<\/strong>, il livre son titre le plus personnel.<br>\u00c9crite en hommage \u00e0 son p\u00e8re disparu en 2024, la chanson explore la perte, la solitude et la r\u00e9silience, tout en \u00e9voquant les d\u00e9rives nocturnes et les exc\u00e8s qui masquent parfois le vide int\u00e9rieur.<br>Entre intensit\u00e9 et fragilit\u00e9, la voix de Yann se d\u00e9ploie sur une <strong>orchestration cin\u00e9matique<\/strong> qui sublime l\u2019\u00e9motion.<br>Ce single marque une nouvelle \u00e9tape dans son parcours : celle d\u2019un artiste complet, capable de transformer la douleur en lumi\u00e8re, et de faire r\u00e9sonner ses <strong>\u00e9motions les plus intimes<\/strong> dans une pop aussi \u00e9l\u00e9gante que bouleversante.<\/p>\n\n\n\n<p style=\"text-align: center;\"><iframe loading=\"lazy\" width=\"560\" height=\"315\" src=\"https:\/\/www.youtube.com\/embed\/SVHRlekNy_g?si=CIlqEbZtsBrj6N2G\" title=\"YouTube video player\" frameborder=\"0\" allow=\"accelerometer; autoplay; clipboard-write; encrypted-media; gyroscope; picture-in-picture; web-share\" referrerpolicy=\"strict-origin-when-cross-origin\" allowfullscreen><\/iframe><\/p>\n\n\n\n<p class=\"has-text-align-center\"><a href=\"https:\/\/www.facebook.com\/yannkylemusic\" target=\"_blank\" rel=\"noreferrer noopener\">Facebook<\/a> &#8211; <a href=\"https:\/\/www.instagram.com\/yannkyle\" target=\"_blank\" rel=\"noreferrer noopener\">Instagram<\/a><\/p>\n\n\n\n<h2 class=\"wp-block-heading has-luminous-vivid-orange-color has-text-color has-link-color wp-elements-21e7dbaff1b1d0ff2978920988509482\">Ellie Bloom: \u00ab\u00a0Croyez-moi\u201d<\/h2>\n\n\n\n<p>Artiste <strong>belge<\/strong> \u00e0 la crois\u00e9e de la <strong>pop \u00e9lectronique<\/strong> et de l\u2019introspection po\u00e9tique, <strong>Ellie Bloom<\/strong> transforme ses \u00e9motions en r\u00e9cits universels.<br>Apr\u00e8s avoir longtemps cherch\u00e9 \u00e0 concilier ses multiples facettes, elle choisit de suivre son r\u00eave d\u2019enfant : la musique.<br>Nourrie de ses exp\u00e9riences entre la <strong>Belgique et le Canada<\/strong>, elle compose des titres o\u00f9 la fragilit\u00e9 c\u00f4toie la force, o\u00f9 la m\u00e9lancolie se m\u00eale \u00e0 la lumi\u00e8re.<br>Avec <strong>\u201cCroyez-moi\u201d<\/strong>, sortie le 29 ao\u00fbt, Ellie Bloom aborde avec justesse le th\u00e8me des <strong>maladies invisibles<\/strong> et de ce corps qui \u201ccrie plus fort que les mots\u201d.<br>Sur une <strong>production \u00e9lectro-pop magn\u00e9tique<\/strong>, elle livre un morceau \u00e0 la fois intime et puissant, port\u00e9 par une voix douce et lumineuse.<br>L\u2019artiste y affirme sa volont\u00e9 de briser le silence, d\u2019exprimer la douleur et la r\u00e9silience \u00e0 travers la musique.<br>\u00c0 la crois\u00e9e d\u2019<strong>Ang\u00e8le<\/strong>, <strong>Pomme<\/strong> ou <strong>Christine and the Queens<\/strong>, Ellie Bloom impose sa signature : une <strong>pop sensible et incarn\u00e9e<\/strong>, entre vuln\u00e9rabilit\u00e9 assum\u00e9e et \u00e9nergie cathartique.<\/p>\n\n\n\n<p style=\"text-align: center;\"><iframe loading=\"lazy\" width=\"560\" height=\"315\" src=\"https:\/\/www.youtube.com\/embed\/UJxmheEL4vo?si=d934Y0XzSgTe6TgE\" title=\"YouTube video player\" frameborder=\"0\" allow=\"accelerometer; autoplay; clipboard-write; encrypted-media; gyroscope; picture-in-picture; web-share\" referrerpolicy=\"strict-origin-when-cross-origin\" allowfullscreen><\/iframe><\/p>\n\n\n\n<p class=\"has-text-align-center\"><a href=\"https:\/\/www.facebook.com\/elliebloom.music\" target=\"_blank\" rel=\"noreferrer noopener\">Facebook<\/a> &#8211; <a href=\"https:\/\/www.instagram.com\/elliebloommusic\" target=\"_blank\" rel=\"noreferrer noopener\">Instagram<\/a><\/p>\n\n\n\n<h2 class=\"wp-block-heading has-luminous-vivid-orange-color has-text-color has-link-color wp-elements-197a437fba66918aa3f9924bdaab80c4\">Arthur Mess : \u201cLes avenues\u201d<\/h2>\n\n\n\n<p>Ing\u00e9nieur de formation mais artiste dans l\u2019\u00e2me, <strong>Arthur Mess<\/strong> incarne la voix de ceux qui osent enfin suivre leur v\u00e9ritable vocation.<br>Depuis ses quinze ans, il \u00e9crit, compose et enregistre dans l\u2019ombre, avant de franchir le pas avec un premier projet intime et sinc\u00e8re : l\u2019EP <em>J\u2019ai r\u00eav\u00e9 d\u2019\u00eatre artiste<\/em>.<br>Entre <strong>pop et rock fran\u00e7ais<\/strong>, il y explore le tiraillement entre raison et passion, entre la vie qu\u2019on m\u00e8ne et celle qu\u2019on r\u00eave.<br>Avec <strong>\u201cLes avenues\u201d<\/strong>, son nouveau single disponible le 26 septembre, Arthur poursuit ce voyage int\u00e9rieur.<br>Sous ses airs de balade romantique, la chanson r\u00e9v\u00e8le un <strong>mantra de pers\u00e9v\u00e9rance<\/strong> : \u201cJe sais que tu viendras\u201d \u2014 une d\u00e9claration \u00e0 la Musique elle-m\u00eame, symbole de foi et de constance.<br>Port\u00e9 par une \u00e9nergie pop-rock \u00e0 la fran\u00e7aise, dans la lign\u00e9e de <strong>T\u00e9l\u00e9phone<\/strong> ou <strong>Jean-Louis Aubert<\/strong>, le morceau allie m\u00e9lodie ent\u00eatante et intensit\u00e9 \u00e9motionnelle.<br>\u201cLes avenues\u201d c\u00e9l\u00e8bre le courage de ne jamais renoncer \u00e0 son r\u00eave.<br>Un hymne moderne \u00e0 la conviction et \u00e0 la libert\u00e9 d\u2019\u00eatre soi.<\/p>\n\n\n\n<p style=\"text-align: center;\"><iframe loading=\"lazy\" width=\"560\" height=\"315\" src=\"https:\/\/www.youtube.com\/embed\/CZ7rE-jxGmU?si=Tg4gdR1yu_mbtzy-\" title=\"YouTube video player\" frameborder=\"0\" allow=\"accelerometer; autoplay; clipboard-write; encrypted-media; gyroscope; picture-in-picture; web-share\" referrerpolicy=\"strict-origin-when-cross-origin\" allowfullscreen><\/iframe><\/p>\n\n\n\n<p class=\"has-text-align-center\"><a href=\"https:\/\/www.facebook.com\/arthurmessmusic\" target=\"_blank\" rel=\"noreferrer noopener\">Facebook<\/a> &#8211; <a href=\"https:\/\/www.instagram.com\/arthurmessmusic\" target=\"_blank\" rel=\"noreferrer noopener\">Instagram<\/a> &#8211; <a href=\"https:\/\/twitter.com\/arthurmessmusic\" target=\"_blank\" rel=\"noreferrer noopener\">Twitter<\/a><\/p>\n\n\n\n<h2 class=\"wp-block-heading has-luminous-vivid-orange-color has-text-color has-link-color wp-elements-e1697f4b66cebb33c5583bd8e9984a5c\">Alban Lo : \u201cCette m\u00e9lodie en souvenir \u201c<\/h2>\n\n\n\n<p>Originaire de <strong>Nancy<\/strong>, <strong>Alban Lo<\/strong> d\u00e9couvre la guitare \u00e0 treize ans et ne la quitte plus.<br>Apr\u00e8s des d\u00e9buts marqu\u00e9s par le <strong>rock<\/strong> de <strong>Queen<\/strong> et <strong>Guns N\u2019 Roses<\/strong>, il s\u2019installe \u00e0 <strong>Paris<\/strong> o\u00f9 il devient guitariste professionnel, accompagnant des artistes tels qu\u2019<strong>Eddy de Pretto<\/strong>, <strong>Sweet Jane &amp; The White Rabbits<\/strong> (aujourd\u2019hui <strong>\u00c9milie Kozmic<\/strong>) ou <strong>Gaspard Dasonville<\/strong>.<br>Install\u00e9 ensuite \u00e0 <strong>Montr\u00e9al<\/strong>, il commence \u00e0 \u00e9crire et chanter ses propres titres, affirmant un style plus personnel, \u00e0 mi-chemin entre <strong>Dominique A<\/strong>, <strong>Thi\u00e9faine<\/strong> et <strong>Ga\u00ebl Faye<\/strong>.<br>Avec <strong>\u201cCette m\u00e9lodie en souvenir\u201d<\/strong>, premier single de son EP <em>Br\u00e8ves sentimentales<\/em> (sortie le 14 octobre), Alban Lo livre une chanson \u00e0 la fois m\u00e9lancolique et apais\u00e9e.<br>Il y \u00e9voque la fin d\u2019une histoire, les d\u00e9sillusions et la beaut\u00e9 qui subsiste \u00e0 travers la musique.<br>Entre <strong>pop fran\u00e7aise \u00e9l\u00e9gante<\/strong> et <strong>rock po\u00e9tique<\/strong>, sa voix grave et sinc\u00e8re se m\u00eale \u00e0 des arrangements subtils, port\u00e9s par une \u00e9motion vraie.<br>Un premier opus prometteur, d\u00e9voil\u00e9 sur sc\u00e8ne lors du <strong>concert de sortie \u00e0 la P\u00e9niche Antipode<\/strong> \u00e0 Paris.<br>Une belle entr\u00e9e en mati\u00e8re pour un artiste \u00e0 suivre de pr\u00e8s.<\/p>\n\n\n\n<p style=\"text-align: center;\"><iframe loading=\"lazy\" width=\"560\" height=\"315\" src=\"https:\/\/www.youtube.com\/embed\/RLwsp-RywPs?si=120jonFfq7D-LO6b\" title=\"YouTube video player\" frameborder=\"0\" allow=\"accelerometer; autoplay; clipboard-write; encrypted-media; gyroscope; picture-in-picture; web-share\" referrerpolicy=\"strict-origin-when-cross-origin\" allowfullscreen><\/iframe><\/p>\n\n\n\n<p class=\"has-text-align-center\"><a href=\"https:\/\/www.facebook.com\/Albanlomusic\" target=\"_blank\" rel=\"noreferrer noopener\">Facebook<\/a> &#8211; <a href=\"https:\/\/www.instagram.com\/albanlo_music\" target=\"_blank\" rel=\"noreferrer noopener\">Instagram<\/a><\/p>\n\n\n\n<h2 class=\"wp-block-heading has-luminous-vivid-orange-color has-text-color has-link-color wp-elements-50d33521dc2527918800e1d58161be7f\">Minuit Une : \u201cFant\u00f4me\u201d<\/h2>\n\n\n\n<p>N\u00e9 \u00e0 <strong>Montr\u00e9al<\/strong>, le projet <strong>Minuit Une<\/strong> s\u2019impose d\u00e8s son premier titre comme une <strong>nouvelle voix de l\u2019\u00e9lectro-pop francophone<\/strong>.<br>Port\u00e9 par les claviers envo\u00fbtants de <strong>Pierre Marchand<\/strong> \u2013 producteur et compositeur plusieurs fois r\u00e9compens\u00e9 aux <strong>Junos<\/strong> et aux <strong>Grammys<\/strong> \u2013 le single <strong>\u201cFant\u00f4me\u201d<\/strong> combine production l\u00e9ch\u00e9e, \u00e9criture po\u00e9tique et \u00e9motion vibrante.<br>D\u00e8s sa sortie, le titre a s\u00e9duit les programmateurs, entrant en rotation sur plus de <strong>20 radios qu\u00e9b\u00e9coises<\/strong> en une semaine.<br>Avec sa <strong>m\u00e9lancolie lumineuse<\/strong> et son refrain lib\u00e9rateur, \u201cFant\u00f4me\u201d \u00e9voque ces pr\u00e9sences int\u00e9rieures qui nous accompagnent, entre nostalgie et renaissance.<br>Les textures \u00e9lectroniques, a\u00e9riennes et sensibles, rappellent \u00e0 la fois <strong>Coldplay<\/strong> et <strong>Christine and the Queens<\/strong>, tout en affirmant une identit\u00e9 propre, \u00e0 la fois planante et intime.<br>Minuit Une livre ici une <strong>d\u00e9claration d\u2019intention artistique forte<\/strong> : une pop \u00e9l\u00e9gante, dansante et \u00e9motionnelle, pens\u00e9e pour le c\u0153ur autant que pour les playlists.<br>Un premier titre prometteur, qui laisse pr\u00e9sager un projet \u00e0 suivre de tr\u00e8s pr\u00e8s sur la sc\u00e8ne \u00e9lectro-pop internationale.<\/p>\n\n\n\n<p style=\"text-align: center;\"><iframe loading=\"lazy\" width=\"560\" height=\"315\" src=\"https:\/\/www.youtube.com\/embed\/74zLuLZMRO4?si=btJ3QOEG3WcAK42p\" title=\"YouTube video player\" frameborder=\"0\" allow=\"accelerometer; autoplay; clipboard-write; encrypted-media; gyroscope; picture-in-picture; web-share\" referrerpolicy=\"strict-origin-when-cross-origin\" allowfullscreen><\/iframe><\/p>\n\n\n\n<p class=\"has-text-align-center\"><\/p>\n\n\n\n<h2 class=\"wp-block-heading has-luminous-vivid-orange-color has-text-color has-link-color wp-elements-55046920523aac28271d3aca9f9bf28b\">Anton Solo et Victoria Flavian : \u201cBoogie\u201d<\/h2>\n\n\n\n<p>Avec <strong>\u201cBoogie\u201d<\/strong>, <strong>Anton Solo<\/strong> et <strong>Victoria Flavian<\/strong> signent un duo incandescent, taill\u00e9 pour la f\u00eate et la libert\u00e9.<br>Extrait du premier EP d\u2019Anton, <em>Exc\u00e8s de vie<\/em> (sortie le 26 septembre), le titre conjugue <strong>pop dansante<\/strong>, <strong>funk r\u00e9tro<\/strong> et <strong>d\u00e9sir de renaissance<\/strong>.<br>Sur fond de groove effr\u00e9n\u00e9, les deux artistes c\u00e9l\u00e8brent la f\u00eate comme exutoire, cette mani\u00e8re de danser pour oublier, de briller au c\u0153ur du chaos.<br>Pianiste passionn\u00e9 et adepte des m\u00e9lodies \u00e0 la <strong>Michel Berger<\/strong>, Anton revisite l\u2019\u00e9nergie des ann\u00e9es 70 \u2014 <strong>Earth, Wind &amp; Fire<\/strong>, <strong>Barry White<\/strong>, <strong>Kool &amp; The Gang<\/strong> \u2014 en y injectant une modernit\u00e9 \u00e0 la <strong>Mk.gee<\/strong> ou <strong>Dijon<\/strong>.<br>Face \u00e0 lui, <strong>Victoria Flavian<\/strong>, voix queer et po\u00e9tique, insuffle une intensit\u00e9 brute, entre rage douce et sensualit\u00e9 assum\u00e9e.<br>\u201cBoogie\u201d se vit comme une nuit sans fin : nerveuse, lumineuse, vibrante.<br>Un morceau <strong>pop-dance \u00e9lectrisant<\/strong>, entre exc\u00e8s, abandon et renaissance, \u00e0 d\u00e9couvrir sur sc\u00e8ne lors de la <strong>release party le 25 septembre aux Trois Baudets<\/strong>.<br>Un duo explosif qui r\u00e9veille la piste \u2014 et les \u00e9motions.<\/p>\n\n\n\n<p style=\"text-align: center;\"><iframe loading=\"lazy\" width=\"560\" height=\"315\" src=\"https:\/\/www.youtube.com\/embed\/fZJQ4HUeCWA?si=2MX7atS-7_hgK2v4\" title=\"YouTube video player\" frameborder=\"0\" allow=\"accelerometer; autoplay; clipboard-write; encrypted-media; gyroscope; picture-in-picture; web-share\" referrerpolicy=\"strict-origin-when-cross-origin\" allowfullscreen><\/iframe><\/p>\n\n\n\n<p class=\"has-text-align-center\"><a href=\"https:\/\/www.instagram.com\/antonsolo__\" target=\"_blank\" rel=\"noreferrer noopener\">Instagram<\/a><\/p>\n","protected":false},"excerpt":{"rendered":"<p>Cette rentr\u00e9e musicale c\u00e9l\u00e8bre la richesse et la vitalit\u00e9 de la sc\u00e8ne francophone.Des voix nouvelles&#8230;<\/p>\n","protected":false},"author":1,"featured_media":1476,"comment_status":"closed","ping_status":"open","sticky":false,"template":"","format":"standard","meta":{"_uag_custom_page_level_css":"","footnotes":""},"categories":[81],"tags":[],"class_list":["post-13032","post","type-post","status-publish","format-standard","has-post-thumbnail","hentry","category-chanson-francaise"],"yoast_head":"<!-- This site is optimized with the Yoast SEO plugin v27.4 - https:\/\/yoast.com\/product\/yoast-seo-wordpress\/ -->\n<title>Chronique de la chanson fran\u00e7aise, \u00e9pisode 37, une rentr\u00e9e r\u00e9ussie ! - Radio Castor<\/title>\n<meta name=\"robots\" content=\"index, follow, max-snippet:-1, max-image-preview:large, max-video-preview:-1\" \/>\n<link rel=\"canonical\" href=\"https:\/\/www.radiocastor.com\/index.php\/chronique-de-la-chanson-francaise-episode-37-une-rentree-reussie\/\" \/>\n<meta property=\"og:locale\" content=\"fr_FR\" \/>\n<meta property=\"og:type\" content=\"article\" \/>\n<meta property=\"og:title\" content=\"Chronique de la chanson fran\u00e7aise, \u00e9pisode 37, une rentr\u00e9e r\u00e9ussie ! - Radio Castor\" \/>\n<meta property=\"og:description\" content=\"Cette rentr\u00e9e musicale c\u00e9l\u00e8bre la richesse et la vitalit\u00e9 de la sc\u00e8ne francophone.Des voix nouvelles...\" \/>\n<meta property=\"og:url\" content=\"https:\/\/www.radiocastor.com\/index.php\/chronique-de-la-chanson-francaise-episode-37-une-rentree-reussie\/\" \/>\n<meta property=\"og:site_name\" content=\"Radio Castor\" \/>\n<meta property=\"article:publisher\" content=\"https:\/\/www.facebook.com\/theradiocastor\" \/>\n<meta property=\"article:published_time\" content=\"2025-10-14T13:00:18+00:00\" \/>\n<meta property=\"article:modified_time\" content=\"2025-12-09T17:51:28+00:00\" \/>\n<meta property=\"og:image\" content=\"https:\/\/www.radiocastor.com\/wp-content\/uploads\/2022\/04\/francophonie-3.jpg\" \/>\n\t<meta property=\"og:image:width\" content=\"500\" \/>\n\t<meta property=\"og:image:height\" content=\"368\" \/>\n\t<meta property=\"og:image:type\" content=\"image\/jpeg\" \/>\n<meta name=\"author\" content=\"R\u00e9daction R C\" \/>\n<meta name=\"twitter:card\" content=\"summary_large_image\" \/>\n<meta name=\"twitter:creator\" content=\"@TheRadioCastor\" \/>\n<meta name=\"twitter:site\" content=\"@TheRadioCastor\" \/>\n<meta name=\"twitter:label1\" content=\"\u00c9crit par\" \/>\n\t<meta name=\"twitter:data1\" content=\"R\u00e9daction R C\" \/>\n\t<meta name=\"twitter:label2\" content=\"Dur\u00e9e de lecture estim\u00e9e\" \/>\n\t<meta name=\"twitter:data2\" content=\"21 minutes\" \/>\n<script type=\"application\/ld+json\" class=\"yoast-schema-graph\">{\"@context\":\"https:\\\/\\\/schema.org\",\"@graph\":[{\"@type\":\"Article\",\"@id\":\"https:\\\/\\\/www.radiocastor.com\\\/index.php\\\/chronique-de-la-chanson-francaise-episode-37-une-rentree-reussie\\\/#article\",\"isPartOf\":{\"@id\":\"https:\\\/\\\/www.radiocastor.com\\\/index.php\\\/chronique-de-la-chanson-francaise-episode-37-une-rentree-reussie\\\/\"},\"author\":{\"name\":\"R\u00e9daction R C\",\"@id\":\"https:\\\/\\\/www.radiocastor.com\\\/#\\\/schema\\\/person\\\/558b0e47dc4c11fa52b2220ba6a78779\"},\"headline\":\"Chronique de la chanson fran\u00e7aise, \u00e9pisode 37, une rentr\u00e9e r\u00e9ussie !\",\"datePublished\":\"2025-10-14T13:00:18+00:00\",\"dateModified\":\"2025-12-09T17:51:28+00:00\",\"mainEntityOfPage\":{\"@id\":\"https:\\\/\\\/www.radiocastor.com\\\/index.php\\\/chronique-de-la-chanson-francaise-episode-37-une-rentree-reussie\\\/\"},\"wordCount\":4562,\"publisher\":{\"@id\":\"https:\\\/\\\/www.radiocastor.com\\\/#organization\"},\"image\":{\"@id\":\"https:\\\/\\\/www.radiocastor.com\\\/index.php\\\/chronique-de-la-chanson-francaise-episode-37-une-rentree-reussie\\\/#primaryimage\"},\"thumbnailUrl\":\"https:\\\/\\\/www.radiocastor.com\\\/wp-content\\\/uploads\\\/2022\\\/04\\\/francophonie-3.jpg\",\"articleSection\":[\"Chanson Fran\u00e7aise\"],\"inLanguage\":\"fr-FR\"},{\"@type\":\"WebPage\",\"@id\":\"https:\\\/\\\/www.radiocastor.com\\\/index.php\\\/chronique-de-la-chanson-francaise-episode-37-une-rentree-reussie\\\/\",\"url\":\"https:\\\/\\\/www.radiocastor.com\\\/index.php\\\/chronique-de-la-chanson-francaise-episode-37-une-rentree-reussie\\\/\",\"name\":\"Chronique de la chanson fran\u00e7aise, \u00e9pisode 37, une rentr\u00e9e r\u00e9ussie ! - Radio Castor\",\"isPartOf\":{\"@id\":\"https:\\\/\\\/www.radiocastor.com\\\/#website\"},\"primaryImageOfPage\":{\"@id\":\"https:\\\/\\\/www.radiocastor.com\\\/index.php\\\/chronique-de-la-chanson-francaise-episode-37-une-rentree-reussie\\\/#primaryimage\"},\"image\":{\"@id\":\"https:\\\/\\\/www.radiocastor.com\\\/index.php\\\/chronique-de-la-chanson-francaise-episode-37-une-rentree-reussie\\\/#primaryimage\"},\"thumbnailUrl\":\"https:\\\/\\\/www.radiocastor.com\\\/wp-content\\\/uploads\\\/2022\\\/04\\\/francophonie-3.jpg\",\"datePublished\":\"2025-10-14T13:00:18+00:00\",\"dateModified\":\"2025-12-09T17:51:28+00:00\",\"breadcrumb\":{\"@id\":\"https:\\\/\\\/www.radiocastor.com\\\/index.php\\\/chronique-de-la-chanson-francaise-episode-37-une-rentree-reussie\\\/#breadcrumb\"},\"inLanguage\":\"fr-FR\",\"potentialAction\":[{\"@type\":\"ReadAction\",\"target\":[\"https:\\\/\\\/www.radiocastor.com\\\/index.php\\\/chronique-de-la-chanson-francaise-episode-37-une-rentree-reussie\\\/\"]}]},{\"@type\":\"ImageObject\",\"inLanguage\":\"fr-FR\",\"@id\":\"https:\\\/\\\/www.radiocastor.com\\\/index.php\\\/chronique-de-la-chanson-francaise-episode-37-une-rentree-reussie\\\/#primaryimage\",\"url\":\"https:\\\/\\\/www.radiocastor.com\\\/wp-content\\\/uploads\\\/2022\\\/04\\\/francophonie-3.jpg\",\"contentUrl\":\"https:\\\/\\\/www.radiocastor.com\\\/wp-content\\\/uploads\\\/2022\\\/04\\\/francophonie-3.jpg\",\"width\":500,\"height\":368,\"caption\":\"francophonie\"},{\"@type\":\"BreadcrumbList\",\"@id\":\"https:\\\/\\\/www.radiocastor.com\\\/index.php\\\/chronique-de-la-chanson-francaise-episode-37-une-rentree-reussie\\\/#breadcrumb\",\"itemListElement\":[{\"@type\":\"ListItem\",\"position\":1,\"name\":\"Accueil\",\"item\":\"https:\\\/\\\/www.radiocastor.com\\\/\"},{\"@type\":\"ListItem\",\"position\":2,\"name\":\"Chronique de la chanson fran\u00e7aise, \u00e9pisode 37, une rentr\u00e9e r\u00e9ussie !\"}]},{\"@type\":\"WebSite\",\"@id\":\"https:\\\/\\\/www.radiocastor.com\\\/#website\",\"url\":\"https:\\\/\\\/www.radiocastor.com\\\/\",\"name\":\"Radio Castor\",\"description\":\"La voix !\",\"publisher\":{\"@id\":\"https:\\\/\\\/www.radiocastor.com\\\/#organization\"},\"potentialAction\":[{\"@type\":\"SearchAction\",\"target\":{\"@type\":\"EntryPoint\",\"urlTemplate\":\"https:\\\/\\\/www.radiocastor.com\\\/?s={search_term_string}\"},\"query-input\":{\"@type\":\"PropertyValueSpecification\",\"valueRequired\":true,\"valueName\":\"search_term_string\"}}],\"inLanguage\":\"fr-FR\"},{\"@type\":\"Organization\",\"@id\":\"https:\\\/\\\/www.radiocastor.com\\\/#organization\",\"name\":\"Radio Castor\",\"url\":\"https:\\\/\\\/www.radiocastor.com\\\/\",\"logo\":{\"@type\":\"ImageObject\",\"inLanguage\":\"fr-FR\",\"@id\":\"https:\\\/\\\/www.radiocastor.com\\\/#\\\/schema\\\/logo\\\/image\\\/\",\"url\":\"https:\\\/\\\/www.radiocastor.com\\\/wp-content\\\/uploads\\\/2021\\\/11\\\/cropped-Radio-castor-logo-2.png\",\"contentUrl\":\"https:\\\/\\\/www.radiocastor.com\\\/wp-content\\\/uploads\\\/2021\\\/11\\\/cropped-Radio-castor-logo-2.png\",\"width\":437,\"height\":219,\"caption\":\"Radio Castor\"},\"image\":{\"@id\":\"https:\\\/\\\/www.radiocastor.com\\\/#\\\/schema\\\/logo\\\/image\\\/\"},\"sameAs\":[\"https:\\\/\\\/www.facebook.com\\\/theradiocastor\",\"https:\\\/\\\/x.com\\\/TheRadioCastor\",\"https:\\\/\\\/www.instagram.com\\\/theradiocastor\",\"https:\\\/\\\/www.youtube.com\\\/c\\\/RadioCastor\"]},{\"@type\":\"Person\",\"@id\":\"https:\\\/\\\/www.radiocastor.com\\\/#\\\/schema\\\/person\\\/558b0e47dc4c11fa52b2220ba6a78779\",\"name\":\"R\u00e9daction R C\",\"image\":{\"@type\":\"ImageObject\",\"inLanguage\":\"fr-FR\",\"@id\":\"https:\\\/\\\/secure.gravatar.com\\\/avatar\\\/1d3e4f4c4a0d129f7ed4838ea20c33760c2484b9bc381993df6c0e3f5bf89c23?s=96&d=mm&r=g\",\"url\":\"https:\\\/\\\/secure.gravatar.com\\\/avatar\\\/1d3e4f4c4a0d129f7ed4838ea20c33760c2484b9bc381993df6c0e3f5bf89c23?s=96&d=mm&r=g\",\"contentUrl\":\"https:\\\/\\\/secure.gravatar.com\\\/avatar\\\/1d3e4f4c4a0d129f7ed4838ea20c33760c2484b9bc381993df6c0e3f5bf89c23?s=96&d=mm&r=g\",\"caption\":\"R\u00e9daction R C\"},\"sameAs\":[\"http:\\\/\\\/www.radiocastor.com\"],\"url\":\"https:\\\/\\\/www.radiocastor.com\\\/index.php\\\/author\\\/radio-castor\\\/\"}]}<\/script>\n<!-- \/ Yoast SEO plugin. -->","yoast_head_json":{"title":"Chronique de la chanson fran\u00e7aise, \u00e9pisode 37, une rentr\u00e9e r\u00e9ussie ! - Radio Castor","robots":{"index":"index","follow":"follow","max-snippet":"max-snippet:-1","max-image-preview":"max-image-preview:large","max-video-preview":"max-video-preview:-1"},"canonical":"https:\/\/www.radiocastor.com\/index.php\/chronique-de-la-chanson-francaise-episode-37-une-rentree-reussie\/","og_locale":"fr_FR","og_type":"article","og_title":"Chronique de la chanson fran\u00e7aise, \u00e9pisode 37, une rentr\u00e9e r\u00e9ussie ! - Radio Castor","og_description":"Cette rentr\u00e9e musicale c\u00e9l\u00e8bre la richesse et la vitalit\u00e9 de la sc\u00e8ne francophone.Des voix nouvelles...","og_url":"https:\/\/www.radiocastor.com\/index.php\/chronique-de-la-chanson-francaise-episode-37-une-rentree-reussie\/","og_site_name":"Radio Castor","article_publisher":"https:\/\/www.facebook.com\/theradiocastor","article_published_time":"2025-10-14T13:00:18+00:00","article_modified_time":"2025-12-09T17:51:28+00:00","og_image":[{"width":500,"height":368,"url":"https:\/\/www.radiocastor.com\/wp-content\/uploads\/2022\/04\/francophonie-3.jpg","type":"image\/jpeg"}],"author":"R\u00e9daction R C","twitter_card":"summary_large_image","twitter_creator":"@TheRadioCastor","twitter_site":"@TheRadioCastor","twitter_misc":{"\u00c9crit par":"R\u00e9daction R C","Dur\u00e9e de lecture estim\u00e9e":"21 minutes"},"schema":{"@context":"https:\/\/schema.org","@graph":[{"@type":"Article","@id":"https:\/\/www.radiocastor.com\/index.php\/chronique-de-la-chanson-francaise-episode-37-une-rentree-reussie\/#article","isPartOf":{"@id":"https:\/\/www.radiocastor.com\/index.php\/chronique-de-la-chanson-francaise-episode-37-une-rentree-reussie\/"},"author":{"name":"R\u00e9daction R C","@id":"https:\/\/www.radiocastor.com\/#\/schema\/person\/558b0e47dc4c11fa52b2220ba6a78779"},"headline":"Chronique de la chanson fran\u00e7aise, \u00e9pisode 37, une rentr\u00e9e r\u00e9ussie !","datePublished":"2025-10-14T13:00:18+00:00","dateModified":"2025-12-09T17:51:28+00:00","mainEntityOfPage":{"@id":"https:\/\/www.radiocastor.com\/index.php\/chronique-de-la-chanson-francaise-episode-37-une-rentree-reussie\/"},"wordCount":4562,"publisher":{"@id":"https:\/\/www.radiocastor.com\/#organization"},"image":{"@id":"https:\/\/www.radiocastor.com\/index.php\/chronique-de-la-chanson-francaise-episode-37-une-rentree-reussie\/#primaryimage"},"thumbnailUrl":"https:\/\/www.radiocastor.com\/wp-content\/uploads\/2022\/04\/francophonie-3.jpg","articleSection":["Chanson Fran\u00e7aise"],"inLanguage":"fr-FR"},{"@type":"WebPage","@id":"https:\/\/www.radiocastor.com\/index.php\/chronique-de-la-chanson-francaise-episode-37-une-rentree-reussie\/","url":"https:\/\/www.radiocastor.com\/index.php\/chronique-de-la-chanson-francaise-episode-37-une-rentree-reussie\/","name":"Chronique de la chanson fran\u00e7aise, \u00e9pisode 37, une rentr\u00e9e r\u00e9ussie ! - Radio Castor","isPartOf":{"@id":"https:\/\/www.radiocastor.com\/#website"},"primaryImageOfPage":{"@id":"https:\/\/www.radiocastor.com\/index.php\/chronique-de-la-chanson-francaise-episode-37-une-rentree-reussie\/#primaryimage"},"image":{"@id":"https:\/\/www.radiocastor.com\/index.php\/chronique-de-la-chanson-francaise-episode-37-une-rentree-reussie\/#primaryimage"},"thumbnailUrl":"https:\/\/www.radiocastor.com\/wp-content\/uploads\/2022\/04\/francophonie-3.jpg","datePublished":"2025-10-14T13:00:18+00:00","dateModified":"2025-12-09T17:51:28+00:00","breadcrumb":{"@id":"https:\/\/www.radiocastor.com\/index.php\/chronique-de-la-chanson-francaise-episode-37-une-rentree-reussie\/#breadcrumb"},"inLanguage":"fr-FR","potentialAction":[{"@type":"ReadAction","target":["https:\/\/www.radiocastor.com\/index.php\/chronique-de-la-chanson-francaise-episode-37-une-rentree-reussie\/"]}]},{"@type":"ImageObject","inLanguage":"fr-FR","@id":"https:\/\/www.radiocastor.com\/index.php\/chronique-de-la-chanson-francaise-episode-37-une-rentree-reussie\/#primaryimage","url":"https:\/\/www.radiocastor.com\/wp-content\/uploads\/2022\/04\/francophonie-3.jpg","contentUrl":"https:\/\/www.radiocastor.com\/wp-content\/uploads\/2022\/04\/francophonie-3.jpg","width":500,"height":368,"caption":"francophonie"},{"@type":"BreadcrumbList","@id":"https:\/\/www.radiocastor.com\/index.php\/chronique-de-la-chanson-francaise-episode-37-une-rentree-reussie\/#breadcrumb","itemListElement":[{"@type":"ListItem","position":1,"name":"Accueil","item":"https:\/\/www.radiocastor.com\/"},{"@type":"ListItem","position":2,"name":"Chronique de la chanson fran\u00e7aise, \u00e9pisode 37, une rentr\u00e9e r\u00e9ussie !"}]},{"@type":"WebSite","@id":"https:\/\/www.radiocastor.com\/#website","url":"https:\/\/www.radiocastor.com\/","name":"Radio Castor","description":"La voix !","publisher":{"@id":"https:\/\/www.radiocastor.com\/#organization"},"potentialAction":[{"@type":"SearchAction","target":{"@type":"EntryPoint","urlTemplate":"https:\/\/www.radiocastor.com\/?s={search_term_string}"},"query-input":{"@type":"PropertyValueSpecification","valueRequired":true,"valueName":"search_term_string"}}],"inLanguage":"fr-FR"},{"@type":"Organization","@id":"https:\/\/www.radiocastor.com\/#organization","name":"Radio Castor","url":"https:\/\/www.radiocastor.com\/","logo":{"@type":"ImageObject","inLanguage":"fr-FR","@id":"https:\/\/www.radiocastor.com\/#\/schema\/logo\/image\/","url":"https:\/\/www.radiocastor.com\/wp-content\/uploads\/2021\/11\/cropped-Radio-castor-logo-2.png","contentUrl":"https:\/\/www.radiocastor.com\/wp-content\/uploads\/2021\/11\/cropped-Radio-castor-logo-2.png","width":437,"height":219,"caption":"Radio Castor"},"image":{"@id":"https:\/\/www.radiocastor.com\/#\/schema\/logo\/image\/"},"sameAs":["https:\/\/www.facebook.com\/theradiocastor","https:\/\/x.com\/TheRadioCastor","https:\/\/www.instagram.com\/theradiocastor","https:\/\/www.youtube.com\/c\/RadioCastor"]},{"@type":"Person","@id":"https:\/\/www.radiocastor.com\/#\/schema\/person\/558b0e47dc4c11fa52b2220ba6a78779","name":"R\u00e9daction R C","image":{"@type":"ImageObject","inLanguage":"fr-FR","@id":"https:\/\/secure.gravatar.com\/avatar\/1d3e4f4c4a0d129f7ed4838ea20c33760c2484b9bc381993df6c0e3f5bf89c23?s=96&d=mm&r=g","url":"https:\/\/secure.gravatar.com\/avatar\/1d3e4f4c4a0d129f7ed4838ea20c33760c2484b9bc381993df6c0e3f5bf89c23?s=96&d=mm&r=g","contentUrl":"https:\/\/secure.gravatar.com\/avatar\/1d3e4f4c4a0d129f7ed4838ea20c33760c2484b9bc381993df6c0e3f5bf89c23?s=96&d=mm&r=g","caption":"R\u00e9daction R C"},"sameAs":["http:\/\/www.radiocastor.com"],"url":"https:\/\/www.radiocastor.com\/index.php\/author\/radio-castor\/"}]}},"uagb_featured_image_src":{"full":["https:\/\/www.radiocastor.com\/wp-content\/uploads\/2022\/04\/francophonie-3.jpg",500,368,false],"thumbnail":["https:\/\/www.radiocastor.com\/wp-content\/uploads\/2022\/04\/francophonie-3-150x150.jpg",150,150,true],"medium":["https:\/\/www.radiocastor.com\/wp-content\/uploads\/2022\/04\/francophonie-3-300x221.jpg",300,221,true],"medium_large":["https:\/\/www.radiocastor.com\/wp-content\/uploads\/2022\/04\/francophonie-3.jpg",500,368,false],"large":["https:\/\/www.radiocastor.com\/wp-content\/uploads\/2022\/04\/francophonie-3.jpg",500,368,false],"1536x1536":["https:\/\/www.radiocastor.com\/wp-content\/uploads\/2022\/04\/francophonie-3.jpg",500,368,false],"2048x2048":["https:\/\/www.radiocastor.com\/wp-content\/uploads\/2022\/04\/francophonie-3.jpg",500,368,false],"newsever-slider-full":["https:\/\/www.radiocastor.com\/wp-content\/uploads\/2022\/04\/francophonie-3.jpg",500,368,false],"newsever-featured":["https:\/\/www.radiocastor.com\/wp-content\/uploads\/2022\/04\/francophonie-3.jpg",500,368,false],"newsever-medium":["https:\/\/www.radiocastor.com\/wp-content\/uploads\/2022\/04\/francophonie-3.jpg",500,368,false]},"uagb_author_info":{"display_name":"R\u00e9daction R C","author_link":"https:\/\/www.radiocastor.com\/index.php\/author\/radio-castor\/"},"uagb_comment_info":0,"uagb_excerpt":"Cette rentr\u00e9e musicale c\u00e9l\u00e8bre la richesse et la vitalit\u00e9 de la sc\u00e8ne francophone.Des voix nouvelles...","_links":{"self":[{"href":"https:\/\/www.radiocastor.com\/index.php\/wp-json\/wp\/v2\/posts\/13032","targetHints":{"allow":["GET"]}}],"collection":[{"href":"https:\/\/www.radiocastor.com\/index.php\/wp-json\/wp\/v2\/posts"}],"about":[{"href":"https:\/\/www.radiocastor.com\/index.php\/wp-json\/wp\/v2\/types\/post"}],"author":[{"embeddable":true,"href":"https:\/\/www.radiocastor.com\/index.php\/wp-json\/wp\/v2\/users\/1"}],"replies":[{"embeddable":true,"href":"https:\/\/www.radiocastor.com\/index.php\/wp-json\/wp\/v2\/comments?post=13032"}],"version-history":[{"count":15,"href":"https:\/\/www.radiocastor.com\/index.php\/wp-json\/wp\/v2\/posts\/13032\/revisions"}],"predecessor-version":[{"id":13058,"href":"https:\/\/www.radiocastor.com\/index.php\/wp-json\/wp\/v2\/posts\/13032\/revisions\/13058"}],"wp:featuredmedia":[{"embeddable":true,"href":"https:\/\/www.radiocastor.com\/index.php\/wp-json\/wp\/v2\/media\/1476"}],"wp:attachment":[{"href":"https:\/\/www.radiocastor.com\/index.php\/wp-json\/wp\/v2\/media?parent=13032"}],"wp:term":[{"taxonomy":"category","embeddable":true,"href":"https:\/\/www.radiocastor.com\/index.php\/wp-json\/wp\/v2\/categories?post=13032"},{"taxonomy":"post_tag","embeddable":true,"href":"https:\/\/www.radiocastor.com\/index.php\/wp-json\/wp\/v2\/tags?post=13032"}],"curies":[{"name":"wp","href":"https:\/\/api.w.org\/{rel}","templated":true}]}}