{"id":1284,"date":"2022-04-07T14:33:24","date_gmt":"2022-04-07T12:33:24","guid":{"rendered":"https:\/\/www.radiocastor.com\/?p=1284"},"modified":"2022-04-07T16:30:27","modified_gmt":"2022-04-07T14:30:27","slug":"titre-du-jour-les-jess-cest-lair","status":"publish","type":"post","link":"https:\/\/www.radiocastor.com\/index.php\/titre-du-jour-les-jess-cest-lair\/","title":{"rendered":"Titre du jour &#8211; Les Jess \u2013 C&rsquo;est L&rsquo;air"},"content":{"rendered":"\n<p>Le duo rock-\u00e9lectro Les Jess, originaire de Nice, a sorti mi mars un nouveau single, \u00ab\u00a0C&rsquo;est l&rsquo;air\u00a0\u00bb.<\/p>\n\n\n\n<p>Voila un son bien particulier de guitare\/clavier, avec une voix tout aussi originale, donnant au groupe une originalit\u00e9 bien sympathique.<\/p>\n\n\n\n<p>Le titre n&rsquo;est pas sans nous rappeler \u00ab\u00a0\u00c7a m&rsquo;\u00e9nerve\u00a0\u00bb d&rsquo;Helmut Fritz, avec son leitmotiv r\u00e9p\u00e9titif, et son ambiance dance techno assum\u00e9e. On leur souhaite le m\u00eame succ\u00e8s !<\/p>\n\n\n\n<p>Les paroles aussi vont vous accrocher, surtout en p\u00e9riode \u00e9lectorale, \u00ab\u00a0C&rsquo;est l&rsquo;air\u00a0\u00bb dresse un portrait du monde sans concession.<\/p>\n\n\n\n<p>Un single annonc\u00e9 pour cet \u00e9t\u00e9 et un album pour la fin de l&rsquo;ann\u00e9e, on est impatient !<\/p>\n\n\n\n<p><iframe loading=\"lazy\" src=\"https:\/\/www.youtube.com\/embed\/zCG3j-c0D5E\" title=\"YouTube video player\" allow=\"accelerometer; autoplay; clipboard-write; encrypted-media; gyroscope; picture-in-picture\" allowfullscreen=\"\" width=\"560\" height=\"315\" frameborder=\"0\"><\/iframe><\/p>\n\n\n\n<p class=\"has-text-align-center\"><a rel=\"noreferrer noopener\" href=\"https:\/\/fr.lcmusic.store\/jess\" target=\"_blank\">Site Officiel<\/a> &#8211; <a rel=\"noreferrer noopener\" href=\"https:\/\/www.facebook.com\/LesJessOfficiel\/\" target=\"_blank\">Facebook<\/a> &#8211; <a rel=\"noreferrer noopener\" href=\"https:\/\/www.instagram.com\/les__jess\" target=\"_blank\">Instagram<\/a><\/p>\n","protected":false},"excerpt":{"rendered":"<p>Le duo rock-\u00e9lectro Les Jess, originaire de Nice, a sorti mi mars un nouveau single,&#8230;<\/p>\n","protected":false},"author":1,"featured_media":1285,"comment_status":"closed","ping_status":"open","sticky":false,"template":"","format":"standard","meta":{"_uag_custom_page_level_css":"","footnotes":""},"categories":[45],"tags":[],"class_list":["post-1284","post","type-post","status-publish","format-standard","has-post-thumbnail","hentry","category-titre-du-jour"],"yoast_head":"<!-- This site is optimized with the Yoast SEO plugin v27.4 - https:\/\/yoast.com\/product\/yoast-seo-wordpress\/ -->\n<title>Titre du jour - Les Jess \u2013 C&#039;est L&#039;air - Radio Castor<\/title>\n<meta name=\"robots\" content=\"index, follow, max-snippet:-1, max-image-preview:large, max-video-preview:-1\" \/>\n<link rel=\"canonical\" href=\"https:\/\/www.radiocastor.com\/index.php\/titre-du-jour-les-jess-cest-lair\/\" \/>\n<meta property=\"og:locale\" content=\"fr_FR\" \/>\n<meta property=\"og:type\" content=\"article\" \/>\n<meta property=\"og:title\" content=\"Titre du jour - Les Jess \u2013 C&#039;est L&#039;air - Radio Castor\" \/>\n<meta property=\"og:description\" content=\"Le duo rock-\u00e9lectro Les Jess, originaire de Nice, a sorti mi mars un nouveau single,...\" \/>\n<meta property=\"og:url\" content=\"https:\/\/www.radiocastor.com\/index.php\/titre-du-jour-les-jess-cest-lair\/\" \/>\n<meta property=\"og:site_name\" content=\"Radio Castor\" \/>\n<meta property=\"article:publisher\" content=\"https:\/\/www.facebook.com\/theradiocastor\" \/>\n<meta property=\"article:published_time\" content=\"2022-04-07T12:33:24+00:00\" \/>\n<meta property=\"article:modified_time\" content=\"2022-04-07T14:30:27+00:00\" \/>\n<meta property=\"og:image\" content=\"https:\/\/www.radiocastor.com\/wp-content\/uploads\/2022\/04\/Les-Jess.png\" \/>\n\t<meta property=\"og:image:width\" content=\"597\" \/>\n\t<meta property=\"og:image:height\" content=\"419\" \/>\n\t<meta property=\"og:image:type\" content=\"image\/png\" \/>\n<meta name=\"author\" content=\"R\u00e9daction R C\" \/>\n<meta name=\"twitter:card\" content=\"summary_large_image\" \/>\n<meta name=\"twitter:creator\" content=\"@TheRadioCastor\" \/>\n<meta name=\"twitter:site\" content=\"@TheRadioCastor\" \/>\n<meta name=\"twitter:label1\" content=\"\u00c9crit par\" \/>\n\t<meta name=\"twitter:data1\" content=\"R\u00e9daction R C\" \/>\n\t<meta name=\"twitter:label2\" content=\"Dur\u00e9e de lecture estim\u00e9e\" \/>\n\t<meta name=\"twitter:data2\" content=\"1 minute\" \/>\n<script type=\"application\/ld+json\" class=\"yoast-schema-graph\">{\"@context\":\"https:\\\/\\\/schema.org\",\"@graph\":[{\"@type\":\"Article\",\"@id\":\"https:\\\/\\\/www.radiocastor.com\\\/index.php\\\/titre-du-jour-les-jess-cest-lair\\\/#article\",\"isPartOf\":{\"@id\":\"https:\\\/\\\/www.radiocastor.com\\\/index.php\\\/titre-du-jour-les-jess-cest-lair\\\/\"},\"author\":{\"name\":\"R\u00e9daction R C\",\"@id\":\"https:\\\/\\\/www.radiocastor.com\\\/#\\\/schema\\\/person\\\/558b0e47dc4c11fa52b2220ba6a78779\"},\"headline\":\"Titre du jour &#8211; Les Jess \u2013 C&rsquo;est L&rsquo;air\",\"datePublished\":\"2022-04-07T12:33:24+00:00\",\"dateModified\":\"2022-04-07T14:30:27+00:00\",\"mainEntityOfPage\":{\"@id\":\"https:\\\/\\\/www.radiocastor.com\\\/index.php\\\/titre-du-jour-les-jess-cest-lair\\\/\"},\"wordCount\":133,\"publisher\":{\"@id\":\"https:\\\/\\\/www.radiocastor.com\\\/#organization\"},\"image\":{\"@id\":\"https:\\\/\\\/www.radiocastor.com\\\/index.php\\\/titre-du-jour-les-jess-cest-lair\\\/#primaryimage\"},\"thumbnailUrl\":\"https:\\\/\\\/www.radiocastor.com\\\/wp-content\\\/uploads\\\/2022\\\/04\\\/Les-Jess.png\",\"articleSection\":[\"Titre du jour\"],\"inLanguage\":\"fr-FR\"},{\"@type\":\"WebPage\",\"@id\":\"https:\\\/\\\/www.radiocastor.com\\\/index.php\\\/titre-du-jour-les-jess-cest-lair\\\/\",\"url\":\"https:\\\/\\\/www.radiocastor.com\\\/index.php\\\/titre-du-jour-les-jess-cest-lair\\\/\",\"name\":\"Titre du jour - Les Jess \u2013 C'est L'air - Radio Castor\",\"isPartOf\":{\"@id\":\"https:\\\/\\\/www.radiocastor.com\\\/#website\"},\"primaryImageOfPage\":{\"@id\":\"https:\\\/\\\/www.radiocastor.com\\\/index.php\\\/titre-du-jour-les-jess-cest-lair\\\/#primaryimage\"},\"image\":{\"@id\":\"https:\\\/\\\/www.radiocastor.com\\\/index.php\\\/titre-du-jour-les-jess-cest-lair\\\/#primaryimage\"},\"thumbnailUrl\":\"https:\\\/\\\/www.radiocastor.com\\\/wp-content\\\/uploads\\\/2022\\\/04\\\/Les-Jess.png\",\"datePublished\":\"2022-04-07T12:33:24+00:00\",\"dateModified\":\"2022-04-07T14:30:27+00:00\",\"breadcrumb\":{\"@id\":\"https:\\\/\\\/www.radiocastor.com\\\/index.php\\\/titre-du-jour-les-jess-cest-lair\\\/#breadcrumb\"},\"inLanguage\":\"fr-FR\",\"potentialAction\":[{\"@type\":\"ReadAction\",\"target\":[\"https:\\\/\\\/www.radiocastor.com\\\/index.php\\\/titre-du-jour-les-jess-cest-lair\\\/\"]}]},{\"@type\":\"ImageObject\",\"inLanguage\":\"fr-FR\",\"@id\":\"https:\\\/\\\/www.radiocastor.com\\\/index.php\\\/titre-du-jour-les-jess-cest-lair\\\/#primaryimage\",\"url\":\"https:\\\/\\\/www.radiocastor.com\\\/wp-content\\\/uploads\\\/2022\\\/04\\\/Les-Jess.png\",\"contentUrl\":\"https:\\\/\\\/www.radiocastor.com\\\/wp-content\\\/uploads\\\/2022\\\/04\\\/Les-Jess.png\",\"width\":597,\"height\":419},{\"@type\":\"BreadcrumbList\",\"@id\":\"https:\\\/\\\/www.radiocastor.com\\\/index.php\\\/titre-du-jour-les-jess-cest-lair\\\/#breadcrumb\",\"itemListElement\":[{\"@type\":\"ListItem\",\"position\":1,\"name\":\"Accueil\",\"item\":\"https:\\\/\\\/www.radiocastor.com\\\/\"},{\"@type\":\"ListItem\",\"position\":2,\"name\":\"Titre du jour &#8211; Les Jess \u2013 C&rsquo;est L&rsquo;air\"}]},{\"@type\":\"WebSite\",\"@id\":\"https:\\\/\\\/www.radiocastor.com\\\/#website\",\"url\":\"https:\\\/\\\/www.radiocastor.com\\\/\",\"name\":\"Radio Castor\",\"description\":\"La voix !\",\"publisher\":{\"@id\":\"https:\\\/\\\/www.radiocastor.com\\\/#organization\"},\"potentialAction\":[{\"@type\":\"SearchAction\",\"target\":{\"@type\":\"EntryPoint\",\"urlTemplate\":\"https:\\\/\\\/www.radiocastor.com\\\/?s={search_term_string}\"},\"query-input\":{\"@type\":\"PropertyValueSpecification\",\"valueRequired\":true,\"valueName\":\"search_term_string\"}}],\"inLanguage\":\"fr-FR\"},{\"@type\":\"Organization\",\"@id\":\"https:\\\/\\\/www.radiocastor.com\\\/#organization\",\"name\":\"Radio Castor\",\"url\":\"https:\\\/\\\/www.radiocastor.com\\\/\",\"logo\":{\"@type\":\"ImageObject\",\"inLanguage\":\"fr-FR\",\"@id\":\"https:\\\/\\\/www.radiocastor.com\\\/#\\\/schema\\\/logo\\\/image\\\/\",\"url\":\"https:\\\/\\\/www.radiocastor.com\\\/wp-content\\\/uploads\\\/2021\\\/11\\\/cropped-Radio-castor-logo-2.png\",\"contentUrl\":\"https:\\\/\\\/www.radiocastor.com\\\/wp-content\\\/uploads\\\/2021\\\/11\\\/cropped-Radio-castor-logo-2.png\",\"width\":437,\"height\":219,\"caption\":\"Radio Castor\"},\"image\":{\"@id\":\"https:\\\/\\\/www.radiocastor.com\\\/#\\\/schema\\\/logo\\\/image\\\/\"},\"sameAs\":[\"https:\\\/\\\/www.facebook.com\\\/theradiocastor\",\"https:\\\/\\\/x.com\\\/TheRadioCastor\",\"https:\\\/\\\/www.instagram.com\\\/theradiocastor\",\"https:\\\/\\\/www.youtube.com\\\/c\\\/RadioCastor\"]},{\"@type\":\"Person\",\"@id\":\"https:\\\/\\\/www.radiocastor.com\\\/#\\\/schema\\\/person\\\/558b0e47dc4c11fa52b2220ba6a78779\",\"name\":\"R\u00e9daction R C\",\"image\":{\"@type\":\"ImageObject\",\"inLanguage\":\"fr-FR\",\"@id\":\"https:\\\/\\\/secure.gravatar.com\\\/avatar\\\/1d3e4f4c4a0d129f7ed4838ea20c33760c2484b9bc381993df6c0e3f5bf89c23?s=96&d=mm&r=g\",\"url\":\"https:\\\/\\\/secure.gravatar.com\\\/avatar\\\/1d3e4f4c4a0d129f7ed4838ea20c33760c2484b9bc381993df6c0e3f5bf89c23?s=96&d=mm&r=g\",\"contentUrl\":\"https:\\\/\\\/secure.gravatar.com\\\/avatar\\\/1d3e4f4c4a0d129f7ed4838ea20c33760c2484b9bc381993df6c0e3f5bf89c23?s=96&d=mm&r=g\",\"caption\":\"R\u00e9daction R C\"},\"sameAs\":[\"http:\\\/\\\/www.radiocastor.com\"],\"url\":\"https:\\\/\\\/www.radiocastor.com\\\/index.php\\\/author\\\/radio-castor\\\/\"}]}<\/script>\n<!-- \/ Yoast SEO plugin. -->","yoast_head_json":{"title":"Titre du jour - Les Jess \u2013 C'est L'air - Radio Castor","robots":{"index":"index","follow":"follow","max-snippet":"max-snippet:-1","max-image-preview":"max-image-preview:large","max-video-preview":"max-video-preview:-1"},"canonical":"https:\/\/www.radiocastor.com\/index.php\/titre-du-jour-les-jess-cest-lair\/","og_locale":"fr_FR","og_type":"article","og_title":"Titre du jour - Les Jess \u2013 C'est L'air - Radio Castor","og_description":"Le duo rock-\u00e9lectro Les Jess, originaire de Nice, a sorti mi mars un nouveau single,...","og_url":"https:\/\/www.radiocastor.com\/index.php\/titre-du-jour-les-jess-cest-lair\/","og_site_name":"Radio Castor","article_publisher":"https:\/\/www.facebook.com\/theradiocastor","article_published_time":"2022-04-07T12:33:24+00:00","article_modified_time":"2022-04-07T14:30:27+00:00","og_image":[{"width":597,"height":419,"url":"https:\/\/www.radiocastor.com\/wp-content\/uploads\/2022\/04\/Les-Jess.png","type":"image\/png"}],"author":"R\u00e9daction R C","twitter_card":"summary_large_image","twitter_creator":"@TheRadioCastor","twitter_site":"@TheRadioCastor","twitter_misc":{"\u00c9crit par":"R\u00e9daction R C","Dur\u00e9e de lecture estim\u00e9e":"1 minute"},"schema":{"@context":"https:\/\/schema.org","@graph":[{"@type":"Article","@id":"https:\/\/www.radiocastor.com\/index.php\/titre-du-jour-les-jess-cest-lair\/#article","isPartOf":{"@id":"https:\/\/www.radiocastor.com\/index.php\/titre-du-jour-les-jess-cest-lair\/"},"author":{"name":"R\u00e9daction R C","@id":"https:\/\/www.radiocastor.com\/#\/schema\/person\/558b0e47dc4c11fa52b2220ba6a78779"},"headline":"Titre du jour &#8211; Les Jess \u2013 C&rsquo;est L&rsquo;air","datePublished":"2022-04-07T12:33:24+00:00","dateModified":"2022-04-07T14:30:27+00:00","mainEntityOfPage":{"@id":"https:\/\/www.radiocastor.com\/index.php\/titre-du-jour-les-jess-cest-lair\/"},"wordCount":133,"publisher":{"@id":"https:\/\/www.radiocastor.com\/#organization"},"image":{"@id":"https:\/\/www.radiocastor.com\/index.php\/titre-du-jour-les-jess-cest-lair\/#primaryimage"},"thumbnailUrl":"https:\/\/www.radiocastor.com\/wp-content\/uploads\/2022\/04\/Les-Jess.png","articleSection":["Titre du jour"],"inLanguage":"fr-FR"},{"@type":"WebPage","@id":"https:\/\/www.radiocastor.com\/index.php\/titre-du-jour-les-jess-cest-lair\/","url":"https:\/\/www.radiocastor.com\/index.php\/titre-du-jour-les-jess-cest-lair\/","name":"Titre du jour - Les Jess \u2013 C'est L'air - Radio Castor","isPartOf":{"@id":"https:\/\/www.radiocastor.com\/#website"},"primaryImageOfPage":{"@id":"https:\/\/www.radiocastor.com\/index.php\/titre-du-jour-les-jess-cest-lair\/#primaryimage"},"image":{"@id":"https:\/\/www.radiocastor.com\/index.php\/titre-du-jour-les-jess-cest-lair\/#primaryimage"},"thumbnailUrl":"https:\/\/www.radiocastor.com\/wp-content\/uploads\/2022\/04\/Les-Jess.png","datePublished":"2022-04-07T12:33:24+00:00","dateModified":"2022-04-07T14:30:27+00:00","breadcrumb":{"@id":"https:\/\/www.radiocastor.com\/index.php\/titre-du-jour-les-jess-cest-lair\/#breadcrumb"},"inLanguage":"fr-FR","potentialAction":[{"@type":"ReadAction","target":["https:\/\/www.radiocastor.com\/index.php\/titre-du-jour-les-jess-cest-lair\/"]}]},{"@type":"ImageObject","inLanguage":"fr-FR","@id":"https:\/\/www.radiocastor.com\/index.php\/titre-du-jour-les-jess-cest-lair\/#primaryimage","url":"https:\/\/www.radiocastor.com\/wp-content\/uploads\/2022\/04\/Les-Jess.png","contentUrl":"https:\/\/www.radiocastor.com\/wp-content\/uploads\/2022\/04\/Les-Jess.png","width":597,"height":419},{"@type":"BreadcrumbList","@id":"https:\/\/www.radiocastor.com\/index.php\/titre-du-jour-les-jess-cest-lair\/#breadcrumb","itemListElement":[{"@type":"ListItem","position":1,"name":"Accueil","item":"https:\/\/www.radiocastor.com\/"},{"@type":"ListItem","position":2,"name":"Titre du jour &#8211; Les Jess \u2013 C&rsquo;est L&rsquo;air"}]},{"@type":"WebSite","@id":"https:\/\/www.radiocastor.com\/#website","url":"https:\/\/www.radiocastor.com\/","name":"Radio Castor","description":"La voix !","publisher":{"@id":"https:\/\/www.radiocastor.com\/#organization"},"potentialAction":[{"@type":"SearchAction","target":{"@type":"EntryPoint","urlTemplate":"https:\/\/www.radiocastor.com\/?s={search_term_string}"},"query-input":{"@type":"PropertyValueSpecification","valueRequired":true,"valueName":"search_term_string"}}],"inLanguage":"fr-FR"},{"@type":"Organization","@id":"https:\/\/www.radiocastor.com\/#organization","name":"Radio Castor","url":"https:\/\/www.radiocastor.com\/","logo":{"@type":"ImageObject","inLanguage":"fr-FR","@id":"https:\/\/www.radiocastor.com\/#\/schema\/logo\/image\/","url":"https:\/\/www.radiocastor.com\/wp-content\/uploads\/2021\/11\/cropped-Radio-castor-logo-2.png","contentUrl":"https:\/\/www.radiocastor.com\/wp-content\/uploads\/2021\/11\/cropped-Radio-castor-logo-2.png","width":437,"height":219,"caption":"Radio Castor"},"image":{"@id":"https:\/\/www.radiocastor.com\/#\/schema\/logo\/image\/"},"sameAs":["https:\/\/www.facebook.com\/theradiocastor","https:\/\/x.com\/TheRadioCastor","https:\/\/www.instagram.com\/theradiocastor","https:\/\/www.youtube.com\/c\/RadioCastor"]},{"@type":"Person","@id":"https:\/\/www.radiocastor.com\/#\/schema\/person\/558b0e47dc4c11fa52b2220ba6a78779","name":"R\u00e9daction R C","image":{"@type":"ImageObject","inLanguage":"fr-FR","@id":"https:\/\/secure.gravatar.com\/avatar\/1d3e4f4c4a0d129f7ed4838ea20c33760c2484b9bc381993df6c0e3f5bf89c23?s=96&d=mm&r=g","url":"https:\/\/secure.gravatar.com\/avatar\/1d3e4f4c4a0d129f7ed4838ea20c33760c2484b9bc381993df6c0e3f5bf89c23?s=96&d=mm&r=g","contentUrl":"https:\/\/secure.gravatar.com\/avatar\/1d3e4f4c4a0d129f7ed4838ea20c33760c2484b9bc381993df6c0e3f5bf89c23?s=96&d=mm&r=g","caption":"R\u00e9daction R C"},"sameAs":["http:\/\/www.radiocastor.com"],"url":"https:\/\/www.radiocastor.com\/index.php\/author\/radio-castor\/"}]}},"uagb_featured_image_src":{"full":["https:\/\/www.radiocastor.com\/wp-content\/uploads\/2022\/04\/Les-Jess.png",597,419,false],"thumbnail":["https:\/\/www.radiocastor.com\/wp-content\/uploads\/2022\/04\/Les-Jess-150x150.png",150,150,true],"medium":["https:\/\/www.radiocastor.com\/wp-content\/uploads\/2022\/04\/Les-Jess-300x211.png",300,211,true],"medium_large":["https:\/\/www.radiocastor.com\/wp-content\/uploads\/2022\/04\/Les-Jess.png",597,419,false],"large":["https:\/\/www.radiocastor.com\/wp-content\/uploads\/2022\/04\/Les-Jess.png",597,419,false],"1536x1536":["https:\/\/www.radiocastor.com\/wp-content\/uploads\/2022\/04\/Les-Jess.png",597,419,false],"2048x2048":["https:\/\/www.radiocastor.com\/wp-content\/uploads\/2022\/04\/Les-Jess.png",597,419,false],"newsever-slider-full":["https:\/\/www.radiocastor.com\/wp-content\/uploads\/2022\/04\/Les-Jess.png",597,419,false],"newsever-featured":["https:\/\/www.radiocastor.com\/wp-content\/uploads\/2022\/04\/Les-Jess.png",597,419,false],"newsever-medium":["https:\/\/www.radiocastor.com\/wp-content\/uploads\/2022\/04\/Les-Jess.png",597,419,false]},"uagb_author_info":{"display_name":"R\u00e9daction R C","author_link":"https:\/\/www.radiocastor.com\/index.php\/author\/radio-castor\/"},"uagb_comment_info":0,"uagb_excerpt":"Le duo rock-\u00e9lectro Les Jess, originaire de Nice, a sorti mi mars un nouveau single,...","_links":{"self":[{"href":"https:\/\/www.radiocastor.com\/index.php\/wp-json\/wp\/v2\/posts\/1284","targetHints":{"allow":["GET"]}}],"collection":[{"href":"https:\/\/www.radiocastor.com\/index.php\/wp-json\/wp\/v2\/posts"}],"about":[{"href":"https:\/\/www.radiocastor.com\/index.php\/wp-json\/wp\/v2\/types\/post"}],"author":[{"embeddable":true,"href":"https:\/\/www.radiocastor.com\/index.php\/wp-json\/wp\/v2\/users\/1"}],"replies":[{"embeddable":true,"href":"https:\/\/www.radiocastor.com\/index.php\/wp-json\/wp\/v2\/comments?post=1284"}],"version-history":[{"count":0,"href":"https:\/\/www.radiocastor.com\/index.php\/wp-json\/wp\/v2\/posts\/1284\/revisions"}],"wp:featuredmedia":[{"embeddable":true,"href":"https:\/\/www.radiocastor.com\/index.php\/wp-json\/wp\/v2\/media\/1285"}],"wp:attachment":[{"href":"https:\/\/www.radiocastor.com\/index.php\/wp-json\/wp\/v2\/media?parent=1284"}],"wp:term":[{"taxonomy":"category","embeddable":true,"href":"https:\/\/www.radiocastor.com\/index.php\/wp-json\/wp\/v2\/categories?post=1284"},{"taxonomy":"post_tag","embeddable":true,"href":"https:\/\/www.radiocastor.com\/index.php\/wp-json\/wp\/v2\/tags?post=1284"}],"curies":[{"name":"wp","href":"https:\/\/api.w.org\/{rel}","templated":true}]}}