{"id":12829,"date":"2025-09-24T03:54:05","date_gmt":"2025-09-24T01:54:05","guid":{"rendered":"https:\/\/www.radiocastor.com\/?p=12829"},"modified":"2025-09-24T03:54:06","modified_gmt":"2025-09-24T01:54:06","slug":"son-mieux-illumine-laube-avec-son-nouveau-titre-morning","status":"publish","type":"post","link":"https:\/\/www.radiocastor.com\/index.php\/son-mieux-illumine-laube-avec-son-nouveau-titre-morning\/","title":{"rendered":"Son Mieux illumine l\u2019aube avec son nouveau titre \u00ab Morning \u00bb"},"content":{"rendered":"\n<p>Son Mieux, groupe n\u00e9erlandais, nous pr\u00e9sente son dernier titre, \u201cMorning\u201d, sorti le 12 septembre 2025.<\/p>\n\n\n\n<p>Le septuor originaire de La Haye s\u2019est impos\u00e9 comme l\u2019une des formations les plus enthousiasmantes de la sc\u00e8ne pop-rock europ\u00e9enne. Men\u00e9s par le charismatique Camiel Meiresonne, ils se distinguent par un m\u00e9lange irr\u00e9sistible de rythmes dansants et de textes sensibles, qui leur a d\u00e9j\u00e0 valu des millions d\u2019\u00e9coutes. Apr\u00e8s les succ\u00e8s de \u201cMulticolor\u201d et \u201cTonight\u201d, le groupe continue de s\u00e9duire un public toujours plus large, port\u00e9 par des concerts enflamm\u00e9s et une \u00e9nergie communicative. Leur r\u00e9putation s\u2019est confirm\u00e9e gr\u00e2ce \u00e0 des collaborations prestigieuses, notamment avec Nile Rodgers, et une pr\u00e9sence marqu\u00e9e sur les grandes sc\u00e8nes europ\u00e9ennes.<\/p>\n\n\n\n<p>Avec \u201cMorning\u201d, Son Mieux explore le th\u00e8me du renouveau et de la r\u00e9silience. La chanson saisit cet instant suspendu entre la nuit et le jour, o\u00f9 tout peut recommencer. \u00c9crite dans un moment de doute, elle c\u00e9l\u00e8bre la promesse discr\u00e8te mais puissante de chaque matin : un horizon d\u2019opportunit\u00e9s et la possibilit\u00e9 de se relever. Entre pop raffin\u00e9e et \u00e9motion brute, ce morceau t\u00e9moigne de la capacit\u00e9 du groupe \u00e0 transformer des r\u00e9flexions intimes en hymnes universels. \u201cMorning\u201d s\u2019impose comme un nouveau jalon dans leur parcours, confirmant leur statut de groupe phare de la sc\u00e8ne contemporaine.<\/p>\n\n\n\n<p><em>A \u00e9couter sur <a href=\"https:\/\/www.radiocastor.com\/index.php\/playlist\/\" target=\"_blank\" rel=\"noreferrer noopener\">nos playlists<\/a> !<\/em><\/p>\n\n\n\n<p style=\"text-align: center;\"><iframe loading=\"lazy\" width=\"560\" height=\"315\" src=\"https:\/\/www.youtube.com\/embed\/wHS0fR9ctNc?si=K1By_OkuonmKRB79\" title=\"YouTube video player\" frameborder=\"0\" allow=\"accelerometer; autoplay; clipboard-write; encrypted-media; gyroscope; picture-in-picture; web-share\" referrerpolicy=\"strict-origin-when-cross-origin\" allowfullscreen><\/iframe><\/p>\n\n\n\n<p class=\"has-text-align-center\"><a href=\"https:\/\/www.facebook.com\/sonmieux\" target=\"_blank\" rel=\"noreferrer noopener\">Facebook<\/a> &#8211; <a href=\"https:\/\/www.instagram.com\/son.mieux\" target=\"_blank\" rel=\"noreferrer noopener\">Instagram<\/a> &#8211; <a href=\"https:\/\/twitter.com\/sonmieux\" target=\"_blank\" rel=\"noreferrer noopener\">Twitter<\/a><\/p>\n","protected":false},"excerpt":{"rendered":"<p>Son Mieux, groupe n\u00e9erlandais, nous pr\u00e9sente son dernier titre, \u201cMorning\u201d, sorti le 12 septembre 2025&#8230;.<\/p>\n","protected":false},"author":1,"featured_media":12830,"comment_status":"closed","ping_status":"open","sticky":false,"template":"","format":"standard","meta":{"_uag_custom_page_level_css":"","footnotes":""},"categories":[4,5,32,46],"tags":[],"class_list":["post-12829","post","type-post","status-publish","format-standard","has-post-thumbnail","hentry","category-pop","category-rock","category-single","category-sortie"],"yoast_head":"<!-- This site is optimized with the Yoast SEO plugin v27.4 - https:\/\/yoast.com\/product\/yoast-seo-wordpress\/ -->\n<title>Son Mieux illumine l\u2019aube avec son nouveau titre \u00ab Morning \u00bb - Radio Castor<\/title>\n<meta name=\"robots\" content=\"index, follow, max-snippet:-1, max-image-preview:large, max-video-preview:-1\" \/>\n<link rel=\"canonical\" href=\"https:\/\/www.radiocastor.com\/index.php\/son-mieux-illumine-laube-avec-son-nouveau-titre-morning\/\" \/>\n<meta property=\"og:locale\" content=\"fr_FR\" \/>\n<meta property=\"og:type\" content=\"article\" \/>\n<meta property=\"og:title\" content=\"Son Mieux illumine l\u2019aube avec son nouveau titre \u00ab Morning \u00bb - Radio Castor\" \/>\n<meta property=\"og:description\" content=\"Son Mieux, groupe n\u00e9erlandais, nous pr\u00e9sente son dernier titre, \u201cMorning\u201d, sorti le 12 septembre 2025....\" \/>\n<meta property=\"og:url\" content=\"https:\/\/www.radiocastor.com\/index.php\/son-mieux-illumine-laube-avec-son-nouveau-titre-morning\/\" \/>\n<meta property=\"og:site_name\" content=\"Radio Castor\" \/>\n<meta property=\"article:publisher\" content=\"https:\/\/www.facebook.com\/theradiocastor\" \/>\n<meta property=\"article:published_time\" content=\"2025-09-24T01:54:05+00:00\" \/>\n<meta property=\"article:modified_time\" content=\"2025-09-24T01:54:06+00:00\" \/>\n<meta property=\"og:image\" content=\"https:\/\/www.radiocastor.com\/wp-content\/uploads\/2025\/09\/Son-Mieux.jpeg\" \/>\n\t<meta property=\"og:image:width\" content=\"640\" \/>\n\t<meta property=\"og:image:height\" content=\"640\" \/>\n\t<meta property=\"og:image:type\" content=\"image\/jpeg\" \/>\n<meta name=\"author\" content=\"R\u00e9daction R C\" \/>\n<meta name=\"twitter:card\" content=\"summary_large_image\" \/>\n<meta name=\"twitter:creator\" content=\"@TheRadioCastor\" \/>\n<meta name=\"twitter:site\" content=\"@TheRadioCastor\" \/>\n<meta name=\"twitter:label1\" content=\"\u00c9crit par\" \/>\n\t<meta name=\"twitter:data1\" content=\"R\u00e9daction R C\" \/>\n\t<meta name=\"twitter:label2\" content=\"Dur\u00e9e de lecture estim\u00e9e\" \/>\n\t<meta name=\"twitter:data2\" content=\"2 minutes\" \/>\n<script type=\"application\/ld+json\" class=\"yoast-schema-graph\">{\"@context\":\"https:\\\/\\\/schema.org\",\"@graph\":[{\"@type\":\"Article\",\"@id\":\"https:\\\/\\\/www.radiocastor.com\\\/index.php\\\/son-mieux-illumine-laube-avec-son-nouveau-titre-morning\\\/#article\",\"isPartOf\":{\"@id\":\"https:\\\/\\\/www.radiocastor.com\\\/index.php\\\/son-mieux-illumine-laube-avec-son-nouveau-titre-morning\\\/\"},\"author\":{\"name\":\"R\u00e9daction R C\",\"@id\":\"https:\\\/\\\/www.radiocastor.com\\\/#\\\/schema\\\/person\\\/558b0e47dc4c11fa52b2220ba6a78779\"},\"headline\":\"Son Mieux illumine l\u2019aube avec son nouveau titre \u00ab Morning \u00bb\",\"datePublished\":\"2025-09-24T01:54:05+00:00\",\"dateModified\":\"2025-09-24T01:54:06+00:00\",\"mainEntityOfPage\":{\"@id\":\"https:\\\/\\\/www.radiocastor.com\\\/index.php\\\/son-mieux-illumine-laube-avec-son-nouveau-titre-morning\\\/\"},\"wordCount\":257,\"publisher\":{\"@id\":\"https:\\\/\\\/www.radiocastor.com\\\/#organization\"},\"image\":{\"@id\":\"https:\\\/\\\/www.radiocastor.com\\\/index.php\\\/son-mieux-illumine-laube-avec-son-nouveau-titre-morning\\\/#primaryimage\"},\"thumbnailUrl\":\"https:\\\/\\\/www.radiocastor.com\\\/wp-content\\\/uploads\\\/2025\\\/09\\\/Son-Mieux.jpeg\",\"articleSection\":[\"Pop\",\"Rock\",\"Single\",\"Sortie\"],\"inLanguage\":\"fr-FR\"},{\"@type\":\"WebPage\",\"@id\":\"https:\\\/\\\/www.radiocastor.com\\\/index.php\\\/son-mieux-illumine-laube-avec-son-nouveau-titre-morning\\\/\",\"url\":\"https:\\\/\\\/www.radiocastor.com\\\/index.php\\\/son-mieux-illumine-laube-avec-son-nouveau-titre-morning\\\/\",\"name\":\"Son Mieux illumine l\u2019aube avec son nouveau titre \u00ab Morning \u00bb - Radio Castor\",\"isPartOf\":{\"@id\":\"https:\\\/\\\/www.radiocastor.com\\\/#website\"},\"primaryImageOfPage\":{\"@id\":\"https:\\\/\\\/www.radiocastor.com\\\/index.php\\\/son-mieux-illumine-laube-avec-son-nouveau-titre-morning\\\/#primaryimage\"},\"image\":{\"@id\":\"https:\\\/\\\/www.radiocastor.com\\\/index.php\\\/son-mieux-illumine-laube-avec-son-nouveau-titre-morning\\\/#primaryimage\"},\"thumbnailUrl\":\"https:\\\/\\\/www.radiocastor.com\\\/wp-content\\\/uploads\\\/2025\\\/09\\\/Son-Mieux.jpeg\",\"datePublished\":\"2025-09-24T01:54:05+00:00\",\"dateModified\":\"2025-09-24T01:54:06+00:00\",\"breadcrumb\":{\"@id\":\"https:\\\/\\\/www.radiocastor.com\\\/index.php\\\/son-mieux-illumine-laube-avec-son-nouveau-titre-morning\\\/#breadcrumb\"},\"inLanguage\":\"fr-FR\",\"potentialAction\":[{\"@type\":\"ReadAction\",\"target\":[\"https:\\\/\\\/www.radiocastor.com\\\/index.php\\\/son-mieux-illumine-laube-avec-son-nouveau-titre-morning\\\/\"]}]},{\"@type\":\"ImageObject\",\"inLanguage\":\"fr-FR\",\"@id\":\"https:\\\/\\\/www.radiocastor.com\\\/index.php\\\/son-mieux-illumine-laube-avec-son-nouveau-titre-morning\\\/#primaryimage\",\"url\":\"https:\\\/\\\/www.radiocastor.com\\\/wp-content\\\/uploads\\\/2025\\\/09\\\/Son-Mieux.jpeg\",\"contentUrl\":\"https:\\\/\\\/www.radiocastor.com\\\/wp-content\\\/uploads\\\/2025\\\/09\\\/Son-Mieux.jpeg\",\"width\":640,\"height\":640,\"caption\":\"Son Mieux\"},{\"@type\":\"BreadcrumbList\",\"@id\":\"https:\\\/\\\/www.radiocastor.com\\\/index.php\\\/son-mieux-illumine-laube-avec-son-nouveau-titre-morning\\\/#breadcrumb\",\"itemListElement\":[{\"@type\":\"ListItem\",\"position\":1,\"name\":\"Accueil\",\"item\":\"https:\\\/\\\/www.radiocastor.com\\\/\"},{\"@type\":\"ListItem\",\"position\":2,\"name\":\"Son Mieux illumine l\u2019aube avec son nouveau titre \u00ab Morning \u00bb\"}]},{\"@type\":\"WebSite\",\"@id\":\"https:\\\/\\\/www.radiocastor.com\\\/#website\",\"url\":\"https:\\\/\\\/www.radiocastor.com\\\/\",\"name\":\"Radio Castor\",\"description\":\"La voix !\",\"publisher\":{\"@id\":\"https:\\\/\\\/www.radiocastor.com\\\/#organization\"},\"potentialAction\":[{\"@type\":\"SearchAction\",\"target\":{\"@type\":\"EntryPoint\",\"urlTemplate\":\"https:\\\/\\\/www.radiocastor.com\\\/?s={search_term_string}\"},\"query-input\":{\"@type\":\"PropertyValueSpecification\",\"valueRequired\":true,\"valueName\":\"search_term_string\"}}],\"inLanguage\":\"fr-FR\"},{\"@type\":\"Organization\",\"@id\":\"https:\\\/\\\/www.radiocastor.com\\\/#organization\",\"name\":\"Radio Castor\",\"url\":\"https:\\\/\\\/www.radiocastor.com\\\/\",\"logo\":{\"@type\":\"ImageObject\",\"inLanguage\":\"fr-FR\",\"@id\":\"https:\\\/\\\/www.radiocastor.com\\\/#\\\/schema\\\/logo\\\/image\\\/\",\"url\":\"https:\\\/\\\/www.radiocastor.com\\\/wp-content\\\/uploads\\\/2021\\\/11\\\/cropped-Radio-castor-logo-2.png\",\"contentUrl\":\"https:\\\/\\\/www.radiocastor.com\\\/wp-content\\\/uploads\\\/2021\\\/11\\\/cropped-Radio-castor-logo-2.png\",\"width\":437,\"height\":219,\"caption\":\"Radio Castor\"},\"image\":{\"@id\":\"https:\\\/\\\/www.radiocastor.com\\\/#\\\/schema\\\/logo\\\/image\\\/\"},\"sameAs\":[\"https:\\\/\\\/www.facebook.com\\\/theradiocastor\",\"https:\\\/\\\/x.com\\\/TheRadioCastor\",\"https:\\\/\\\/www.instagram.com\\\/theradiocastor\",\"https:\\\/\\\/www.youtube.com\\\/c\\\/RadioCastor\"]},{\"@type\":\"Person\",\"@id\":\"https:\\\/\\\/www.radiocastor.com\\\/#\\\/schema\\\/person\\\/558b0e47dc4c11fa52b2220ba6a78779\",\"name\":\"R\u00e9daction R C\",\"image\":{\"@type\":\"ImageObject\",\"inLanguage\":\"fr-FR\",\"@id\":\"https:\\\/\\\/secure.gravatar.com\\\/avatar\\\/1d3e4f4c4a0d129f7ed4838ea20c33760c2484b9bc381993df6c0e3f5bf89c23?s=96&d=mm&r=g\",\"url\":\"https:\\\/\\\/secure.gravatar.com\\\/avatar\\\/1d3e4f4c4a0d129f7ed4838ea20c33760c2484b9bc381993df6c0e3f5bf89c23?s=96&d=mm&r=g\",\"contentUrl\":\"https:\\\/\\\/secure.gravatar.com\\\/avatar\\\/1d3e4f4c4a0d129f7ed4838ea20c33760c2484b9bc381993df6c0e3f5bf89c23?s=96&d=mm&r=g\",\"caption\":\"R\u00e9daction R C\"},\"sameAs\":[\"http:\\\/\\\/www.radiocastor.com\"],\"url\":\"https:\\\/\\\/www.radiocastor.com\\\/index.php\\\/author\\\/radio-castor\\\/\"}]}<\/script>\n<!-- \/ Yoast SEO plugin. -->","yoast_head_json":{"title":"Son Mieux illumine l\u2019aube avec son nouveau titre \u00ab Morning \u00bb - Radio Castor","robots":{"index":"index","follow":"follow","max-snippet":"max-snippet:-1","max-image-preview":"max-image-preview:large","max-video-preview":"max-video-preview:-1"},"canonical":"https:\/\/www.radiocastor.com\/index.php\/son-mieux-illumine-laube-avec-son-nouveau-titre-morning\/","og_locale":"fr_FR","og_type":"article","og_title":"Son Mieux illumine l\u2019aube avec son nouveau titre \u00ab Morning \u00bb - Radio Castor","og_description":"Son Mieux, groupe n\u00e9erlandais, nous pr\u00e9sente son dernier titre, \u201cMorning\u201d, sorti le 12 septembre 2025....","og_url":"https:\/\/www.radiocastor.com\/index.php\/son-mieux-illumine-laube-avec-son-nouveau-titre-morning\/","og_site_name":"Radio Castor","article_publisher":"https:\/\/www.facebook.com\/theradiocastor","article_published_time":"2025-09-24T01:54:05+00:00","article_modified_time":"2025-09-24T01:54:06+00:00","og_image":[{"width":640,"height":640,"url":"https:\/\/www.radiocastor.com\/wp-content\/uploads\/2025\/09\/Son-Mieux.jpeg","type":"image\/jpeg"}],"author":"R\u00e9daction R C","twitter_card":"summary_large_image","twitter_creator":"@TheRadioCastor","twitter_site":"@TheRadioCastor","twitter_misc":{"\u00c9crit par":"R\u00e9daction R C","Dur\u00e9e de lecture estim\u00e9e":"2 minutes"},"schema":{"@context":"https:\/\/schema.org","@graph":[{"@type":"Article","@id":"https:\/\/www.radiocastor.com\/index.php\/son-mieux-illumine-laube-avec-son-nouveau-titre-morning\/#article","isPartOf":{"@id":"https:\/\/www.radiocastor.com\/index.php\/son-mieux-illumine-laube-avec-son-nouveau-titre-morning\/"},"author":{"name":"R\u00e9daction R C","@id":"https:\/\/www.radiocastor.com\/#\/schema\/person\/558b0e47dc4c11fa52b2220ba6a78779"},"headline":"Son Mieux illumine l\u2019aube avec son nouveau titre \u00ab Morning \u00bb","datePublished":"2025-09-24T01:54:05+00:00","dateModified":"2025-09-24T01:54:06+00:00","mainEntityOfPage":{"@id":"https:\/\/www.radiocastor.com\/index.php\/son-mieux-illumine-laube-avec-son-nouveau-titre-morning\/"},"wordCount":257,"publisher":{"@id":"https:\/\/www.radiocastor.com\/#organization"},"image":{"@id":"https:\/\/www.radiocastor.com\/index.php\/son-mieux-illumine-laube-avec-son-nouveau-titre-morning\/#primaryimage"},"thumbnailUrl":"https:\/\/www.radiocastor.com\/wp-content\/uploads\/2025\/09\/Son-Mieux.jpeg","articleSection":["Pop","Rock","Single","Sortie"],"inLanguage":"fr-FR"},{"@type":"WebPage","@id":"https:\/\/www.radiocastor.com\/index.php\/son-mieux-illumine-laube-avec-son-nouveau-titre-morning\/","url":"https:\/\/www.radiocastor.com\/index.php\/son-mieux-illumine-laube-avec-son-nouveau-titre-morning\/","name":"Son Mieux illumine l\u2019aube avec son nouveau titre \u00ab Morning \u00bb - Radio Castor","isPartOf":{"@id":"https:\/\/www.radiocastor.com\/#website"},"primaryImageOfPage":{"@id":"https:\/\/www.radiocastor.com\/index.php\/son-mieux-illumine-laube-avec-son-nouveau-titre-morning\/#primaryimage"},"image":{"@id":"https:\/\/www.radiocastor.com\/index.php\/son-mieux-illumine-laube-avec-son-nouveau-titre-morning\/#primaryimage"},"thumbnailUrl":"https:\/\/www.radiocastor.com\/wp-content\/uploads\/2025\/09\/Son-Mieux.jpeg","datePublished":"2025-09-24T01:54:05+00:00","dateModified":"2025-09-24T01:54:06+00:00","breadcrumb":{"@id":"https:\/\/www.radiocastor.com\/index.php\/son-mieux-illumine-laube-avec-son-nouveau-titre-morning\/#breadcrumb"},"inLanguage":"fr-FR","potentialAction":[{"@type":"ReadAction","target":["https:\/\/www.radiocastor.com\/index.php\/son-mieux-illumine-laube-avec-son-nouveau-titre-morning\/"]}]},{"@type":"ImageObject","inLanguage":"fr-FR","@id":"https:\/\/www.radiocastor.com\/index.php\/son-mieux-illumine-laube-avec-son-nouveau-titre-morning\/#primaryimage","url":"https:\/\/www.radiocastor.com\/wp-content\/uploads\/2025\/09\/Son-Mieux.jpeg","contentUrl":"https:\/\/www.radiocastor.com\/wp-content\/uploads\/2025\/09\/Son-Mieux.jpeg","width":640,"height":640,"caption":"Son Mieux"},{"@type":"BreadcrumbList","@id":"https:\/\/www.radiocastor.com\/index.php\/son-mieux-illumine-laube-avec-son-nouveau-titre-morning\/#breadcrumb","itemListElement":[{"@type":"ListItem","position":1,"name":"Accueil","item":"https:\/\/www.radiocastor.com\/"},{"@type":"ListItem","position":2,"name":"Son Mieux illumine l\u2019aube avec son nouveau titre \u00ab Morning \u00bb"}]},{"@type":"WebSite","@id":"https:\/\/www.radiocastor.com\/#website","url":"https:\/\/www.radiocastor.com\/","name":"Radio Castor","description":"La voix !","publisher":{"@id":"https:\/\/www.radiocastor.com\/#organization"},"potentialAction":[{"@type":"SearchAction","target":{"@type":"EntryPoint","urlTemplate":"https:\/\/www.radiocastor.com\/?s={search_term_string}"},"query-input":{"@type":"PropertyValueSpecification","valueRequired":true,"valueName":"search_term_string"}}],"inLanguage":"fr-FR"},{"@type":"Organization","@id":"https:\/\/www.radiocastor.com\/#organization","name":"Radio Castor","url":"https:\/\/www.radiocastor.com\/","logo":{"@type":"ImageObject","inLanguage":"fr-FR","@id":"https:\/\/www.radiocastor.com\/#\/schema\/logo\/image\/","url":"https:\/\/www.radiocastor.com\/wp-content\/uploads\/2021\/11\/cropped-Radio-castor-logo-2.png","contentUrl":"https:\/\/www.radiocastor.com\/wp-content\/uploads\/2021\/11\/cropped-Radio-castor-logo-2.png","width":437,"height":219,"caption":"Radio Castor"},"image":{"@id":"https:\/\/www.radiocastor.com\/#\/schema\/logo\/image\/"},"sameAs":["https:\/\/www.facebook.com\/theradiocastor","https:\/\/x.com\/TheRadioCastor","https:\/\/www.instagram.com\/theradiocastor","https:\/\/www.youtube.com\/c\/RadioCastor"]},{"@type":"Person","@id":"https:\/\/www.radiocastor.com\/#\/schema\/person\/558b0e47dc4c11fa52b2220ba6a78779","name":"R\u00e9daction R C","image":{"@type":"ImageObject","inLanguage":"fr-FR","@id":"https:\/\/secure.gravatar.com\/avatar\/1d3e4f4c4a0d129f7ed4838ea20c33760c2484b9bc381993df6c0e3f5bf89c23?s=96&d=mm&r=g","url":"https:\/\/secure.gravatar.com\/avatar\/1d3e4f4c4a0d129f7ed4838ea20c33760c2484b9bc381993df6c0e3f5bf89c23?s=96&d=mm&r=g","contentUrl":"https:\/\/secure.gravatar.com\/avatar\/1d3e4f4c4a0d129f7ed4838ea20c33760c2484b9bc381993df6c0e3f5bf89c23?s=96&d=mm&r=g","caption":"R\u00e9daction R C"},"sameAs":["http:\/\/www.radiocastor.com"],"url":"https:\/\/www.radiocastor.com\/index.php\/author\/radio-castor\/"}]}},"uagb_featured_image_src":{"full":["https:\/\/www.radiocastor.com\/wp-content\/uploads\/2025\/09\/Son-Mieux.jpeg",640,640,false],"thumbnail":["https:\/\/www.radiocastor.com\/wp-content\/uploads\/2025\/09\/Son-Mieux-150x150.jpeg",150,150,true],"medium":["https:\/\/www.radiocastor.com\/wp-content\/uploads\/2025\/09\/Son-Mieux-300x300.jpeg",300,300,true],"medium_large":["https:\/\/www.radiocastor.com\/wp-content\/uploads\/2025\/09\/Son-Mieux.jpeg",640,640,false],"large":["https:\/\/www.radiocastor.com\/wp-content\/uploads\/2025\/09\/Son-Mieux.jpeg",640,640,false],"1536x1536":["https:\/\/www.radiocastor.com\/wp-content\/uploads\/2025\/09\/Son-Mieux.jpeg",640,640,false],"2048x2048":["https:\/\/www.radiocastor.com\/wp-content\/uploads\/2025\/09\/Son-Mieux.jpeg",640,640,false],"newsever-slider-full":["https:\/\/www.radiocastor.com\/wp-content\/uploads\/2025\/09\/Son-Mieux.jpeg",640,640,false],"newsever-featured":["https:\/\/www.radiocastor.com\/wp-content\/uploads\/2025\/09\/Son-Mieux.jpeg",640,640,false],"newsever-medium":["https:\/\/www.radiocastor.com\/wp-content\/uploads\/2025\/09\/Son-Mieux-640x475.jpeg",640,475,true]},"uagb_author_info":{"display_name":"R\u00e9daction R C","author_link":"https:\/\/www.radiocastor.com\/index.php\/author\/radio-castor\/"},"uagb_comment_info":0,"uagb_excerpt":"Son Mieux, groupe n\u00e9erlandais, nous pr\u00e9sente son dernier titre, \u201cMorning\u201d, sorti le 12 septembre 2025....","_links":{"self":[{"href":"https:\/\/www.radiocastor.com\/index.php\/wp-json\/wp\/v2\/posts\/12829","targetHints":{"allow":["GET"]}}],"collection":[{"href":"https:\/\/www.radiocastor.com\/index.php\/wp-json\/wp\/v2\/posts"}],"about":[{"href":"https:\/\/www.radiocastor.com\/index.php\/wp-json\/wp\/v2\/types\/post"}],"author":[{"embeddable":true,"href":"https:\/\/www.radiocastor.com\/index.php\/wp-json\/wp\/v2\/users\/1"}],"replies":[{"embeddable":true,"href":"https:\/\/www.radiocastor.com\/index.php\/wp-json\/wp\/v2\/comments?post=12829"}],"version-history":[{"count":1,"href":"https:\/\/www.radiocastor.com\/index.php\/wp-json\/wp\/v2\/posts\/12829\/revisions"}],"predecessor-version":[{"id":12831,"href":"https:\/\/www.radiocastor.com\/index.php\/wp-json\/wp\/v2\/posts\/12829\/revisions\/12831"}],"wp:featuredmedia":[{"embeddable":true,"href":"https:\/\/www.radiocastor.com\/index.php\/wp-json\/wp\/v2\/media\/12830"}],"wp:attachment":[{"href":"https:\/\/www.radiocastor.com\/index.php\/wp-json\/wp\/v2\/media?parent=12829"}],"wp:term":[{"taxonomy":"category","embeddable":true,"href":"https:\/\/www.radiocastor.com\/index.php\/wp-json\/wp\/v2\/categories?post=12829"},{"taxonomy":"post_tag","embeddable":true,"href":"https:\/\/www.radiocastor.com\/index.php\/wp-json\/wp\/v2\/tags?post=12829"}],"curies":[{"name":"wp","href":"https:\/\/api.w.org\/{rel}","templated":true}]}}