{"id":1262,"date":"2022-04-03T15:00:41","date_gmt":"2022-04-03T13:00:41","guid":{"rendered":"https:\/\/www.radiocastor.com\/?p=1262"},"modified":"2022-04-03T15:00:51","modified_gmt":"2022-04-03T13:00:51","slug":"retour-dans-les-annees-20s-pour-parler-de-ses-complexes-voici-this-i-know-le-nouveau-single-de-darcey-flo","status":"publish","type":"post","link":"https:\/\/www.radiocastor.com\/index.php\/retour-dans-les-annees-20s-pour-parler-de-ses-complexes-voici-this-i-know-le-nouveau-single-de-darcey-flo\/","title":{"rendered":"Retour dans les ann\u00e9es 20s pour parler de ses complexes, voici \u00ab\u00a0This I Know\u00a0\u00bb, le nouveau single de Darcey Flo"},"content":{"rendered":"\n<p>Il y a 15 jours, Darcey Flo a sorti un nouveau single,  \u00ab\u00a0This I Know\u00a0\u00bb .<\/p>\n\n\n\n<p>Darcey confie : \u00ab\u00a0J&rsquo;ai \u00e9crit ce texte apr\u00e8s avoir quitt\u00e9 une f\u00eate parce que je me sentais anxieuse, comme si je n&rsquo;\u00e9tais pas assez cool ou que je n&rsquo;avais rien d&rsquo;important \u00e0 dire\u00a0\u00bb. Une chanson sur la g\u00e8ne et les complexes&#8230;<\/p>\n\n\n\n<p>D\u00e9marrant sur une ligne de basse sobre mais dominante, \u00ab\u00a0This I Know\u00a0\u00bb permet \u00e0 Darcey de mettre en valeur sa voix chaude et m\u00e9lancolique. Relev\u00e9e \u00e9l\u00e9gamment par des ch\u0153urs pr\u00e9sents quand il le faut, le titre gagne en \u00e9nergie avec une batterie vintage venant progressivement dynamiser le tout.<\/p>\n\n\n\n<p>Avec de plus une bruit de fond style vieux vinyle, on est plong\u00e9 dans l&rsquo;univers des ann\u00e9es 20&rsquo;s.<br>C&rsquo;est tr\u00e8s esth\u00e9tique, et bien r\u00e9ussi.<\/p>\n\n\n\n<p><iframe loading=\"lazy\" src=\"https:\/\/www.youtube.com\/embed\/3OIBQfzmudY\" title=\"YouTube video player\" allow=\"accelerometer; autoplay; clipboard-write; encrypted-media; gyroscope; picture-in-picture\" allowfullscreen=\"\" width=\"560\" height=\"315\" frameborder=\"0\"><\/iframe><\/p>\n\n\n\n<p class=\"has-text-align-center\"><a rel=\"noreferrer noopener\" href=\"https:\/\/www.instagram.com\/itsdarceyflo\/\" target=\"_blank\">Instagram<\/a><\/p>\n","protected":false},"excerpt":{"rendered":"<p>Il y a 15 jours, Darcey Flo a sorti un nouveau single, \u00ab\u00a0This I Know\u00a0\u00bb&#8230;<\/p>\n","protected":false},"author":1,"featured_media":903,"comment_status":"closed","ping_status":"open","sticky":false,"template":"","format":"standard","meta":{"_uag_custom_page_level_css":"","footnotes":""},"categories":[4,32,46],"tags":[],"class_list":["post-1262","post","type-post","status-publish","format-standard","has-post-thumbnail","hentry","category-pop","category-single","category-sortie"],"yoast_head":"<!-- This site is optimized with the Yoast SEO plugin v27.4 - https:\/\/yoast.com\/product\/yoast-seo-wordpress\/ -->\n<title>Retour dans les ann\u00e9es 20s pour parler de ses complexes, voici &quot;This I Know&quot;, le nouveau single de Darcey Flo - Radio Castor<\/title>\n<meta name=\"robots\" content=\"index, follow, max-snippet:-1, max-image-preview:large, max-video-preview:-1\" \/>\n<link rel=\"canonical\" href=\"https:\/\/www.radiocastor.com\/index.php\/retour-dans-les-annees-20s-pour-parler-de-ses-complexes-voici-this-i-know-le-nouveau-single-de-darcey-flo\/\" \/>\n<meta property=\"og:locale\" content=\"fr_FR\" \/>\n<meta property=\"og:type\" content=\"article\" \/>\n<meta property=\"og:title\" content=\"Retour dans les ann\u00e9es 20s pour parler de ses complexes, voici &quot;This I Know&quot;, le nouveau single de Darcey Flo - Radio Castor\" \/>\n<meta property=\"og:description\" content=\"Il y a 15 jours, Darcey Flo a sorti un nouveau single, \u00ab\u00a0This I Know\u00a0\u00bb...\" \/>\n<meta property=\"og:url\" content=\"https:\/\/www.radiocastor.com\/index.php\/retour-dans-les-annees-20s-pour-parler-de-ses-complexes-voici-this-i-know-le-nouveau-single-de-darcey-flo\/\" \/>\n<meta property=\"og:site_name\" content=\"Radio Castor\" \/>\n<meta property=\"article:publisher\" content=\"https:\/\/www.facebook.com\/theradiocastor\" \/>\n<meta property=\"article:published_time\" content=\"2022-04-03T13:00:41+00:00\" \/>\n<meta property=\"article:modified_time\" content=\"2022-04-03T13:00:51+00:00\" \/>\n<meta property=\"og:image\" content=\"https:\/\/www.radiocastor.com\/wp-content\/uploads\/2022\/02\/Darcey-Flo.png\" \/>\n\t<meta property=\"og:image:width\" content=\"835\" \/>\n\t<meta property=\"og:image:height\" content=\"807\" \/>\n\t<meta property=\"og:image:type\" content=\"image\/png\" \/>\n<meta name=\"author\" content=\"R\u00e9daction R C\" \/>\n<meta name=\"twitter:card\" content=\"summary_large_image\" \/>\n<meta name=\"twitter:creator\" content=\"@TheRadioCastor\" \/>\n<meta name=\"twitter:site\" content=\"@TheRadioCastor\" \/>\n<meta name=\"twitter:label1\" content=\"\u00c9crit par\" \/>\n\t<meta name=\"twitter:data1\" content=\"R\u00e9daction R C\" \/>\n\t<meta name=\"twitter:label2\" content=\"Dur\u00e9e de lecture estim\u00e9e\" \/>\n\t<meta name=\"twitter:data2\" content=\"1 minute\" \/>\n<script type=\"application\/ld+json\" class=\"yoast-schema-graph\">{\"@context\":\"https:\\\/\\\/schema.org\",\"@graph\":[{\"@type\":\"Article\",\"@id\":\"https:\\\/\\\/www.radiocastor.com\\\/index.php\\\/retour-dans-les-annees-20s-pour-parler-de-ses-complexes-voici-this-i-know-le-nouveau-single-de-darcey-flo\\\/#article\",\"isPartOf\":{\"@id\":\"https:\\\/\\\/www.radiocastor.com\\\/index.php\\\/retour-dans-les-annees-20s-pour-parler-de-ses-complexes-voici-this-i-know-le-nouveau-single-de-darcey-flo\\\/\"},\"author\":{\"name\":\"R\u00e9daction R C\",\"@id\":\"https:\\\/\\\/www.radiocastor.com\\\/#\\\/schema\\\/person\\\/558b0e47dc4c11fa52b2220ba6a78779\"},\"headline\":\"Retour dans les ann\u00e9es 20s pour parler de ses complexes, voici \u00ab\u00a0This I Know\u00a0\u00bb, le nouveau single de Darcey Flo\",\"datePublished\":\"2022-04-03T13:00:41+00:00\",\"dateModified\":\"2022-04-03T13:00:51+00:00\",\"mainEntityOfPage\":{\"@id\":\"https:\\\/\\\/www.radiocastor.com\\\/index.php\\\/retour-dans-les-annees-20s-pour-parler-de-ses-complexes-voici-this-i-know-le-nouveau-single-de-darcey-flo\\\/\"},\"wordCount\":165,\"publisher\":{\"@id\":\"https:\\\/\\\/www.radiocastor.com\\\/#organization\"},\"image\":{\"@id\":\"https:\\\/\\\/www.radiocastor.com\\\/index.php\\\/retour-dans-les-annees-20s-pour-parler-de-ses-complexes-voici-this-i-know-le-nouveau-single-de-darcey-flo\\\/#primaryimage\"},\"thumbnailUrl\":\"https:\\\/\\\/www.radiocastor.com\\\/wp-content\\\/uploads\\\/2022\\\/02\\\/Darcey-Flo.png\",\"articleSection\":[\"Pop\",\"Single\",\"Sortie\"],\"inLanguage\":\"fr-FR\"},{\"@type\":\"WebPage\",\"@id\":\"https:\\\/\\\/www.radiocastor.com\\\/index.php\\\/retour-dans-les-annees-20s-pour-parler-de-ses-complexes-voici-this-i-know-le-nouveau-single-de-darcey-flo\\\/\",\"url\":\"https:\\\/\\\/www.radiocastor.com\\\/index.php\\\/retour-dans-les-annees-20s-pour-parler-de-ses-complexes-voici-this-i-know-le-nouveau-single-de-darcey-flo\\\/\",\"name\":\"Retour dans les ann\u00e9es 20s pour parler de ses complexes, voici \\\"This I Know\\\", le nouveau single de Darcey Flo - Radio Castor\",\"isPartOf\":{\"@id\":\"https:\\\/\\\/www.radiocastor.com\\\/#website\"},\"primaryImageOfPage\":{\"@id\":\"https:\\\/\\\/www.radiocastor.com\\\/index.php\\\/retour-dans-les-annees-20s-pour-parler-de-ses-complexes-voici-this-i-know-le-nouveau-single-de-darcey-flo\\\/#primaryimage\"},\"image\":{\"@id\":\"https:\\\/\\\/www.radiocastor.com\\\/index.php\\\/retour-dans-les-annees-20s-pour-parler-de-ses-complexes-voici-this-i-know-le-nouveau-single-de-darcey-flo\\\/#primaryimage\"},\"thumbnailUrl\":\"https:\\\/\\\/www.radiocastor.com\\\/wp-content\\\/uploads\\\/2022\\\/02\\\/Darcey-Flo.png\",\"datePublished\":\"2022-04-03T13:00:41+00:00\",\"dateModified\":\"2022-04-03T13:00:51+00:00\",\"breadcrumb\":{\"@id\":\"https:\\\/\\\/www.radiocastor.com\\\/index.php\\\/retour-dans-les-annees-20s-pour-parler-de-ses-complexes-voici-this-i-know-le-nouveau-single-de-darcey-flo\\\/#breadcrumb\"},\"inLanguage\":\"fr-FR\",\"potentialAction\":[{\"@type\":\"ReadAction\",\"target\":[\"https:\\\/\\\/www.radiocastor.com\\\/index.php\\\/retour-dans-les-annees-20s-pour-parler-de-ses-complexes-voici-this-i-know-le-nouveau-single-de-darcey-flo\\\/\"]}]},{\"@type\":\"ImageObject\",\"inLanguage\":\"fr-FR\",\"@id\":\"https:\\\/\\\/www.radiocastor.com\\\/index.php\\\/retour-dans-les-annees-20s-pour-parler-de-ses-complexes-voici-this-i-know-le-nouveau-single-de-darcey-flo\\\/#primaryimage\",\"url\":\"https:\\\/\\\/www.radiocastor.com\\\/wp-content\\\/uploads\\\/2022\\\/02\\\/Darcey-Flo.png\",\"contentUrl\":\"https:\\\/\\\/www.radiocastor.com\\\/wp-content\\\/uploads\\\/2022\\\/02\\\/Darcey-Flo.png\",\"width\":835,\"height\":807},{\"@type\":\"BreadcrumbList\",\"@id\":\"https:\\\/\\\/www.radiocastor.com\\\/index.php\\\/retour-dans-les-annees-20s-pour-parler-de-ses-complexes-voici-this-i-know-le-nouveau-single-de-darcey-flo\\\/#breadcrumb\",\"itemListElement\":[{\"@type\":\"ListItem\",\"position\":1,\"name\":\"Accueil\",\"item\":\"https:\\\/\\\/www.radiocastor.com\\\/\"},{\"@type\":\"ListItem\",\"position\":2,\"name\":\"Retour dans les ann\u00e9es 20s pour parler de ses complexes, voici \u00ab\u00a0This I Know\u00a0\u00bb, le nouveau single de Darcey Flo\"}]},{\"@type\":\"WebSite\",\"@id\":\"https:\\\/\\\/www.radiocastor.com\\\/#website\",\"url\":\"https:\\\/\\\/www.radiocastor.com\\\/\",\"name\":\"Radio Castor\",\"description\":\"La voix !\",\"publisher\":{\"@id\":\"https:\\\/\\\/www.radiocastor.com\\\/#organization\"},\"potentialAction\":[{\"@type\":\"SearchAction\",\"target\":{\"@type\":\"EntryPoint\",\"urlTemplate\":\"https:\\\/\\\/www.radiocastor.com\\\/?s={search_term_string}\"},\"query-input\":{\"@type\":\"PropertyValueSpecification\",\"valueRequired\":true,\"valueName\":\"search_term_string\"}}],\"inLanguage\":\"fr-FR\"},{\"@type\":\"Organization\",\"@id\":\"https:\\\/\\\/www.radiocastor.com\\\/#organization\",\"name\":\"Radio Castor\",\"url\":\"https:\\\/\\\/www.radiocastor.com\\\/\",\"logo\":{\"@type\":\"ImageObject\",\"inLanguage\":\"fr-FR\",\"@id\":\"https:\\\/\\\/www.radiocastor.com\\\/#\\\/schema\\\/logo\\\/image\\\/\",\"url\":\"https:\\\/\\\/www.radiocastor.com\\\/wp-content\\\/uploads\\\/2021\\\/11\\\/cropped-Radio-castor-logo-2.png\",\"contentUrl\":\"https:\\\/\\\/www.radiocastor.com\\\/wp-content\\\/uploads\\\/2021\\\/11\\\/cropped-Radio-castor-logo-2.png\",\"width\":437,\"height\":219,\"caption\":\"Radio Castor\"},\"image\":{\"@id\":\"https:\\\/\\\/www.radiocastor.com\\\/#\\\/schema\\\/logo\\\/image\\\/\"},\"sameAs\":[\"https:\\\/\\\/www.facebook.com\\\/theradiocastor\",\"https:\\\/\\\/x.com\\\/TheRadioCastor\",\"https:\\\/\\\/www.instagram.com\\\/theradiocastor\",\"https:\\\/\\\/www.youtube.com\\\/c\\\/RadioCastor\"]},{\"@type\":\"Person\",\"@id\":\"https:\\\/\\\/www.radiocastor.com\\\/#\\\/schema\\\/person\\\/558b0e47dc4c11fa52b2220ba6a78779\",\"name\":\"R\u00e9daction R C\",\"image\":{\"@type\":\"ImageObject\",\"inLanguage\":\"fr-FR\",\"@id\":\"https:\\\/\\\/secure.gravatar.com\\\/avatar\\\/1d3e4f4c4a0d129f7ed4838ea20c33760c2484b9bc381993df6c0e3f5bf89c23?s=96&d=mm&r=g\",\"url\":\"https:\\\/\\\/secure.gravatar.com\\\/avatar\\\/1d3e4f4c4a0d129f7ed4838ea20c33760c2484b9bc381993df6c0e3f5bf89c23?s=96&d=mm&r=g\",\"contentUrl\":\"https:\\\/\\\/secure.gravatar.com\\\/avatar\\\/1d3e4f4c4a0d129f7ed4838ea20c33760c2484b9bc381993df6c0e3f5bf89c23?s=96&d=mm&r=g\",\"caption\":\"R\u00e9daction R C\"},\"sameAs\":[\"http:\\\/\\\/www.radiocastor.com\"],\"url\":\"https:\\\/\\\/www.radiocastor.com\\\/index.php\\\/author\\\/radio-castor\\\/\"}]}<\/script>\n<!-- \/ Yoast SEO plugin. -->","yoast_head_json":{"title":"Retour dans les ann\u00e9es 20s pour parler de ses complexes, voici \"This I Know\", le nouveau single de Darcey Flo - Radio Castor","robots":{"index":"index","follow":"follow","max-snippet":"max-snippet:-1","max-image-preview":"max-image-preview:large","max-video-preview":"max-video-preview:-1"},"canonical":"https:\/\/www.radiocastor.com\/index.php\/retour-dans-les-annees-20s-pour-parler-de-ses-complexes-voici-this-i-know-le-nouveau-single-de-darcey-flo\/","og_locale":"fr_FR","og_type":"article","og_title":"Retour dans les ann\u00e9es 20s pour parler de ses complexes, voici \"This I Know\", le nouveau single de Darcey Flo - Radio Castor","og_description":"Il y a 15 jours, Darcey Flo a sorti un nouveau single, \u00ab\u00a0This I Know\u00a0\u00bb...","og_url":"https:\/\/www.radiocastor.com\/index.php\/retour-dans-les-annees-20s-pour-parler-de-ses-complexes-voici-this-i-know-le-nouveau-single-de-darcey-flo\/","og_site_name":"Radio Castor","article_publisher":"https:\/\/www.facebook.com\/theradiocastor","article_published_time":"2022-04-03T13:00:41+00:00","article_modified_time":"2022-04-03T13:00:51+00:00","og_image":[{"width":835,"height":807,"url":"https:\/\/www.radiocastor.com\/wp-content\/uploads\/2022\/02\/Darcey-Flo.png","type":"image\/png"}],"author":"R\u00e9daction R C","twitter_card":"summary_large_image","twitter_creator":"@TheRadioCastor","twitter_site":"@TheRadioCastor","twitter_misc":{"\u00c9crit par":"R\u00e9daction R C","Dur\u00e9e de lecture estim\u00e9e":"1 minute"},"schema":{"@context":"https:\/\/schema.org","@graph":[{"@type":"Article","@id":"https:\/\/www.radiocastor.com\/index.php\/retour-dans-les-annees-20s-pour-parler-de-ses-complexes-voici-this-i-know-le-nouveau-single-de-darcey-flo\/#article","isPartOf":{"@id":"https:\/\/www.radiocastor.com\/index.php\/retour-dans-les-annees-20s-pour-parler-de-ses-complexes-voici-this-i-know-le-nouveau-single-de-darcey-flo\/"},"author":{"name":"R\u00e9daction R C","@id":"https:\/\/www.radiocastor.com\/#\/schema\/person\/558b0e47dc4c11fa52b2220ba6a78779"},"headline":"Retour dans les ann\u00e9es 20s pour parler de ses complexes, voici \u00ab\u00a0This I Know\u00a0\u00bb, le nouveau single de Darcey Flo","datePublished":"2022-04-03T13:00:41+00:00","dateModified":"2022-04-03T13:00:51+00:00","mainEntityOfPage":{"@id":"https:\/\/www.radiocastor.com\/index.php\/retour-dans-les-annees-20s-pour-parler-de-ses-complexes-voici-this-i-know-le-nouveau-single-de-darcey-flo\/"},"wordCount":165,"publisher":{"@id":"https:\/\/www.radiocastor.com\/#organization"},"image":{"@id":"https:\/\/www.radiocastor.com\/index.php\/retour-dans-les-annees-20s-pour-parler-de-ses-complexes-voici-this-i-know-le-nouveau-single-de-darcey-flo\/#primaryimage"},"thumbnailUrl":"https:\/\/www.radiocastor.com\/wp-content\/uploads\/2022\/02\/Darcey-Flo.png","articleSection":["Pop","Single","Sortie"],"inLanguage":"fr-FR"},{"@type":"WebPage","@id":"https:\/\/www.radiocastor.com\/index.php\/retour-dans-les-annees-20s-pour-parler-de-ses-complexes-voici-this-i-know-le-nouveau-single-de-darcey-flo\/","url":"https:\/\/www.radiocastor.com\/index.php\/retour-dans-les-annees-20s-pour-parler-de-ses-complexes-voici-this-i-know-le-nouveau-single-de-darcey-flo\/","name":"Retour dans les ann\u00e9es 20s pour parler de ses complexes, voici \"This I Know\", le nouveau single de Darcey Flo - Radio Castor","isPartOf":{"@id":"https:\/\/www.radiocastor.com\/#website"},"primaryImageOfPage":{"@id":"https:\/\/www.radiocastor.com\/index.php\/retour-dans-les-annees-20s-pour-parler-de-ses-complexes-voici-this-i-know-le-nouveau-single-de-darcey-flo\/#primaryimage"},"image":{"@id":"https:\/\/www.radiocastor.com\/index.php\/retour-dans-les-annees-20s-pour-parler-de-ses-complexes-voici-this-i-know-le-nouveau-single-de-darcey-flo\/#primaryimage"},"thumbnailUrl":"https:\/\/www.radiocastor.com\/wp-content\/uploads\/2022\/02\/Darcey-Flo.png","datePublished":"2022-04-03T13:00:41+00:00","dateModified":"2022-04-03T13:00:51+00:00","breadcrumb":{"@id":"https:\/\/www.radiocastor.com\/index.php\/retour-dans-les-annees-20s-pour-parler-de-ses-complexes-voici-this-i-know-le-nouveau-single-de-darcey-flo\/#breadcrumb"},"inLanguage":"fr-FR","potentialAction":[{"@type":"ReadAction","target":["https:\/\/www.radiocastor.com\/index.php\/retour-dans-les-annees-20s-pour-parler-de-ses-complexes-voici-this-i-know-le-nouveau-single-de-darcey-flo\/"]}]},{"@type":"ImageObject","inLanguage":"fr-FR","@id":"https:\/\/www.radiocastor.com\/index.php\/retour-dans-les-annees-20s-pour-parler-de-ses-complexes-voici-this-i-know-le-nouveau-single-de-darcey-flo\/#primaryimage","url":"https:\/\/www.radiocastor.com\/wp-content\/uploads\/2022\/02\/Darcey-Flo.png","contentUrl":"https:\/\/www.radiocastor.com\/wp-content\/uploads\/2022\/02\/Darcey-Flo.png","width":835,"height":807},{"@type":"BreadcrumbList","@id":"https:\/\/www.radiocastor.com\/index.php\/retour-dans-les-annees-20s-pour-parler-de-ses-complexes-voici-this-i-know-le-nouveau-single-de-darcey-flo\/#breadcrumb","itemListElement":[{"@type":"ListItem","position":1,"name":"Accueil","item":"https:\/\/www.radiocastor.com\/"},{"@type":"ListItem","position":2,"name":"Retour dans les ann\u00e9es 20s pour parler de ses complexes, voici \u00ab\u00a0This I Know\u00a0\u00bb, le nouveau single de Darcey Flo"}]},{"@type":"WebSite","@id":"https:\/\/www.radiocastor.com\/#website","url":"https:\/\/www.radiocastor.com\/","name":"Radio Castor","description":"La voix !","publisher":{"@id":"https:\/\/www.radiocastor.com\/#organization"},"potentialAction":[{"@type":"SearchAction","target":{"@type":"EntryPoint","urlTemplate":"https:\/\/www.radiocastor.com\/?s={search_term_string}"},"query-input":{"@type":"PropertyValueSpecification","valueRequired":true,"valueName":"search_term_string"}}],"inLanguage":"fr-FR"},{"@type":"Organization","@id":"https:\/\/www.radiocastor.com\/#organization","name":"Radio Castor","url":"https:\/\/www.radiocastor.com\/","logo":{"@type":"ImageObject","inLanguage":"fr-FR","@id":"https:\/\/www.radiocastor.com\/#\/schema\/logo\/image\/","url":"https:\/\/www.radiocastor.com\/wp-content\/uploads\/2021\/11\/cropped-Radio-castor-logo-2.png","contentUrl":"https:\/\/www.radiocastor.com\/wp-content\/uploads\/2021\/11\/cropped-Radio-castor-logo-2.png","width":437,"height":219,"caption":"Radio Castor"},"image":{"@id":"https:\/\/www.radiocastor.com\/#\/schema\/logo\/image\/"},"sameAs":["https:\/\/www.facebook.com\/theradiocastor","https:\/\/x.com\/TheRadioCastor","https:\/\/www.instagram.com\/theradiocastor","https:\/\/www.youtube.com\/c\/RadioCastor"]},{"@type":"Person","@id":"https:\/\/www.radiocastor.com\/#\/schema\/person\/558b0e47dc4c11fa52b2220ba6a78779","name":"R\u00e9daction R C","image":{"@type":"ImageObject","inLanguage":"fr-FR","@id":"https:\/\/secure.gravatar.com\/avatar\/1d3e4f4c4a0d129f7ed4838ea20c33760c2484b9bc381993df6c0e3f5bf89c23?s=96&d=mm&r=g","url":"https:\/\/secure.gravatar.com\/avatar\/1d3e4f4c4a0d129f7ed4838ea20c33760c2484b9bc381993df6c0e3f5bf89c23?s=96&d=mm&r=g","contentUrl":"https:\/\/secure.gravatar.com\/avatar\/1d3e4f4c4a0d129f7ed4838ea20c33760c2484b9bc381993df6c0e3f5bf89c23?s=96&d=mm&r=g","caption":"R\u00e9daction R C"},"sameAs":["http:\/\/www.radiocastor.com"],"url":"https:\/\/www.radiocastor.com\/index.php\/author\/radio-castor\/"}]}},"uagb_featured_image_src":{"full":["https:\/\/www.radiocastor.com\/wp-content\/uploads\/2022\/02\/Darcey-Flo.png",835,807,false],"thumbnail":["https:\/\/www.radiocastor.com\/wp-content\/uploads\/2022\/02\/Darcey-Flo-150x150.png",150,150,true],"medium":["https:\/\/www.radiocastor.com\/wp-content\/uploads\/2022\/02\/Darcey-Flo-300x290.png",300,290,true],"medium_large":["https:\/\/www.radiocastor.com\/wp-content\/uploads\/2022\/02\/Darcey-Flo-768x742.png",640,618,true],"large":["https:\/\/www.radiocastor.com\/wp-content\/uploads\/2022\/02\/Darcey-Flo.png",640,619,false],"1536x1536":["https:\/\/www.radiocastor.com\/wp-content\/uploads\/2022\/02\/Darcey-Flo.png",835,807,false],"2048x2048":["https:\/\/www.radiocastor.com\/wp-content\/uploads\/2022\/02\/Darcey-Flo.png",835,807,false],"newsever-slider-full":["https:\/\/www.radiocastor.com\/wp-content\/uploads\/2022\/02\/Darcey-Flo.png",835,807,false],"newsever-featured":["https:\/\/www.radiocastor.com\/wp-content\/uploads\/2022\/02\/Darcey-Flo.png",835,807,false],"newsever-medium":["https:\/\/www.radiocastor.com\/wp-content\/uploads\/2022\/02\/Darcey-Flo-720x475.png",720,475,true]},"uagb_author_info":{"display_name":"R\u00e9daction R C","author_link":"https:\/\/www.radiocastor.com\/index.php\/author\/radio-castor\/"},"uagb_comment_info":0,"uagb_excerpt":"Il y a 15 jours, Darcey Flo a sorti un nouveau single, \u00ab\u00a0This I Know\u00a0\u00bb...","_links":{"self":[{"href":"https:\/\/www.radiocastor.com\/index.php\/wp-json\/wp\/v2\/posts\/1262","targetHints":{"allow":["GET"]}}],"collection":[{"href":"https:\/\/www.radiocastor.com\/index.php\/wp-json\/wp\/v2\/posts"}],"about":[{"href":"https:\/\/www.radiocastor.com\/index.php\/wp-json\/wp\/v2\/types\/post"}],"author":[{"embeddable":true,"href":"https:\/\/www.radiocastor.com\/index.php\/wp-json\/wp\/v2\/users\/1"}],"replies":[{"embeddable":true,"href":"https:\/\/www.radiocastor.com\/index.php\/wp-json\/wp\/v2\/comments?post=1262"}],"version-history":[{"count":0,"href":"https:\/\/www.radiocastor.com\/index.php\/wp-json\/wp\/v2\/posts\/1262\/revisions"}],"wp:featuredmedia":[{"embeddable":true,"href":"https:\/\/www.radiocastor.com\/index.php\/wp-json\/wp\/v2\/media\/903"}],"wp:attachment":[{"href":"https:\/\/www.radiocastor.com\/index.php\/wp-json\/wp\/v2\/media?parent=1262"}],"wp:term":[{"taxonomy":"category","embeddable":true,"href":"https:\/\/www.radiocastor.com\/index.php\/wp-json\/wp\/v2\/categories?post=1262"},{"taxonomy":"post_tag","embeddable":true,"href":"https:\/\/www.radiocastor.com\/index.php\/wp-json\/wp\/v2\/tags?post=1262"}],"curies":[{"name":"wp","href":"https:\/\/api.w.org\/{rel}","templated":true}]}}