{"id":12447,"date":"2025-08-23T18:37:44","date_gmt":"2025-08-23T16:37:44","guid":{"rendered":"https:\/\/www.radiocastor.com\/?p=12447"},"modified":"2025-08-23T18:37:45","modified_gmt":"2025-08-23T16:37:45","slug":"leon-majcen-entre-racines-folk-et-emotion-brute-avec-dont-leave-the-light-on","status":"publish","type":"post","link":"https:\/\/www.radiocastor.com\/index.php\/leon-majcen-entre-racines-folk-et-emotion-brute-avec-dont-leave-the-light-on\/","title":{"rendered":"Leon Majcen : entre racines folk et \u00e9motion brute avec Don\u2019t Leave The Light On"},"content":{"rendered":"\n<p>Le chanteur am\u00e9ricain Leon Majcen nous pr\u00e9sente son nouveau single, <em>Don\u2019t Leave The Light On<\/em>, sorti le 14 ao\u00fbt 2025.<\/p>\n\n\n\n<p>Originaire de Clearwater en Floride, Leon Majcen a grandi la guitare \u00e0 la main, inspir\u00e9 par des l\u00e9gendes comme Bob Dylan, Johnny Cash et Townes Van Zandt. Apr\u00e8s ses d\u00e9buts remarqu\u00e9s en 2016 avec <em>Love and Misery<\/em>, largement diffus\u00e9 sur SiriusXM et cumulant des centaines de milliers d\u2019\u00e9coutes, il s\u2019est impos\u00e9 comme une figure montante de l\u2019Americana et de l\u2019alt-country. Son parcours l\u2019a men\u00e9 des bars de sa ville natale aux salles de New York, o\u00f9 il a \u00e9tudi\u00e9 la musique tout en perfectionnant son \u00e9criture. Ses chansons captent les espoirs, les blessures et les joies de la route, avec une sinc\u00e9rit\u00e9 qui s\u00e9duit un public de plus en plus large.<\/p>\n\n\n\n<p>Avec <em>Don\u2019t Leave The Light On<\/em>, Leon Majcen livre une ballade poignante, port\u00e9e par une instrumentation sobre et une intensit\u00e9 vocale qui rappelle Tyler Childers ou Colter Wall. Le titre explore la solitude et l\u2019attente, entre ombre et lumi\u00e8re, traduisant l\u2019\u00e2me des voyages int\u00e9rieurs et des routes infinies. Chaque note semble charg\u00e9e de m\u00e9lancolie, mais aussi d\u2019une force tranquille qui incarne parfaitement son univers. Ce morceau confirme l\u2019ancrage de Leon dans une tradition folk authentique, tout en y ajoutant une sensibilit\u00e9 contemporaine et personnelle.<\/p>\n\n\n\n<p style=\"text-align: center;\"><iframe loading=\"lazy\" width=\"560\" height=\"315\" src=\"https:\/\/www.youtube.com\/embed\/yvRr2nyi-LM?si=GM0J1Tm8Yqdyi7wM\" title=\"YouTube video player\" frameborder=\"0\" allow=\"accelerometer; autoplay; clipboard-write; encrypted-media; gyroscope; picture-in-picture; web-share\" referrerpolicy=\"strict-origin-when-cross-origin\" allowfullscreen><\/iframe><\/p>\n\n\n\n<p>On va profiter de l&rsquo;occasion pour vous faire \u00e9couter un autre de ses titres, \u00ab\u00a0Down The Road\u00a0\u00bb, \u00e9galement sorti le 14 ao\u00fbt 2025.<\/p>\n\n\n\n<p class=\"has-text-align-center\"><iframe loading=\"lazy\" width=\"560\" height=\"315\" src=\"https:\/\/www.youtube.com\/embed\/oYBjXedIS3w?si=dbafwLeizQolOVK5\" title=\"YouTube video player\" frameborder=\"0\" allow=\"accelerometer; autoplay; clipboard-write; encrypted-media; gyroscope; picture-in-picture; web-share\" referrerpolicy=\"strict-origin-when-cross-origin\" allowfullscreen=\"\"><\/iframe><\/p>\n\n\n\n<p><em>A \u00e9couter sur <a href=\"https:\/\/www.radiocastor.com\/index.php\/playlist\/\" target=\"_blank\" rel=\"noreferrer noopener\">nos playlists<\/a> !<\/em><\/p>\n\n\n\n<p class=\"has-text-align-center\"><a href=\"https:\/\/www.facebook.com\/leonmajcen\" target=\"_blank\" rel=\"noreferrer noopener\">Facebook<\/a> &#8211; <a href=\"https:\/\/www.instagram.com\/leonmajcen\" target=\"_blank\" rel=\"noreferrer noopener\">Instagram<\/a> &#8211; <a href=\"https:\/\/twitter.com\/leonmajcen\" target=\"_blank\" rel=\"noreferrer noopener\">Twitter<\/a><\/p>\n","protected":false},"excerpt":{"rendered":"<p>Le chanteur am\u00e9ricain Leon Majcen nous pr\u00e9sente son nouveau single, Don\u2019t Leave The Light On,&#8230;<\/p>\n","protected":false},"author":1,"featured_media":12448,"comment_status":"closed","ping_status":"open","sticky":false,"template":"","format":"standard","meta":{"_uag_custom_page_level_css":"","footnotes":""},"categories":[85,92,77,32,46],"tags":[],"class_list":["post-12447","post","type-post","status-publish","format-standard","has-post-thumbnail","hentry","category-alternatif","category-americana","category-country","category-single","category-sortie"],"yoast_head":"<!-- This site is optimized with the Yoast SEO plugin v27.5 - https:\/\/yoast.com\/product\/yoast-seo-wordpress\/ -->\n<title>Leon Majcen : entre racines folk et \u00e9motion brute avec Don\u2019t Leave The Light On - Radio Castor<\/title>\n<meta name=\"robots\" content=\"index, follow, max-snippet:-1, max-image-preview:large, max-video-preview:-1\" \/>\n<link rel=\"canonical\" href=\"https:\/\/www.radiocastor.com\/index.php\/leon-majcen-entre-racines-folk-et-emotion-brute-avec-dont-leave-the-light-on\/\" \/>\n<meta property=\"og:locale\" content=\"fr_FR\" \/>\n<meta property=\"og:type\" content=\"article\" \/>\n<meta property=\"og:title\" content=\"Leon Majcen : entre racines folk et \u00e9motion brute avec Don\u2019t Leave The Light On - Radio Castor\" \/>\n<meta property=\"og:description\" content=\"Le chanteur am\u00e9ricain Leon Majcen nous pr\u00e9sente son nouveau single, Don\u2019t Leave The Light On,...\" \/>\n<meta property=\"og:url\" content=\"https:\/\/www.radiocastor.com\/index.php\/leon-majcen-entre-racines-folk-et-emotion-brute-avec-dont-leave-the-light-on\/\" \/>\n<meta property=\"og:site_name\" content=\"Radio Castor\" \/>\n<meta property=\"article:publisher\" content=\"https:\/\/www.facebook.com\/theradiocastor\" \/>\n<meta property=\"article:published_time\" content=\"2025-08-23T16:37:44+00:00\" \/>\n<meta property=\"article:modified_time\" content=\"2025-08-23T16:37:45+00:00\" \/>\n<meta property=\"og:image\" content=\"https:\/\/www.radiocastor.com\/wp-content\/uploads\/2025\/08\/Screenshot-2025-08-23-at-18-30-08-Facebook.png\" \/>\n\t<meta property=\"og:image:width\" content=\"757\" \/>\n\t<meta property=\"og:image:height\" content=\"663\" \/>\n\t<meta property=\"og:image:type\" content=\"image\/png\" \/>\n<meta name=\"author\" content=\"R\u00e9daction R C\" \/>\n<meta name=\"twitter:card\" content=\"summary_large_image\" \/>\n<meta name=\"twitter:creator\" content=\"@TheRadioCastor\" \/>\n<meta name=\"twitter:site\" content=\"@TheRadioCastor\" \/>\n<meta name=\"twitter:label1\" content=\"\u00c9crit par\" \/>\n\t<meta name=\"twitter:data1\" content=\"R\u00e9daction R C\" \/>\n\t<meta name=\"twitter:label2\" content=\"Dur\u00e9e de lecture estim\u00e9e\" \/>\n\t<meta name=\"twitter:data2\" content=\"2 minutes\" \/>\n<script type=\"application\/ld+json\" class=\"yoast-schema-graph\">{\"@context\":\"https:\\\/\\\/schema.org\",\"@graph\":[{\"@type\":\"Article\",\"@id\":\"https:\\\/\\\/www.radiocastor.com\\\/index.php\\\/leon-majcen-entre-racines-folk-et-emotion-brute-avec-dont-leave-the-light-on\\\/#article\",\"isPartOf\":{\"@id\":\"https:\\\/\\\/www.radiocastor.com\\\/index.php\\\/leon-majcen-entre-racines-folk-et-emotion-brute-avec-dont-leave-the-light-on\\\/\"},\"author\":{\"name\":\"R\u00e9daction R C\",\"@id\":\"https:\\\/\\\/www.radiocastor.com\\\/#\\\/schema\\\/person\\\/558b0e47dc4c11fa52b2220ba6a78779\"},\"headline\":\"Leon Majcen : entre racines folk et \u00e9motion brute avec Don\u2019t Leave The Light On\",\"datePublished\":\"2025-08-23T16:37:44+00:00\",\"dateModified\":\"2025-08-23T16:37:45+00:00\",\"mainEntityOfPage\":{\"@id\":\"https:\\\/\\\/www.radiocastor.com\\\/index.php\\\/leon-majcen-entre-racines-folk-et-emotion-brute-avec-dont-leave-the-light-on\\\/\"},\"wordCount\":284,\"publisher\":{\"@id\":\"https:\\\/\\\/www.radiocastor.com\\\/#organization\"},\"image\":{\"@id\":\"https:\\\/\\\/www.radiocastor.com\\\/index.php\\\/leon-majcen-entre-racines-folk-et-emotion-brute-avec-dont-leave-the-light-on\\\/#primaryimage\"},\"thumbnailUrl\":\"https:\\\/\\\/www.radiocastor.com\\\/wp-content\\\/uploads\\\/2025\\\/08\\\/Screenshot-2025-08-23-at-18-30-08-Facebook.png\",\"articleSection\":[\"Alternatif\",\"Americana\",\"Country\",\"Single\",\"Sortie\"],\"inLanguage\":\"fr-FR\"},{\"@type\":\"WebPage\",\"@id\":\"https:\\\/\\\/www.radiocastor.com\\\/index.php\\\/leon-majcen-entre-racines-folk-et-emotion-brute-avec-dont-leave-the-light-on\\\/\",\"url\":\"https:\\\/\\\/www.radiocastor.com\\\/index.php\\\/leon-majcen-entre-racines-folk-et-emotion-brute-avec-dont-leave-the-light-on\\\/\",\"name\":\"Leon Majcen : entre racines folk et \u00e9motion brute avec Don\u2019t Leave The Light On - Radio Castor\",\"isPartOf\":{\"@id\":\"https:\\\/\\\/www.radiocastor.com\\\/#website\"},\"primaryImageOfPage\":{\"@id\":\"https:\\\/\\\/www.radiocastor.com\\\/index.php\\\/leon-majcen-entre-racines-folk-et-emotion-brute-avec-dont-leave-the-light-on\\\/#primaryimage\"},\"image\":{\"@id\":\"https:\\\/\\\/www.radiocastor.com\\\/index.php\\\/leon-majcen-entre-racines-folk-et-emotion-brute-avec-dont-leave-the-light-on\\\/#primaryimage\"},\"thumbnailUrl\":\"https:\\\/\\\/www.radiocastor.com\\\/wp-content\\\/uploads\\\/2025\\\/08\\\/Screenshot-2025-08-23-at-18-30-08-Facebook.png\",\"datePublished\":\"2025-08-23T16:37:44+00:00\",\"dateModified\":\"2025-08-23T16:37:45+00:00\",\"breadcrumb\":{\"@id\":\"https:\\\/\\\/www.radiocastor.com\\\/index.php\\\/leon-majcen-entre-racines-folk-et-emotion-brute-avec-dont-leave-the-light-on\\\/#breadcrumb\"},\"inLanguage\":\"fr-FR\",\"potentialAction\":[{\"@type\":\"ReadAction\",\"target\":[\"https:\\\/\\\/www.radiocastor.com\\\/index.php\\\/leon-majcen-entre-racines-folk-et-emotion-brute-avec-dont-leave-the-light-on\\\/\"]}]},{\"@type\":\"ImageObject\",\"inLanguage\":\"fr-FR\",\"@id\":\"https:\\\/\\\/www.radiocastor.com\\\/index.php\\\/leon-majcen-entre-racines-folk-et-emotion-brute-avec-dont-leave-the-light-on\\\/#primaryimage\",\"url\":\"https:\\\/\\\/www.radiocastor.com\\\/wp-content\\\/uploads\\\/2025\\\/08\\\/Screenshot-2025-08-23-at-18-30-08-Facebook.png\",\"contentUrl\":\"https:\\\/\\\/www.radiocastor.com\\\/wp-content\\\/uploads\\\/2025\\\/08\\\/Screenshot-2025-08-23-at-18-30-08-Facebook.png\",\"width\":757,\"height\":663,\"caption\":\"Leon Majcen\"},{\"@type\":\"BreadcrumbList\",\"@id\":\"https:\\\/\\\/www.radiocastor.com\\\/index.php\\\/leon-majcen-entre-racines-folk-et-emotion-brute-avec-dont-leave-the-light-on\\\/#breadcrumb\",\"itemListElement\":[{\"@type\":\"ListItem\",\"position\":1,\"name\":\"Accueil\",\"item\":\"https:\\\/\\\/www.radiocastor.com\\\/\"},{\"@type\":\"ListItem\",\"position\":2,\"name\":\"Leon Majcen : entre racines folk et \u00e9motion brute avec Don\u2019t Leave The Light On\"}]},{\"@type\":\"WebSite\",\"@id\":\"https:\\\/\\\/www.radiocastor.com\\\/#website\",\"url\":\"https:\\\/\\\/www.radiocastor.com\\\/\",\"name\":\"Radio Castor\",\"description\":\"La voix !\",\"publisher\":{\"@id\":\"https:\\\/\\\/www.radiocastor.com\\\/#organization\"},\"potentialAction\":[{\"@type\":\"SearchAction\",\"target\":{\"@type\":\"EntryPoint\",\"urlTemplate\":\"https:\\\/\\\/www.radiocastor.com\\\/?s={search_term_string}\"},\"query-input\":{\"@type\":\"PropertyValueSpecification\",\"valueRequired\":true,\"valueName\":\"search_term_string\"}}],\"inLanguage\":\"fr-FR\"},{\"@type\":\"Organization\",\"@id\":\"https:\\\/\\\/www.radiocastor.com\\\/#organization\",\"name\":\"Radio Castor\",\"url\":\"https:\\\/\\\/www.radiocastor.com\\\/\",\"logo\":{\"@type\":\"ImageObject\",\"inLanguage\":\"fr-FR\",\"@id\":\"https:\\\/\\\/www.radiocastor.com\\\/#\\\/schema\\\/logo\\\/image\\\/\",\"url\":\"https:\\\/\\\/www.radiocastor.com\\\/wp-content\\\/uploads\\\/2021\\\/11\\\/cropped-Radio-castor-logo-2.png\",\"contentUrl\":\"https:\\\/\\\/www.radiocastor.com\\\/wp-content\\\/uploads\\\/2021\\\/11\\\/cropped-Radio-castor-logo-2.png\",\"width\":437,\"height\":219,\"caption\":\"Radio Castor\"},\"image\":{\"@id\":\"https:\\\/\\\/www.radiocastor.com\\\/#\\\/schema\\\/logo\\\/image\\\/\"},\"sameAs\":[\"https:\\\/\\\/www.facebook.com\\\/theradiocastor\",\"https:\\\/\\\/x.com\\\/TheRadioCastor\",\"https:\\\/\\\/www.instagram.com\\\/theradiocastor\",\"https:\\\/\\\/www.youtube.com\\\/c\\\/RadioCastor\"]},{\"@type\":\"Person\",\"@id\":\"https:\\\/\\\/www.radiocastor.com\\\/#\\\/schema\\\/person\\\/558b0e47dc4c11fa52b2220ba6a78779\",\"name\":\"R\u00e9daction R C\",\"image\":{\"@type\":\"ImageObject\",\"inLanguage\":\"fr-FR\",\"@id\":\"https:\\\/\\\/secure.gravatar.com\\\/avatar\\\/1d3e4f4c4a0d129f7ed4838ea20c33760c2484b9bc381993df6c0e3f5bf89c23?s=96&d=mm&r=g\",\"url\":\"https:\\\/\\\/secure.gravatar.com\\\/avatar\\\/1d3e4f4c4a0d129f7ed4838ea20c33760c2484b9bc381993df6c0e3f5bf89c23?s=96&d=mm&r=g\",\"contentUrl\":\"https:\\\/\\\/secure.gravatar.com\\\/avatar\\\/1d3e4f4c4a0d129f7ed4838ea20c33760c2484b9bc381993df6c0e3f5bf89c23?s=96&d=mm&r=g\",\"caption\":\"R\u00e9daction R C\"},\"sameAs\":[\"http:\\\/\\\/www.radiocastor.com\"],\"url\":\"https:\\\/\\\/www.radiocastor.com\\\/index.php\\\/author\\\/radio-castor\\\/\"}]}<\/script>\n<!-- \/ Yoast SEO plugin. -->","yoast_head_json":{"title":"Leon Majcen : entre racines folk et \u00e9motion brute avec Don\u2019t Leave The Light On - Radio Castor","robots":{"index":"index","follow":"follow","max-snippet":"max-snippet:-1","max-image-preview":"max-image-preview:large","max-video-preview":"max-video-preview:-1"},"canonical":"https:\/\/www.radiocastor.com\/index.php\/leon-majcen-entre-racines-folk-et-emotion-brute-avec-dont-leave-the-light-on\/","og_locale":"fr_FR","og_type":"article","og_title":"Leon Majcen : entre racines folk et \u00e9motion brute avec Don\u2019t Leave The Light On - Radio Castor","og_description":"Le chanteur am\u00e9ricain Leon Majcen nous pr\u00e9sente son nouveau single, Don\u2019t Leave The Light On,...","og_url":"https:\/\/www.radiocastor.com\/index.php\/leon-majcen-entre-racines-folk-et-emotion-brute-avec-dont-leave-the-light-on\/","og_site_name":"Radio Castor","article_publisher":"https:\/\/www.facebook.com\/theradiocastor","article_published_time":"2025-08-23T16:37:44+00:00","article_modified_time":"2025-08-23T16:37:45+00:00","og_image":[{"width":757,"height":663,"url":"https:\/\/www.radiocastor.com\/wp-content\/uploads\/2025\/08\/Screenshot-2025-08-23-at-18-30-08-Facebook.png","type":"image\/png"}],"author":"R\u00e9daction R C","twitter_card":"summary_large_image","twitter_creator":"@TheRadioCastor","twitter_site":"@TheRadioCastor","twitter_misc":{"\u00c9crit par":"R\u00e9daction R C","Dur\u00e9e de lecture estim\u00e9e":"2 minutes"},"schema":{"@context":"https:\/\/schema.org","@graph":[{"@type":"Article","@id":"https:\/\/www.radiocastor.com\/index.php\/leon-majcen-entre-racines-folk-et-emotion-brute-avec-dont-leave-the-light-on\/#article","isPartOf":{"@id":"https:\/\/www.radiocastor.com\/index.php\/leon-majcen-entre-racines-folk-et-emotion-brute-avec-dont-leave-the-light-on\/"},"author":{"name":"R\u00e9daction R C","@id":"https:\/\/www.radiocastor.com\/#\/schema\/person\/558b0e47dc4c11fa52b2220ba6a78779"},"headline":"Leon Majcen : entre racines folk et \u00e9motion brute avec Don\u2019t Leave The Light On","datePublished":"2025-08-23T16:37:44+00:00","dateModified":"2025-08-23T16:37:45+00:00","mainEntityOfPage":{"@id":"https:\/\/www.radiocastor.com\/index.php\/leon-majcen-entre-racines-folk-et-emotion-brute-avec-dont-leave-the-light-on\/"},"wordCount":284,"publisher":{"@id":"https:\/\/www.radiocastor.com\/#organization"},"image":{"@id":"https:\/\/www.radiocastor.com\/index.php\/leon-majcen-entre-racines-folk-et-emotion-brute-avec-dont-leave-the-light-on\/#primaryimage"},"thumbnailUrl":"https:\/\/www.radiocastor.com\/wp-content\/uploads\/2025\/08\/Screenshot-2025-08-23-at-18-30-08-Facebook.png","articleSection":["Alternatif","Americana","Country","Single","Sortie"],"inLanguage":"fr-FR"},{"@type":"WebPage","@id":"https:\/\/www.radiocastor.com\/index.php\/leon-majcen-entre-racines-folk-et-emotion-brute-avec-dont-leave-the-light-on\/","url":"https:\/\/www.radiocastor.com\/index.php\/leon-majcen-entre-racines-folk-et-emotion-brute-avec-dont-leave-the-light-on\/","name":"Leon Majcen : entre racines folk et \u00e9motion brute avec Don\u2019t Leave The Light On - Radio Castor","isPartOf":{"@id":"https:\/\/www.radiocastor.com\/#website"},"primaryImageOfPage":{"@id":"https:\/\/www.radiocastor.com\/index.php\/leon-majcen-entre-racines-folk-et-emotion-brute-avec-dont-leave-the-light-on\/#primaryimage"},"image":{"@id":"https:\/\/www.radiocastor.com\/index.php\/leon-majcen-entre-racines-folk-et-emotion-brute-avec-dont-leave-the-light-on\/#primaryimage"},"thumbnailUrl":"https:\/\/www.radiocastor.com\/wp-content\/uploads\/2025\/08\/Screenshot-2025-08-23-at-18-30-08-Facebook.png","datePublished":"2025-08-23T16:37:44+00:00","dateModified":"2025-08-23T16:37:45+00:00","breadcrumb":{"@id":"https:\/\/www.radiocastor.com\/index.php\/leon-majcen-entre-racines-folk-et-emotion-brute-avec-dont-leave-the-light-on\/#breadcrumb"},"inLanguage":"fr-FR","potentialAction":[{"@type":"ReadAction","target":["https:\/\/www.radiocastor.com\/index.php\/leon-majcen-entre-racines-folk-et-emotion-brute-avec-dont-leave-the-light-on\/"]}]},{"@type":"ImageObject","inLanguage":"fr-FR","@id":"https:\/\/www.radiocastor.com\/index.php\/leon-majcen-entre-racines-folk-et-emotion-brute-avec-dont-leave-the-light-on\/#primaryimage","url":"https:\/\/www.radiocastor.com\/wp-content\/uploads\/2025\/08\/Screenshot-2025-08-23-at-18-30-08-Facebook.png","contentUrl":"https:\/\/www.radiocastor.com\/wp-content\/uploads\/2025\/08\/Screenshot-2025-08-23-at-18-30-08-Facebook.png","width":757,"height":663,"caption":"Leon Majcen"},{"@type":"BreadcrumbList","@id":"https:\/\/www.radiocastor.com\/index.php\/leon-majcen-entre-racines-folk-et-emotion-brute-avec-dont-leave-the-light-on\/#breadcrumb","itemListElement":[{"@type":"ListItem","position":1,"name":"Accueil","item":"https:\/\/www.radiocastor.com\/"},{"@type":"ListItem","position":2,"name":"Leon Majcen : entre racines folk et \u00e9motion brute avec Don\u2019t Leave The Light On"}]},{"@type":"WebSite","@id":"https:\/\/www.radiocastor.com\/#website","url":"https:\/\/www.radiocastor.com\/","name":"Radio Castor","description":"La voix !","publisher":{"@id":"https:\/\/www.radiocastor.com\/#organization"},"potentialAction":[{"@type":"SearchAction","target":{"@type":"EntryPoint","urlTemplate":"https:\/\/www.radiocastor.com\/?s={search_term_string}"},"query-input":{"@type":"PropertyValueSpecification","valueRequired":true,"valueName":"search_term_string"}}],"inLanguage":"fr-FR"},{"@type":"Organization","@id":"https:\/\/www.radiocastor.com\/#organization","name":"Radio Castor","url":"https:\/\/www.radiocastor.com\/","logo":{"@type":"ImageObject","inLanguage":"fr-FR","@id":"https:\/\/www.radiocastor.com\/#\/schema\/logo\/image\/","url":"https:\/\/www.radiocastor.com\/wp-content\/uploads\/2021\/11\/cropped-Radio-castor-logo-2.png","contentUrl":"https:\/\/www.radiocastor.com\/wp-content\/uploads\/2021\/11\/cropped-Radio-castor-logo-2.png","width":437,"height":219,"caption":"Radio Castor"},"image":{"@id":"https:\/\/www.radiocastor.com\/#\/schema\/logo\/image\/"},"sameAs":["https:\/\/www.facebook.com\/theradiocastor","https:\/\/x.com\/TheRadioCastor","https:\/\/www.instagram.com\/theradiocastor","https:\/\/www.youtube.com\/c\/RadioCastor"]},{"@type":"Person","@id":"https:\/\/www.radiocastor.com\/#\/schema\/person\/558b0e47dc4c11fa52b2220ba6a78779","name":"R\u00e9daction R C","image":{"@type":"ImageObject","inLanguage":"fr-FR","@id":"https:\/\/secure.gravatar.com\/avatar\/1d3e4f4c4a0d129f7ed4838ea20c33760c2484b9bc381993df6c0e3f5bf89c23?s=96&d=mm&r=g","url":"https:\/\/secure.gravatar.com\/avatar\/1d3e4f4c4a0d129f7ed4838ea20c33760c2484b9bc381993df6c0e3f5bf89c23?s=96&d=mm&r=g","contentUrl":"https:\/\/secure.gravatar.com\/avatar\/1d3e4f4c4a0d129f7ed4838ea20c33760c2484b9bc381993df6c0e3f5bf89c23?s=96&d=mm&r=g","caption":"R\u00e9daction R C"},"sameAs":["http:\/\/www.radiocastor.com"],"url":"https:\/\/www.radiocastor.com\/index.php\/author\/radio-castor\/"}]}},"uagb_featured_image_src":{"full":["https:\/\/www.radiocastor.com\/wp-content\/uploads\/2025\/08\/Screenshot-2025-08-23-at-18-30-08-Facebook.png",757,663,false],"thumbnail":["https:\/\/www.radiocastor.com\/wp-content\/uploads\/2025\/08\/Screenshot-2025-08-23-at-18-30-08-Facebook-150x150.png",150,150,true],"medium":["https:\/\/www.radiocastor.com\/wp-content\/uploads\/2025\/08\/Screenshot-2025-08-23-at-18-30-08-Facebook-300x263.png",300,263,true],"medium_large":["https:\/\/www.radiocastor.com\/wp-content\/uploads\/2025\/08\/Screenshot-2025-08-23-at-18-30-08-Facebook.png",640,561,false],"large":["https:\/\/www.radiocastor.com\/wp-content\/uploads\/2025\/08\/Screenshot-2025-08-23-at-18-30-08-Facebook.png",640,561,false],"1536x1536":["https:\/\/www.radiocastor.com\/wp-content\/uploads\/2025\/08\/Screenshot-2025-08-23-at-18-30-08-Facebook.png",757,663,false],"2048x2048":["https:\/\/www.radiocastor.com\/wp-content\/uploads\/2025\/08\/Screenshot-2025-08-23-at-18-30-08-Facebook.png",757,663,false],"newsever-slider-full":["https:\/\/www.radiocastor.com\/wp-content\/uploads\/2025\/08\/Screenshot-2025-08-23-at-18-30-08-Facebook.png",757,663,false],"newsever-featured":["https:\/\/www.radiocastor.com\/wp-content\/uploads\/2025\/08\/Screenshot-2025-08-23-at-18-30-08-Facebook.png",757,663,false],"newsever-medium":["https:\/\/www.radiocastor.com\/wp-content\/uploads\/2025\/08\/Screenshot-2025-08-23-at-18-30-08-Facebook-720x475.png",720,475,true]},"uagb_author_info":{"display_name":"R\u00e9daction R C","author_link":"https:\/\/www.radiocastor.com\/index.php\/author\/radio-castor\/"},"uagb_comment_info":0,"uagb_excerpt":"Le chanteur am\u00e9ricain Leon Majcen nous pr\u00e9sente son nouveau single, Don\u2019t Leave The Light On,...","_links":{"self":[{"href":"https:\/\/www.radiocastor.com\/index.php\/wp-json\/wp\/v2\/posts\/12447","targetHints":{"allow":["GET"]}}],"collection":[{"href":"https:\/\/www.radiocastor.com\/index.php\/wp-json\/wp\/v2\/posts"}],"about":[{"href":"https:\/\/www.radiocastor.com\/index.php\/wp-json\/wp\/v2\/types\/post"}],"author":[{"embeddable":true,"href":"https:\/\/www.radiocastor.com\/index.php\/wp-json\/wp\/v2\/users\/1"}],"replies":[{"embeddable":true,"href":"https:\/\/www.radiocastor.com\/index.php\/wp-json\/wp\/v2\/comments?post=12447"}],"version-history":[{"count":1,"href":"https:\/\/www.radiocastor.com\/index.php\/wp-json\/wp\/v2\/posts\/12447\/revisions"}],"predecessor-version":[{"id":12449,"href":"https:\/\/www.radiocastor.com\/index.php\/wp-json\/wp\/v2\/posts\/12447\/revisions\/12449"}],"wp:featuredmedia":[{"embeddable":true,"href":"https:\/\/www.radiocastor.com\/index.php\/wp-json\/wp\/v2\/media\/12448"}],"wp:attachment":[{"href":"https:\/\/www.radiocastor.com\/index.php\/wp-json\/wp\/v2\/media?parent=12447"}],"wp:term":[{"taxonomy":"category","embeddable":true,"href":"https:\/\/www.radiocastor.com\/index.php\/wp-json\/wp\/v2\/categories?post=12447"},{"taxonomy":"post_tag","embeddable":true,"href":"https:\/\/www.radiocastor.com\/index.php\/wp-json\/wp\/v2\/tags?post=12447"}],"curies":[{"name":"wp","href":"https:\/\/api.w.org\/{rel}","templated":true}]}}