{"id":12069,"date":"2025-07-20T02:56:41","date_gmt":"2025-07-20T00:56:41","guid":{"rendered":"https:\/\/www.radiocastor.com\/?p=12069"},"modified":"2025-07-20T02:56:42","modified_gmt":"2025-07-20T00:56:42","slug":"katrina-burgoyne-chante-son-reve-americain-dans-un-hymne-country-rayonnant","status":"publish","type":"post","link":"https:\/\/www.radiocastor.com\/index.php\/katrina-burgoyne-chante-son-reve-americain-dans-un-hymne-country-rayonnant\/","title":{"rendered":"Katrina Burgoyne chante son r\u00eave am\u00e9ricain dans un hymne country rayonnant"},"content":{"rendered":"\n<p><strong>Katrina Burgoyne, artiste australienne, nous pr\u00e9sente son dernier titre, \u201cThe American Dream\u201d, sorti le 25 juin 2025.<\/strong><\/p>\n\n\n\n<p>Originaire d\u2019Australie et install\u00e9e \u00e0 Nashville, Katrina Burgoyne trace une trajectoire inspirante dans l\u2019univers country.<br>Auteur-compositrice-interpr\u00e8te \u00e0 la plume fine et sinc\u00e8re, elle s\u2019est impos\u00e9e sur la sc\u00e8ne am\u00e9ricaine gr\u00e2ce \u00e0 son authenticit\u00e9 et sa pers\u00e9v\u00e9rance.<br>Sa voix chaleureuse, son sens de la narration et sa capacit\u00e9 \u00e0 fusionner tradition country et modernit\u00e9 font d\u2019elle une figure montante du genre.<br>Avec plusieurs singles salu\u00e9s par la critique et une pr\u00e9sence affirm\u00e9e sur sc\u00e8ne, Katrina incarne ce m\u00e9lange de courage, de talent et d\u2019optimisme qui porte les grands parcours artistiques.<br>Son projet musical refl\u00e8te \u00e0 la fois son enracinement personnel et son amour pour la culture am\u00e9ricaine.<\/p>\n\n\n\n<p>\u201cThe American Dream\u201d est une d\u00e9claration d\u2019amour \u00e0 sa nouvelle vie, pleine d\u2019espoir et d\u2019\u00e9nergie.<br>Sur un fond de guitares country modernes et de percussions entra\u00eenantes, le morceau raconte le parcours d\u2019une jeune femme venue de loin pour poursuivre son r\u00eave, malgr\u00e9 les doutes et les obstacles.<br>La production est brillante, m\u00e9lodique et lumineuse, port\u00e9e par un refrain accrocheur et des ch\u0153urs enthousiastes.<br>Les paroles \u00e9voquent le courage, la d\u00e9termination et la gratitude face au chemin accompli.<br>Avec ce titre, Katrina Burgoyne d\u00e9livre un hymne personnel mais universel, qui touche tous ceux qui poursuivent une ambition avec passion.<\/p>\n\n\n\n<p><em>A \u00e9couter sur <a href=\"https:\/\/www.radiocastor.com\/index.php\/playlist\/\" target=\"_blank\" rel=\"noreferrer noopener\">nos playlists<\/a> !<\/em><\/p>\n\n\n\n<p style=\"text-align: center;\"><iframe loading=\"lazy\" width=\"560\" height=\"315\" src=\"https:\/\/www.youtube.com\/embed\/fC1beR4pkaQ?si=i0oCLPpkcyMLsqXa\" title=\"YouTube video player\" frameborder=\"0\" allow=\"accelerometer; autoplay; clipboard-write; encrypted-media; gyroscope; picture-in-picture; web-share\" referrerpolicy=\"strict-origin-when-cross-origin\" allowfullscreen><\/iframe><\/p>\n\n\n\n<p class=\"has-text-align-center\"><a href=\"https:\/\/www.facebook.com\/katrinaburgoynemusic\" target=\"_blank\" rel=\"noreferrer noopener\">Facebook<\/a> &#8211; <a href=\"https:\/\/www.instagram.com\/katrina_burgoyne\" target=\"_blank\" rel=\"noreferrer noopener\">Instagram<\/a><\/p>\n","protected":false},"excerpt":{"rendered":"<p>Katrina Burgoyne, artiste australienne, nous pr\u00e9sente son dernier titre, \u201cThe American Dream\u201d, sorti le 25&#8230;<\/p>\n","protected":false},"author":1,"featured_media":12070,"comment_status":"closed","ping_status":"open","sticky":false,"template":"","format":"standard","meta":{"_uag_custom_page_level_css":"","footnotes":""},"categories":[77,32,46],"tags":[],"class_list":["post-12069","post","type-post","status-publish","format-standard","has-post-thumbnail","hentry","category-country","category-single","category-sortie"],"yoast_head":"<!-- This site is optimized with the Yoast SEO plugin v27.4 - https:\/\/yoast.com\/product\/yoast-seo-wordpress\/ -->\n<title>Katrina Burgoyne chante son r\u00eave am\u00e9ricain dans un hymne country rayonnant - Radio Castor<\/title>\n<meta name=\"robots\" content=\"index, follow, max-snippet:-1, max-image-preview:large, max-video-preview:-1\" \/>\n<link rel=\"canonical\" href=\"https:\/\/www.radiocastor.com\/index.php\/katrina-burgoyne-chante-son-reve-americain-dans-un-hymne-country-rayonnant\/\" \/>\n<meta property=\"og:locale\" content=\"fr_FR\" \/>\n<meta property=\"og:type\" content=\"article\" \/>\n<meta property=\"og:title\" content=\"Katrina Burgoyne chante son r\u00eave am\u00e9ricain dans un hymne country rayonnant - Radio Castor\" \/>\n<meta property=\"og:description\" content=\"Katrina Burgoyne, artiste australienne, nous pr\u00e9sente son dernier titre, \u201cThe American Dream\u201d, sorti le 25...\" \/>\n<meta property=\"og:url\" content=\"https:\/\/www.radiocastor.com\/index.php\/katrina-burgoyne-chante-son-reve-americain-dans-un-hymne-country-rayonnant\/\" \/>\n<meta property=\"og:site_name\" content=\"Radio Castor\" \/>\n<meta property=\"article:publisher\" content=\"https:\/\/www.facebook.com\/theradiocastor\" \/>\n<meta property=\"article:published_time\" content=\"2025-07-20T00:56:41+00:00\" \/>\n<meta property=\"article:modified_time\" content=\"2025-07-20T00:56:42+00:00\" \/>\n<meta property=\"og:image\" content=\"https:\/\/www.radiocastor.com\/wp-content\/uploads\/2025\/07\/Katrina-Burgoyne.webp\" \/>\n\t<meta property=\"og:image:width\" content=\"1000\" \/>\n\t<meta property=\"og:image:height\" content=\"667\" \/>\n\t<meta property=\"og:image:type\" content=\"image\/webp\" \/>\n<meta name=\"author\" content=\"R\u00e9daction R C\" \/>\n<meta name=\"twitter:card\" content=\"summary_large_image\" \/>\n<meta name=\"twitter:creator\" content=\"@TheRadioCastor\" \/>\n<meta name=\"twitter:site\" content=\"@TheRadioCastor\" \/>\n<meta name=\"twitter:label1\" content=\"\u00c9crit par\" \/>\n\t<meta name=\"twitter:data1\" content=\"R\u00e9daction R C\" \/>\n\t<meta name=\"twitter:label2\" content=\"Dur\u00e9e de lecture estim\u00e9e\" \/>\n\t<meta name=\"twitter:data2\" content=\"2 minutes\" \/>\n<script type=\"application\/ld+json\" class=\"yoast-schema-graph\">{\"@context\":\"https:\\\/\\\/schema.org\",\"@graph\":[{\"@type\":\"Article\",\"@id\":\"https:\\\/\\\/www.radiocastor.com\\\/index.php\\\/katrina-burgoyne-chante-son-reve-americain-dans-un-hymne-country-rayonnant\\\/#article\",\"isPartOf\":{\"@id\":\"https:\\\/\\\/www.radiocastor.com\\\/index.php\\\/katrina-burgoyne-chante-son-reve-americain-dans-un-hymne-country-rayonnant\\\/\"},\"author\":{\"name\":\"R\u00e9daction R C\",\"@id\":\"https:\\\/\\\/www.radiocastor.com\\\/#\\\/schema\\\/person\\\/558b0e47dc4c11fa52b2220ba6a78779\"},\"headline\":\"Katrina Burgoyne chante son r\u00eave am\u00e9ricain dans un hymne country rayonnant\",\"datePublished\":\"2025-07-20T00:56:41+00:00\",\"dateModified\":\"2025-07-20T00:56:42+00:00\",\"mainEntityOfPage\":{\"@id\":\"https:\\\/\\\/www.radiocastor.com\\\/index.php\\\/katrina-burgoyne-chante-son-reve-americain-dans-un-hymne-country-rayonnant\\\/\"},\"wordCount\":268,\"publisher\":{\"@id\":\"https:\\\/\\\/www.radiocastor.com\\\/#organization\"},\"image\":{\"@id\":\"https:\\\/\\\/www.radiocastor.com\\\/index.php\\\/katrina-burgoyne-chante-son-reve-americain-dans-un-hymne-country-rayonnant\\\/#primaryimage\"},\"thumbnailUrl\":\"https:\\\/\\\/www.radiocastor.com\\\/wp-content\\\/uploads\\\/2025\\\/07\\\/Katrina-Burgoyne.webp\",\"articleSection\":[\"Country\",\"Single\",\"Sortie\"],\"inLanguage\":\"fr-FR\"},{\"@type\":\"WebPage\",\"@id\":\"https:\\\/\\\/www.radiocastor.com\\\/index.php\\\/katrina-burgoyne-chante-son-reve-americain-dans-un-hymne-country-rayonnant\\\/\",\"url\":\"https:\\\/\\\/www.radiocastor.com\\\/index.php\\\/katrina-burgoyne-chante-son-reve-americain-dans-un-hymne-country-rayonnant\\\/\",\"name\":\"Katrina Burgoyne chante son r\u00eave am\u00e9ricain dans un hymne country rayonnant - Radio Castor\",\"isPartOf\":{\"@id\":\"https:\\\/\\\/www.radiocastor.com\\\/#website\"},\"primaryImageOfPage\":{\"@id\":\"https:\\\/\\\/www.radiocastor.com\\\/index.php\\\/katrina-burgoyne-chante-son-reve-americain-dans-un-hymne-country-rayonnant\\\/#primaryimage\"},\"image\":{\"@id\":\"https:\\\/\\\/www.radiocastor.com\\\/index.php\\\/katrina-burgoyne-chante-son-reve-americain-dans-un-hymne-country-rayonnant\\\/#primaryimage\"},\"thumbnailUrl\":\"https:\\\/\\\/www.radiocastor.com\\\/wp-content\\\/uploads\\\/2025\\\/07\\\/Katrina-Burgoyne.webp\",\"datePublished\":\"2025-07-20T00:56:41+00:00\",\"dateModified\":\"2025-07-20T00:56:42+00:00\",\"breadcrumb\":{\"@id\":\"https:\\\/\\\/www.radiocastor.com\\\/index.php\\\/katrina-burgoyne-chante-son-reve-americain-dans-un-hymne-country-rayonnant\\\/#breadcrumb\"},\"inLanguage\":\"fr-FR\",\"potentialAction\":[{\"@type\":\"ReadAction\",\"target\":[\"https:\\\/\\\/www.radiocastor.com\\\/index.php\\\/katrina-burgoyne-chante-son-reve-americain-dans-un-hymne-country-rayonnant\\\/\"]}]},{\"@type\":\"ImageObject\",\"inLanguage\":\"fr-FR\",\"@id\":\"https:\\\/\\\/www.radiocastor.com\\\/index.php\\\/katrina-burgoyne-chante-son-reve-americain-dans-un-hymne-country-rayonnant\\\/#primaryimage\",\"url\":\"https:\\\/\\\/www.radiocastor.com\\\/wp-content\\\/uploads\\\/2025\\\/07\\\/Katrina-Burgoyne.webp\",\"contentUrl\":\"https:\\\/\\\/www.radiocastor.com\\\/wp-content\\\/uploads\\\/2025\\\/07\\\/Katrina-Burgoyne.webp\",\"width\":1000,\"height\":667,\"caption\":\"Katrina Burgoyne\"},{\"@type\":\"BreadcrumbList\",\"@id\":\"https:\\\/\\\/www.radiocastor.com\\\/index.php\\\/katrina-burgoyne-chante-son-reve-americain-dans-un-hymne-country-rayonnant\\\/#breadcrumb\",\"itemListElement\":[{\"@type\":\"ListItem\",\"position\":1,\"name\":\"Accueil\",\"item\":\"https:\\\/\\\/www.radiocastor.com\\\/\"},{\"@type\":\"ListItem\",\"position\":2,\"name\":\"Katrina Burgoyne chante son r\u00eave am\u00e9ricain dans un hymne country rayonnant\"}]},{\"@type\":\"WebSite\",\"@id\":\"https:\\\/\\\/www.radiocastor.com\\\/#website\",\"url\":\"https:\\\/\\\/www.radiocastor.com\\\/\",\"name\":\"Radio Castor\",\"description\":\"La voix !\",\"publisher\":{\"@id\":\"https:\\\/\\\/www.radiocastor.com\\\/#organization\"},\"potentialAction\":[{\"@type\":\"SearchAction\",\"target\":{\"@type\":\"EntryPoint\",\"urlTemplate\":\"https:\\\/\\\/www.radiocastor.com\\\/?s={search_term_string}\"},\"query-input\":{\"@type\":\"PropertyValueSpecification\",\"valueRequired\":true,\"valueName\":\"search_term_string\"}}],\"inLanguage\":\"fr-FR\"},{\"@type\":\"Organization\",\"@id\":\"https:\\\/\\\/www.radiocastor.com\\\/#organization\",\"name\":\"Radio Castor\",\"url\":\"https:\\\/\\\/www.radiocastor.com\\\/\",\"logo\":{\"@type\":\"ImageObject\",\"inLanguage\":\"fr-FR\",\"@id\":\"https:\\\/\\\/www.radiocastor.com\\\/#\\\/schema\\\/logo\\\/image\\\/\",\"url\":\"https:\\\/\\\/www.radiocastor.com\\\/wp-content\\\/uploads\\\/2021\\\/11\\\/cropped-Radio-castor-logo-2.png\",\"contentUrl\":\"https:\\\/\\\/www.radiocastor.com\\\/wp-content\\\/uploads\\\/2021\\\/11\\\/cropped-Radio-castor-logo-2.png\",\"width\":437,\"height\":219,\"caption\":\"Radio Castor\"},\"image\":{\"@id\":\"https:\\\/\\\/www.radiocastor.com\\\/#\\\/schema\\\/logo\\\/image\\\/\"},\"sameAs\":[\"https:\\\/\\\/www.facebook.com\\\/theradiocastor\",\"https:\\\/\\\/x.com\\\/TheRadioCastor\",\"https:\\\/\\\/www.instagram.com\\\/theradiocastor\",\"https:\\\/\\\/www.youtube.com\\\/c\\\/RadioCastor\"]},{\"@type\":\"Person\",\"@id\":\"https:\\\/\\\/www.radiocastor.com\\\/#\\\/schema\\\/person\\\/558b0e47dc4c11fa52b2220ba6a78779\",\"name\":\"R\u00e9daction R C\",\"image\":{\"@type\":\"ImageObject\",\"inLanguage\":\"fr-FR\",\"@id\":\"https:\\\/\\\/secure.gravatar.com\\\/avatar\\\/1d3e4f4c4a0d129f7ed4838ea20c33760c2484b9bc381993df6c0e3f5bf89c23?s=96&d=mm&r=g\",\"url\":\"https:\\\/\\\/secure.gravatar.com\\\/avatar\\\/1d3e4f4c4a0d129f7ed4838ea20c33760c2484b9bc381993df6c0e3f5bf89c23?s=96&d=mm&r=g\",\"contentUrl\":\"https:\\\/\\\/secure.gravatar.com\\\/avatar\\\/1d3e4f4c4a0d129f7ed4838ea20c33760c2484b9bc381993df6c0e3f5bf89c23?s=96&d=mm&r=g\",\"caption\":\"R\u00e9daction R C\"},\"sameAs\":[\"http:\\\/\\\/www.radiocastor.com\"],\"url\":\"https:\\\/\\\/www.radiocastor.com\\\/index.php\\\/author\\\/radio-castor\\\/\"}]}<\/script>\n<!-- \/ Yoast SEO plugin. -->","yoast_head_json":{"title":"Katrina Burgoyne chante son r\u00eave am\u00e9ricain dans un hymne country rayonnant - Radio Castor","robots":{"index":"index","follow":"follow","max-snippet":"max-snippet:-1","max-image-preview":"max-image-preview:large","max-video-preview":"max-video-preview:-1"},"canonical":"https:\/\/www.radiocastor.com\/index.php\/katrina-burgoyne-chante-son-reve-americain-dans-un-hymne-country-rayonnant\/","og_locale":"fr_FR","og_type":"article","og_title":"Katrina Burgoyne chante son r\u00eave am\u00e9ricain dans un hymne country rayonnant - Radio Castor","og_description":"Katrina Burgoyne, artiste australienne, nous pr\u00e9sente son dernier titre, \u201cThe American Dream\u201d, sorti le 25...","og_url":"https:\/\/www.radiocastor.com\/index.php\/katrina-burgoyne-chante-son-reve-americain-dans-un-hymne-country-rayonnant\/","og_site_name":"Radio Castor","article_publisher":"https:\/\/www.facebook.com\/theradiocastor","article_published_time":"2025-07-20T00:56:41+00:00","article_modified_time":"2025-07-20T00:56:42+00:00","og_image":[{"width":1000,"height":667,"url":"https:\/\/www.radiocastor.com\/wp-content\/uploads\/2025\/07\/Katrina-Burgoyne.webp","type":"image\/webp"}],"author":"R\u00e9daction R C","twitter_card":"summary_large_image","twitter_creator":"@TheRadioCastor","twitter_site":"@TheRadioCastor","twitter_misc":{"\u00c9crit par":"R\u00e9daction R C","Dur\u00e9e de lecture estim\u00e9e":"2 minutes"},"schema":{"@context":"https:\/\/schema.org","@graph":[{"@type":"Article","@id":"https:\/\/www.radiocastor.com\/index.php\/katrina-burgoyne-chante-son-reve-americain-dans-un-hymne-country-rayonnant\/#article","isPartOf":{"@id":"https:\/\/www.radiocastor.com\/index.php\/katrina-burgoyne-chante-son-reve-americain-dans-un-hymne-country-rayonnant\/"},"author":{"name":"R\u00e9daction R C","@id":"https:\/\/www.radiocastor.com\/#\/schema\/person\/558b0e47dc4c11fa52b2220ba6a78779"},"headline":"Katrina Burgoyne chante son r\u00eave am\u00e9ricain dans un hymne country rayonnant","datePublished":"2025-07-20T00:56:41+00:00","dateModified":"2025-07-20T00:56:42+00:00","mainEntityOfPage":{"@id":"https:\/\/www.radiocastor.com\/index.php\/katrina-burgoyne-chante-son-reve-americain-dans-un-hymne-country-rayonnant\/"},"wordCount":268,"publisher":{"@id":"https:\/\/www.radiocastor.com\/#organization"},"image":{"@id":"https:\/\/www.radiocastor.com\/index.php\/katrina-burgoyne-chante-son-reve-americain-dans-un-hymne-country-rayonnant\/#primaryimage"},"thumbnailUrl":"https:\/\/www.radiocastor.com\/wp-content\/uploads\/2025\/07\/Katrina-Burgoyne.webp","articleSection":["Country","Single","Sortie"],"inLanguage":"fr-FR"},{"@type":"WebPage","@id":"https:\/\/www.radiocastor.com\/index.php\/katrina-burgoyne-chante-son-reve-americain-dans-un-hymne-country-rayonnant\/","url":"https:\/\/www.radiocastor.com\/index.php\/katrina-burgoyne-chante-son-reve-americain-dans-un-hymne-country-rayonnant\/","name":"Katrina Burgoyne chante son r\u00eave am\u00e9ricain dans un hymne country rayonnant - Radio Castor","isPartOf":{"@id":"https:\/\/www.radiocastor.com\/#website"},"primaryImageOfPage":{"@id":"https:\/\/www.radiocastor.com\/index.php\/katrina-burgoyne-chante-son-reve-americain-dans-un-hymne-country-rayonnant\/#primaryimage"},"image":{"@id":"https:\/\/www.radiocastor.com\/index.php\/katrina-burgoyne-chante-son-reve-americain-dans-un-hymne-country-rayonnant\/#primaryimage"},"thumbnailUrl":"https:\/\/www.radiocastor.com\/wp-content\/uploads\/2025\/07\/Katrina-Burgoyne.webp","datePublished":"2025-07-20T00:56:41+00:00","dateModified":"2025-07-20T00:56:42+00:00","breadcrumb":{"@id":"https:\/\/www.radiocastor.com\/index.php\/katrina-burgoyne-chante-son-reve-americain-dans-un-hymne-country-rayonnant\/#breadcrumb"},"inLanguage":"fr-FR","potentialAction":[{"@type":"ReadAction","target":["https:\/\/www.radiocastor.com\/index.php\/katrina-burgoyne-chante-son-reve-americain-dans-un-hymne-country-rayonnant\/"]}]},{"@type":"ImageObject","inLanguage":"fr-FR","@id":"https:\/\/www.radiocastor.com\/index.php\/katrina-burgoyne-chante-son-reve-americain-dans-un-hymne-country-rayonnant\/#primaryimage","url":"https:\/\/www.radiocastor.com\/wp-content\/uploads\/2025\/07\/Katrina-Burgoyne.webp","contentUrl":"https:\/\/www.radiocastor.com\/wp-content\/uploads\/2025\/07\/Katrina-Burgoyne.webp","width":1000,"height":667,"caption":"Katrina Burgoyne"},{"@type":"BreadcrumbList","@id":"https:\/\/www.radiocastor.com\/index.php\/katrina-burgoyne-chante-son-reve-americain-dans-un-hymne-country-rayonnant\/#breadcrumb","itemListElement":[{"@type":"ListItem","position":1,"name":"Accueil","item":"https:\/\/www.radiocastor.com\/"},{"@type":"ListItem","position":2,"name":"Katrina Burgoyne chante son r\u00eave am\u00e9ricain dans un hymne country rayonnant"}]},{"@type":"WebSite","@id":"https:\/\/www.radiocastor.com\/#website","url":"https:\/\/www.radiocastor.com\/","name":"Radio Castor","description":"La voix !","publisher":{"@id":"https:\/\/www.radiocastor.com\/#organization"},"potentialAction":[{"@type":"SearchAction","target":{"@type":"EntryPoint","urlTemplate":"https:\/\/www.radiocastor.com\/?s={search_term_string}"},"query-input":{"@type":"PropertyValueSpecification","valueRequired":true,"valueName":"search_term_string"}}],"inLanguage":"fr-FR"},{"@type":"Organization","@id":"https:\/\/www.radiocastor.com\/#organization","name":"Radio Castor","url":"https:\/\/www.radiocastor.com\/","logo":{"@type":"ImageObject","inLanguage":"fr-FR","@id":"https:\/\/www.radiocastor.com\/#\/schema\/logo\/image\/","url":"https:\/\/www.radiocastor.com\/wp-content\/uploads\/2021\/11\/cropped-Radio-castor-logo-2.png","contentUrl":"https:\/\/www.radiocastor.com\/wp-content\/uploads\/2021\/11\/cropped-Radio-castor-logo-2.png","width":437,"height":219,"caption":"Radio Castor"},"image":{"@id":"https:\/\/www.radiocastor.com\/#\/schema\/logo\/image\/"},"sameAs":["https:\/\/www.facebook.com\/theradiocastor","https:\/\/x.com\/TheRadioCastor","https:\/\/www.instagram.com\/theradiocastor","https:\/\/www.youtube.com\/c\/RadioCastor"]},{"@type":"Person","@id":"https:\/\/www.radiocastor.com\/#\/schema\/person\/558b0e47dc4c11fa52b2220ba6a78779","name":"R\u00e9daction R C","image":{"@type":"ImageObject","inLanguage":"fr-FR","@id":"https:\/\/secure.gravatar.com\/avatar\/1d3e4f4c4a0d129f7ed4838ea20c33760c2484b9bc381993df6c0e3f5bf89c23?s=96&d=mm&r=g","url":"https:\/\/secure.gravatar.com\/avatar\/1d3e4f4c4a0d129f7ed4838ea20c33760c2484b9bc381993df6c0e3f5bf89c23?s=96&d=mm&r=g","contentUrl":"https:\/\/secure.gravatar.com\/avatar\/1d3e4f4c4a0d129f7ed4838ea20c33760c2484b9bc381993df6c0e3f5bf89c23?s=96&d=mm&r=g","caption":"R\u00e9daction R C"},"sameAs":["http:\/\/www.radiocastor.com"],"url":"https:\/\/www.radiocastor.com\/index.php\/author\/radio-castor\/"}]}},"uagb_featured_image_src":{"full":["https:\/\/www.radiocastor.com\/wp-content\/uploads\/2025\/07\/Katrina-Burgoyne.webp",1000,667,false],"thumbnail":["https:\/\/www.radiocastor.com\/wp-content\/uploads\/2025\/07\/Katrina-Burgoyne-150x150.webp",150,150,true],"medium":["https:\/\/www.radiocastor.com\/wp-content\/uploads\/2025\/07\/Katrina-Burgoyne-300x200.webp",300,200,true],"medium_large":["https:\/\/www.radiocastor.com\/wp-content\/uploads\/2025\/07\/Katrina-Burgoyne-768x512.webp",640,427,true],"large":["https:\/\/www.radiocastor.com\/wp-content\/uploads\/2025\/07\/Katrina-Burgoyne.webp",640,427,false],"1536x1536":["https:\/\/www.radiocastor.com\/wp-content\/uploads\/2025\/07\/Katrina-Burgoyne.webp",1000,667,false],"2048x2048":["https:\/\/www.radiocastor.com\/wp-content\/uploads\/2025\/07\/Katrina-Burgoyne.webp",1000,667,false],"newsever-slider-full":["https:\/\/www.radiocastor.com\/wp-content\/uploads\/2025\/07\/Katrina-Burgoyne.webp",1000,667,false],"newsever-featured":["https:\/\/www.radiocastor.com\/wp-content\/uploads\/2025\/07\/Katrina-Burgoyne.webp",1000,667,false],"newsever-medium":["https:\/\/www.radiocastor.com\/wp-content\/uploads\/2025\/07\/Katrina-Burgoyne-720x475.webp",720,475,true]},"uagb_author_info":{"display_name":"R\u00e9daction R C","author_link":"https:\/\/www.radiocastor.com\/index.php\/author\/radio-castor\/"},"uagb_comment_info":0,"uagb_excerpt":"Katrina Burgoyne, artiste australienne, nous pr\u00e9sente son dernier titre, \u201cThe American Dream\u201d, sorti le 25...","_links":{"self":[{"href":"https:\/\/www.radiocastor.com\/index.php\/wp-json\/wp\/v2\/posts\/12069","targetHints":{"allow":["GET"]}}],"collection":[{"href":"https:\/\/www.radiocastor.com\/index.php\/wp-json\/wp\/v2\/posts"}],"about":[{"href":"https:\/\/www.radiocastor.com\/index.php\/wp-json\/wp\/v2\/types\/post"}],"author":[{"embeddable":true,"href":"https:\/\/www.radiocastor.com\/index.php\/wp-json\/wp\/v2\/users\/1"}],"replies":[{"embeddable":true,"href":"https:\/\/www.radiocastor.com\/index.php\/wp-json\/wp\/v2\/comments?post=12069"}],"version-history":[{"count":1,"href":"https:\/\/www.radiocastor.com\/index.php\/wp-json\/wp\/v2\/posts\/12069\/revisions"}],"predecessor-version":[{"id":12071,"href":"https:\/\/www.radiocastor.com\/index.php\/wp-json\/wp\/v2\/posts\/12069\/revisions\/12071"}],"wp:featuredmedia":[{"embeddable":true,"href":"https:\/\/www.radiocastor.com\/index.php\/wp-json\/wp\/v2\/media\/12070"}],"wp:attachment":[{"href":"https:\/\/www.radiocastor.com\/index.php\/wp-json\/wp\/v2\/media?parent=12069"}],"wp:term":[{"taxonomy":"category","embeddable":true,"href":"https:\/\/www.radiocastor.com\/index.php\/wp-json\/wp\/v2\/categories?post=12069"},{"taxonomy":"post_tag","embeddable":true,"href":"https:\/\/www.radiocastor.com\/index.php\/wp-json\/wp\/v2\/tags?post=12069"}],"curies":[{"name":"wp","href":"https:\/\/api.w.org\/{rel}","templated":true}]}}