{"id":11840,"date":"2025-06-23T05:04:35","date_gmt":"2025-06-23T03:04:35","guid":{"rendered":"https:\/\/www.radiocastor.com\/?p=11840"},"modified":"2025-06-23T05:04:36","modified_gmt":"2025-06-23T03:04:36","slug":"emma-teufel-celebre-la-liberation-personnelle-dans-la-lumineuse-delete","status":"publish","type":"post","link":"https:\/\/www.radiocastor.com\/index.php\/emma-teufel-celebre-la-liberation-personnelle-dans-la-lumineuse-delete\/","title":{"rendered":"Emma Teufel c\u00e9l\u00e8bre la lib\u00e9ration personnelle dans la lumineuse \u201cDelete\u201d"},"content":{"rendered":"\n<p>Emma Teufel, auteure-compositrice am\u00e9ricaine, nous pr\u00e9sente son single vibrant \u201cDelete\u201d, sorti d\u00e9but juin 2025.<\/p>\n\n\n\n<p>Emma Teufel est une jeune artiste indie-pop dot\u00e9e d\u2019un univers solaire et lib\u00e9rateur.<br>Avec \u201cDelete\u201d, elle transforme une rupture toxique en hymne f\u00e9d\u00e9rateur : paroles d\u2019empowerment, m\u00e9lodie accrocheuse et \u00e9nergie dansante.<br>Le morceau incarne la c\u00e9l\u00e9bration de soi apr\u00e8s la douleur, et sentiment d\u2019avoir tourn\u00e9 la page, le tout soutenu par une production pop ma\u00eetris\u00e9e et actuelle.<br>D\u00e9j\u00e0 bien relay\u00e9 sur TikTok et les playlists estivales, \u201cDelete\u201d confirme la capacit\u00e9 d\u2019Emma \u00e0 m\u00ealer authenticit\u00e9 et fun musical.<\/p>\n\n\n\n<p>La musique d\u2019Emma s\u00e9duit par sa spontan\u00e9it\u00e9 et son optimisme sinc\u00e8re.<br>La voix claire et affirm\u00e9e s\u2019\u00e9l\u00e8ve sur une base rythmique rutilante, renfor\u00e7ant le message d\u2019ind\u00e9pendance personnelle.<br>Ce single marque aussi une \u00e9volution stylistique, confirmant son positionnement sur la sc\u00e8ne pop moderne am\u00e9ricaine.<br>Avec \u201cDelete\u201d, Emma prend une place de choix entre empowerment et fra\u00eecheur estivale, affichant un style lumineux et f\u00e9d\u00e9rateur.<\/p>\n\n\n\n<p><em>A \u00e9couter sur <a href=\"https:\/\/www.radiocastor.com\/index.php\/playlist\/\" target=\"_blank\" rel=\"noreferrer noopener\">nos playlists<\/a> !<\/em><\/p>\n\n\n\n<p style=\"text-align: center;\"><iframe loading=\"lazy\" width=\"560\" height=\"315\" src=\"https:\/\/www.youtube.com\/embed\/-IEY7QG_FJM?si=Pf3H2NiyV6bgPm6t\" title=\"YouTube video player\" frameborder=\"0\" allow=\"accelerometer; autoplay; clipboard-write; encrypted-media; gyroscope; picture-in-picture; web-share\" referrerpolicy=\"strict-origin-when-cross-origin\" allowfullscreen><\/iframe><\/p>\n\n\n\n<p class=\"has-text-align-center\"><a href=\"https:\/\/www.instagram.com\/emteufel\" target=\"_blank\" rel=\"noreferrer noopener\">Instagram<\/a> &#8211; <a href=\"https:\/\/twitter.com\/gossippbby\" target=\"_blank\" rel=\"noreferrer noopener\">Twitter<\/a><\/p>\n","protected":false},"excerpt":{"rendered":"<p>Emma Teufel, auteure-compositrice am\u00e9ricaine, nous pr\u00e9sente son single vibrant \u201cDelete\u201d, sorti d\u00e9but juin 2025. Emma&#8230;<\/p>\n","protected":false},"author":1,"featured_media":11841,"comment_status":"closed","ping_status":"open","sticky":false,"template":"","format":"standard","meta":{"_uag_custom_page_level_css":"","footnotes":""},"categories":[75,4,32,46],"tags":[],"class_list":["post-11840","post","type-post","status-publish","format-standard","has-post-thumbnail","hentry","category-electro","category-pop","category-single","category-sortie"],"yoast_head":"<!-- This site is optimized with the Yoast SEO plugin v27.5 - https:\/\/yoast.com\/product\/yoast-seo-wordpress\/ -->\n<title>Emma Teufel c\u00e9l\u00e8bre la lib\u00e9ration personnelle dans la lumineuse \u201cDelete\u201d - Radio Castor<\/title>\n<meta name=\"robots\" content=\"index, follow, max-snippet:-1, max-image-preview:large, max-video-preview:-1\" \/>\n<link rel=\"canonical\" href=\"https:\/\/www.radiocastor.com\/index.php\/emma-teufel-celebre-la-liberation-personnelle-dans-la-lumineuse-delete\/\" \/>\n<meta property=\"og:locale\" content=\"fr_FR\" \/>\n<meta property=\"og:type\" content=\"article\" \/>\n<meta property=\"og:title\" content=\"Emma Teufel c\u00e9l\u00e8bre la lib\u00e9ration personnelle dans la lumineuse \u201cDelete\u201d - Radio Castor\" \/>\n<meta property=\"og:description\" content=\"Emma Teufel, auteure-compositrice am\u00e9ricaine, nous pr\u00e9sente son single vibrant \u201cDelete\u201d, sorti d\u00e9but juin 2025. Emma...\" \/>\n<meta property=\"og:url\" content=\"https:\/\/www.radiocastor.com\/index.php\/emma-teufel-celebre-la-liberation-personnelle-dans-la-lumineuse-delete\/\" \/>\n<meta property=\"og:site_name\" content=\"Radio Castor\" \/>\n<meta property=\"article:publisher\" content=\"https:\/\/www.facebook.com\/theradiocastor\" \/>\n<meta property=\"article:published_time\" content=\"2025-06-23T03:04:35+00:00\" \/>\n<meta property=\"article:modified_time\" content=\"2025-06-23T03:04:36+00:00\" \/>\n<meta property=\"og:image\" content=\"https:\/\/www.radiocastor.com\/wp-content\/uploads\/2025\/06\/Screenshot-2025-06-23-at-04-58-21-Emma-Teufel-@emteufel-\u2022-Photos-et-videos-Instagram.png\" \/>\n\t<meta property=\"og:image:width\" content=\"684\" \/>\n\t<meta property=\"og:image:height\" content=\"896\" \/>\n\t<meta property=\"og:image:type\" content=\"image\/png\" \/>\n<meta name=\"author\" content=\"R\u00e9daction R C\" \/>\n<meta name=\"twitter:card\" content=\"summary_large_image\" \/>\n<meta name=\"twitter:creator\" content=\"@TheRadioCastor\" \/>\n<meta name=\"twitter:site\" content=\"@TheRadioCastor\" \/>\n<meta name=\"twitter:label1\" content=\"\u00c9crit par\" \/>\n\t<meta name=\"twitter:data1\" content=\"R\u00e9daction R C\" \/>\n\t<meta name=\"twitter:label2\" content=\"Dur\u00e9e de lecture estim\u00e9e\" \/>\n\t<meta name=\"twitter:data2\" content=\"2 minutes\" \/>\n<script type=\"application\/ld+json\" class=\"yoast-schema-graph\">{\"@context\":\"https:\\\/\\\/schema.org\",\"@graph\":[{\"@type\":\"Article\",\"@id\":\"https:\\\/\\\/www.radiocastor.com\\\/index.php\\\/emma-teufel-celebre-la-liberation-personnelle-dans-la-lumineuse-delete\\\/#article\",\"isPartOf\":{\"@id\":\"https:\\\/\\\/www.radiocastor.com\\\/index.php\\\/emma-teufel-celebre-la-liberation-personnelle-dans-la-lumineuse-delete\\\/\"},\"author\":{\"name\":\"R\u00e9daction R C\",\"@id\":\"https:\\\/\\\/www.radiocastor.com\\\/#\\\/schema\\\/person\\\/558b0e47dc4c11fa52b2220ba6a78779\"},\"headline\":\"Emma Teufel c\u00e9l\u00e8bre la lib\u00e9ration personnelle dans la lumineuse \u201cDelete\u201d\",\"datePublished\":\"2025-06-23T03:04:35+00:00\",\"dateModified\":\"2025-06-23T03:04:36+00:00\",\"mainEntityOfPage\":{\"@id\":\"https:\\\/\\\/www.radiocastor.com\\\/index.php\\\/emma-teufel-celebre-la-liberation-personnelle-dans-la-lumineuse-delete\\\/\"},\"wordCount\":205,\"publisher\":{\"@id\":\"https:\\\/\\\/www.radiocastor.com\\\/#organization\"},\"image\":{\"@id\":\"https:\\\/\\\/www.radiocastor.com\\\/index.php\\\/emma-teufel-celebre-la-liberation-personnelle-dans-la-lumineuse-delete\\\/#primaryimage\"},\"thumbnailUrl\":\"https:\\\/\\\/www.radiocastor.com\\\/wp-content\\\/uploads\\\/2025\\\/06\\\/Screenshot-2025-06-23-at-04-58-21-Emma-Teufel-@emteufel-\u2022-Photos-et-videos-Instagram.png\",\"articleSection\":[\"Electro\",\"Pop\",\"Single\",\"Sortie\"],\"inLanguage\":\"fr-FR\"},{\"@type\":\"WebPage\",\"@id\":\"https:\\\/\\\/www.radiocastor.com\\\/index.php\\\/emma-teufel-celebre-la-liberation-personnelle-dans-la-lumineuse-delete\\\/\",\"url\":\"https:\\\/\\\/www.radiocastor.com\\\/index.php\\\/emma-teufel-celebre-la-liberation-personnelle-dans-la-lumineuse-delete\\\/\",\"name\":\"Emma Teufel c\u00e9l\u00e8bre la lib\u00e9ration personnelle dans la lumineuse \u201cDelete\u201d - Radio Castor\",\"isPartOf\":{\"@id\":\"https:\\\/\\\/www.radiocastor.com\\\/#website\"},\"primaryImageOfPage\":{\"@id\":\"https:\\\/\\\/www.radiocastor.com\\\/index.php\\\/emma-teufel-celebre-la-liberation-personnelle-dans-la-lumineuse-delete\\\/#primaryimage\"},\"image\":{\"@id\":\"https:\\\/\\\/www.radiocastor.com\\\/index.php\\\/emma-teufel-celebre-la-liberation-personnelle-dans-la-lumineuse-delete\\\/#primaryimage\"},\"thumbnailUrl\":\"https:\\\/\\\/www.radiocastor.com\\\/wp-content\\\/uploads\\\/2025\\\/06\\\/Screenshot-2025-06-23-at-04-58-21-Emma-Teufel-@emteufel-\u2022-Photos-et-videos-Instagram.png\",\"datePublished\":\"2025-06-23T03:04:35+00:00\",\"dateModified\":\"2025-06-23T03:04:36+00:00\",\"breadcrumb\":{\"@id\":\"https:\\\/\\\/www.radiocastor.com\\\/index.php\\\/emma-teufel-celebre-la-liberation-personnelle-dans-la-lumineuse-delete\\\/#breadcrumb\"},\"inLanguage\":\"fr-FR\",\"potentialAction\":[{\"@type\":\"ReadAction\",\"target\":[\"https:\\\/\\\/www.radiocastor.com\\\/index.php\\\/emma-teufel-celebre-la-liberation-personnelle-dans-la-lumineuse-delete\\\/\"]}]},{\"@type\":\"ImageObject\",\"inLanguage\":\"fr-FR\",\"@id\":\"https:\\\/\\\/www.radiocastor.com\\\/index.php\\\/emma-teufel-celebre-la-liberation-personnelle-dans-la-lumineuse-delete\\\/#primaryimage\",\"url\":\"https:\\\/\\\/www.radiocastor.com\\\/wp-content\\\/uploads\\\/2025\\\/06\\\/Screenshot-2025-06-23-at-04-58-21-Emma-Teufel-@emteufel-\u2022-Photos-et-videos-Instagram.png\",\"contentUrl\":\"https:\\\/\\\/www.radiocastor.com\\\/wp-content\\\/uploads\\\/2025\\\/06\\\/Screenshot-2025-06-23-at-04-58-21-Emma-Teufel-@emteufel-\u2022-Photos-et-videos-Instagram.png\",\"width\":684,\"height\":896,\"caption\":\"Emma Teufel\"},{\"@type\":\"BreadcrumbList\",\"@id\":\"https:\\\/\\\/www.radiocastor.com\\\/index.php\\\/emma-teufel-celebre-la-liberation-personnelle-dans-la-lumineuse-delete\\\/#breadcrumb\",\"itemListElement\":[{\"@type\":\"ListItem\",\"position\":1,\"name\":\"Accueil\",\"item\":\"https:\\\/\\\/www.radiocastor.com\\\/\"},{\"@type\":\"ListItem\",\"position\":2,\"name\":\"Emma Teufel c\u00e9l\u00e8bre la lib\u00e9ration personnelle dans la lumineuse \u201cDelete\u201d\"}]},{\"@type\":\"WebSite\",\"@id\":\"https:\\\/\\\/www.radiocastor.com\\\/#website\",\"url\":\"https:\\\/\\\/www.radiocastor.com\\\/\",\"name\":\"Radio Castor\",\"description\":\"La voix !\",\"publisher\":{\"@id\":\"https:\\\/\\\/www.radiocastor.com\\\/#organization\"},\"potentialAction\":[{\"@type\":\"SearchAction\",\"target\":{\"@type\":\"EntryPoint\",\"urlTemplate\":\"https:\\\/\\\/www.radiocastor.com\\\/?s={search_term_string}\"},\"query-input\":{\"@type\":\"PropertyValueSpecification\",\"valueRequired\":true,\"valueName\":\"search_term_string\"}}],\"inLanguage\":\"fr-FR\"},{\"@type\":\"Organization\",\"@id\":\"https:\\\/\\\/www.radiocastor.com\\\/#organization\",\"name\":\"Radio Castor\",\"url\":\"https:\\\/\\\/www.radiocastor.com\\\/\",\"logo\":{\"@type\":\"ImageObject\",\"inLanguage\":\"fr-FR\",\"@id\":\"https:\\\/\\\/www.radiocastor.com\\\/#\\\/schema\\\/logo\\\/image\\\/\",\"url\":\"https:\\\/\\\/www.radiocastor.com\\\/wp-content\\\/uploads\\\/2021\\\/11\\\/cropped-Radio-castor-logo-2.png\",\"contentUrl\":\"https:\\\/\\\/www.radiocastor.com\\\/wp-content\\\/uploads\\\/2021\\\/11\\\/cropped-Radio-castor-logo-2.png\",\"width\":437,\"height\":219,\"caption\":\"Radio Castor\"},\"image\":{\"@id\":\"https:\\\/\\\/www.radiocastor.com\\\/#\\\/schema\\\/logo\\\/image\\\/\"},\"sameAs\":[\"https:\\\/\\\/www.facebook.com\\\/theradiocastor\",\"https:\\\/\\\/x.com\\\/TheRadioCastor\",\"https:\\\/\\\/www.instagram.com\\\/theradiocastor\",\"https:\\\/\\\/www.youtube.com\\\/c\\\/RadioCastor\"]},{\"@type\":\"Person\",\"@id\":\"https:\\\/\\\/www.radiocastor.com\\\/#\\\/schema\\\/person\\\/558b0e47dc4c11fa52b2220ba6a78779\",\"name\":\"R\u00e9daction R C\",\"image\":{\"@type\":\"ImageObject\",\"inLanguage\":\"fr-FR\",\"@id\":\"https:\\\/\\\/secure.gravatar.com\\\/avatar\\\/1d3e4f4c4a0d129f7ed4838ea20c33760c2484b9bc381993df6c0e3f5bf89c23?s=96&d=mm&r=g\",\"url\":\"https:\\\/\\\/secure.gravatar.com\\\/avatar\\\/1d3e4f4c4a0d129f7ed4838ea20c33760c2484b9bc381993df6c0e3f5bf89c23?s=96&d=mm&r=g\",\"contentUrl\":\"https:\\\/\\\/secure.gravatar.com\\\/avatar\\\/1d3e4f4c4a0d129f7ed4838ea20c33760c2484b9bc381993df6c0e3f5bf89c23?s=96&d=mm&r=g\",\"caption\":\"R\u00e9daction R C\"},\"sameAs\":[\"http:\\\/\\\/www.radiocastor.com\"],\"url\":\"https:\\\/\\\/www.radiocastor.com\\\/index.php\\\/author\\\/radio-castor\\\/\"}]}<\/script>\n<!-- \/ Yoast SEO plugin. -->","yoast_head_json":{"title":"Emma Teufel c\u00e9l\u00e8bre la lib\u00e9ration personnelle dans la lumineuse \u201cDelete\u201d - Radio Castor","robots":{"index":"index","follow":"follow","max-snippet":"max-snippet:-1","max-image-preview":"max-image-preview:large","max-video-preview":"max-video-preview:-1"},"canonical":"https:\/\/www.radiocastor.com\/index.php\/emma-teufel-celebre-la-liberation-personnelle-dans-la-lumineuse-delete\/","og_locale":"fr_FR","og_type":"article","og_title":"Emma Teufel c\u00e9l\u00e8bre la lib\u00e9ration personnelle dans la lumineuse \u201cDelete\u201d - Radio Castor","og_description":"Emma Teufel, auteure-compositrice am\u00e9ricaine, nous pr\u00e9sente son single vibrant \u201cDelete\u201d, sorti d\u00e9but juin 2025. Emma...","og_url":"https:\/\/www.radiocastor.com\/index.php\/emma-teufel-celebre-la-liberation-personnelle-dans-la-lumineuse-delete\/","og_site_name":"Radio Castor","article_publisher":"https:\/\/www.facebook.com\/theradiocastor","article_published_time":"2025-06-23T03:04:35+00:00","article_modified_time":"2025-06-23T03:04:36+00:00","og_image":[{"width":684,"height":896,"url":"https:\/\/www.radiocastor.com\/wp-content\/uploads\/2025\/06\/Screenshot-2025-06-23-at-04-58-21-Emma-Teufel-@emteufel-\u2022-Photos-et-videos-Instagram.png","type":"image\/png"}],"author":"R\u00e9daction R C","twitter_card":"summary_large_image","twitter_creator":"@TheRadioCastor","twitter_site":"@TheRadioCastor","twitter_misc":{"\u00c9crit par":"R\u00e9daction R C","Dur\u00e9e de lecture estim\u00e9e":"2 minutes"},"schema":{"@context":"https:\/\/schema.org","@graph":[{"@type":"Article","@id":"https:\/\/www.radiocastor.com\/index.php\/emma-teufel-celebre-la-liberation-personnelle-dans-la-lumineuse-delete\/#article","isPartOf":{"@id":"https:\/\/www.radiocastor.com\/index.php\/emma-teufel-celebre-la-liberation-personnelle-dans-la-lumineuse-delete\/"},"author":{"name":"R\u00e9daction R C","@id":"https:\/\/www.radiocastor.com\/#\/schema\/person\/558b0e47dc4c11fa52b2220ba6a78779"},"headline":"Emma Teufel c\u00e9l\u00e8bre la lib\u00e9ration personnelle dans la lumineuse \u201cDelete\u201d","datePublished":"2025-06-23T03:04:35+00:00","dateModified":"2025-06-23T03:04:36+00:00","mainEntityOfPage":{"@id":"https:\/\/www.radiocastor.com\/index.php\/emma-teufel-celebre-la-liberation-personnelle-dans-la-lumineuse-delete\/"},"wordCount":205,"publisher":{"@id":"https:\/\/www.radiocastor.com\/#organization"},"image":{"@id":"https:\/\/www.radiocastor.com\/index.php\/emma-teufel-celebre-la-liberation-personnelle-dans-la-lumineuse-delete\/#primaryimage"},"thumbnailUrl":"https:\/\/www.radiocastor.com\/wp-content\/uploads\/2025\/06\/Screenshot-2025-06-23-at-04-58-21-Emma-Teufel-@emteufel-\u2022-Photos-et-videos-Instagram.png","articleSection":["Electro","Pop","Single","Sortie"],"inLanguage":"fr-FR"},{"@type":"WebPage","@id":"https:\/\/www.radiocastor.com\/index.php\/emma-teufel-celebre-la-liberation-personnelle-dans-la-lumineuse-delete\/","url":"https:\/\/www.radiocastor.com\/index.php\/emma-teufel-celebre-la-liberation-personnelle-dans-la-lumineuse-delete\/","name":"Emma Teufel c\u00e9l\u00e8bre la lib\u00e9ration personnelle dans la lumineuse \u201cDelete\u201d - Radio Castor","isPartOf":{"@id":"https:\/\/www.radiocastor.com\/#website"},"primaryImageOfPage":{"@id":"https:\/\/www.radiocastor.com\/index.php\/emma-teufel-celebre-la-liberation-personnelle-dans-la-lumineuse-delete\/#primaryimage"},"image":{"@id":"https:\/\/www.radiocastor.com\/index.php\/emma-teufel-celebre-la-liberation-personnelle-dans-la-lumineuse-delete\/#primaryimage"},"thumbnailUrl":"https:\/\/www.radiocastor.com\/wp-content\/uploads\/2025\/06\/Screenshot-2025-06-23-at-04-58-21-Emma-Teufel-@emteufel-\u2022-Photos-et-videos-Instagram.png","datePublished":"2025-06-23T03:04:35+00:00","dateModified":"2025-06-23T03:04:36+00:00","breadcrumb":{"@id":"https:\/\/www.radiocastor.com\/index.php\/emma-teufel-celebre-la-liberation-personnelle-dans-la-lumineuse-delete\/#breadcrumb"},"inLanguage":"fr-FR","potentialAction":[{"@type":"ReadAction","target":["https:\/\/www.radiocastor.com\/index.php\/emma-teufel-celebre-la-liberation-personnelle-dans-la-lumineuse-delete\/"]}]},{"@type":"ImageObject","inLanguage":"fr-FR","@id":"https:\/\/www.radiocastor.com\/index.php\/emma-teufel-celebre-la-liberation-personnelle-dans-la-lumineuse-delete\/#primaryimage","url":"https:\/\/www.radiocastor.com\/wp-content\/uploads\/2025\/06\/Screenshot-2025-06-23-at-04-58-21-Emma-Teufel-@emteufel-\u2022-Photos-et-videos-Instagram.png","contentUrl":"https:\/\/www.radiocastor.com\/wp-content\/uploads\/2025\/06\/Screenshot-2025-06-23-at-04-58-21-Emma-Teufel-@emteufel-\u2022-Photos-et-videos-Instagram.png","width":684,"height":896,"caption":"Emma Teufel"},{"@type":"BreadcrumbList","@id":"https:\/\/www.radiocastor.com\/index.php\/emma-teufel-celebre-la-liberation-personnelle-dans-la-lumineuse-delete\/#breadcrumb","itemListElement":[{"@type":"ListItem","position":1,"name":"Accueil","item":"https:\/\/www.radiocastor.com\/"},{"@type":"ListItem","position":2,"name":"Emma Teufel c\u00e9l\u00e8bre la lib\u00e9ration personnelle dans la lumineuse \u201cDelete\u201d"}]},{"@type":"WebSite","@id":"https:\/\/www.radiocastor.com\/#website","url":"https:\/\/www.radiocastor.com\/","name":"Radio Castor","description":"La voix !","publisher":{"@id":"https:\/\/www.radiocastor.com\/#organization"},"potentialAction":[{"@type":"SearchAction","target":{"@type":"EntryPoint","urlTemplate":"https:\/\/www.radiocastor.com\/?s={search_term_string}"},"query-input":{"@type":"PropertyValueSpecification","valueRequired":true,"valueName":"search_term_string"}}],"inLanguage":"fr-FR"},{"@type":"Organization","@id":"https:\/\/www.radiocastor.com\/#organization","name":"Radio Castor","url":"https:\/\/www.radiocastor.com\/","logo":{"@type":"ImageObject","inLanguage":"fr-FR","@id":"https:\/\/www.radiocastor.com\/#\/schema\/logo\/image\/","url":"https:\/\/www.radiocastor.com\/wp-content\/uploads\/2021\/11\/cropped-Radio-castor-logo-2.png","contentUrl":"https:\/\/www.radiocastor.com\/wp-content\/uploads\/2021\/11\/cropped-Radio-castor-logo-2.png","width":437,"height":219,"caption":"Radio Castor"},"image":{"@id":"https:\/\/www.radiocastor.com\/#\/schema\/logo\/image\/"},"sameAs":["https:\/\/www.facebook.com\/theradiocastor","https:\/\/x.com\/TheRadioCastor","https:\/\/www.instagram.com\/theradiocastor","https:\/\/www.youtube.com\/c\/RadioCastor"]},{"@type":"Person","@id":"https:\/\/www.radiocastor.com\/#\/schema\/person\/558b0e47dc4c11fa52b2220ba6a78779","name":"R\u00e9daction R C","image":{"@type":"ImageObject","inLanguage":"fr-FR","@id":"https:\/\/secure.gravatar.com\/avatar\/1d3e4f4c4a0d129f7ed4838ea20c33760c2484b9bc381993df6c0e3f5bf89c23?s=96&d=mm&r=g","url":"https:\/\/secure.gravatar.com\/avatar\/1d3e4f4c4a0d129f7ed4838ea20c33760c2484b9bc381993df6c0e3f5bf89c23?s=96&d=mm&r=g","contentUrl":"https:\/\/secure.gravatar.com\/avatar\/1d3e4f4c4a0d129f7ed4838ea20c33760c2484b9bc381993df6c0e3f5bf89c23?s=96&d=mm&r=g","caption":"R\u00e9daction R C"},"sameAs":["http:\/\/www.radiocastor.com"],"url":"https:\/\/www.radiocastor.com\/index.php\/author\/radio-castor\/"}]}},"uagb_featured_image_src":{"full":["https:\/\/www.radiocastor.com\/wp-content\/uploads\/2025\/06\/Screenshot-2025-06-23-at-04-58-21-Emma-Teufel-@emteufel-\u2022-Photos-et-videos-Instagram.png",684,896,false],"thumbnail":["https:\/\/www.radiocastor.com\/wp-content\/uploads\/2025\/06\/Screenshot-2025-06-23-at-04-58-21-Emma-Teufel-@emteufel-\u2022-Photos-et-videos-Instagram-150x150.png",150,150,true],"medium":["https:\/\/www.radiocastor.com\/wp-content\/uploads\/2025\/06\/Screenshot-2025-06-23-at-04-58-21-Emma-Teufel-@emteufel-\u2022-Photos-et-videos-Instagram-229x300.png",229,300,true],"medium_large":["https:\/\/www.radiocastor.com\/wp-content\/uploads\/2025\/06\/Screenshot-2025-06-23-at-04-58-21-Emma-Teufel-@emteufel-\u2022-Photos-et-videos-Instagram.png",640,838,false],"large":["https:\/\/www.radiocastor.com\/wp-content\/uploads\/2025\/06\/Screenshot-2025-06-23-at-04-58-21-Emma-Teufel-@emteufel-\u2022-Photos-et-videos-Instagram.png",640,838,false],"1536x1536":["https:\/\/www.radiocastor.com\/wp-content\/uploads\/2025\/06\/Screenshot-2025-06-23-at-04-58-21-Emma-Teufel-@emteufel-\u2022-Photos-et-videos-Instagram.png",684,896,false],"2048x2048":["https:\/\/www.radiocastor.com\/wp-content\/uploads\/2025\/06\/Screenshot-2025-06-23-at-04-58-21-Emma-Teufel-@emteufel-\u2022-Photos-et-videos-Instagram.png",684,896,false],"newsever-slider-full":["https:\/\/www.radiocastor.com\/wp-content\/uploads\/2025\/06\/Screenshot-2025-06-23-at-04-58-21-Emma-Teufel-@emteufel-\u2022-Photos-et-videos-Instagram-684x845.png",684,845,true],"newsever-featured":["https:\/\/www.radiocastor.com\/wp-content\/uploads\/2025\/06\/Screenshot-2025-06-23-at-04-58-21-Emma-Teufel-@emteufel-\u2022-Photos-et-videos-Instagram.png",684,896,false],"newsever-medium":["https:\/\/www.radiocastor.com\/wp-content\/uploads\/2025\/06\/Screenshot-2025-06-23-at-04-58-21-Emma-Teufel-@emteufel-\u2022-Photos-et-videos-Instagram-684x475.png",684,475,true]},"uagb_author_info":{"display_name":"R\u00e9daction R C","author_link":"https:\/\/www.radiocastor.com\/index.php\/author\/radio-castor\/"},"uagb_comment_info":0,"uagb_excerpt":"Emma Teufel, auteure-compositrice am\u00e9ricaine, nous pr\u00e9sente son single vibrant \u201cDelete\u201d, sorti d\u00e9but juin 2025. Emma...","_links":{"self":[{"href":"https:\/\/www.radiocastor.com\/index.php\/wp-json\/wp\/v2\/posts\/11840","targetHints":{"allow":["GET"]}}],"collection":[{"href":"https:\/\/www.radiocastor.com\/index.php\/wp-json\/wp\/v2\/posts"}],"about":[{"href":"https:\/\/www.radiocastor.com\/index.php\/wp-json\/wp\/v2\/types\/post"}],"author":[{"embeddable":true,"href":"https:\/\/www.radiocastor.com\/index.php\/wp-json\/wp\/v2\/users\/1"}],"replies":[{"embeddable":true,"href":"https:\/\/www.radiocastor.com\/index.php\/wp-json\/wp\/v2\/comments?post=11840"}],"version-history":[{"count":1,"href":"https:\/\/www.radiocastor.com\/index.php\/wp-json\/wp\/v2\/posts\/11840\/revisions"}],"predecessor-version":[{"id":11842,"href":"https:\/\/www.radiocastor.com\/index.php\/wp-json\/wp\/v2\/posts\/11840\/revisions\/11842"}],"wp:featuredmedia":[{"embeddable":true,"href":"https:\/\/www.radiocastor.com\/index.php\/wp-json\/wp\/v2\/media\/11841"}],"wp:attachment":[{"href":"https:\/\/www.radiocastor.com\/index.php\/wp-json\/wp\/v2\/media?parent=11840"}],"wp:term":[{"taxonomy":"category","embeddable":true,"href":"https:\/\/www.radiocastor.com\/index.php\/wp-json\/wp\/v2\/categories?post=11840"},{"taxonomy":"post_tag","embeddable":true,"href":"https:\/\/www.radiocastor.com\/index.php\/wp-json\/wp\/v2\/tags?post=11840"}],"curies":[{"name":"wp","href":"https:\/\/api.w.org\/{rel}","templated":true}]}}