{"id":1178,"date":"2022-03-25T12:40:00","date_gmt":"2022-03-25T11:40:00","guid":{"rendered":"https:\/\/www.radiocastor.com\/?p=1178"},"modified":"2022-03-25T15:21:02","modified_gmt":"2022-03-25T14:21:02","slug":"lola-dargenti-nous-livre-une-pop-aux-sonorites-latino-avec-la-libertad-premier-extrait-de-son-album-indalo","status":"publish","type":"post","link":"https:\/\/www.radiocastor.com\/index.php\/lola-dargenti-nous-livre-une-pop-aux-sonorites-latino-avec-la-libertad-premier-extrait-de-son-album-indalo\/","title":{"rendered":"Lola Dargenti nous livre une pop aux sonorit\u00e9s latino avec \u00ab\u00a0La libertad\u00a0\u00bb, premier extrait de son album \u00ab\u00a0Indalo\u00a0\u00bb"},"content":{"rendered":"\n<p>On vous avait d\u00e9j\u00e0 pr\u00e9sent\u00e9 Lola Dargenti \u00e0 l&rsquo;occasion de la sortie du single \u00ab\u00a0<a rel=\"noreferrer noopener\" href=\"https:\/\/www.radiocastor.com\/index.php\/titre-du-jour-lola-dargenti-the-power-of-music\/\" target=\"_blank\">The power of music<\/a>\u00ab\u00a0, on va reparler d&rsquo;elle avec ce monceau sublime, \u00ab\u00a0La libertad\u00a0\u00bb, extrait de son album \u00ab\u00a0Indalo\u00a0\u00bb.<\/p>\n\n\n\n<p>Chanson pop avec des sonorit\u00e9s latino, accord\u00e9ons, percussions, c&rsquo;est Rick Allison qui est \u00e0 la man\u0153uvre !<\/p>\n\n\n\n<p>Pour le texte, Lola nous pr\u00e9sente sa vision de \u00ab\u00a0La libertad\u00a0\u00bb, c&rsquo;est un hymne \u00e0 la libert\u00e9 d&rsquo;\u00eatre soi-m\u00eame, d&rsquo;\u00eatre authentique et unique dans sa diff\u00e9rence. Le besoin essentiel d&rsquo;\u00eatre personne d&rsquo;autre que soi\u2026<\/p>\n\n\n\n<p>Chantant en fran\u00e7ais, sa voix prend des tonalit\u00e9s plus sensuelles que dans ces titres en anglais, magnifique.<br>Dans tous les cas, ce titre fait honneur \u00e0 ses origines argentines !<br><\/p>\n\n\n\n<p><iframe loading=\"lazy\" src=\"https:\/\/www.youtube.com\/embed\/VzyAp1d94Ws\" title=\"YouTube video player\" allow=\"accelerometer; autoplay; clipboard-write; encrypted-media; gyroscope; picture-in-picture\" allowfullscreen=\"\" width=\"560\" height=\"315\" frameborder=\"0\"><\/iframe><\/p>\n\n\n\n<p class=\"has-text-align-center\"><a href=\"https:\/\/www.loladargenti.com\/\" target=\"_blank\" rel=\"noreferrer noopener\">Site officiel<\/a> &#8211; <a rel=\"noreferrer noopener\" href=\"https:\/\/www.instagram.com\/loladargenti\/\" target=\"_blank\">Instagram <\/a>\u2013 <a rel=\"noreferrer noopener\" href=\"https:\/\/www.facebook.com\/loladargenti\" target=\"_blank\">Facebook <\/a>\u2013 <a rel=\"noreferrer noopener\" href=\"https:\/\/twitter.com\/loladargenti\" target=\"_blank\">Twitter<\/a><\/p>\n","protected":false},"excerpt":{"rendered":"<p>On vous avait d\u00e9j\u00e0 pr\u00e9sent\u00e9 Lola Dargenti \u00e0 l&rsquo;occasion de la sortie du single \u00ab\u00a0The&#8230;<\/p>\n","protected":false},"author":1,"featured_media":1179,"comment_status":"closed","ping_status":"open","sticky":false,"template":"","format":"standard","meta":{"_uag_custom_page_level_css":"","footnotes":""},"categories":[31,4,46],"tags":[],"class_list":["post-1178","post","type-post","status-publish","format-standard","has-post-thumbnail","hentry","category-latin","category-pop","category-sortie"],"yoast_head":"<!-- This site is optimized with the Yoast SEO plugin v27.5 - https:\/\/yoast.com\/product\/yoast-seo-wordpress\/ -->\n<title>Lola Dargenti nous livre une pop aux sonorit\u00e9s latino avec &quot;La libertad&quot;, premier extrait de son album &quot;Indalo&quot; - Radio Castor<\/title>\n<meta name=\"robots\" content=\"index, follow, max-snippet:-1, max-image-preview:large, max-video-preview:-1\" \/>\n<link rel=\"canonical\" href=\"https:\/\/www.radiocastor.com\/index.php\/lola-dargenti-nous-livre-une-pop-aux-sonorites-latino-avec-la-libertad-premier-extrait-de-son-album-indalo\/\" \/>\n<meta property=\"og:locale\" content=\"fr_FR\" \/>\n<meta property=\"og:type\" content=\"article\" \/>\n<meta property=\"og:title\" content=\"Lola Dargenti nous livre une pop aux sonorit\u00e9s latino avec &quot;La libertad&quot;, premier extrait de son album &quot;Indalo&quot; - Radio Castor\" \/>\n<meta property=\"og:description\" content=\"On vous avait d\u00e9j\u00e0 pr\u00e9sent\u00e9 Lola Dargenti \u00e0 l&rsquo;occasion de la sortie du single \u00ab\u00a0The...\" \/>\n<meta property=\"og:url\" content=\"https:\/\/www.radiocastor.com\/index.php\/lola-dargenti-nous-livre-une-pop-aux-sonorites-latino-avec-la-libertad-premier-extrait-de-son-album-indalo\/\" \/>\n<meta property=\"og:site_name\" content=\"Radio Castor\" \/>\n<meta property=\"article:publisher\" content=\"https:\/\/www.facebook.com\/theradiocastor\" \/>\n<meta property=\"article:published_time\" content=\"2022-03-25T11:40:00+00:00\" \/>\n<meta property=\"article:modified_time\" content=\"2022-03-25T14:21:02+00:00\" \/>\n<meta property=\"og:image\" content=\"https:\/\/www.radiocastor.com\/wp-content\/uploads\/2022\/03\/Lola-Dargenti-2.png\" \/>\n\t<meta property=\"og:image:width\" content=\"849\" \/>\n\t<meta property=\"og:image:height\" content=\"834\" \/>\n\t<meta property=\"og:image:type\" content=\"image\/png\" \/>\n<meta name=\"author\" content=\"R\u00e9daction R C\" \/>\n<meta name=\"twitter:card\" content=\"summary_large_image\" \/>\n<meta name=\"twitter:creator\" content=\"@TheRadioCastor\" \/>\n<meta name=\"twitter:site\" content=\"@TheRadioCastor\" \/>\n<meta name=\"twitter:label1\" content=\"\u00c9crit par\" \/>\n\t<meta name=\"twitter:data1\" content=\"R\u00e9daction R C\" \/>\n\t<meta name=\"twitter:label2\" content=\"Dur\u00e9e de lecture estim\u00e9e\" \/>\n\t<meta name=\"twitter:data2\" content=\"1 minute\" \/>\n<script type=\"application\/ld+json\" class=\"yoast-schema-graph\">{\"@context\":\"https:\\\/\\\/schema.org\",\"@graph\":[{\"@type\":\"Article\",\"@id\":\"https:\\\/\\\/www.radiocastor.com\\\/index.php\\\/lola-dargenti-nous-livre-une-pop-aux-sonorites-latino-avec-la-libertad-premier-extrait-de-son-album-indalo\\\/#article\",\"isPartOf\":{\"@id\":\"https:\\\/\\\/www.radiocastor.com\\\/index.php\\\/lola-dargenti-nous-livre-une-pop-aux-sonorites-latino-avec-la-libertad-premier-extrait-de-son-album-indalo\\\/\"},\"author\":{\"name\":\"R\u00e9daction R C\",\"@id\":\"https:\\\/\\\/www.radiocastor.com\\\/#\\\/schema\\\/person\\\/558b0e47dc4c11fa52b2220ba6a78779\"},\"headline\":\"Lola Dargenti nous livre une pop aux sonorit\u00e9s latino avec \u00ab\u00a0La libertad\u00a0\u00bb, premier extrait de son album \u00ab\u00a0Indalo\u00a0\u00bb\",\"datePublished\":\"2022-03-25T11:40:00+00:00\",\"dateModified\":\"2022-03-25T14:21:02+00:00\",\"mainEntityOfPage\":{\"@id\":\"https:\\\/\\\/www.radiocastor.com\\\/index.php\\\/lola-dargenti-nous-livre-une-pop-aux-sonorites-latino-avec-la-libertad-premier-extrait-de-son-album-indalo\\\/\"},\"wordCount\":151,\"publisher\":{\"@id\":\"https:\\\/\\\/www.radiocastor.com\\\/#organization\"},\"image\":{\"@id\":\"https:\\\/\\\/www.radiocastor.com\\\/index.php\\\/lola-dargenti-nous-livre-une-pop-aux-sonorites-latino-avec-la-libertad-premier-extrait-de-son-album-indalo\\\/#primaryimage\"},\"thumbnailUrl\":\"https:\\\/\\\/www.radiocastor.com\\\/wp-content\\\/uploads\\\/2022\\\/03\\\/Lola-Dargenti-2.png\",\"articleSection\":[\"Latin\",\"Pop\",\"Sortie\"],\"inLanguage\":\"fr-FR\"},{\"@type\":\"WebPage\",\"@id\":\"https:\\\/\\\/www.radiocastor.com\\\/index.php\\\/lola-dargenti-nous-livre-une-pop-aux-sonorites-latino-avec-la-libertad-premier-extrait-de-son-album-indalo\\\/\",\"url\":\"https:\\\/\\\/www.radiocastor.com\\\/index.php\\\/lola-dargenti-nous-livre-une-pop-aux-sonorites-latino-avec-la-libertad-premier-extrait-de-son-album-indalo\\\/\",\"name\":\"Lola Dargenti nous livre une pop aux sonorit\u00e9s latino avec \\\"La libertad\\\", premier extrait de son album \\\"Indalo\\\" - Radio Castor\",\"isPartOf\":{\"@id\":\"https:\\\/\\\/www.radiocastor.com\\\/#website\"},\"primaryImageOfPage\":{\"@id\":\"https:\\\/\\\/www.radiocastor.com\\\/index.php\\\/lola-dargenti-nous-livre-une-pop-aux-sonorites-latino-avec-la-libertad-premier-extrait-de-son-album-indalo\\\/#primaryimage\"},\"image\":{\"@id\":\"https:\\\/\\\/www.radiocastor.com\\\/index.php\\\/lola-dargenti-nous-livre-une-pop-aux-sonorites-latino-avec-la-libertad-premier-extrait-de-son-album-indalo\\\/#primaryimage\"},\"thumbnailUrl\":\"https:\\\/\\\/www.radiocastor.com\\\/wp-content\\\/uploads\\\/2022\\\/03\\\/Lola-Dargenti-2.png\",\"datePublished\":\"2022-03-25T11:40:00+00:00\",\"dateModified\":\"2022-03-25T14:21:02+00:00\",\"breadcrumb\":{\"@id\":\"https:\\\/\\\/www.radiocastor.com\\\/index.php\\\/lola-dargenti-nous-livre-une-pop-aux-sonorites-latino-avec-la-libertad-premier-extrait-de-son-album-indalo\\\/#breadcrumb\"},\"inLanguage\":\"fr-FR\",\"potentialAction\":[{\"@type\":\"ReadAction\",\"target\":[\"https:\\\/\\\/www.radiocastor.com\\\/index.php\\\/lola-dargenti-nous-livre-une-pop-aux-sonorites-latino-avec-la-libertad-premier-extrait-de-son-album-indalo\\\/\"]}]},{\"@type\":\"ImageObject\",\"inLanguage\":\"fr-FR\",\"@id\":\"https:\\\/\\\/www.radiocastor.com\\\/index.php\\\/lola-dargenti-nous-livre-une-pop-aux-sonorites-latino-avec-la-libertad-premier-extrait-de-son-album-indalo\\\/#primaryimage\",\"url\":\"https:\\\/\\\/www.radiocastor.com\\\/wp-content\\\/uploads\\\/2022\\\/03\\\/Lola-Dargenti-2.png\",\"contentUrl\":\"https:\\\/\\\/www.radiocastor.com\\\/wp-content\\\/uploads\\\/2022\\\/03\\\/Lola-Dargenti-2.png\",\"width\":849,\"height\":834,\"caption\":\"Lola Dargenti\"},{\"@type\":\"BreadcrumbList\",\"@id\":\"https:\\\/\\\/www.radiocastor.com\\\/index.php\\\/lola-dargenti-nous-livre-une-pop-aux-sonorites-latino-avec-la-libertad-premier-extrait-de-son-album-indalo\\\/#breadcrumb\",\"itemListElement\":[{\"@type\":\"ListItem\",\"position\":1,\"name\":\"Accueil\",\"item\":\"https:\\\/\\\/www.radiocastor.com\\\/\"},{\"@type\":\"ListItem\",\"position\":2,\"name\":\"Lola Dargenti nous livre une pop aux sonorit\u00e9s latino avec \u00ab\u00a0La libertad\u00a0\u00bb, premier extrait de son album \u00ab\u00a0Indalo\u00a0\u00bb\"}]},{\"@type\":\"WebSite\",\"@id\":\"https:\\\/\\\/www.radiocastor.com\\\/#website\",\"url\":\"https:\\\/\\\/www.radiocastor.com\\\/\",\"name\":\"Radio Castor\",\"description\":\"La voix !\",\"publisher\":{\"@id\":\"https:\\\/\\\/www.radiocastor.com\\\/#organization\"},\"potentialAction\":[{\"@type\":\"SearchAction\",\"target\":{\"@type\":\"EntryPoint\",\"urlTemplate\":\"https:\\\/\\\/www.radiocastor.com\\\/?s={search_term_string}\"},\"query-input\":{\"@type\":\"PropertyValueSpecification\",\"valueRequired\":true,\"valueName\":\"search_term_string\"}}],\"inLanguage\":\"fr-FR\"},{\"@type\":\"Organization\",\"@id\":\"https:\\\/\\\/www.radiocastor.com\\\/#organization\",\"name\":\"Radio Castor\",\"url\":\"https:\\\/\\\/www.radiocastor.com\\\/\",\"logo\":{\"@type\":\"ImageObject\",\"inLanguage\":\"fr-FR\",\"@id\":\"https:\\\/\\\/www.radiocastor.com\\\/#\\\/schema\\\/logo\\\/image\\\/\",\"url\":\"https:\\\/\\\/www.radiocastor.com\\\/wp-content\\\/uploads\\\/2021\\\/11\\\/cropped-Radio-castor-logo-2.png\",\"contentUrl\":\"https:\\\/\\\/www.radiocastor.com\\\/wp-content\\\/uploads\\\/2021\\\/11\\\/cropped-Radio-castor-logo-2.png\",\"width\":437,\"height\":219,\"caption\":\"Radio Castor\"},\"image\":{\"@id\":\"https:\\\/\\\/www.radiocastor.com\\\/#\\\/schema\\\/logo\\\/image\\\/\"},\"sameAs\":[\"https:\\\/\\\/www.facebook.com\\\/theradiocastor\",\"https:\\\/\\\/x.com\\\/TheRadioCastor\",\"https:\\\/\\\/www.instagram.com\\\/theradiocastor\",\"https:\\\/\\\/www.youtube.com\\\/c\\\/RadioCastor\"]},{\"@type\":\"Person\",\"@id\":\"https:\\\/\\\/www.radiocastor.com\\\/#\\\/schema\\\/person\\\/558b0e47dc4c11fa52b2220ba6a78779\",\"name\":\"R\u00e9daction R C\",\"image\":{\"@type\":\"ImageObject\",\"inLanguage\":\"fr-FR\",\"@id\":\"https:\\\/\\\/secure.gravatar.com\\\/avatar\\\/1d3e4f4c4a0d129f7ed4838ea20c33760c2484b9bc381993df6c0e3f5bf89c23?s=96&d=mm&r=g\",\"url\":\"https:\\\/\\\/secure.gravatar.com\\\/avatar\\\/1d3e4f4c4a0d129f7ed4838ea20c33760c2484b9bc381993df6c0e3f5bf89c23?s=96&d=mm&r=g\",\"contentUrl\":\"https:\\\/\\\/secure.gravatar.com\\\/avatar\\\/1d3e4f4c4a0d129f7ed4838ea20c33760c2484b9bc381993df6c0e3f5bf89c23?s=96&d=mm&r=g\",\"caption\":\"R\u00e9daction R C\"},\"sameAs\":[\"http:\\\/\\\/www.radiocastor.com\"],\"url\":\"https:\\\/\\\/www.radiocastor.com\\\/index.php\\\/author\\\/radio-castor\\\/\"}]}<\/script>\n<!-- \/ Yoast SEO plugin. -->","yoast_head_json":{"title":"Lola Dargenti nous livre une pop aux sonorit\u00e9s latino avec \"La libertad\", premier extrait de son album \"Indalo\" - Radio Castor","robots":{"index":"index","follow":"follow","max-snippet":"max-snippet:-1","max-image-preview":"max-image-preview:large","max-video-preview":"max-video-preview:-1"},"canonical":"https:\/\/www.radiocastor.com\/index.php\/lola-dargenti-nous-livre-une-pop-aux-sonorites-latino-avec-la-libertad-premier-extrait-de-son-album-indalo\/","og_locale":"fr_FR","og_type":"article","og_title":"Lola Dargenti nous livre une pop aux sonorit\u00e9s latino avec \"La libertad\", premier extrait de son album \"Indalo\" - Radio Castor","og_description":"On vous avait d\u00e9j\u00e0 pr\u00e9sent\u00e9 Lola Dargenti \u00e0 l&rsquo;occasion de la sortie du single \u00ab\u00a0The...","og_url":"https:\/\/www.radiocastor.com\/index.php\/lola-dargenti-nous-livre-une-pop-aux-sonorites-latino-avec-la-libertad-premier-extrait-de-son-album-indalo\/","og_site_name":"Radio Castor","article_publisher":"https:\/\/www.facebook.com\/theradiocastor","article_published_time":"2022-03-25T11:40:00+00:00","article_modified_time":"2022-03-25T14:21:02+00:00","og_image":[{"width":849,"height":834,"url":"https:\/\/www.radiocastor.com\/wp-content\/uploads\/2022\/03\/Lola-Dargenti-2.png","type":"image\/png"}],"author":"R\u00e9daction R C","twitter_card":"summary_large_image","twitter_creator":"@TheRadioCastor","twitter_site":"@TheRadioCastor","twitter_misc":{"\u00c9crit par":"R\u00e9daction R C","Dur\u00e9e de lecture estim\u00e9e":"1 minute"},"schema":{"@context":"https:\/\/schema.org","@graph":[{"@type":"Article","@id":"https:\/\/www.radiocastor.com\/index.php\/lola-dargenti-nous-livre-une-pop-aux-sonorites-latino-avec-la-libertad-premier-extrait-de-son-album-indalo\/#article","isPartOf":{"@id":"https:\/\/www.radiocastor.com\/index.php\/lola-dargenti-nous-livre-une-pop-aux-sonorites-latino-avec-la-libertad-premier-extrait-de-son-album-indalo\/"},"author":{"name":"R\u00e9daction R C","@id":"https:\/\/www.radiocastor.com\/#\/schema\/person\/558b0e47dc4c11fa52b2220ba6a78779"},"headline":"Lola Dargenti nous livre une pop aux sonorit\u00e9s latino avec \u00ab\u00a0La libertad\u00a0\u00bb, premier extrait de son album \u00ab\u00a0Indalo\u00a0\u00bb","datePublished":"2022-03-25T11:40:00+00:00","dateModified":"2022-03-25T14:21:02+00:00","mainEntityOfPage":{"@id":"https:\/\/www.radiocastor.com\/index.php\/lola-dargenti-nous-livre-une-pop-aux-sonorites-latino-avec-la-libertad-premier-extrait-de-son-album-indalo\/"},"wordCount":151,"publisher":{"@id":"https:\/\/www.radiocastor.com\/#organization"},"image":{"@id":"https:\/\/www.radiocastor.com\/index.php\/lola-dargenti-nous-livre-une-pop-aux-sonorites-latino-avec-la-libertad-premier-extrait-de-son-album-indalo\/#primaryimage"},"thumbnailUrl":"https:\/\/www.radiocastor.com\/wp-content\/uploads\/2022\/03\/Lola-Dargenti-2.png","articleSection":["Latin","Pop","Sortie"],"inLanguage":"fr-FR"},{"@type":"WebPage","@id":"https:\/\/www.radiocastor.com\/index.php\/lola-dargenti-nous-livre-une-pop-aux-sonorites-latino-avec-la-libertad-premier-extrait-de-son-album-indalo\/","url":"https:\/\/www.radiocastor.com\/index.php\/lola-dargenti-nous-livre-une-pop-aux-sonorites-latino-avec-la-libertad-premier-extrait-de-son-album-indalo\/","name":"Lola Dargenti nous livre une pop aux sonorit\u00e9s latino avec \"La libertad\", premier extrait de son album \"Indalo\" - Radio Castor","isPartOf":{"@id":"https:\/\/www.radiocastor.com\/#website"},"primaryImageOfPage":{"@id":"https:\/\/www.radiocastor.com\/index.php\/lola-dargenti-nous-livre-une-pop-aux-sonorites-latino-avec-la-libertad-premier-extrait-de-son-album-indalo\/#primaryimage"},"image":{"@id":"https:\/\/www.radiocastor.com\/index.php\/lola-dargenti-nous-livre-une-pop-aux-sonorites-latino-avec-la-libertad-premier-extrait-de-son-album-indalo\/#primaryimage"},"thumbnailUrl":"https:\/\/www.radiocastor.com\/wp-content\/uploads\/2022\/03\/Lola-Dargenti-2.png","datePublished":"2022-03-25T11:40:00+00:00","dateModified":"2022-03-25T14:21:02+00:00","breadcrumb":{"@id":"https:\/\/www.radiocastor.com\/index.php\/lola-dargenti-nous-livre-une-pop-aux-sonorites-latino-avec-la-libertad-premier-extrait-de-son-album-indalo\/#breadcrumb"},"inLanguage":"fr-FR","potentialAction":[{"@type":"ReadAction","target":["https:\/\/www.radiocastor.com\/index.php\/lola-dargenti-nous-livre-une-pop-aux-sonorites-latino-avec-la-libertad-premier-extrait-de-son-album-indalo\/"]}]},{"@type":"ImageObject","inLanguage":"fr-FR","@id":"https:\/\/www.radiocastor.com\/index.php\/lola-dargenti-nous-livre-une-pop-aux-sonorites-latino-avec-la-libertad-premier-extrait-de-son-album-indalo\/#primaryimage","url":"https:\/\/www.radiocastor.com\/wp-content\/uploads\/2022\/03\/Lola-Dargenti-2.png","contentUrl":"https:\/\/www.radiocastor.com\/wp-content\/uploads\/2022\/03\/Lola-Dargenti-2.png","width":849,"height":834,"caption":"Lola Dargenti"},{"@type":"BreadcrumbList","@id":"https:\/\/www.radiocastor.com\/index.php\/lola-dargenti-nous-livre-une-pop-aux-sonorites-latino-avec-la-libertad-premier-extrait-de-son-album-indalo\/#breadcrumb","itemListElement":[{"@type":"ListItem","position":1,"name":"Accueil","item":"https:\/\/www.radiocastor.com\/"},{"@type":"ListItem","position":2,"name":"Lola Dargenti nous livre une pop aux sonorit\u00e9s latino avec \u00ab\u00a0La libertad\u00a0\u00bb, premier extrait de son album \u00ab\u00a0Indalo\u00a0\u00bb"}]},{"@type":"WebSite","@id":"https:\/\/www.radiocastor.com\/#website","url":"https:\/\/www.radiocastor.com\/","name":"Radio Castor","description":"La voix !","publisher":{"@id":"https:\/\/www.radiocastor.com\/#organization"},"potentialAction":[{"@type":"SearchAction","target":{"@type":"EntryPoint","urlTemplate":"https:\/\/www.radiocastor.com\/?s={search_term_string}"},"query-input":{"@type":"PropertyValueSpecification","valueRequired":true,"valueName":"search_term_string"}}],"inLanguage":"fr-FR"},{"@type":"Organization","@id":"https:\/\/www.radiocastor.com\/#organization","name":"Radio Castor","url":"https:\/\/www.radiocastor.com\/","logo":{"@type":"ImageObject","inLanguage":"fr-FR","@id":"https:\/\/www.radiocastor.com\/#\/schema\/logo\/image\/","url":"https:\/\/www.radiocastor.com\/wp-content\/uploads\/2021\/11\/cropped-Radio-castor-logo-2.png","contentUrl":"https:\/\/www.radiocastor.com\/wp-content\/uploads\/2021\/11\/cropped-Radio-castor-logo-2.png","width":437,"height":219,"caption":"Radio Castor"},"image":{"@id":"https:\/\/www.radiocastor.com\/#\/schema\/logo\/image\/"},"sameAs":["https:\/\/www.facebook.com\/theradiocastor","https:\/\/x.com\/TheRadioCastor","https:\/\/www.instagram.com\/theradiocastor","https:\/\/www.youtube.com\/c\/RadioCastor"]},{"@type":"Person","@id":"https:\/\/www.radiocastor.com\/#\/schema\/person\/558b0e47dc4c11fa52b2220ba6a78779","name":"R\u00e9daction R C","image":{"@type":"ImageObject","inLanguage":"fr-FR","@id":"https:\/\/secure.gravatar.com\/avatar\/1d3e4f4c4a0d129f7ed4838ea20c33760c2484b9bc381993df6c0e3f5bf89c23?s=96&d=mm&r=g","url":"https:\/\/secure.gravatar.com\/avatar\/1d3e4f4c4a0d129f7ed4838ea20c33760c2484b9bc381993df6c0e3f5bf89c23?s=96&d=mm&r=g","contentUrl":"https:\/\/secure.gravatar.com\/avatar\/1d3e4f4c4a0d129f7ed4838ea20c33760c2484b9bc381993df6c0e3f5bf89c23?s=96&d=mm&r=g","caption":"R\u00e9daction R C"},"sameAs":["http:\/\/www.radiocastor.com"],"url":"https:\/\/www.radiocastor.com\/index.php\/author\/radio-castor\/"}]}},"uagb_featured_image_src":{"full":["https:\/\/www.radiocastor.com\/wp-content\/uploads\/2022\/03\/Lola-Dargenti-2.png",849,834,false],"thumbnail":["https:\/\/www.radiocastor.com\/wp-content\/uploads\/2022\/03\/Lola-Dargenti-2-150x150.png",150,150,true],"medium":["https:\/\/www.radiocastor.com\/wp-content\/uploads\/2022\/03\/Lola-Dargenti-2-300x295.png",300,295,true],"medium_large":["https:\/\/www.radiocastor.com\/wp-content\/uploads\/2022\/03\/Lola-Dargenti-2-768x754.png",640,628,true],"large":["https:\/\/www.radiocastor.com\/wp-content\/uploads\/2022\/03\/Lola-Dargenti-2.png",640,629,false],"1536x1536":["https:\/\/www.radiocastor.com\/wp-content\/uploads\/2022\/03\/Lola-Dargenti-2.png",849,834,false],"2048x2048":["https:\/\/www.radiocastor.com\/wp-content\/uploads\/2022\/03\/Lola-Dargenti-2.png",849,834,false],"newsever-slider-full":["https:\/\/www.radiocastor.com\/wp-content\/uploads\/2022\/03\/Lola-Dargenti-2.png",849,834,false],"newsever-featured":["https:\/\/www.radiocastor.com\/wp-content\/uploads\/2022\/03\/Lola-Dargenti-2.png",849,834,false],"newsever-medium":["https:\/\/www.radiocastor.com\/wp-content\/uploads\/2022\/03\/Lola-Dargenti-2-720x475.png",720,475,true]},"uagb_author_info":{"display_name":"R\u00e9daction R C","author_link":"https:\/\/www.radiocastor.com\/index.php\/author\/radio-castor\/"},"uagb_comment_info":0,"uagb_excerpt":"On vous avait d\u00e9j\u00e0 pr\u00e9sent\u00e9 Lola Dargenti \u00e0 l&rsquo;occasion de la sortie du single \u00ab\u00a0The...","_links":{"self":[{"href":"https:\/\/www.radiocastor.com\/index.php\/wp-json\/wp\/v2\/posts\/1178","targetHints":{"allow":["GET"]}}],"collection":[{"href":"https:\/\/www.radiocastor.com\/index.php\/wp-json\/wp\/v2\/posts"}],"about":[{"href":"https:\/\/www.radiocastor.com\/index.php\/wp-json\/wp\/v2\/types\/post"}],"author":[{"embeddable":true,"href":"https:\/\/www.radiocastor.com\/index.php\/wp-json\/wp\/v2\/users\/1"}],"replies":[{"embeddable":true,"href":"https:\/\/www.radiocastor.com\/index.php\/wp-json\/wp\/v2\/comments?post=1178"}],"version-history":[{"count":0,"href":"https:\/\/www.radiocastor.com\/index.php\/wp-json\/wp\/v2\/posts\/1178\/revisions"}],"wp:featuredmedia":[{"embeddable":true,"href":"https:\/\/www.radiocastor.com\/index.php\/wp-json\/wp\/v2\/media\/1179"}],"wp:attachment":[{"href":"https:\/\/www.radiocastor.com\/index.php\/wp-json\/wp\/v2\/media?parent=1178"}],"wp:term":[{"taxonomy":"category","embeddable":true,"href":"https:\/\/www.radiocastor.com\/index.php\/wp-json\/wp\/v2\/categories?post=1178"},{"taxonomy":"post_tag","embeddable":true,"href":"https:\/\/www.radiocastor.com\/index.php\/wp-json\/wp\/v2\/tags?post=1178"}],"curies":[{"name":"wp","href":"https:\/\/api.w.org\/{rel}","templated":true}]}}