{"id":11660,"date":"2025-06-05T21:52:46","date_gmt":"2025-06-05T19:52:46","guid":{"rendered":"https:\/\/www.radiocastor.com\/?p=11660"},"modified":"2025-07-23T20:08:06","modified_gmt":"2025-07-23T18:08:06","slug":"chronique-de-la-chanson-francaise-episode-34-2","status":"publish","type":"post","link":"https:\/\/www.radiocastor.com\/index.php\/chronique-de-la-chanson-francaise-episode-34-2\/","title":{"rendered":"Chronique de la chanson fran\u00e7aise, \u00e9pisode 35, un nouveau tour du monde !"},"content":{"rendered":"\n<p>Un petit voyage \u00e0 l&rsquo;\u00e9coute d&rsquo;artistes originaires des quatre coins du monde&#8230;<br>C&rsquo;est ce que nous vous proposons dans ce 35\u00e8me \u00e9pisode de notre chronique de la chanson fran\u00e7aise.<br>Des sonorit\u00e9s, des accents, des \u00e9motions qui nous font admirer les richesses de la francophonie, et la diversit\u00e9 qu&rsquo;elle parvient \u00e0 nous offrir.<\/p>\n\n\n\n<p><em>A \u00e9couter sur <a href=\"https:\/\/www.radiocastor.com\/index.php\/playlist\/\" target=\"_blank\" rel=\"noreferrer noopener\">nos playlists<\/a> !<\/em><\/p>\n\n\n\n<h2 class=\"wp-block-heading has-luminous-vivid-orange-color has-text-color has-link-color wp-elements-e89b0b7aa43b760aff27fb991880340e\">Ferre Gola : \u201cAmour Illusoire\u201d<\/h2>\n\n\n\n<p>Ferre Gola, de son vrai nom Herv\u00e9 Gola Bataringe, est une figure incontournable de la sc\u00e8ne musicale congolaise.<br>N\u00e9 \u00e0 Kinshasa en 1976, il s\u2019est impos\u00e9 comme l\u2019un des grands ambassadeurs de la rumba congolaise et du ndombolo, gr\u00e2ce \u00e0 sa voix singuli\u00e8re, sa sensibilit\u00e9 artistique et son charisme sur sc\u00e8ne.<br>Sa chanson \u00ab\u00a0Amour Illusoire\u00a0\u00bb illustre parfaitement son talent pour explorer les \u00e9motions profondes \u00e0 travers des textes po\u00e9tiques.<br>Dans ce morceau, Ferre Gola \u00e9voque un amour myst\u00e9rieux, presque irr\u00e9el, qui ne vit que dans les r\u00eaves et laisse une empreinte ind\u00e9l\u00e9bile.<br>Avec une m\u00e9lodie envo\u00fbtante et des paroles touchantes, il nous invite \u00e0 plonger dans l\u2019univers de la passion et des sentiments inaccessibles.<\/p>\n\n\n\n<p style=\"text-align: center;\"><iframe loading=\"lazy\" width=\"560\" height=\"315\" src=\"https:\/\/www.youtube.com\/embed\/mU-MYwSG2tE?si=ctlsTe4XleKtKqWu\" title=\"YouTube video player\" frameborder=\"0\" allow=\"accelerometer; autoplay; clipboard-write; encrypted-media; gyroscope; picture-in-picture; web-share\" referrerpolicy=\"strict-origin-when-cross-origin\" allowfullscreen><\/iframe><\/p>\n\n\n\n<p class=\"has-text-align-center\"><a href=\"https:\/\/www.facebook.com\/ferreGolaOfficiel\" target=\"_blank\" rel=\"noreferrer noopener\">Facebook<\/a> &#8211; <a href=\"https:\/\/www.instagram.com\/ferregola_lepadre\" target=\"_blank\" rel=\"noreferrer noopener\">Instagram<\/a> &#8211; <a href=\"https:\/\/twitter.com\/ferregola\" target=\"_blank\" rel=\"noreferrer noopener\">Twitter<\/a><\/p>\n\n\n\n<h2 class=\"wp-block-heading has-luminous-vivid-orange-color has-text-color has-link-color wp-elements-baa2a5e120a0fd3c8a829d9b8dc7e384\">Ma\u00ebl Jones : \u201cPas d&rsquo;cha\u00eenes\u201d<\/h2>\n\n\n\n<p>Ma\u00eblle Laduron et Jonathan Neefs, duo originaire de Belgique, unissent leurs univers pour cr\u00e9er Ma\u00ebl Jones, un projet m\u00ealant \u00e9lectro et pop avec finesse.<br>Ma\u00eblle, cr\u00e9atrice de bijoux et passionn\u00e9e de musique depuis l\u2019enfance, et Jonathan, coach vocal et chanteur aguerri de la sc\u00e8ne pop-rock bruxelloise, partagent une complicit\u00e9 artistique et personnelle.<br>La pand\u00e9mie les a pouss\u00e9s \u00e0 canaliser leur \u00e9nergie dans l\u2019\u00e9criture et la composition, donnant naissance \u00e0 des titres authentiques et vibrants.<br>Leur single \u00ab\u00a0Pas d\u2019cha\u00eenes\u00a0\u00bb invite \u00e0 se lib\u00e9rer des contraintes sociales et \u00e0 suivre ses propres choix, port\u00e9 par une m\u00e9lodie entra\u00eenante et des paroles inspirantes.<br>Une ode \u00e0 la libert\u00e9 et \u00e0 l\u2019affirmation de soi, \u00e0 \u00e9couter sans mod\u00e9ration.<\/p>\n\n\n\n<p style=\"text-align: center;\"><iframe loading=\"lazy\" width=\"560\" height=\"315\" src=\"https:\/\/www.youtube.com\/embed\/_PrnbkGRxi4?si=D0TowiI5NpnwX7xs\" title=\"YouTube video player\" frameborder=\"0\" allow=\"accelerometer; autoplay; clipboard-write; encrypted-media; gyroscope; picture-in-picture; web-share\" referrerpolicy=\"strict-origin-when-cross-origin\" allowfullscreen><\/iframe><\/p>\n\n\n\n<p class=\"has-text-align-center\"><a href=\"https:\/\/www.facebook.com\/maeljonesmusic\" target=\"_blank\" rel=\"noreferrer noopener\">Facebook<\/a> &#8211; <a href=\"https:\/\/www.instagram.com\/maeljonesmusic\" target=\"_blank\" rel=\"noreferrer noopener\">Instagram<\/a><\/p>\n\n\n\n<h2 class=\"wp-block-heading has-luminous-vivid-orange-color has-text-color has-link-color wp-elements-cf1e384083948a46222672375cb7dd1d\">Thomas Jensen : \u201cC\u2019est pas nouveau\u201d<\/h2>\n\n\n\n<p>Originaire d\u2019Argentine, Tomas Jensen a parcouru le monde avant de poser ses valises au Qu\u00e9bec, o\u00f9 il puise dans ses racines multiculturelles pour cr\u00e9er une musique riche et vari\u00e9e.<br>Avec onze albums \u00e0 son actif, dont plusieurs salu\u00e9s par l\u2019ADISQ, il s\u2019est impos\u00e9 comme une figure incontournable de la sc\u00e8ne francophone alternative.<br>Son dernier opus, \u00ab Les r\u00eaves sont faits \u00bb, t\u00e9moigne de sa libert\u00e9 artistique et de sa capacit\u00e9 \u00e0 m\u00ealer habilement jazz, punk et influences latines.<br>La chanson \u00ab C\u2019est pas nouveau \u00bb incarne parfaitement cette \u00e9nergie brute et engag\u00e9e.<br>Port\u00e9e par des cuivres dynamiques et des ch\u0153urs puissants, elle m\u00eale des paroles intelligentes et f\u00e9ministes \u00e0 une attitude r\u00e9solument punk.<br>Un hymne vibrant, id\u00e9al pour se lib\u00e9rer, danser et s\u2019unir face aux d\u00e9fis de notre \u00e9poque.<\/p>\n\n\n\n<p style=\"text-align: center;\"><iframe loading=\"lazy\" width=\"560\" height=\"315\" src=\"https:\/\/www.youtube.com\/embed\/VBWB1_LvFCI?si=w6Lia4qCbq9u-6Vs\" title=\"YouTube video player\" frameborder=\"0\" allow=\"accelerometer; autoplay; clipboard-write; encrypted-media; gyroscope; picture-in-picture; web-share\" referrerpolicy=\"strict-origin-when-cross-origin\" allowfullscreen><\/iframe><\/p>\n\n\n\n<p class=\"has-text-align-center\"><a href=\"https:\/\/www.facebook.com\/tomasjensen.mu\" target=\"_blank\" rel=\"noreferrer noopener\">Facebook<\/a> &#8211; <a href=\"https:\/\/www.instagram.com\/jensentomas\" target=\"_blank\" rel=\"noreferrer noopener\">Instagram<\/a> &#8211; <a href=\"https:\/\/twitter.com\/tomasjensen3\" target=\"_blank\" rel=\"noreferrer noopener\">Twitter<\/a><\/p>\n\n\n\n<h2 class=\"wp-block-heading has-luminous-vivid-orange-color has-text-color has-link-color wp-elements-d5233d6533c0d1a957d66535628a1ed0\">Bernard Degavre : \u201cBruxelles-New-York\u201d<\/h2>\n\n\n\n<p>Bernard Degavre, auteur-compositeur-interpr\u00e8te bruxellois, puise son inspiration dans la richesse de la chanson fran\u00e7aise, du folk rock et du swing.<br>Depuis plusieurs d\u00e9cennies, il offre un univers musical authentique et intemporel, o\u00f9 se m\u00ealent \u00e9motions profondes et l\u00e9g\u00e8ret\u00e9.<br>Ses compositions, souvent teint\u00e9es de rock-folk, racontent des tranches de vie avec justesse : les joies, les peines, les rencontres, les ruptures, ainsi que les instants festifs et musicaux.<br>Sur sc\u00e8ne, il accompagne ses textes \u00e0 la guitare folk et \u00e0 l\u2019harmonica, cr\u00e9ant une atmosph\u00e8re chaleureuse et intimiste.<br>Sa chanson \u00ab\u00a0Bruxelles New York\u00a0\u00bb est un morceau entra\u00eenant qui c\u00e9l\u00e8bre l\u2019effervescence nocturne des ann\u00e9es 80, reliant avec finesse les ambiances vibrantes de Manhattan et de la Place De Brouck\u00e8re, tout en rendant hommage au film culte \u00ab\u00a0Looking for Mr. Goodbar\u00a0\u00bb.<\/p>\n\n\n\n<p style=\"text-align: center;\"><iframe loading=\"lazy\" width=\"560\" height=\"315\" src=\"https:\/\/www.youtube.com\/embed\/T1k4EXp_uIU?si=glUV3a6BEt6rHMll\" title=\"YouTube video player\" frameborder=\"0\" allow=\"accelerometer; autoplay; clipboard-write; encrypted-media; gyroscope; picture-in-picture; web-share\" referrerpolicy=\"strict-origin-when-cross-origin\" allowfullscreen><\/iframe><\/p>\n\n\n\n<p class=\"has-text-align-center\"><a href=\"https:\/\/www.facebook.com\/bernarddegavre\" target=\"_blank\" rel=\"noreferrer noopener\">Facebook<\/a> &#8211; <a href=\"https:\/\/www.instagram.com\/bernarddegavre\" target=\"_blank\" rel=\"noreferrer noopener\">Instagram<\/a> &#8211; <a href=\"https:\/\/twitter.com\/bdegavre\" target=\"_blank\" rel=\"noreferrer noopener\">Twitter<\/a><\/p>\n\n\n\n<h2 class=\"wp-block-heading has-luminous-vivid-orange-color has-text-color has-link-color wp-elements-b5c35d858ee36ac661699b5b1ace9b81\">Ma\u00ebl Songes : \u201cJe vois pas la France\u201d<\/h2>\n\n\n\n<p>Ma\u00ebl Songes est un auteur compositeur interpr\u00e8te proposant un univers rock ind\u00e9 progressif et m\u00e9tiss\u00e9 ou l&rsquo;\u00e9criture pr\u00e9pond\u00e9rante est affranchie des rimes et sym\u00e9tries habituelles. La singularit\u00e9 de ces chansons est d&rsquo;explorer avec douceur la p\u00e9nombre humaine et de la musicaliser de mani\u00e8re agr\u00e9able jusqu&rsquo;\u00e0 la rendre parfois groovante.<br>Voix doucettement \u00e9raill\u00e9e et po\u00e9sie pleine de contraste vous entraine dans une exploration libre &amp; sauvage, un univers tr\u00e8s frais dans le milieu du rock fran\u00e7ais.<br>\u00ab\u00a0Je vois pas la France\u00a0\u00bb est l&rsquo;un des titres de son premier Opus \u00ab\u00a0Rising Lagoon\u00a0\u00bb, et porte le voyage et la rencontre vers les autres comme une solution \u00e0 nos \u00e9tats m\u00e9lancoliques&#8230;<\/p>\n\n\n\n<p style=\"text-align: center;\"><iframe loading=\"lazy\" width=\"560\" height=\"315\" src=\"https:\/\/www.youtube.com\/embed\/6aMVTI6SMuY?si=yCTfHCVZ0xKu5yY8\" title=\"YouTube video player\" frameborder=\"0\" allow=\"accelerometer; autoplay; clipboard-write; encrypted-media; gyroscope; picture-in-picture; web-share\" referrerpolicy=\"strict-origin-when-cross-origin\" allowfullscreen><\/iframe><\/p>\n\n\n\n<p class=\"has-text-align-center\"><a href=\"https:\/\/www.facebook.com\/maelsonges\" target=\"_blank\" rel=\"noreferrer noopener\">Facebook<\/a><\/p>\n\n\n\n<h2 class=\"wp-block-heading has-luminous-vivid-orange-color has-text-color has-link-color wp-elements-9dd61a9273870212e9ff7d8e868102df\">Station : \u201cProcess Love\u201d<\/h2>\n\n\n\n<p>Station s\u2019impose sur la sc\u00e8ne musicale fran\u00e7aise avec un style unique m\u00ealant habilement pop, rock et \u00e9lectro.<br>Leur son se distingue par des m\u00e9lodies audacieuses, des riffs de guitare accrocheurs et des synth\u00e9s modernes qui cr\u00e9ent une ambiance \u00e0 la fois vibrante et color\u00e9e.<br>Le trio, compos\u00e9 d\u2019Olivier Bergereau au chant et aux textes, Hugues Bergereau \u00e0 la guitare, et Charly aux synth\u00e9s et programmations, propose des chansons en fran\u00e7ais aux paroles travaill\u00e9es, refl\u00e9tant un monde hyperconnect\u00e9 avec une \u00e9criture subtile et originale.<br>Le titre \u00ab\u00a0Process Love\u00a0\u00bb illustre parfaitement cette signature : un m\u00e9lange d\u2019\u00e9nergie brute et de po\u00e9sie num\u00e9rique, o\u00f9 les \u00e9motions se m\u00ealent \u00e0 des images de donn\u00e9es et de r\u00e9seaux, offrant une exp\u00e9rience sonore intense et contemporaine.<br>Station invite ainsi \u00e0 plonger dans un univers \u00e0 la fois intime et technologique, r\u00e9solument moderne.<\/p>\n\n\n\n<p style=\"text-align: center;\"><iframe loading=\"lazy\" width=\"560\" height=\"315\" src=\"https:\/\/www.youtube.com\/embed\/pz2Hvu56mt8?si=qOtGLShjKYPrifL8\" title=\"YouTube video player\" frameborder=\"0\" allow=\"accelerometer; autoplay; clipboard-write; encrypted-media; gyroscope; picture-in-picture; web-share\" referrerpolicy=\"strict-origin-when-cross-origin\" allowfullscreen><\/iframe><\/p>\n\n\n\n<p class=\"has-text-align-center\"><a href=\"https:\/\/www.facebook.com\/Stationlegroupe\" target=\"_blank\" rel=\"noreferrer noopener\">Facebook<\/a> &#8211; <a href=\"https:\/\/www.instagram.com\/Stationlegroupe\" target=\"_blank\" rel=\"noreferrer noopener\">Instagram<\/a> &#8211; <a href=\"https:\/\/twitter.com\/Station60936885\" target=\"_blank\" rel=\"noreferrer noopener\">Twitter<\/a><\/p>\n\n\n\n<h2 class=\"wp-block-heading has-luminous-vivid-orange-color has-text-color has-link-color wp-elements-caf3359b22636a54e0a3191e312ff3e6\">Lora Gabriel : \u201cTrop ou pas assez\u201d<\/h2>\n\n\n\n<p>Depuis ses d\u00e9buts en 2017, Lora Gabriel, form\u00e9e au chant lyrique, m\u00eale avec finesse jazz et pop fran\u00e7aise pour cr\u00e9er une musique \u00e0 la fois intime et universelle.<br>Apr\u00e8s un premier album en 2018, elle a confirm\u00e9 son style unique avec plusieurs EP, explorant les relations humaines, l\u2019identit\u00e9 et les absences.<br>Dans \u00ab Trop ou pas assez \u00bb, extrait de son prochain EP <em>Divine Com\u00e9die<\/em>, Lora questionne avec sensibilit\u00e9 le paradoxe entre authenticit\u00e9 et attentes sociales.<br>Sa voix douce mais incisive navigue entre contradictions et nuances, refusant les choix binaires pour embrasser la complexit\u00e9 de l\u2019\u00eatre.<br>Cette chanson est un hymne \u00e0 la multiplicit\u00e9 des facettes humaines, port\u00e9e par une m\u00e9lodie captivante et des paroles puissantes qui invitent \u00e0 d\u00e9passer les jugements simplistes.<\/p>\n\n\n\n<p style=\"text-align: center;\"><iframe loading=\"lazy\" width=\"560\" height=\"315\" src=\"https:\/\/www.youtube.com\/embed\/KOdQwOgbBDY?si=_r3TLLAGbTB2CcR1\" title=\"YouTube video player\" frameborder=\"0\" allow=\"accelerometer; autoplay; clipboard-write; encrypted-media; gyroscope; picture-in-picture; web-share\" referrerpolicy=\"strict-origin-when-cross-origin\" allowfullscreen><\/iframe><\/p>\n\n\n\n<p class=\"has-text-align-center\"><a href=\"https:\/\/www.facebook.com\/loragabrielmusic\" target=\"_blank\" rel=\"noreferrer noopener\">Facebook<\/a> &#8211; <a href=\"https:\/\/www.instagram.com\/loragabrielmusic\" target=\"_blank\" rel=\"noreferrer noopener\">Instagram<\/a><\/p>\n\n\n\n<h2 class=\"wp-block-heading has-luminous-vivid-orange-color has-text-color has-link-color wp-elements-a15440a7833a58afb092868afa9d1aee\">Beaumocoeur : \u201cEspoir\u201d<\/h2>\n\n\n\n<p>Beaumocoeur s\u2019impose comme une r\u00e9v\u00e9lation majeure de la sc\u00e8ne musicale contemporaine.<br>Auteur, compositeur et interpr\u00e8te, il captive par une voix intense, souvent compar\u00e9e \u00e0 celles de l\u00e9gendes comme Freddy Mercury ou Daniel Balavoine, m\u00ealant \u00e9motion et \u00e9nergie avec une aisance rare.<br>Apr\u00e8s un parcours sem\u00e9 d\u2019emb\u00fbches, il a su s\u2019entourer d\u2019une \u00e9quipe talentueuse, notamment le multi-instrumentiste et producteur Thibault Parker, pour affiner son style unique.<br>Sa chanson \u00ab\u00a0Espoir\u00a0\u00bb incarne parfaitement sa mission : transmettre des valeurs fortes, toucher les c\u0153urs et inviter \u00e0 la r\u00e9flexion.<br>Ce titre vibrant m\u00eale groove et profondeur, rappelant que malgr\u00e9 les \u00e9preuves, il faut toujours garder la foi en la vie et en ses r\u00eaves.<br>Une invitation \u00e0 vivre pleinement, port\u00e9e par un artiste passionn\u00e9 et engag\u00e9.<\/p>\n\n\n\n<p style=\"text-align: center;\"><iframe loading=\"lazy\" width=\"560\" height=\"315\" src=\"https:\/\/www.youtube.com\/embed\/KWYutqvNeKc?si=Mz64SabaWga4h73f\" title=\"YouTube video player\" frameborder=\"0\" allow=\"accelerometer; autoplay; clipboard-write; encrypted-media; gyroscope; picture-in-picture; web-share\" referrerpolicy=\"strict-origin-when-cross-origin\" allowfullscreen><\/iframe><\/p>\n\n\n\n<p class=\"has-text-align-center\"><a href=\"https:\/\/www.instagram.com\/beaumocoeur\" target=\"_blank\" rel=\"noreferrer noopener\">Instagram<\/a><\/p>\n\n\n\n<h2 class=\"wp-block-heading has-luminous-vivid-orange-color has-text-color has-link-color wp-elements-a06521c0d1dbdd7d693388e3629bb756\">Monsieur et Madame LoOps : \u201cSchmilblicK CluB\u201d<\/h2>\n\n\n\n<p>Monsieur et Madame LoOps forment un duo \u00e9lectro live m\u00ealant machines, guitares skankys et voix \u00e0 la fois sinc\u00e8res et sauvages.<br>Depuis une vingtaine d\u2019ann\u00e9es, ils naviguent entre reggae, dub, ska et grooves urbains, avec une \u00e9nergie d\u00e9bordante qui transforme chaque dance floor en v\u00e9ritable f\u00eate tropicale.<br>Leur univers musical, riche en bidouillages home studio et rythmiques entra\u00eenantes, invite \u00e0 danser sans retenue.<br>Leur dernier titre, \u00ab SchmilblicK CluB \u00bb, incarne \u00e0 merveille ce m\u00e9lange de ska digital et d\u2019\u00e9lectro sautillante, parfait pour se laisser emporter par une vague de bonne humeur et de folie festive.<br>Avec trois albums autoproduits \u00e0 leur actif, ils continuent de faire vibrer les sc\u00e8nes aux c\u00f4t\u00e9s d\u2019artistes comme Peuple de l\u2019Herbe ou Chinese Man, offrant un son puissant et chaleureux, \u00e0 la fois vintage et futuriste.<\/p>\n\n\n\n<p style=\"text-align: center;\"><iframe loading=\"lazy\" width=\"560\" height=\"315\" src=\"https:\/\/www.youtube.com\/embed\/ZU05mjBA-Pg?si=ZfB90kkcmR5thywo\" title=\"YouTube video player\" frameborder=\"0\" allow=\"accelerometer; autoplay; clipboard-write; encrypted-media; gyroscope; picture-in-picture; web-share\" referrerpolicy=\"strict-origin-when-cross-origin\" allowfullscreen><\/iframe><\/p>\n\n\n\n<p class=\"has-text-align-center\"><a href=\"https:\/\/www.facebook.com\/monsieuretmadameloops\" target=\"_blank\" rel=\"noreferrer noopener\">Facebook<\/a> &#8211; <a href=\"https:\/\/www.instagram.com\/monsieuretmadameloops\" target=\"_blank\" rel=\"noreferrer noopener\">Instagram<\/a><\/p>\n\n\n\n<h2 class=\"wp-block-heading has-luminous-vivid-orange-color has-text-color has-link-color wp-elements-45b824cd4d640711ef116b3b3bb0d067\">Alex Barry : \u201cPetite soeur\u201d<\/h2>\n\n\n\n<p>Originaire de Clermont-Ferrand, Alex Barry s\u2019impose comme une nouvelle figure prometteuse de la sc\u00e8ne musicale fran\u00e7aise.<br>Apr\u00e8s avoir captiv\u00e9 avec son premier single \u00ab\u00a0Encore\u00a0\u00bb, il revient avec \u00ab\u00a0Petite s\u0153ur\u00a0\u00bb, un titre qui m\u00eale habilement pop-rock et touches pop-punk.<br>Cette chanson \u00e9mouvante explore le lien fraternel \u00e0 travers une r\u00e9flexion poignante sur l\u2019absence et l\u2019imaginaire d\u2019une relation qui n\u2019a jamais pu exister.<br>Avec des guitares dynamiques et une m\u00e9lodie qui reste en t\u00eate, Alex Barry d\u00e9livre un message intime et sinc\u00e8re, port\u00e9 par des paroles touchantes.<br>\u00ab\u00a0Petite s\u0153ur\u00a0\u00bb confirme ainsi le talent de cet artiste, capable de conjuguer \u00e9nergie et sensibilit\u00e9 pour toucher profond\u00e9ment son auditoire.<\/p>\n\n\n\n<p style=\"text-align: center;\"><iframe loading=\"lazy\" width=\"560\" height=\"315\" src=\"https:\/\/www.youtube.com\/embed\/NrP83tAM7nM?si=4sDFni5WmdMtWg9v\" title=\"YouTube video player\" frameborder=\"0\" allow=\"accelerometer; autoplay; clipboard-write; encrypted-media; gyroscope; picture-in-picture; web-share\" referrerpolicy=\"strict-origin-when-cross-origin\" allowfullscreen><\/iframe><\/p>\n\n\n\n<p class=\"has-text-align-center\"><a href=\"https:\/\/www.facebook.com\/alex.barry.92372\" target=\"_blank\" rel=\"noreferrer noopener\">Facebook<\/a> &#8211; <a href=\"https:\/\/www.instagram.com\/barry.alex\" target=\"_blank\" rel=\"noreferrer noopener\">Instagram<\/a><\/p>\n\n\n\n<h2 class=\"wp-block-heading has-luminous-vivid-orange-color has-text-color has-link-color wp-elements-12b7733bdc555b71a4ee9cacaf33d505\">Ferielle : \u201cDes fleurs aux gens\u201d<\/h2>\n\n\n\n<p>Ferielle, auteure-compositrice-interpr\u00e8te parisienne, bouscule la sc\u00e8ne pop rock avec un style \u00e0 la fois \u00e9nergique et introspectif.<br>Entre la fougue brute de The Vaccines et la sensibilit\u00e9 d\u2019Olivia Rodrigo, elle cr\u00e9e un univers \u00e0 la fois dansant et profond.<br>Apr\u00e8s un premier EP remarqu\u00e9 en 2023, salu\u00e9 par BBC Radio 6 et T\u00e9l\u00e9rama, elle revient avec \u00ab\u00a0Des fleurs aux gens\u00a0\u00bb.<br>Ce titre m\u00eale douceur et intensit\u00e9, d\u00e9butant en piano-voix pour s\u2019\u00e9panouir en une ballade rock aux touches pop.<br>Ferielle y explore avec authenticit\u00e9 les doutes li\u00e9s \u00e0 l\u2019amour de soi et la peur de se montrer vuln\u00e9rable.<br>\u00c0 travers cette chanson, elle invite \u00e0 embrasser ses blessures et \u00e0 s\u2019\u00e9panouir malgr\u00e9 tout, \u00e0 l\u2019image de l\u2019art du Kintsugi.<br>Une \u0153uvre sinc\u00e8re et touchante qui confirme son originalit\u00e9 sur la sc\u00e8ne fran\u00e7aise.<\/p>\n\n\n\n<p style=\"text-align: center;\"><iframe loading=\"lazy\" width=\"560\" height=\"315\" src=\"https:\/\/www.youtube.com\/embed\/XlkBrGD_F9s?si=i9uACw-myFMY_ajU\" title=\"YouTube video player\" frameborder=\"0\" allow=\"accelerometer; autoplay; clipboard-write; encrypted-media; gyroscope; picture-in-picture; web-share\" referrerpolicy=\"strict-origin-when-cross-origin\" allowfullscreen><\/iframe><\/p>\n\n\n\n<p class=\"has-text-align-center\"><a href=\"https:\/\/www.facebook.com\/ferielle.fever\" target=\"_blank\" rel=\"noreferrer noopener\">Facebook<\/a> &#8211; <a href=\"https:\/\/www.instagram.com\/whoisferielle\" target=\"_blank\" rel=\"noreferrer noopener\">Instagram<\/a><\/p>\n\n\n\n<h2 class=\"wp-block-heading has-luminous-vivid-orange-color has-text-color has-link-color wp-elements-3c58da20fe82279829d1f09e9c4b19c6\">Agathe O&rsquo;Dell : \u201cBye Bye Ch\u00e9ri\u201d<\/h2>\n\n\n\n<p>Agathe O&rsquo;Dell, auteure-compositrice originaire d\u2019Angers, d\u00e9voile avec \u00ab Bye bye ch\u00e9ri \u00bb un premier single poignant extrait de son EP \u00ab Les choses restent \u00bb, fruit d\u2019une collaboration avec l\u2019arrangeur Thomas Monica et l\u2019ing\u00e9nieur du son Ian Caple.<br>Ce morceau, v\u00e9ritable ode \u00e0 la rupture, m\u00eale des paroles sinc\u00e8res et une voix d\u00e9licate pos\u00e9e sur une m\u00e9lodie pop-rock a\u00e9rienne.<br>Le clip, tourn\u00e9 en partie au ch\u00e2teau de La Richardi\u00e8re, plonge dans une atmosph\u00e8re r\u00e9tro des ann\u00e9es 40, renfor\u00e7ant le charme m\u00e9lancolique du titre.<br>\u00c0 travers cet univers romantique et nuanc\u00e9, Agathe explore avec finesse les complexit\u00e9s des relations amoureuses et familiales, m\u00ealant douceur et cynisme dans des textes \u00e0 la fois \u00e9pur\u00e9s et profonds.<br>Un d\u00e9but prometteur pour une artiste aux multiples influences.<\/p>\n\n\n\n<p style=\"text-align: center;\"><iframe loading=\"lazy\" width=\"560\" height=\"315\" src=\"https:\/\/www.youtube.com\/embed\/bdEaqx7N4C0?si=w58yTvwww3-WWKVt\" title=\"YouTube video player\" frameborder=\"0\" allow=\"accelerometer; autoplay; clipboard-write; encrypted-media; gyroscope; picture-in-picture; web-share\" referrerpolicy=\"strict-origin-when-cross-origin\" allowfullscreen><\/iframe><\/p>\n\n\n\n<p class=\"has-text-align-center\"><a href=\"https:\/\/www.facebook.com\/agathe.odell\" target=\"_blank\" rel=\"noreferrer noopener\">Facebook<\/a> &#8211; <a href=\"https:\/\/www.instagram.com\/agatheodell\" target=\"_blank\" rel=\"noreferrer noopener\">Instagram<\/a><\/p>\n\n\n\n<h2 class=\"wp-block-heading has-luminous-vivid-orange-color has-text-color has-link-color wp-elements-b6d43bb35fc71908f5a6e5901cb9d260\">Mathilde Dionnet : \u201cReviens\u201d<\/h2>\n\n\n\n<p>Mathilde Dionnet s\u2019impose avec d\u00e9licatesse et intensit\u00e9 dans le paysage musical fran\u00e7ais gr\u00e2ce \u00e0 son premier album, \u00ab\u00a0<em>\u00c7a s\u2019appelle la vie<\/em>\u00ab\u00a0, d\u00e9voil\u00e9 en f\u00e9vrier dernier.<br>Son deuxi\u00e8me single, \u00ab\u00a0<em>Reviens<\/em>\u00ab\u00a0, nous transporte dans un univers charg\u00e9 d\u2019\u00e9motions profondes et de r\u00e9flexions sinc\u00e8res.<br>Puisant ses influences tant dans la chanson fran\u00e7aise classique, avec des figures comme Michel Berger et V\u00e9ronique Sanson, que dans des voix contemporaines telles qu\u2019Ad\u00e8le ou Louane, Mathilde m\u00eale habilement pop-rock et po\u00e9sie.<br>\u00ab\u00a0<em>Reviens<\/em>\u00a0\u00bb incarne un moment de bilan et de nostalgie, o\u00f9 l\u2019on ressent cette urgence \u00e0 retrouver ce qui s\u2019\u00e9loigne, port\u00e9 par une ambiance \u00e0 la fois \u00e9lectrique et myst\u00e9rieuse.<br>Une invitation \u00e0 se reconnecter \u00e0 l\u2019essentiel, dans toute sa vuln\u00e9rabilit\u00e9.<\/p>\n\n\n\n<p style=\"text-align: center;\"><iframe loading=\"lazy\" width=\"560\" height=\"315\" src=\"https:\/\/www.youtube.com\/embed\/4nEKFmTLUJs?si=SkUHVMwsggJYCZZ8\" title=\"YouTube video player\" frameborder=\"0\" allow=\"accelerometer; autoplay; clipboard-write; encrypted-media; gyroscope; picture-in-picture; web-share\" referrerpolicy=\"strict-origin-when-cross-origin\" allowfullscreen><\/iframe><\/p>\n\n\n\n<p class=\"has-text-align-center\"><a href=\"https:\/\/www.facebook.com\/profile.php?id=100067594427500\" target=\"_blank\" rel=\"noreferrer noopener\">Facebook<\/a> &#8211; <a href=\"https:\/\/www.instagram.com\/mathilde.dionnet_artiste\" target=\"_blank\" rel=\"noreferrer noopener\">Instagram<\/a><\/p>\n\n\n\n<h2 class=\"wp-block-heading has-luminous-vivid-orange-color has-text-color has-link-color wp-elements-853834a3a5125f6a8ff576f1714f5764\">Corinna Corinna : \u201cIrai-je ailleurs? \u201c<\/h2>\n\n\n\n<p>Corinna Corinna incarne la renaissance d\u2019une artiste qui a su \u00e9couter son instinct et se r\u00e9inventer.<br>Ancienne psychologue et consultante, elle a quitt\u00e9 le tumulte des affaires \u00e0 36 ans pour plonger dans l\u2019univers musical des clubs de blues parisiens.<br>Autodidacte passionn\u00e9e, elle a perfectionn\u00e9 son chant et sa guitare, avant de cr\u00e9er son propre groupe de reprises anglo-saxonnes.<br>En 2022, elle d\u00e9voile son premier EP \u00ab De l\u2019ombre \u00e0 l\u2019\u00e9clat \u00bb, fusion d\u00e9licate de pop-folk et blues en fran\u00e7ais, port\u00e9e par une \u00e9quipe de musiciens talentueux.<br>Sa voix, empreinte d\u2019\u00e9motion et d\u2019authenticit\u00e9, invite \u00e0 la r\u00e9flexion et \u00e0 l\u2019\u00e9vasion.<br>Sa chanson \u00ab Irai-je ailleurs ? \u00bb transporte l\u2019auditeur du c\u0153ur de Paris jusqu\u2019aux vastes plaines texanes, m\u00ealant po\u00e9sie et m\u00e9lodies pour aborder des th\u00e8mes universels avec douceur et profondeur.<\/p>\n\n\n\n<p style=\"text-align: center;\"><iframe loading=\"lazy\" width=\"560\" height=\"315\" src=\"https:\/\/www.youtube.com\/embed\/y9QJjw_JFMw?si=0S1fh4vjrWjXHuVo\" title=\"YouTube video player\" frameborder=\"0\" allow=\"accelerometer; autoplay; clipboard-write; encrypted-media; gyroscope; picture-in-picture; web-share\" referrerpolicy=\"strict-origin-when-cross-origin\" allowfullscreen><\/iframe><\/p>\n\n\n\n<p class=\"has-text-align-center\"><a href=\"https:\/\/www.facebook.com\/corinna.corinna.page\" target=\"_blank\" rel=\"noreferrer noopener\">Facebook<\/a> &#8211; <a href=\"https:\/\/www.instagram.com\/corinna_corinna_music\" target=\"_blank\" rel=\"noreferrer noopener\">Instagram<\/a><\/p>\n\n\n\n<h2 class=\"wp-block-heading has-luminous-vivid-orange-color has-text-color has-link-color wp-elements-aa37fd6ed2d747f904ce2c0f8eff1a5b\">Jane Angora : \u201cLa disparue\u201d<\/h2>\n\n\n\n<p>La Parade, c\u2019est la rencontre entre la chanson fran\u00e7aise et l\u2019\u00e9nergie pop-rock, o\u00f9 les \u00e9poques dialoguent \u00e0 travers des textes cisel\u00e9s et des m\u00e9lodies ent\u00eatantes.<br>Port\u00e9 par cinq musiciens parisiens, le groupe alterne voix f\u00e9minine et masculine, cr\u00e9ant un jeu de contrastes et d\u2019harmonies saisissant.<br>Apr\u00e8s un premier single remarqu\u00e9, La Parade s\u2019appr\u00eate \u00e0 d\u00e9voiler un EP enregistr\u00e9 aux Studios Saint Germain, avec une release party attendue \u00e0 la Boule Noire le 30 juin.<br>Leur titre \u201cJune\u201d illustre parfaitement leur univers : une ballade \u00e0 la fois nostalgique et lumineuse, o\u00f9 l\u2019on retrouve des influences anglo-saxonnes m\u00eal\u00e9es \u00e0 l\u2019h\u00e9ritage de la chanson fran\u00e7aise, dans la veine de Bashung ou Sanson.<br>Une invitation \u00e0 l\u2019\u00e9motion, entre pass\u00e9 et pr\u00e9sent.<\/p>\n\n\n\n<p style=\"text-align: center;\"><iframe loading=\"lazy\" width=\"560\" height=\"315\" src=\"https:\/\/www.youtube.com\/embed\/c_BISkTiSl8?si=UhAWQvH9a7ZMLh-V\" title=\"YouTube video player\" frameborder=\"0\" allow=\"accelerometer; autoplay; clipboard-write; encrypted-media; gyroscope; picture-in-picture; web-share\" referrerpolicy=\"strict-origin-when-cross-origin\" allowfullscreen><\/iframe><\/p>\n\n\n\n<p class=\"has-text-align-center\"><a href=\"https:\/\/www.facebook.com\/jane.angora.musique\" target=\"_blank\" rel=\"noreferrer noopener\">Facebook<\/a> &#8211; <a href=\"https:\/\/www.instagram.com\/jane.angora\" target=\"_blank\" rel=\"noreferrer noopener\">Instagram<\/a><\/p>\n\n\n\n<h2 class=\"wp-block-heading has-luminous-vivid-orange-color has-text-color has-link-color wp-elements-b18e0801452d24b75ff8031d2c2d7329\">La Parade : \u201cJune\u201d<\/h2>\n\n\n\n<p>La Parade, duo form\u00e9 par S\u00e9bastien Moreau et Victor H\u00e9rault, partage une complicit\u00e9 musicale qui dure depuis une d\u00e9cennie.<br>Actifs sur sc\u00e8ne, ils ont encha\u00een\u00e9 plus de quarante concerts et festivals entre mars 2023 et juillet 2024.<br>Apr\u00e8s deux EP remarqu\u00e9s sortis en 2024, ainsi qu\u2019une apparition sur The Voice en 2025, ils s\u2019engagent dans un projet ambitieux : d\u00e9voiler un nouveau titre chaque mois jusqu\u2019\u00e0 la parution de leur premier album en 2026.<br>Leur onzi\u00e8me single, \u00ab June \u00bb, est une ballade pop port\u00e9e par une guitare rythm\u00e9e.<br>Cette chanson \u00e9voque avec sinc\u00e9rit\u00e9 la douleur d\u2019un amour inconditionnel qui s\u2019efface, oscillant entre souvenirs ind\u00e9l\u00e9biles et d\u00e9sir de renouveau.<br>Un morceau \u00e9pur\u00e9, essentiel et charg\u00e9 d\u2019\u00e9motion.<\/p>\n\n\n\n<p style=\"text-align: center;\"><iframe loading=\"lazy\" width=\"560\" height=\"315\" src=\"https:\/\/www.youtube.com\/embed\/LoBPAMOPMlE?si=YCwTctHqiBR0gMo2\" title=\"YouTube video player\" frameborder=\"0\" allow=\"accelerometer; autoplay; clipboard-write; encrypted-media; gyroscope; picture-in-picture; web-share\" referrerpolicy=\"strict-origin-when-cross-origin\" allowfullscreen><\/iframe><\/p>\n\n\n\n<p class=\"has-text-align-center\"><a href=\"https:\/\/www.facebook.com\/profile.php?id=100091136090204\" target=\"_blank\" rel=\"noreferrer noopener\">Facebook<\/a> &#8211; <a href=\"https:\/\/www.instagram.com\/laparade.music\" target=\"_blank\" rel=\"noreferrer noopener\">Instagram<\/a><\/p>\n\n\n\n<h2 class=\"wp-block-heading has-luminous-vivid-orange-color has-text-color has-link-color wp-elements-8578a0b31812d652f65e1035a6f668ad\">Isablle Piana : \u201cL\u2019amour ment\u201d<\/h2>\n\n\n\n<p>Isabelle Piana, artiste au parcours riche et multiculturel, puise ses racines dans un h\u00e9ritage franco-italien berc\u00e9 par la musique d\u00e8s l\u2019enfance.<br>Fille d\u2019une m\u00e8re pianiste, elle a tr\u00e8s t\u00f4t exprim\u00e9 sa passion pour le chant et l\u2019animation, devenant par la suite animatrice radio.<br>Apr\u00e8s un album franco-italien en 2019 et plusieurs projets m\u00ealant pop, soul et influences br\u00e9siliennes, elle d\u00e9voile son nouveau single \u00ab L\u2019amour ment \u00bb sorti le 25 avril 2025.<br>Cette ballade poignante, sign\u00e9e Rick Allison, c\u00e9l\u00e8bre compositeur des plus grandes voix francophones, s\u00e9duit par ses arrangements raffin\u00e9s de piano et cordes, offrant une ambiance \u00e0 la fois intime et intense.<br>Une invitation \u00e0 plonger dans un univers musical profond\u00e9ment \u00e9mouvant et \u00e9l\u00e9gant.<\/p>\n\n\n\n<p style=\"text-align: center;\"><iframe loading=\"lazy\" width=\"560\" height=\"315\" src=\"https:\/\/www.youtube.com\/embed\/sFlzPjQmWws?si=rLcXxCQ_ztgoMduF\" title=\"YouTube video player\" frameborder=\"0\" allow=\"accelerometer; autoplay; clipboard-write; encrypted-media; gyroscope; picture-in-picture; web-share\" referrerpolicy=\"strict-origin-when-cross-origin\" allowfullscreen><\/iframe><\/p>\n\n\n\n<p class=\"has-text-align-center\"><a href=\"https:\/\/www.facebook.com\/isa.piana\" target=\"_blank\" rel=\"noreferrer noopener\">Facebook<\/a> &#8211; <a href=\"https:\/\/www.instagram.com\/isabelle_piana_2\" target=\"_blank\" rel=\"noreferrer noopener\">Instagram<\/a> &#8211; <a href=\"https:\/\/twitter.com\/IsabellePiana\" target=\"_blank\" rel=\"noreferrer noopener\">Twitter<\/a><\/p>\n\n\n\n<h2 class=\"wp-block-heading has-luminous-vivid-orange-color has-text-color has-link-color wp-elements-de28c55f43a0d9af20a0b573ac86aef3\">Gayan\u00e9 : \u201cSans toi\u201d<\/h2>\n\n\n\n<p>Gayan\u00e9, d\u2019abord form\u00e9e au violon d\u00e8s son enfance, a rapidement orient\u00e9 sa passion vers le chant, qu\u2019elle a approfondi tant dans ses \u00e9tudes que dans divers projets artistiques.<br>Apr\u00e8s avoir remport\u00e9 un tremplin avec un groupe aux sonorit\u00e9s pop soul, elle a \u00e9largi son r\u00e9seau musical et affin\u00e9 son style.<br>En 2021, la perte pr\u00e9matur\u00e9e de sa m\u00e8re a profond\u00e9ment marqu\u00e9 son parcours, l\u2019incitant \u00e0 cr\u00e9er un EP hommage, \u00ab Such a Little Time \u00bb, m\u00ealant pop \u00e9lectro et \u00e9motions sinc\u00e8res.<br>Son nouveau single \u00ab Sans Toi \u00bb, sorti le 24 mars, est une ballade touchante o\u00f9 se m\u00ealent modernit\u00e9 et vuln\u00e9rabilit\u00e9.<br>Ce morceau, \u00e0 la fois intime et universel, r\u00e9v\u00e8le une artiste authentique, pr\u00eate \u00e0 \u00e9crire la suite d\u2019une carri\u00e8re prometteuse.<\/p>\n\n\n\n<p style=\"text-align: center;\"><iframe loading=\"lazy\" width=\"560\" height=\"315\" src=\"https:\/\/www.youtube.com\/embed\/-d1ocbg4sqY?si=rbvRCdxQd6cQ7h3R\" title=\"YouTube video player\" frameborder=\"0\" allow=\"accelerometer; autoplay; clipboard-write; encrypted-media; gyroscope; picture-in-picture; web-share\" referrerpolicy=\"strict-origin-when-cross-origin\" allowfullscreen><\/iframe><\/p>\n\n\n\n<h2 class=\"wp-block-heading has-luminous-vivid-orange-color has-text-color has-link-color wp-elements-82124ade2b57da3493b2363557fb0676\">Jensc : \u201cChanson pour Gaia\u201d<\/h2>\n\n\n\n<p>Jensc, artiste franco-am\u00e9ricain, puise son inspiration dans une vie partag\u00e9e entre Paris et New York, o\u00f9 la musique a toujours \u00e9t\u00e9 un fil conducteur familial.<br>Son univers oscille entre souvenirs parisiens et balades \u00e0 Central Park, avec un piano omnipr\u00e9sent dans le salon et des m\u00e9lodies qui rythment le quotidien.<br>Son nouvel album, \u00ab\u00a0Central Park\u00a0\u00bb, produit par Erick Benzi, d\u00e9voile des chansons intimes, empreintes de douceur et de nostalgie.<br>\u00ab\u00a0Chanson pour Gaia\u00a0\u00bb, deuxi\u00e8me titre de l\u2019album, \u00e9voque avec \u00e9motion la fragilit\u00e9 de notre lien \u00e0 la Terre.<br>Clara M, sa fille, apporte une touche d\u00e9licate aux ch\u0153urs.<br>Avec des titres en fran\u00e7ais et en anglais, Jensc invite chacun \u00e0 retrouver un \u00e9cho de sa propre histoire dans ses compositions sensibles et authentiques.<\/p>\n\n\n\n<p style=\"text-align: center;\"><iframe loading=\"lazy\" width=\"560\" height=\"315\" src=\"https:\/\/www.youtube.com\/embed\/qipETsO0oiw?si=lM30Sj-h5yLMLfmO\" title=\"YouTube video player\" frameborder=\"0\" allow=\"accelerometer; autoplay; clipboard-write; encrypted-media; gyroscope; picture-in-picture; web-share\" referrerpolicy=\"strict-origin-when-cross-origin\" allowfullscreen><\/iframe><\/p>\n\n\n\n<h2 class=\"wp-block-heading has-luminous-vivid-orange-color has-text-color has-link-color wp-elements-17d3fc56bc31eb6796e579d3b1e05537\">Eloise Bee : \u201cCachets\u201d<\/h2>\n\n\n\n<p>Elo\u00efse Bee, jeune auteure-compositrice-interpr\u00e8te, d\u00e9ploie un univers musical \u00e0 la fois lumineux et m\u00e9lancolique, o\u00f9 se m\u00ealent douceur et intensit\u00e9.<br>Sa voix claire et expressive nous transporte au c\u0153ur de ses histoires, r\u00e9v\u00e9lant une sensibilit\u00e9 profonde et une palette \u00e9motionnelle riche. Influenc\u00e9e par des figures majeures de la chanson fran\u00e7aise comme Ben Mazu\u00e9, Vianney ou Pomme, elle construit patiemment un style unique, empreint d\u2019authenticit\u00e9 et de couleurs vibrantes.<br>Sa chanson \u00ab\u202fCachets\u202f\u00bb aborde avec d\u00e9licatesse le th\u00e8me de la d\u00e9pression et des antid\u00e9presseurs, d\u00e9voilant la difficult\u00e9 de dissimuler sa douleur.<br>Port\u00e9e par un piano intimiste et des arrangements orchestraux subtils, cette composition \u00e9mouvante invite \u00e0 accueillir ses \u00e9motions plut\u00f4t qu\u2019\u00e0 les fuir.<br>Au-del\u00e0 de la m\u00e9lancolie, \u00ab\u202fCachets\u202f\u00bb diffuse un message d\u2019espoir et de r\u00e9silience, offrant un soutien pr\u00e9cieux \u00e0 ceux qui traversent des p\u00e9riodes difficiles.<\/p>\n\n\n\n<p style=\"text-align: center;\"><iframe loading=\"lazy\" width=\"560\" height=\"315\" src=\"https:\/\/www.youtube.com\/embed\/5tMy0Nl7dJw?si=KhymowQ6UrwJH4Q9\" title=\"YouTube video player\" frameborder=\"0\" allow=\"accelerometer; autoplay; clipboard-write; encrypted-media; gyroscope; picture-in-picture; web-share\" referrerpolicy=\"strict-origin-when-cross-origin\" allowfullscreen><\/iframe><\/p>\n\n\n\n<p class=\"has-text-align-center\"><a href=\"https:\/\/www.facebook.com\/EloiseBeeMusic\" target=\"_blank\" rel=\"noreferrer noopener\">Facebook<\/a> &#8211; <a href=\"https:\/\/www.instagram.com\/Eloisebee\" target=\"_blank\" rel=\"noreferrer noopener\">Instagram<\/a> &#8211; <a href=\"https:\/\/twitter.com\/EloiseBee\" target=\"_blank\" rel=\"noreferrer noopener\">Twitter<\/a><\/p>\n\n\n\n<h2 class=\"wp-block-heading has-luminous-vivid-orange-color has-text-color has-link-color wp-elements-10992457de2a6b10fcfd167f07876935\">A\u00eftone : \u201c1000 vies\u201d<\/h2>\n\n\n\n<p>Originaire de Corse et profond\u00e9ment marqu\u00e9 par les sonorit\u00e9s folk, britpop et rock progressif, A\u00eftone incarne une sensibilit\u00e9 rare dans le paysage musical actuel.<br>N\u00e9 en 1987, cet artiste des ann\u00e9es 90 puise son inspiration autant chez les Beatles que chez Bashung, m\u00ealant influences anglo-saxonnes et fran\u00e7aises avec une grande finesse.<br>Apr\u00e8s deux albums en anglais, il s\u2019ouvre d\u00e9sormais \u00e0 sa langue maternelle avec \u00ab 1000 vies \u00bb, un premier extrait poignant qui sortira le 4 avril 2025.<br>Cette chanson intime explore des th\u00e8mes universels tels que l\u2019enfance, l\u2019anxi\u00e9t\u00e9, le deuil et l\u2019espoir, invitant \u00e0 lib\u00e9rer les \u00e9motions souvent r\u00e9prim\u00e9es.<br>\u00c0 travers ce morceau, A\u00eftone affirme que la vuln\u00e9rabilit\u00e9 n\u2019est pas une faiblesse, mais une force qui nous unit tous.<\/p>\n\n\n\n<p style=\"text-align: center;\"><iframe loading=\"lazy\" width=\"560\" height=\"315\" src=\"https:\/\/www.youtube.com\/embed\/pMPfyUOtc4w?si=AFiCcomlaJXP5E-z\" title=\"YouTube video player\" frameborder=\"0\" allow=\"accelerometer; autoplay; clipboard-write; encrypted-media; gyroscope; picture-in-picture; web-share\" referrerpolicy=\"strict-origin-when-cross-origin\" allowfullscreen><\/iframe><\/p>\n\n\n\n<p class=\"has-text-align-center\"><a href=\"https:\/\/www.facebook.com\/aitone\" target=\"_blank\" rel=\"noreferrer noopener\">Facebook<\/a> &#8211; <a href=\"https:\/\/www.instagram.com\/aitonemusic\" target=\"_blank\" rel=\"noreferrer noopener\">Instagram<\/a><\/p>\n","protected":false},"excerpt":{"rendered":"<p>Un petit voyage \u00e0 l&rsquo;\u00e9coute d&rsquo;artistes originaires des quatre coins du monde&#8230;C&rsquo;est ce que nous&#8230;<\/p>\n","protected":false},"author":1,"featured_media":1476,"comment_status":"closed","ping_status":"open","sticky":false,"template":"","format":"standard","meta":{"_uag_custom_page_level_css":"","footnotes":""},"categories":[81],"tags":[],"class_list":["post-11660","post","type-post","status-publish","format-standard","has-post-thumbnail","hentry","category-chanson-francaise"],"yoast_head":"<!-- This site is optimized with the Yoast SEO plugin v27.5 - https:\/\/yoast.com\/product\/yoast-seo-wordpress\/ -->\n<title>Chronique de la chanson fran\u00e7aise, \u00e9pisode 35, un nouveau tour du monde ! - Radio Castor<\/title>\n<meta name=\"robots\" content=\"index, follow, max-snippet:-1, max-image-preview:large, max-video-preview:-1\" \/>\n<link rel=\"canonical\" href=\"https:\/\/www.radiocastor.com\/index.php\/chronique-de-la-chanson-francaise-episode-34-2\/\" \/>\n<meta property=\"og:locale\" content=\"fr_FR\" \/>\n<meta property=\"og:type\" content=\"article\" \/>\n<meta property=\"og:title\" content=\"Chronique de la chanson fran\u00e7aise, \u00e9pisode 35, un nouveau tour du monde ! - Radio Castor\" \/>\n<meta property=\"og:description\" content=\"Un petit voyage \u00e0 l&rsquo;\u00e9coute d&rsquo;artistes originaires des quatre coins du monde&#8230;C&rsquo;est ce que nous...\" \/>\n<meta property=\"og:url\" content=\"https:\/\/www.radiocastor.com\/index.php\/chronique-de-la-chanson-francaise-episode-34-2\/\" \/>\n<meta property=\"og:site_name\" content=\"Radio Castor\" \/>\n<meta property=\"article:publisher\" content=\"https:\/\/www.facebook.com\/theradiocastor\" \/>\n<meta property=\"article:published_time\" content=\"2025-06-05T19:52:46+00:00\" \/>\n<meta property=\"article:modified_time\" content=\"2025-07-23T18:08:06+00:00\" \/>\n<meta property=\"og:image\" content=\"https:\/\/www.radiocastor.com\/wp-content\/uploads\/2022\/04\/francophonie-3.jpg\" \/>\n\t<meta property=\"og:image:width\" content=\"500\" \/>\n\t<meta property=\"og:image:height\" content=\"368\" \/>\n\t<meta property=\"og:image:type\" content=\"image\/jpeg\" \/>\n<meta name=\"author\" content=\"R\u00e9daction R C\" \/>\n<meta name=\"twitter:card\" content=\"summary_large_image\" \/>\n<meta name=\"twitter:creator\" content=\"@TheRadioCastor\" \/>\n<meta name=\"twitter:site\" content=\"@TheRadioCastor\" \/>\n<meta name=\"twitter:label1\" content=\"\u00c9crit par\" \/>\n\t<meta name=\"twitter:data1\" content=\"R\u00e9daction R C\" \/>\n\t<meta name=\"twitter:label2\" content=\"Dur\u00e9e de lecture estim\u00e9e\" \/>\n\t<meta name=\"twitter:data2\" content=\"15 minutes\" \/>\n<script type=\"application\/ld+json\" class=\"yoast-schema-graph\">{\"@context\":\"https:\\\/\\\/schema.org\",\"@graph\":[{\"@type\":\"Article\",\"@id\":\"https:\\\/\\\/www.radiocastor.com\\\/index.php\\\/chronique-de-la-chanson-francaise-episode-34-2\\\/#article\",\"isPartOf\":{\"@id\":\"https:\\\/\\\/www.radiocastor.com\\\/index.php\\\/chronique-de-la-chanson-francaise-episode-34-2\\\/\"},\"author\":{\"name\":\"R\u00e9daction R C\",\"@id\":\"https:\\\/\\\/www.radiocastor.com\\\/#\\\/schema\\\/person\\\/558b0e47dc4c11fa52b2220ba6a78779\"},\"headline\":\"Chronique de la chanson fran\u00e7aise, \u00e9pisode 35, un nouveau tour du monde !\",\"datePublished\":\"2025-06-05T19:52:46+00:00\",\"dateModified\":\"2025-07-23T18:08:06+00:00\",\"mainEntityOfPage\":{\"@id\":\"https:\\\/\\\/www.radiocastor.com\\\/index.php\\\/chronique-de-la-chanson-francaise-episode-34-2\\\/\"},\"wordCount\":3054,\"publisher\":{\"@id\":\"https:\\\/\\\/www.radiocastor.com\\\/#organization\"},\"image\":{\"@id\":\"https:\\\/\\\/www.radiocastor.com\\\/index.php\\\/chronique-de-la-chanson-francaise-episode-34-2\\\/#primaryimage\"},\"thumbnailUrl\":\"https:\\\/\\\/www.radiocastor.com\\\/wp-content\\\/uploads\\\/2022\\\/04\\\/francophonie-3.jpg\",\"articleSection\":[\"Chanson Fran\u00e7aise\"],\"inLanguage\":\"fr-FR\"},{\"@type\":\"WebPage\",\"@id\":\"https:\\\/\\\/www.radiocastor.com\\\/index.php\\\/chronique-de-la-chanson-francaise-episode-34-2\\\/\",\"url\":\"https:\\\/\\\/www.radiocastor.com\\\/index.php\\\/chronique-de-la-chanson-francaise-episode-34-2\\\/\",\"name\":\"Chronique de la chanson fran\u00e7aise, \u00e9pisode 35, un nouveau tour du monde ! - Radio Castor\",\"isPartOf\":{\"@id\":\"https:\\\/\\\/www.radiocastor.com\\\/#website\"},\"primaryImageOfPage\":{\"@id\":\"https:\\\/\\\/www.radiocastor.com\\\/index.php\\\/chronique-de-la-chanson-francaise-episode-34-2\\\/#primaryimage\"},\"image\":{\"@id\":\"https:\\\/\\\/www.radiocastor.com\\\/index.php\\\/chronique-de-la-chanson-francaise-episode-34-2\\\/#primaryimage\"},\"thumbnailUrl\":\"https:\\\/\\\/www.radiocastor.com\\\/wp-content\\\/uploads\\\/2022\\\/04\\\/francophonie-3.jpg\",\"datePublished\":\"2025-06-05T19:52:46+00:00\",\"dateModified\":\"2025-07-23T18:08:06+00:00\",\"breadcrumb\":{\"@id\":\"https:\\\/\\\/www.radiocastor.com\\\/index.php\\\/chronique-de-la-chanson-francaise-episode-34-2\\\/#breadcrumb\"},\"inLanguage\":\"fr-FR\",\"potentialAction\":[{\"@type\":\"ReadAction\",\"target\":[\"https:\\\/\\\/www.radiocastor.com\\\/index.php\\\/chronique-de-la-chanson-francaise-episode-34-2\\\/\"]}]},{\"@type\":\"ImageObject\",\"inLanguage\":\"fr-FR\",\"@id\":\"https:\\\/\\\/www.radiocastor.com\\\/index.php\\\/chronique-de-la-chanson-francaise-episode-34-2\\\/#primaryimage\",\"url\":\"https:\\\/\\\/www.radiocastor.com\\\/wp-content\\\/uploads\\\/2022\\\/04\\\/francophonie-3.jpg\",\"contentUrl\":\"https:\\\/\\\/www.radiocastor.com\\\/wp-content\\\/uploads\\\/2022\\\/04\\\/francophonie-3.jpg\",\"width\":500,\"height\":368,\"caption\":\"francophonie\"},{\"@type\":\"BreadcrumbList\",\"@id\":\"https:\\\/\\\/www.radiocastor.com\\\/index.php\\\/chronique-de-la-chanson-francaise-episode-34-2\\\/#breadcrumb\",\"itemListElement\":[{\"@type\":\"ListItem\",\"position\":1,\"name\":\"Accueil\",\"item\":\"https:\\\/\\\/www.radiocastor.com\\\/\"},{\"@type\":\"ListItem\",\"position\":2,\"name\":\"Chronique de la chanson fran\u00e7aise, \u00e9pisode 35, un nouveau tour du monde !\"}]},{\"@type\":\"WebSite\",\"@id\":\"https:\\\/\\\/www.radiocastor.com\\\/#website\",\"url\":\"https:\\\/\\\/www.radiocastor.com\\\/\",\"name\":\"Radio Castor\",\"description\":\"La voix !\",\"publisher\":{\"@id\":\"https:\\\/\\\/www.radiocastor.com\\\/#organization\"},\"potentialAction\":[{\"@type\":\"SearchAction\",\"target\":{\"@type\":\"EntryPoint\",\"urlTemplate\":\"https:\\\/\\\/www.radiocastor.com\\\/?s={search_term_string}\"},\"query-input\":{\"@type\":\"PropertyValueSpecification\",\"valueRequired\":true,\"valueName\":\"search_term_string\"}}],\"inLanguage\":\"fr-FR\"},{\"@type\":\"Organization\",\"@id\":\"https:\\\/\\\/www.radiocastor.com\\\/#organization\",\"name\":\"Radio Castor\",\"url\":\"https:\\\/\\\/www.radiocastor.com\\\/\",\"logo\":{\"@type\":\"ImageObject\",\"inLanguage\":\"fr-FR\",\"@id\":\"https:\\\/\\\/www.radiocastor.com\\\/#\\\/schema\\\/logo\\\/image\\\/\",\"url\":\"https:\\\/\\\/www.radiocastor.com\\\/wp-content\\\/uploads\\\/2021\\\/11\\\/cropped-Radio-castor-logo-2.png\",\"contentUrl\":\"https:\\\/\\\/www.radiocastor.com\\\/wp-content\\\/uploads\\\/2021\\\/11\\\/cropped-Radio-castor-logo-2.png\",\"width\":437,\"height\":219,\"caption\":\"Radio Castor\"},\"image\":{\"@id\":\"https:\\\/\\\/www.radiocastor.com\\\/#\\\/schema\\\/logo\\\/image\\\/\"},\"sameAs\":[\"https:\\\/\\\/www.facebook.com\\\/theradiocastor\",\"https:\\\/\\\/x.com\\\/TheRadioCastor\",\"https:\\\/\\\/www.instagram.com\\\/theradiocastor\",\"https:\\\/\\\/www.youtube.com\\\/c\\\/RadioCastor\"]},{\"@type\":\"Person\",\"@id\":\"https:\\\/\\\/www.radiocastor.com\\\/#\\\/schema\\\/person\\\/558b0e47dc4c11fa52b2220ba6a78779\",\"name\":\"R\u00e9daction R C\",\"image\":{\"@type\":\"ImageObject\",\"inLanguage\":\"fr-FR\",\"@id\":\"https:\\\/\\\/secure.gravatar.com\\\/avatar\\\/1d3e4f4c4a0d129f7ed4838ea20c33760c2484b9bc381993df6c0e3f5bf89c23?s=96&d=mm&r=g\",\"url\":\"https:\\\/\\\/secure.gravatar.com\\\/avatar\\\/1d3e4f4c4a0d129f7ed4838ea20c33760c2484b9bc381993df6c0e3f5bf89c23?s=96&d=mm&r=g\",\"contentUrl\":\"https:\\\/\\\/secure.gravatar.com\\\/avatar\\\/1d3e4f4c4a0d129f7ed4838ea20c33760c2484b9bc381993df6c0e3f5bf89c23?s=96&d=mm&r=g\",\"caption\":\"R\u00e9daction R C\"},\"sameAs\":[\"http:\\\/\\\/www.radiocastor.com\"],\"url\":\"https:\\\/\\\/www.radiocastor.com\\\/index.php\\\/author\\\/radio-castor\\\/\"}]}<\/script>\n<!-- \/ Yoast SEO plugin. -->","yoast_head_json":{"title":"Chronique de la chanson fran\u00e7aise, \u00e9pisode 35, un nouveau tour du monde ! - Radio Castor","robots":{"index":"index","follow":"follow","max-snippet":"max-snippet:-1","max-image-preview":"max-image-preview:large","max-video-preview":"max-video-preview:-1"},"canonical":"https:\/\/www.radiocastor.com\/index.php\/chronique-de-la-chanson-francaise-episode-34-2\/","og_locale":"fr_FR","og_type":"article","og_title":"Chronique de la chanson fran\u00e7aise, \u00e9pisode 35, un nouveau tour du monde ! - Radio Castor","og_description":"Un petit voyage \u00e0 l&rsquo;\u00e9coute d&rsquo;artistes originaires des quatre coins du monde&#8230;C&rsquo;est ce que nous...","og_url":"https:\/\/www.radiocastor.com\/index.php\/chronique-de-la-chanson-francaise-episode-34-2\/","og_site_name":"Radio Castor","article_publisher":"https:\/\/www.facebook.com\/theradiocastor","article_published_time":"2025-06-05T19:52:46+00:00","article_modified_time":"2025-07-23T18:08:06+00:00","og_image":[{"width":500,"height":368,"url":"https:\/\/www.radiocastor.com\/wp-content\/uploads\/2022\/04\/francophonie-3.jpg","type":"image\/jpeg"}],"author":"R\u00e9daction R C","twitter_card":"summary_large_image","twitter_creator":"@TheRadioCastor","twitter_site":"@TheRadioCastor","twitter_misc":{"\u00c9crit par":"R\u00e9daction R C","Dur\u00e9e de lecture estim\u00e9e":"15 minutes"},"schema":{"@context":"https:\/\/schema.org","@graph":[{"@type":"Article","@id":"https:\/\/www.radiocastor.com\/index.php\/chronique-de-la-chanson-francaise-episode-34-2\/#article","isPartOf":{"@id":"https:\/\/www.radiocastor.com\/index.php\/chronique-de-la-chanson-francaise-episode-34-2\/"},"author":{"name":"R\u00e9daction R C","@id":"https:\/\/www.radiocastor.com\/#\/schema\/person\/558b0e47dc4c11fa52b2220ba6a78779"},"headline":"Chronique de la chanson fran\u00e7aise, \u00e9pisode 35, un nouveau tour du monde !","datePublished":"2025-06-05T19:52:46+00:00","dateModified":"2025-07-23T18:08:06+00:00","mainEntityOfPage":{"@id":"https:\/\/www.radiocastor.com\/index.php\/chronique-de-la-chanson-francaise-episode-34-2\/"},"wordCount":3054,"publisher":{"@id":"https:\/\/www.radiocastor.com\/#organization"},"image":{"@id":"https:\/\/www.radiocastor.com\/index.php\/chronique-de-la-chanson-francaise-episode-34-2\/#primaryimage"},"thumbnailUrl":"https:\/\/www.radiocastor.com\/wp-content\/uploads\/2022\/04\/francophonie-3.jpg","articleSection":["Chanson Fran\u00e7aise"],"inLanguage":"fr-FR"},{"@type":"WebPage","@id":"https:\/\/www.radiocastor.com\/index.php\/chronique-de-la-chanson-francaise-episode-34-2\/","url":"https:\/\/www.radiocastor.com\/index.php\/chronique-de-la-chanson-francaise-episode-34-2\/","name":"Chronique de la chanson fran\u00e7aise, \u00e9pisode 35, un nouveau tour du monde ! - Radio Castor","isPartOf":{"@id":"https:\/\/www.radiocastor.com\/#website"},"primaryImageOfPage":{"@id":"https:\/\/www.radiocastor.com\/index.php\/chronique-de-la-chanson-francaise-episode-34-2\/#primaryimage"},"image":{"@id":"https:\/\/www.radiocastor.com\/index.php\/chronique-de-la-chanson-francaise-episode-34-2\/#primaryimage"},"thumbnailUrl":"https:\/\/www.radiocastor.com\/wp-content\/uploads\/2022\/04\/francophonie-3.jpg","datePublished":"2025-06-05T19:52:46+00:00","dateModified":"2025-07-23T18:08:06+00:00","breadcrumb":{"@id":"https:\/\/www.radiocastor.com\/index.php\/chronique-de-la-chanson-francaise-episode-34-2\/#breadcrumb"},"inLanguage":"fr-FR","potentialAction":[{"@type":"ReadAction","target":["https:\/\/www.radiocastor.com\/index.php\/chronique-de-la-chanson-francaise-episode-34-2\/"]}]},{"@type":"ImageObject","inLanguage":"fr-FR","@id":"https:\/\/www.radiocastor.com\/index.php\/chronique-de-la-chanson-francaise-episode-34-2\/#primaryimage","url":"https:\/\/www.radiocastor.com\/wp-content\/uploads\/2022\/04\/francophonie-3.jpg","contentUrl":"https:\/\/www.radiocastor.com\/wp-content\/uploads\/2022\/04\/francophonie-3.jpg","width":500,"height":368,"caption":"francophonie"},{"@type":"BreadcrumbList","@id":"https:\/\/www.radiocastor.com\/index.php\/chronique-de-la-chanson-francaise-episode-34-2\/#breadcrumb","itemListElement":[{"@type":"ListItem","position":1,"name":"Accueil","item":"https:\/\/www.radiocastor.com\/"},{"@type":"ListItem","position":2,"name":"Chronique de la chanson fran\u00e7aise, \u00e9pisode 35, un nouveau tour du monde !"}]},{"@type":"WebSite","@id":"https:\/\/www.radiocastor.com\/#website","url":"https:\/\/www.radiocastor.com\/","name":"Radio Castor","description":"La voix !","publisher":{"@id":"https:\/\/www.radiocastor.com\/#organization"},"potentialAction":[{"@type":"SearchAction","target":{"@type":"EntryPoint","urlTemplate":"https:\/\/www.radiocastor.com\/?s={search_term_string}"},"query-input":{"@type":"PropertyValueSpecification","valueRequired":true,"valueName":"search_term_string"}}],"inLanguage":"fr-FR"},{"@type":"Organization","@id":"https:\/\/www.radiocastor.com\/#organization","name":"Radio Castor","url":"https:\/\/www.radiocastor.com\/","logo":{"@type":"ImageObject","inLanguage":"fr-FR","@id":"https:\/\/www.radiocastor.com\/#\/schema\/logo\/image\/","url":"https:\/\/www.radiocastor.com\/wp-content\/uploads\/2021\/11\/cropped-Radio-castor-logo-2.png","contentUrl":"https:\/\/www.radiocastor.com\/wp-content\/uploads\/2021\/11\/cropped-Radio-castor-logo-2.png","width":437,"height":219,"caption":"Radio Castor"},"image":{"@id":"https:\/\/www.radiocastor.com\/#\/schema\/logo\/image\/"},"sameAs":["https:\/\/www.facebook.com\/theradiocastor","https:\/\/x.com\/TheRadioCastor","https:\/\/www.instagram.com\/theradiocastor","https:\/\/www.youtube.com\/c\/RadioCastor"]},{"@type":"Person","@id":"https:\/\/www.radiocastor.com\/#\/schema\/person\/558b0e47dc4c11fa52b2220ba6a78779","name":"R\u00e9daction R C","image":{"@type":"ImageObject","inLanguage":"fr-FR","@id":"https:\/\/secure.gravatar.com\/avatar\/1d3e4f4c4a0d129f7ed4838ea20c33760c2484b9bc381993df6c0e3f5bf89c23?s=96&d=mm&r=g","url":"https:\/\/secure.gravatar.com\/avatar\/1d3e4f4c4a0d129f7ed4838ea20c33760c2484b9bc381993df6c0e3f5bf89c23?s=96&d=mm&r=g","contentUrl":"https:\/\/secure.gravatar.com\/avatar\/1d3e4f4c4a0d129f7ed4838ea20c33760c2484b9bc381993df6c0e3f5bf89c23?s=96&d=mm&r=g","caption":"R\u00e9daction R C"},"sameAs":["http:\/\/www.radiocastor.com"],"url":"https:\/\/www.radiocastor.com\/index.php\/author\/radio-castor\/"}]}},"uagb_featured_image_src":{"full":["https:\/\/www.radiocastor.com\/wp-content\/uploads\/2022\/04\/francophonie-3.jpg",500,368,false],"thumbnail":["https:\/\/www.radiocastor.com\/wp-content\/uploads\/2022\/04\/francophonie-3-150x150.jpg",150,150,true],"medium":["https:\/\/www.radiocastor.com\/wp-content\/uploads\/2022\/04\/francophonie-3-300x221.jpg",300,221,true],"medium_large":["https:\/\/www.radiocastor.com\/wp-content\/uploads\/2022\/04\/francophonie-3.jpg",500,368,false],"large":["https:\/\/www.radiocastor.com\/wp-content\/uploads\/2022\/04\/francophonie-3.jpg",500,368,false],"1536x1536":["https:\/\/www.radiocastor.com\/wp-content\/uploads\/2022\/04\/francophonie-3.jpg",500,368,false],"2048x2048":["https:\/\/www.radiocastor.com\/wp-content\/uploads\/2022\/04\/francophonie-3.jpg",500,368,false],"newsever-slider-full":["https:\/\/www.radiocastor.com\/wp-content\/uploads\/2022\/04\/francophonie-3.jpg",500,368,false],"newsever-featured":["https:\/\/www.radiocastor.com\/wp-content\/uploads\/2022\/04\/francophonie-3.jpg",500,368,false],"newsever-medium":["https:\/\/www.radiocastor.com\/wp-content\/uploads\/2022\/04\/francophonie-3.jpg",500,368,false]},"uagb_author_info":{"display_name":"R\u00e9daction R C","author_link":"https:\/\/www.radiocastor.com\/index.php\/author\/radio-castor\/"},"uagb_comment_info":0,"uagb_excerpt":"Un petit voyage \u00e0 l&rsquo;\u00e9coute d&rsquo;artistes originaires des quatre coins du monde&#8230;C&rsquo;est ce que nous...","_links":{"self":[{"href":"https:\/\/www.radiocastor.com\/index.php\/wp-json\/wp\/v2\/posts\/11660","targetHints":{"allow":["GET"]}}],"collection":[{"href":"https:\/\/www.radiocastor.com\/index.php\/wp-json\/wp\/v2\/posts"}],"about":[{"href":"https:\/\/www.radiocastor.com\/index.php\/wp-json\/wp\/v2\/types\/post"}],"author":[{"embeddable":true,"href":"https:\/\/www.radiocastor.com\/index.php\/wp-json\/wp\/v2\/users\/1"}],"replies":[{"embeddable":true,"href":"https:\/\/www.radiocastor.com\/index.php\/wp-json\/wp\/v2\/comments?post=11660"}],"version-history":[{"count":4,"href":"https:\/\/www.radiocastor.com\/index.php\/wp-json\/wp\/v2\/posts\/11660\/revisions"}],"predecessor-version":[{"id":11668,"href":"https:\/\/www.radiocastor.com\/index.php\/wp-json\/wp\/v2\/posts\/11660\/revisions\/11668"}],"wp:featuredmedia":[{"embeddable":true,"href":"https:\/\/www.radiocastor.com\/index.php\/wp-json\/wp\/v2\/media\/1476"}],"wp:attachment":[{"href":"https:\/\/www.radiocastor.com\/index.php\/wp-json\/wp\/v2\/media?parent=11660"}],"wp:term":[{"taxonomy":"category","embeddable":true,"href":"https:\/\/www.radiocastor.com\/index.php\/wp-json\/wp\/v2\/categories?post=11660"},{"taxonomy":"post_tag","embeddable":true,"href":"https:\/\/www.radiocastor.com\/index.php\/wp-json\/wp\/v2\/tags?post=11660"}],"curies":[{"name":"wp","href":"https:\/\/api.w.org\/{rel}","templated":true}]}}