{"id":114,"date":"2021-09-05T17:22:00","date_gmt":"2021-09-05T15:22:00","guid":{"rendered":"https:\/\/www.radiocastor.com\/?p=114"},"modified":"2021-11-24T17:59:40","modified_gmt":"2021-11-24T16:59:40","slug":"titre-du-jour-andre-antibi-une-personne-agee","status":"publish","type":"post","link":"https:\/\/www.radiocastor.com\/index.php\/titre-du-jour-andre-antibi-une-personne-agee\/","title":{"rendered":"Titre du jour &#8211; Andr\u00e9 Antibi &#8211; Une personne \u00e2g\u00e9e"},"content":{"rendered":"\n<p>Le Dimanche 5 septembre 2021, nous avons s\u00e9lectionn\u00e9 comme titre du jour \u00ab\u00a0Une personne \u00e2g\u00e9e\u00a0\u00bb, de Andr\u00e9 Antibi.<\/p>\n\n\n<p><iframe loading=\"lazy\" title=\"YouTube video player\" src=\"https:\/\/www.youtube.com\/embed\/wUCfr0VpTZY\" width=\"560\" height=\"315\" frameborder=\"0\" allowfullscreen=\"allowfullscreen\"><\/iframe><\/p>","protected":false},"excerpt":{"rendered":"<p>Le Dimanche 5 septembre 2021, nous avons s\u00e9lectionn\u00e9 comme titre du jour \u00ab\u00a0Une personne \u00e2g\u00e9e\u00a0\u00bb,&#8230;<\/p>\n","protected":false},"author":1,"featured_media":115,"comment_status":"closed","ping_status":"open","sticky":false,"template":"","format":"video","meta":{"_uag_custom_page_level_css":"","footnotes":""},"categories":[45],"tags":[],"class_list":["post-114","post","type-post","status-publish","format-video","has-post-thumbnail","hentry","category-titre-du-jour","post_format-post-format-video"],"yoast_head":"<!-- This site is optimized with the Yoast SEO plugin v27.4 - https:\/\/yoast.com\/product\/yoast-seo-wordpress\/ -->\n<title>Titre du jour - Andr\u00e9 Antibi - Une personne \u00e2g\u00e9e - Radio Castor<\/title>\n<meta name=\"robots\" content=\"index, follow, max-snippet:-1, max-image-preview:large, max-video-preview:-1\" \/>\n<link rel=\"canonical\" href=\"https:\/\/www.radiocastor.com\/index.php\/titre-du-jour-andre-antibi-une-personne-agee\/\" \/>\n<meta property=\"og:locale\" content=\"fr_FR\" \/>\n<meta property=\"og:type\" content=\"article\" \/>\n<meta property=\"og:title\" content=\"Titre du jour - Andr\u00e9 Antibi - Une personne \u00e2g\u00e9e - Radio Castor\" \/>\n<meta property=\"og:description\" content=\"Le Dimanche 5 septembre 2021, nous avons s\u00e9lectionn\u00e9 comme titre du jour \u00ab\u00a0Une personne \u00e2g\u00e9e\u00a0\u00bb,...\" \/>\n<meta property=\"og:url\" content=\"https:\/\/www.radiocastor.com\/index.php\/titre-du-jour-andre-antibi-une-personne-agee\/\" \/>\n<meta property=\"og:site_name\" content=\"Radio Castor\" \/>\n<meta property=\"article:publisher\" content=\"https:\/\/www.facebook.com\/theradiocastor\" \/>\n<meta property=\"article:published_time\" content=\"2021-09-05T15:22:00+00:00\" \/>\n<meta property=\"article:modified_time\" content=\"2021-11-24T16:59:40+00:00\" \/>\n<meta property=\"og:image\" content=\"https:\/\/www.radiocastor.com\/wp-content\/uploads\/2021\/11\/Andre-Antibi.jpg\" \/>\n\t<meta property=\"og:image:width\" content=\"88\" \/>\n\t<meta property=\"og:image:height\" content=\"88\" \/>\n\t<meta property=\"og:image:type\" content=\"image\/jpeg\" \/>\n<meta name=\"author\" content=\"R\u00e9daction R C\" \/>\n<meta name=\"twitter:card\" content=\"summary_large_image\" \/>\n<meta name=\"twitter:creator\" content=\"@TheRadioCastor\" \/>\n<meta name=\"twitter:site\" content=\"@TheRadioCastor\" \/>\n<meta name=\"twitter:label1\" content=\"\u00c9crit par\" \/>\n\t<meta name=\"twitter:data1\" content=\"R\u00e9daction R C\" \/>\n<script type=\"application\/ld+json\" class=\"yoast-schema-graph\">{\"@context\":\"https:\\\/\\\/schema.org\",\"@graph\":[{\"@type\":\"Article\",\"@id\":\"https:\\\/\\\/www.radiocastor.com\\\/index.php\\\/titre-du-jour-andre-antibi-une-personne-agee\\\/#article\",\"isPartOf\":{\"@id\":\"https:\\\/\\\/www.radiocastor.com\\\/index.php\\\/titre-du-jour-andre-antibi-une-personne-agee\\\/\"},\"author\":{\"name\":\"R\u00e9daction R C\",\"@id\":\"https:\\\/\\\/www.radiocastor.com\\\/#\\\/schema\\\/person\\\/558b0e47dc4c11fa52b2220ba6a78779\"},\"headline\":\"Titre du jour &#8211; Andr\u00e9 Antibi &#8211; Une personne \u00e2g\u00e9e\",\"datePublished\":\"2021-09-05T15:22:00+00:00\",\"dateModified\":\"2021-11-24T16:59:40+00:00\",\"mainEntityOfPage\":{\"@id\":\"https:\\\/\\\/www.radiocastor.com\\\/index.php\\\/titre-du-jour-andre-antibi-une-personne-agee\\\/\"},\"wordCount\":29,\"publisher\":{\"@id\":\"https:\\\/\\\/www.radiocastor.com\\\/#organization\"},\"image\":{\"@id\":\"https:\\\/\\\/www.radiocastor.com\\\/index.php\\\/titre-du-jour-andre-antibi-une-personne-agee\\\/#primaryimage\"},\"thumbnailUrl\":\"https:\\\/\\\/www.radiocastor.com\\\/wp-content\\\/uploads\\\/2021\\\/11\\\/Andre-Antibi.jpg\",\"articleSection\":[\"Titre du jour\"],\"inLanguage\":\"fr-FR\"},{\"@type\":\"WebPage\",\"@id\":\"https:\\\/\\\/www.radiocastor.com\\\/index.php\\\/titre-du-jour-andre-antibi-une-personne-agee\\\/\",\"url\":\"https:\\\/\\\/www.radiocastor.com\\\/index.php\\\/titre-du-jour-andre-antibi-une-personne-agee\\\/\",\"name\":\"Titre du jour - Andr\u00e9 Antibi - Une personne \u00e2g\u00e9e - Radio Castor\",\"isPartOf\":{\"@id\":\"https:\\\/\\\/www.radiocastor.com\\\/#website\"},\"primaryImageOfPage\":{\"@id\":\"https:\\\/\\\/www.radiocastor.com\\\/index.php\\\/titre-du-jour-andre-antibi-une-personne-agee\\\/#primaryimage\"},\"image\":{\"@id\":\"https:\\\/\\\/www.radiocastor.com\\\/index.php\\\/titre-du-jour-andre-antibi-une-personne-agee\\\/#primaryimage\"},\"thumbnailUrl\":\"https:\\\/\\\/www.radiocastor.com\\\/wp-content\\\/uploads\\\/2021\\\/11\\\/Andre-Antibi.jpg\",\"datePublished\":\"2021-09-05T15:22:00+00:00\",\"dateModified\":\"2021-11-24T16:59:40+00:00\",\"breadcrumb\":{\"@id\":\"https:\\\/\\\/www.radiocastor.com\\\/index.php\\\/titre-du-jour-andre-antibi-une-personne-agee\\\/#breadcrumb\"},\"inLanguage\":\"fr-FR\",\"potentialAction\":[{\"@type\":\"ReadAction\",\"target\":[\"https:\\\/\\\/www.radiocastor.com\\\/index.php\\\/titre-du-jour-andre-antibi-une-personne-agee\\\/\"]}]},{\"@type\":\"ImageObject\",\"inLanguage\":\"fr-FR\",\"@id\":\"https:\\\/\\\/www.radiocastor.com\\\/index.php\\\/titre-du-jour-andre-antibi-une-personne-agee\\\/#primaryimage\",\"url\":\"https:\\\/\\\/www.radiocastor.com\\\/wp-content\\\/uploads\\\/2021\\\/11\\\/Andre-Antibi.jpg\",\"contentUrl\":\"https:\\\/\\\/www.radiocastor.com\\\/wp-content\\\/uploads\\\/2021\\\/11\\\/Andre-Antibi.jpg\",\"width\":88,\"height\":88,\"caption\":\"Andr\u00e9 Antibi\"},{\"@type\":\"BreadcrumbList\",\"@id\":\"https:\\\/\\\/www.radiocastor.com\\\/index.php\\\/titre-du-jour-andre-antibi-une-personne-agee\\\/#breadcrumb\",\"itemListElement\":[{\"@type\":\"ListItem\",\"position\":1,\"name\":\"Accueil\",\"item\":\"https:\\\/\\\/www.radiocastor.com\\\/\"},{\"@type\":\"ListItem\",\"position\":2,\"name\":\"Titre du jour &#8211; Andr\u00e9 Antibi &#8211; Une personne \u00e2g\u00e9e\"}]},{\"@type\":\"WebSite\",\"@id\":\"https:\\\/\\\/www.radiocastor.com\\\/#website\",\"url\":\"https:\\\/\\\/www.radiocastor.com\\\/\",\"name\":\"Radio Castor\",\"description\":\"La voix !\",\"publisher\":{\"@id\":\"https:\\\/\\\/www.radiocastor.com\\\/#organization\"},\"potentialAction\":[{\"@type\":\"SearchAction\",\"target\":{\"@type\":\"EntryPoint\",\"urlTemplate\":\"https:\\\/\\\/www.radiocastor.com\\\/?s={search_term_string}\"},\"query-input\":{\"@type\":\"PropertyValueSpecification\",\"valueRequired\":true,\"valueName\":\"search_term_string\"}}],\"inLanguage\":\"fr-FR\"},{\"@type\":\"Organization\",\"@id\":\"https:\\\/\\\/www.radiocastor.com\\\/#organization\",\"name\":\"Radio Castor\",\"url\":\"https:\\\/\\\/www.radiocastor.com\\\/\",\"logo\":{\"@type\":\"ImageObject\",\"inLanguage\":\"fr-FR\",\"@id\":\"https:\\\/\\\/www.radiocastor.com\\\/#\\\/schema\\\/logo\\\/image\\\/\",\"url\":\"https:\\\/\\\/www.radiocastor.com\\\/wp-content\\\/uploads\\\/2021\\\/11\\\/cropped-Radio-castor-logo-2.png\",\"contentUrl\":\"https:\\\/\\\/www.radiocastor.com\\\/wp-content\\\/uploads\\\/2021\\\/11\\\/cropped-Radio-castor-logo-2.png\",\"width\":437,\"height\":219,\"caption\":\"Radio Castor\"},\"image\":{\"@id\":\"https:\\\/\\\/www.radiocastor.com\\\/#\\\/schema\\\/logo\\\/image\\\/\"},\"sameAs\":[\"https:\\\/\\\/www.facebook.com\\\/theradiocastor\",\"https:\\\/\\\/x.com\\\/TheRadioCastor\",\"https:\\\/\\\/www.instagram.com\\\/theradiocastor\",\"https:\\\/\\\/www.youtube.com\\\/c\\\/RadioCastor\"]},{\"@type\":\"Person\",\"@id\":\"https:\\\/\\\/www.radiocastor.com\\\/#\\\/schema\\\/person\\\/558b0e47dc4c11fa52b2220ba6a78779\",\"name\":\"R\u00e9daction R C\",\"image\":{\"@type\":\"ImageObject\",\"inLanguage\":\"fr-FR\",\"@id\":\"https:\\\/\\\/secure.gravatar.com\\\/avatar\\\/1d3e4f4c4a0d129f7ed4838ea20c33760c2484b9bc381993df6c0e3f5bf89c23?s=96&d=mm&r=g\",\"url\":\"https:\\\/\\\/secure.gravatar.com\\\/avatar\\\/1d3e4f4c4a0d129f7ed4838ea20c33760c2484b9bc381993df6c0e3f5bf89c23?s=96&d=mm&r=g\",\"contentUrl\":\"https:\\\/\\\/secure.gravatar.com\\\/avatar\\\/1d3e4f4c4a0d129f7ed4838ea20c33760c2484b9bc381993df6c0e3f5bf89c23?s=96&d=mm&r=g\",\"caption\":\"R\u00e9daction R C\"},\"sameAs\":[\"http:\\\/\\\/www.radiocastor.com\"],\"url\":\"https:\\\/\\\/www.radiocastor.com\\\/index.php\\\/author\\\/radio-castor\\\/\"}]}<\/script>\n<!-- \/ Yoast SEO plugin. -->","yoast_head_json":{"title":"Titre du jour - Andr\u00e9 Antibi - Une personne \u00e2g\u00e9e - Radio Castor","robots":{"index":"index","follow":"follow","max-snippet":"max-snippet:-1","max-image-preview":"max-image-preview:large","max-video-preview":"max-video-preview:-1"},"canonical":"https:\/\/www.radiocastor.com\/index.php\/titre-du-jour-andre-antibi-une-personne-agee\/","og_locale":"fr_FR","og_type":"article","og_title":"Titre du jour - Andr\u00e9 Antibi - Une personne \u00e2g\u00e9e - Radio Castor","og_description":"Le Dimanche 5 septembre 2021, nous avons s\u00e9lectionn\u00e9 comme titre du jour \u00ab\u00a0Une personne \u00e2g\u00e9e\u00a0\u00bb,...","og_url":"https:\/\/www.radiocastor.com\/index.php\/titre-du-jour-andre-antibi-une-personne-agee\/","og_site_name":"Radio Castor","article_publisher":"https:\/\/www.facebook.com\/theradiocastor","article_published_time":"2021-09-05T15:22:00+00:00","article_modified_time":"2021-11-24T16:59:40+00:00","og_image":[{"width":88,"height":88,"url":"https:\/\/www.radiocastor.com\/wp-content\/uploads\/2021\/11\/Andre-Antibi.jpg","type":"image\/jpeg"}],"author":"R\u00e9daction R C","twitter_card":"summary_large_image","twitter_creator":"@TheRadioCastor","twitter_site":"@TheRadioCastor","twitter_misc":{"\u00c9crit par":"R\u00e9daction R C"},"schema":{"@context":"https:\/\/schema.org","@graph":[{"@type":"Article","@id":"https:\/\/www.radiocastor.com\/index.php\/titre-du-jour-andre-antibi-une-personne-agee\/#article","isPartOf":{"@id":"https:\/\/www.radiocastor.com\/index.php\/titre-du-jour-andre-antibi-une-personne-agee\/"},"author":{"name":"R\u00e9daction R C","@id":"https:\/\/www.radiocastor.com\/#\/schema\/person\/558b0e47dc4c11fa52b2220ba6a78779"},"headline":"Titre du jour &#8211; Andr\u00e9 Antibi &#8211; Une personne \u00e2g\u00e9e","datePublished":"2021-09-05T15:22:00+00:00","dateModified":"2021-11-24T16:59:40+00:00","mainEntityOfPage":{"@id":"https:\/\/www.radiocastor.com\/index.php\/titre-du-jour-andre-antibi-une-personne-agee\/"},"wordCount":29,"publisher":{"@id":"https:\/\/www.radiocastor.com\/#organization"},"image":{"@id":"https:\/\/www.radiocastor.com\/index.php\/titre-du-jour-andre-antibi-une-personne-agee\/#primaryimage"},"thumbnailUrl":"https:\/\/www.radiocastor.com\/wp-content\/uploads\/2021\/11\/Andre-Antibi.jpg","articleSection":["Titre du jour"],"inLanguage":"fr-FR"},{"@type":"WebPage","@id":"https:\/\/www.radiocastor.com\/index.php\/titre-du-jour-andre-antibi-une-personne-agee\/","url":"https:\/\/www.radiocastor.com\/index.php\/titre-du-jour-andre-antibi-une-personne-agee\/","name":"Titre du jour - Andr\u00e9 Antibi - Une personne \u00e2g\u00e9e - Radio Castor","isPartOf":{"@id":"https:\/\/www.radiocastor.com\/#website"},"primaryImageOfPage":{"@id":"https:\/\/www.radiocastor.com\/index.php\/titre-du-jour-andre-antibi-une-personne-agee\/#primaryimage"},"image":{"@id":"https:\/\/www.radiocastor.com\/index.php\/titre-du-jour-andre-antibi-une-personne-agee\/#primaryimage"},"thumbnailUrl":"https:\/\/www.radiocastor.com\/wp-content\/uploads\/2021\/11\/Andre-Antibi.jpg","datePublished":"2021-09-05T15:22:00+00:00","dateModified":"2021-11-24T16:59:40+00:00","breadcrumb":{"@id":"https:\/\/www.radiocastor.com\/index.php\/titre-du-jour-andre-antibi-une-personne-agee\/#breadcrumb"},"inLanguage":"fr-FR","potentialAction":[{"@type":"ReadAction","target":["https:\/\/www.radiocastor.com\/index.php\/titre-du-jour-andre-antibi-une-personne-agee\/"]}]},{"@type":"ImageObject","inLanguage":"fr-FR","@id":"https:\/\/www.radiocastor.com\/index.php\/titre-du-jour-andre-antibi-une-personne-agee\/#primaryimage","url":"https:\/\/www.radiocastor.com\/wp-content\/uploads\/2021\/11\/Andre-Antibi.jpg","contentUrl":"https:\/\/www.radiocastor.com\/wp-content\/uploads\/2021\/11\/Andre-Antibi.jpg","width":88,"height":88,"caption":"Andr\u00e9 Antibi"},{"@type":"BreadcrumbList","@id":"https:\/\/www.radiocastor.com\/index.php\/titre-du-jour-andre-antibi-une-personne-agee\/#breadcrumb","itemListElement":[{"@type":"ListItem","position":1,"name":"Accueil","item":"https:\/\/www.radiocastor.com\/"},{"@type":"ListItem","position":2,"name":"Titre du jour &#8211; Andr\u00e9 Antibi &#8211; Une personne \u00e2g\u00e9e"}]},{"@type":"WebSite","@id":"https:\/\/www.radiocastor.com\/#website","url":"https:\/\/www.radiocastor.com\/","name":"Radio Castor","description":"La voix !","publisher":{"@id":"https:\/\/www.radiocastor.com\/#organization"},"potentialAction":[{"@type":"SearchAction","target":{"@type":"EntryPoint","urlTemplate":"https:\/\/www.radiocastor.com\/?s={search_term_string}"},"query-input":{"@type":"PropertyValueSpecification","valueRequired":true,"valueName":"search_term_string"}}],"inLanguage":"fr-FR"},{"@type":"Organization","@id":"https:\/\/www.radiocastor.com\/#organization","name":"Radio Castor","url":"https:\/\/www.radiocastor.com\/","logo":{"@type":"ImageObject","inLanguage":"fr-FR","@id":"https:\/\/www.radiocastor.com\/#\/schema\/logo\/image\/","url":"https:\/\/www.radiocastor.com\/wp-content\/uploads\/2021\/11\/cropped-Radio-castor-logo-2.png","contentUrl":"https:\/\/www.radiocastor.com\/wp-content\/uploads\/2021\/11\/cropped-Radio-castor-logo-2.png","width":437,"height":219,"caption":"Radio Castor"},"image":{"@id":"https:\/\/www.radiocastor.com\/#\/schema\/logo\/image\/"},"sameAs":["https:\/\/www.facebook.com\/theradiocastor","https:\/\/x.com\/TheRadioCastor","https:\/\/www.instagram.com\/theradiocastor","https:\/\/www.youtube.com\/c\/RadioCastor"]},{"@type":"Person","@id":"https:\/\/www.radiocastor.com\/#\/schema\/person\/558b0e47dc4c11fa52b2220ba6a78779","name":"R\u00e9daction R C","image":{"@type":"ImageObject","inLanguage":"fr-FR","@id":"https:\/\/secure.gravatar.com\/avatar\/1d3e4f4c4a0d129f7ed4838ea20c33760c2484b9bc381993df6c0e3f5bf89c23?s=96&d=mm&r=g","url":"https:\/\/secure.gravatar.com\/avatar\/1d3e4f4c4a0d129f7ed4838ea20c33760c2484b9bc381993df6c0e3f5bf89c23?s=96&d=mm&r=g","contentUrl":"https:\/\/secure.gravatar.com\/avatar\/1d3e4f4c4a0d129f7ed4838ea20c33760c2484b9bc381993df6c0e3f5bf89c23?s=96&d=mm&r=g","caption":"R\u00e9daction R C"},"sameAs":["http:\/\/www.radiocastor.com"],"url":"https:\/\/www.radiocastor.com\/index.php\/author\/radio-castor\/"}]}},"uagb_featured_image_src":{"full":["https:\/\/www.radiocastor.com\/wp-content\/uploads\/2021\/11\/Andre-Antibi.jpg",88,88,false],"thumbnail":["https:\/\/www.radiocastor.com\/wp-content\/uploads\/2021\/11\/Andre-Antibi.jpg",88,88,false],"medium":["https:\/\/www.radiocastor.com\/wp-content\/uploads\/2021\/11\/Andre-Antibi.jpg",88,88,false],"medium_large":["https:\/\/www.radiocastor.com\/wp-content\/uploads\/2021\/11\/Andre-Antibi.jpg",88,88,false],"large":["https:\/\/www.radiocastor.com\/wp-content\/uploads\/2021\/11\/Andre-Antibi.jpg",88,88,false],"1536x1536":["https:\/\/www.radiocastor.com\/wp-content\/uploads\/2021\/11\/Andre-Antibi.jpg",88,88,false],"2048x2048":["https:\/\/www.radiocastor.com\/wp-content\/uploads\/2021\/11\/Andre-Antibi.jpg",88,88,false],"newsever-slider-full":["https:\/\/www.radiocastor.com\/wp-content\/uploads\/2021\/11\/Andre-Antibi.jpg",88,88,false],"newsever-featured":["https:\/\/www.radiocastor.com\/wp-content\/uploads\/2021\/11\/Andre-Antibi.jpg",88,88,false],"newsever-medium":["https:\/\/www.radiocastor.com\/wp-content\/uploads\/2021\/11\/Andre-Antibi.jpg",88,88,false]},"uagb_author_info":{"display_name":"R\u00e9daction R C","author_link":"https:\/\/www.radiocastor.com\/index.php\/author\/radio-castor\/"},"uagb_comment_info":0,"uagb_excerpt":"Le Dimanche 5 septembre 2021, nous avons s\u00e9lectionn\u00e9 comme titre du jour \u00ab\u00a0Une personne \u00e2g\u00e9e\u00a0\u00bb,...","_links":{"self":[{"href":"https:\/\/www.radiocastor.com\/index.php\/wp-json\/wp\/v2\/posts\/114","targetHints":{"allow":["GET"]}}],"collection":[{"href":"https:\/\/www.radiocastor.com\/index.php\/wp-json\/wp\/v2\/posts"}],"about":[{"href":"https:\/\/www.radiocastor.com\/index.php\/wp-json\/wp\/v2\/types\/post"}],"author":[{"embeddable":true,"href":"https:\/\/www.radiocastor.com\/index.php\/wp-json\/wp\/v2\/users\/1"}],"replies":[{"embeddable":true,"href":"https:\/\/www.radiocastor.com\/index.php\/wp-json\/wp\/v2\/comments?post=114"}],"version-history":[{"count":0,"href":"https:\/\/www.radiocastor.com\/index.php\/wp-json\/wp\/v2\/posts\/114\/revisions"}],"wp:featuredmedia":[{"embeddable":true,"href":"https:\/\/www.radiocastor.com\/index.php\/wp-json\/wp\/v2\/media\/115"}],"wp:attachment":[{"href":"https:\/\/www.radiocastor.com\/index.php\/wp-json\/wp\/v2\/media?parent=114"}],"wp:term":[{"taxonomy":"category","embeddable":true,"href":"https:\/\/www.radiocastor.com\/index.php\/wp-json\/wp\/v2\/categories?post=114"},{"taxonomy":"post_tag","embeddable":true,"href":"https:\/\/www.radiocastor.com\/index.php\/wp-json\/wp\/v2\/tags?post=114"}],"curies":[{"name":"wp","href":"https:\/\/api.w.org\/{rel}","templated":true}]}}