{"id":10814,"date":"2025-02-13T01:35:58","date_gmt":"2025-02-13T00:35:58","guid":{"rendered":"https:\/\/www.radiocastor.com\/?p=10814"},"modified":"2025-02-13T01:36:00","modified_gmt":"2025-02-13T00:36:00","slug":"the-deneuves-sapprete-a-faire-des-eclats-avec-son-nouveau-single-sparkles","status":"publish","type":"post","link":"https:\/\/www.radiocastor.com\/index.php\/the-deneuves-sapprete-a-faire-des-eclats-avec-son-nouveau-single-sparkles\/","title":{"rendered":"The Deneuves s\u2019appr\u00eate \u00e0 faire des \u00e9clats avec son nouveau single, \u00ab\u00a0Sparkles\u00a0\u00bb"},"content":{"rendered":"\n<p>Le groupe fran\u00e7ais The Deneuves nous pr\u00e9sente son dernier titre, \u00ab\u00a0parkles\u00a0\u00bb, sorti le 1 f\u00e9vrier 2025.<\/p>\n\n\n\n<p>The Deneuves est un groupe de rock ind\u00e9pendant originaire de la C\u00f4te d&rsquo;Azur, fortement influenc\u00e9 par la po\u00e9sie, la luxure et Catherine Deneuve.<\/p>\n\n\n\n<p>Form\u00e9 par Hank et Pierre en 2023, The Deneuves s&rsquo;est agrandi avec l&rsquo;arriv\u00e9e d&rsquo;Alex et Arthur, \u00e9voluant vers un groupe fermement ancr\u00e9 dans la tradition de groupes comme The Libertines, Babyshambles ou The Strokes.<\/p>\n\n\n\n<p>Ils m\u00e9langent la puissance de la composition pop m\u00e9lodique \u00e0 l&rsquo;\u00e9nergie brute du punk britannique, d\u00e9livrant des paroles sinc\u00e8res et universelles.<\/p>\n\n\n\n<p>\u00ab\u00a0Sparkles\u00a0\u00bb, le premier single du tout premier album de The Deneuves, puise son inspiration dans l\u2019\u00e9nergie brute de la sc\u00e8ne indie britannique des ann\u00e9es 2000.\u00a0<\/p>\n\n\n\n<p>C&rsquo;est un titre pop dans la lign\u00e9e des BabyShambles avec une interpr\u00e9tation \u00e9corch\u00e9e et acide de l\u2019extase que l\u2019on ressent apr\u00e8s un premier baiser, comme si tout le monde pouvait s\u2019\u00e9crouler.<\/p>\n\n\n\n<p>\u00ab\u00a0Sparkles\u00a0\u00bb explore un \u00e9veil face \u00e0 une r\u00e9alit\u00e9 transform\u00e9e.<br>Les rep\u00e8res s&rsquo;effondrent, le monde connu se r\u00e9v\u00e8le sous un nouveau jour, presque agressif.<br>L&rsquo;\u00e2me, lib\u00e9r\u00e9e, danse sans h\u00e9sitation tandis que l&rsquo;univers tangible \u2013 murs, sons, ciel, terre \u2013 r\u00e9clame des \u00ab\u00a0sparkles\u00a0\u00bb.<br>La chanson sugg\u00e8re une qu\u00eate de sens et d&rsquo;\u00e9clat dans un monde o\u00f9 le myst\u00e8re s&rsquo;estompe et o\u00f9 l&rsquo;individu est confront\u00e9 \u00e0 sa propre existence.<\/p>\n\n\n\n<p>Premier d\u2019une s\u00e9rie de trois singles, \u00ab\u00a0Sparkles\u00a0\u00bb annonce la tonalit\u00e9 du premier album \u00e0 venir, pr\u00e9vu pour avril.<br>On a h\u00e2te&#8230;<\/p>\n\n\n\n<p><em>A \u00e9couter sur <a href=\"https:\/\/www.radiocastor.com\/index.php\/playlist\/\" target=\"_blank\" rel=\"noreferrer noopener\">nos playlists<\/a> !<\/em><\/p>\n\n\n\n<p style=\"text-align: center;\"><iframe loading=\"lazy\" width=\"560\" height=\"315\" src=\"https:\/\/www.youtube.com\/embed\/lOAZlXjWzTo?si=tLwfJ9sITqkDtjQa\" title=\"YouTube video player\" frameborder=\"0\" allow=\"accelerometer; autoplay; clipboard-write; encrypted-media; gyroscope; picture-in-picture; web-share\" referrerpolicy=\"strict-origin-when-cross-origin\" allowfullscreen><\/iframe><\/p>\n\n\n\n<p class=\"has-text-align-center\"><a href=\"https:\/\/www.facebook.com\/https:\/\/www.facebook.com\/profile.php?id=100092986603657\" target=\"_blank\" rel=\"noreferrer noopener\">Facebook<\/a> &#8211; <a href=\"https:\/\/www.instagram.com\/the_deneuves\" target=\"_blank\" rel=\"noreferrer noopener\">Instagram<\/a><\/p>\n","protected":false},"excerpt":{"rendered":"<p>Le groupe fran\u00e7ais The Deneuves nous pr\u00e9sente son dernier titre, \u00ab\u00a0parkles\u00a0\u00bb, sorti le 1 f\u00e9vrier&#8230;<\/p>\n","protected":false},"author":1,"featured_media":10815,"comment_status":"closed","ping_status":"open","sticky":false,"template":"","format":"standard","meta":{"_uag_custom_page_level_css":"","footnotes":""},"categories":[85,4,5,32,46],"tags":[],"class_list":["post-10814","post","type-post","status-publish","format-standard","has-post-thumbnail","hentry","category-alternatif","category-pop","category-rock","category-single","category-sortie"],"yoast_head":"<!-- This site is optimized with the Yoast SEO plugin v27.5 - https:\/\/yoast.com\/product\/yoast-seo-wordpress\/ -->\n<title>The Deneuves s\u2019appr\u00eate \u00e0 faire des \u00e9clats avec son nouveau single, &quot;Sparkles&quot; - Radio Castor<\/title>\n<meta name=\"robots\" content=\"index, follow, max-snippet:-1, max-image-preview:large, max-video-preview:-1\" \/>\n<link rel=\"canonical\" href=\"https:\/\/www.radiocastor.com\/index.php\/the-deneuves-sapprete-a-faire-des-eclats-avec-son-nouveau-single-sparkles\/\" \/>\n<meta property=\"og:locale\" content=\"fr_FR\" \/>\n<meta property=\"og:type\" content=\"article\" \/>\n<meta property=\"og:title\" content=\"The Deneuves s\u2019appr\u00eate \u00e0 faire des \u00e9clats avec son nouveau single, &quot;Sparkles&quot; - Radio Castor\" \/>\n<meta property=\"og:description\" content=\"Le groupe fran\u00e7ais The Deneuves nous pr\u00e9sente son dernier titre, \u00ab\u00a0parkles\u00a0\u00bb, sorti le 1 f\u00e9vrier...\" \/>\n<meta property=\"og:url\" content=\"https:\/\/www.radiocastor.com\/index.php\/the-deneuves-sapprete-a-faire-des-eclats-avec-son-nouveau-single-sparkles\/\" \/>\n<meta property=\"og:site_name\" content=\"Radio Castor\" \/>\n<meta property=\"article:publisher\" content=\"https:\/\/www.facebook.com\/theradiocastor\" \/>\n<meta property=\"article:published_time\" content=\"2025-02-13T00:35:58+00:00\" \/>\n<meta property=\"article:modified_time\" content=\"2025-02-13T00:36:00+00:00\" \/>\n<meta property=\"og:image\" content=\"https:\/\/www.radiocastor.com\/wp-content\/uploads\/2025\/02\/Screenshot-2025-02-13-at-01-33-36-Facebook.png\" \/>\n\t<meta property=\"og:image:width\" content=\"772\" \/>\n\t<meta property=\"og:image:height\" content=\"528\" \/>\n\t<meta property=\"og:image:type\" content=\"image\/png\" \/>\n<meta name=\"author\" content=\"R\u00e9daction R C\" \/>\n<meta name=\"twitter:card\" content=\"summary_large_image\" \/>\n<meta name=\"twitter:creator\" content=\"@TheRadioCastor\" \/>\n<meta name=\"twitter:site\" content=\"@TheRadioCastor\" \/>\n<meta name=\"twitter:label1\" content=\"\u00c9crit par\" \/>\n\t<meta name=\"twitter:data1\" content=\"R\u00e9daction R C\" \/>\n\t<meta name=\"twitter:label2\" content=\"Dur\u00e9e de lecture estim\u00e9e\" \/>\n\t<meta name=\"twitter:data2\" content=\"2 minutes\" \/>\n<script type=\"application\/ld+json\" class=\"yoast-schema-graph\">{\"@context\":\"https:\\\/\\\/schema.org\",\"@graph\":[{\"@type\":\"Article\",\"@id\":\"https:\\\/\\\/www.radiocastor.com\\\/index.php\\\/the-deneuves-sapprete-a-faire-des-eclats-avec-son-nouveau-single-sparkles\\\/#article\",\"isPartOf\":{\"@id\":\"https:\\\/\\\/www.radiocastor.com\\\/index.php\\\/the-deneuves-sapprete-a-faire-des-eclats-avec-son-nouveau-single-sparkles\\\/\"},\"author\":{\"name\":\"R\u00e9daction R C\",\"@id\":\"https:\\\/\\\/www.radiocastor.com\\\/#\\\/schema\\\/person\\\/558b0e47dc4c11fa52b2220ba6a78779\"},\"headline\":\"The Deneuves s\u2019appr\u00eate \u00e0 faire des \u00e9clats avec son nouveau single, \u00ab\u00a0Sparkles\u00a0\u00bb\",\"datePublished\":\"2025-02-13T00:35:58+00:00\",\"dateModified\":\"2025-02-13T00:36:00+00:00\",\"mainEntityOfPage\":{\"@id\":\"https:\\\/\\\/www.radiocastor.com\\\/index.php\\\/the-deneuves-sapprete-a-faire-des-eclats-avec-son-nouveau-single-sparkles\\\/\"},\"wordCount\":297,\"publisher\":{\"@id\":\"https:\\\/\\\/www.radiocastor.com\\\/#organization\"},\"image\":{\"@id\":\"https:\\\/\\\/www.radiocastor.com\\\/index.php\\\/the-deneuves-sapprete-a-faire-des-eclats-avec-son-nouveau-single-sparkles\\\/#primaryimage\"},\"thumbnailUrl\":\"https:\\\/\\\/www.radiocastor.com\\\/wp-content\\\/uploads\\\/2025\\\/02\\\/Screenshot-2025-02-13-at-01-33-36-Facebook.png\",\"articleSection\":[\"Alternatif\",\"Pop\",\"Rock\",\"Single\",\"Sortie\"],\"inLanguage\":\"fr-FR\"},{\"@type\":\"WebPage\",\"@id\":\"https:\\\/\\\/www.radiocastor.com\\\/index.php\\\/the-deneuves-sapprete-a-faire-des-eclats-avec-son-nouveau-single-sparkles\\\/\",\"url\":\"https:\\\/\\\/www.radiocastor.com\\\/index.php\\\/the-deneuves-sapprete-a-faire-des-eclats-avec-son-nouveau-single-sparkles\\\/\",\"name\":\"The Deneuves s\u2019appr\u00eate \u00e0 faire des \u00e9clats avec son nouveau single, \\\"Sparkles\\\" - Radio Castor\",\"isPartOf\":{\"@id\":\"https:\\\/\\\/www.radiocastor.com\\\/#website\"},\"primaryImageOfPage\":{\"@id\":\"https:\\\/\\\/www.radiocastor.com\\\/index.php\\\/the-deneuves-sapprete-a-faire-des-eclats-avec-son-nouveau-single-sparkles\\\/#primaryimage\"},\"image\":{\"@id\":\"https:\\\/\\\/www.radiocastor.com\\\/index.php\\\/the-deneuves-sapprete-a-faire-des-eclats-avec-son-nouveau-single-sparkles\\\/#primaryimage\"},\"thumbnailUrl\":\"https:\\\/\\\/www.radiocastor.com\\\/wp-content\\\/uploads\\\/2025\\\/02\\\/Screenshot-2025-02-13-at-01-33-36-Facebook.png\",\"datePublished\":\"2025-02-13T00:35:58+00:00\",\"dateModified\":\"2025-02-13T00:36:00+00:00\",\"breadcrumb\":{\"@id\":\"https:\\\/\\\/www.radiocastor.com\\\/index.php\\\/the-deneuves-sapprete-a-faire-des-eclats-avec-son-nouveau-single-sparkles\\\/#breadcrumb\"},\"inLanguage\":\"fr-FR\",\"potentialAction\":[{\"@type\":\"ReadAction\",\"target\":[\"https:\\\/\\\/www.radiocastor.com\\\/index.php\\\/the-deneuves-sapprete-a-faire-des-eclats-avec-son-nouveau-single-sparkles\\\/\"]}]},{\"@type\":\"ImageObject\",\"inLanguage\":\"fr-FR\",\"@id\":\"https:\\\/\\\/www.radiocastor.com\\\/index.php\\\/the-deneuves-sapprete-a-faire-des-eclats-avec-son-nouveau-single-sparkles\\\/#primaryimage\",\"url\":\"https:\\\/\\\/www.radiocastor.com\\\/wp-content\\\/uploads\\\/2025\\\/02\\\/Screenshot-2025-02-13-at-01-33-36-Facebook.png\",\"contentUrl\":\"https:\\\/\\\/www.radiocastor.com\\\/wp-content\\\/uploads\\\/2025\\\/02\\\/Screenshot-2025-02-13-at-01-33-36-Facebook.png\",\"width\":772,\"height\":528,\"caption\":\"The Deneuves\"},{\"@type\":\"BreadcrumbList\",\"@id\":\"https:\\\/\\\/www.radiocastor.com\\\/index.php\\\/the-deneuves-sapprete-a-faire-des-eclats-avec-son-nouveau-single-sparkles\\\/#breadcrumb\",\"itemListElement\":[{\"@type\":\"ListItem\",\"position\":1,\"name\":\"Accueil\",\"item\":\"https:\\\/\\\/www.radiocastor.com\\\/\"},{\"@type\":\"ListItem\",\"position\":2,\"name\":\"The Deneuves s\u2019appr\u00eate \u00e0 faire des \u00e9clats avec son nouveau single, \u00ab\u00a0Sparkles\u00a0\u00bb\"}]},{\"@type\":\"WebSite\",\"@id\":\"https:\\\/\\\/www.radiocastor.com\\\/#website\",\"url\":\"https:\\\/\\\/www.radiocastor.com\\\/\",\"name\":\"Radio Castor\",\"description\":\"La voix !\",\"publisher\":{\"@id\":\"https:\\\/\\\/www.radiocastor.com\\\/#organization\"},\"potentialAction\":[{\"@type\":\"SearchAction\",\"target\":{\"@type\":\"EntryPoint\",\"urlTemplate\":\"https:\\\/\\\/www.radiocastor.com\\\/?s={search_term_string}\"},\"query-input\":{\"@type\":\"PropertyValueSpecification\",\"valueRequired\":true,\"valueName\":\"search_term_string\"}}],\"inLanguage\":\"fr-FR\"},{\"@type\":\"Organization\",\"@id\":\"https:\\\/\\\/www.radiocastor.com\\\/#organization\",\"name\":\"Radio Castor\",\"url\":\"https:\\\/\\\/www.radiocastor.com\\\/\",\"logo\":{\"@type\":\"ImageObject\",\"inLanguage\":\"fr-FR\",\"@id\":\"https:\\\/\\\/www.radiocastor.com\\\/#\\\/schema\\\/logo\\\/image\\\/\",\"url\":\"https:\\\/\\\/www.radiocastor.com\\\/wp-content\\\/uploads\\\/2021\\\/11\\\/cropped-Radio-castor-logo-2.png\",\"contentUrl\":\"https:\\\/\\\/www.radiocastor.com\\\/wp-content\\\/uploads\\\/2021\\\/11\\\/cropped-Radio-castor-logo-2.png\",\"width\":437,\"height\":219,\"caption\":\"Radio Castor\"},\"image\":{\"@id\":\"https:\\\/\\\/www.radiocastor.com\\\/#\\\/schema\\\/logo\\\/image\\\/\"},\"sameAs\":[\"https:\\\/\\\/www.facebook.com\\\/theradiocastor\",\"https:\\\/\\\/x.com\\\/TheRadioCastor\",\"https:\\\/\\\/www.instagram.com\\\/theradiocastor\",\"https:\\\/\\\/www.youtube.com\\\/c\\\/RadioCastor\"]},{\"@type\":\"Person\",\"@id\":\"https:\\\/\\\/www.radiocastor.com\\\/#\\\/schema\\\/person\\\/558b0e47dc4c11fa52b2220ba6a78779\",\"name\":\"R\u00e9daction R C\",\"image\":{\"@type\":\"ImageObject\",\"inLanguage\":\"fr-FR\",\"@id\":\"https:\\\/\\\/secure.gravatar.com\\\/avatar\\\/1d3e4f4c4a0d129f7ed4838ea20c33760c2484b9bc381993df6c0e3f5bf89c23?s=96&d=mm&r=g\",\"url\":\"https:\\\/\\\/secure.gravatar.com\\\/avatar\\\/1d3e4f4c4a0d129f7ed4838ea20c33760c2484b9bc381993df6c0e3f5bf89c23?s=96&d=mm&r=g\",\"contentUrl\":\"https:\\\/\\\/secure.gravatar.com\\\/avatar\\\/1d3e4f4c4a0d129f7ed4838ea20c33760c2484b9bc381993df6c0e3f5bf89c23?s=96&d=mm&r=g\",\"caption\":\"R\u00e9daction R C\"},\"sameAs\":[\"http:\\\/\\\/www.radiocastor.com\"],\"url\":\"https:\\\/\\\/www.radiocastor.com\\\/index.php\\\/author\\\/radio-castor\\\/\"}]}<\/script>\n<!-- \/ Yoast SEO plugin. -->","yoast_head_json":{"title":"The Deneuves s\u2019appr\u00eate \u00e0 faire des \u00e9clats avec son nouveau single, \"Sparkles\" - Radio Castor","robots":{"index":"index","follow":"follow","max-snippet":"max-snippet:-1","max-image-preview":"max-image-preview:large","max-video-preview":"max-video-preview:-1"},"canonical":"https:\/\/www.radiocastor.com\/index.php\/the-deneuves-sapprete-a-faire-des-eclats-avec-son-nouveau-single-sparkles\/","og_locale":"fr_FR","og_type":"article","og_title":"The Deneuves s\u2019appr\u00eate \u00e0 faire des \u00e9clats avec son nouveau single, \"Sparkles\" - Radio Castor","og_description":"Le groupe fran\u00e7ais The Deneuves nous pr\u00e9sente son dernier titre, \u00ab\u00a0parkles\u00a0\u00bb, sorti le 1 f\u00e9vrier...","og_url":"https:\/\/www.radiocastor.com\/index.php\/the-deneuves-sapprete-a-faire-des-eclats-avec-son-nouveau-single-sparkles\/","og_site_name":"Radio Castor","article_publisher":"https:\/\/www.facebook.com\/theradiocastor","article_published_time":"2025-02-13T00:35:58+00:00","article_modified_time":"2025-02-13T00:36:00+00:00","og_image":[{"width":772,"height":528,"url":"https:\/\/www.radiocastor.com\/wp-content\/uploads\/2025\/02\/Screenshot-2025-02-13-at-01-33-36-Facebook.png","type":"image\/png"}],"author":"R\u00e9daction R C","twitter_card":"summary_large_image","twitter_creator":"@TheRadioCastor","twitter_site":"@TheRadioCastor","twitter_misc":{"\u00c9crit par":"R\u00e9daction R C","Dur\u00e9e de lecture estim\u00e9e":"2 minutes"},"schema":{"@context":"https:\/\/schema.org","@graph":[{"@type":"Article","@id":"https:\/\/www.radiocastor.com\/index.php\/the-deneuves-sapprete-a-faire-des-eclats-avec-son-nouveau-single-sparkles\/#article","isPartOf":{"@id":"https:\/\/www.radiocastor.com\/index.php\/the-deneuves-sapprete-a-faire-des-eclats-avec-son-nouveau-single-sparkles\/"},"author":{"name":"R\u00e9daction R C","@id":"https:\/\/www.radiocastor.com\/#\/schema\/person\/558b0e47dc4c11fa52b2220ba6a78779"},"headline":"The Deneuves s\u2019appr\u00eate \u00e0 faire des \u00e9clats avec son nouveau single, \u00ab\u00a0Sparkles\u00a0\u00bb","datePublished":"2025-02-13T00:35:58+00:00","dateModified":"2025-02-13T00:36:00+00:00","mainEntityOfPage":{"@id":"https:\/\/www.radiocastor.com\/index.php\/the-deneuves-sapprete-a-faire-des-eclats-avec-son-nouveau-single-sparkles\/"},"wordCount":297,"publisher":{"@id":"https:\/\/www.radiocastor.com\/#organization"},"image":{"@id":"https:\/\/www.radiocastor.com\/index.php\/the-deneuves-sapprete-a-faire-des-eclats-avec-son-nouveau-single-sparkles\/#primaryimage"},"thumbnailUrl":"https:\/\/www.radiocastor.com\/wp-content\/uploads\/2025\/02\/Screenshot-2025-02-13-at-01-33-36-Facebook.png","articleSection":["Alternatif","Pop","Rock","Single","Sortie"],"inLanguage":"fr-FR"},{"@type":"WebPage","@id":"https:\/\/www.radiocastor.com\/index.php\/the-deneuves-sapprete-a-faire-des-eclats-avec-son-nouveau-single-sparkles\/","url":"https:\/\/www.radiocastor.com\/index.php\/the-deneuves-sapprete-a-faire-des-eclats-avec-son-nouveau-single-sparkles\/","name":"The Deneuves s\u2019appr\u00eate \u00e0 faire des \u00e9clats avec son nouveau single, \"Sparkles\" - Radio Castor","isPartOf":{"@id":"https:\/\/www.radiocastor.com\/#website"},"primaryImageOfPage":{"@id":"https:\/\/www.radiocastor.com\/index.php\/the-deneuves-sapprete-a-faire-des-eclats-avec-son-nouveau-single-sparkles\/#primaryimage"},"image":{"@id":"https:\/\/www.radiocastor.com\/index.php\/the-deneuves-sapprete-a-faire-des-eclats-avec-son-nouveau-single-sparkles\/#primaryimage"},"thumbnailUrl":"https:\/\/www.radiocastor.com\/wp-content\/uploads\/2025\/02\/Screenshot-2025-02-13-at-01-33-36-Facebook.png","datePublished":"2025-02-13T00:35:58+00:00","dateModified":"2025-02-13T00:36:00+00:00","breadcrumb":{"@id":"https:\/\/www.radiocastor.com\/index.php\/the-deneuves-sapprete-a-faire-des-eclats-avec-son-nouveau-single-sparkles\/#breadcrumb"},"inLanguage":"fr-FR","potentialAction":[{"@type":"ReadAction","target":["https:\/\/www.radiocastor.com\/index.php\/the-deneuves-sapprete-a-faire-des-eclats-avec-son-nouveau-single-sparkles\/"]}]},{"@type":"ImageObject","inLanguage":"fr-FR","@id":"https:\/\/www.radiocastor.com\/index.php\/the-deneuves-sapprete-a-faire-des-eclats-avec-son-nouveau-single-sparkles\/#primaryimage","url":"https:\/\/www.radiocastor.com\/wp-content\/uploads\/2025\/02\/Screenshot-2025-02-13-at-01-33-36-Facebook.png","contentUrl":"https:\/\/www.radiocastor.com\/wp-content\/uploads\/2025\/02\/Screenshot-2025-02-13-at-01-33-36-Facebook.png","width":772,"height":528,"caption":"The Deneuves"},{"@type":"BreadcrumbList","@id":"https:\/\/www.radiocastor.com\/index.php\/the-deneuves-sapprete-a-faire-des-eclats-avec-son-nouveau-single-sparkles\/#breadcrumb","itemListElement":[{"@type":"ListItem","position":1,"name":"Accueil","item":"https:\/\/www.radiocastor.com\/"},{"@type":"ListItem","position":2,"name":"The Deneuves s\u2019appr\u00eate \u00e0 faire des \u00e9clats avec son nouveau single, \u00ab\u00a0Sparkles\u00a0\u00bb"}]},{"@type":"WebSite","@id":"https:\/\/www.radiocastor.com\/#website","url":"https:\/\/www.radiocastor.com\/","name":"Radio Castor","description":"La voix !","publisher":{"@id":"https:\/\/www.radiocastor.com\/#organization"},"potentialAction":[{"@type":"SearchAction","target":{"@type":"EntryPoint","urlTemplate":"https:\/\/www.radiocastor.com\/?s={search_term_string}"},"query-input":{"@type":"PropertyValueSpecification","valueRequired":true,"valueName":"search_term_string"}}],"inLanguage":"fr-FR"},{"@type":"Organization","@id":"https:\/\/www.radiocastor.com\/#organization","name":"Radio Castor","url":"https:\/\/www.radiocastor.com\/","logo":{"@type":"ImageObject","inLanguage":"fr-FR","@id":"https:\/\/www.radiocastor.com\/#\/schema\/logo\/image\/","url":"https:\/\/www.radiocastor.com\/wp-content\/uploads\/2021\/11\/cropped-Radio-castor-logo-2.png","contentUrl":"https:\/\/www.radiocastor.com\/wp-content\/uploads\/2021\/11\/cropped-Radio-castor-logo-2.png","width":437,"height":219,"caption":"Radio Castor"},"image":{"@id":"https:\/\/www.radiocastor.com\/#\/schema\/logo\/image\/"},"sameAs":["https:\/\/www.facebook.com\/theradiocastor","https:\/\/x.com\/TheRadioCastor","https:\/\/www.instagram.com\/theradiocastor","https:\/\/www.youtube.com\/c\/RadioCastor"]},{"@type":"Person","@id":"https:\/\/www.radiocastor.com\/#\/schema\/person\/558b0e47dc4c11fa52b2220ba6a78779","name":"R\u00e9daction R C","image":{"@type":"ImageObject","inLanguage":"fr-FR","@id":"https:\/\/secure.gravatar.com\/avatar\/1d3e4f4c4a0d129f7ed4838ea20c33760c2484b9bc381993df6c0e3f5bf89c23?s=96&d=mm&r=g","url":"https:\/\/secure.gravatar.com\/avatar\/1d3e4f4c4a0d129f7ed4838ea20c33760c2484b9bc381993df6c0e3f5bf89c23?s=96&d=mm&r=g","contentUrl":"https:\/\/secure.gravatar.com\/avatar\/1d3e4f4c4a0d129f7ed4838ea20c33760c2484b9bc381993df6c0e3f5bf89c23?s=96&d=mm&r=g","caption":"R\u00e9daction R C"},"sameAs":["http:\/\/www.radiocastor.com"],"url":"https:\/\/www.radiocastor.com\/index.php\/author\/radio-castor\/"}]}},"uagb_featured_image_src":{"full":["https:\/\/www.radiocastor.com\/wp-content\/uploads\/2025\/02\/Screenshot-2025-02-13-at-01-33-36-Facebook.png",772,528,false],"thumbnail":["https:\/\/www.radiocastor.com\/wp-content\/uploads\/2025\/02\/Screenshot-2025-02-13-at-01-33-36-Facebook-150x150.png",150,150,true],"medium":["https:\/\/www.radiocastor.com\/wp-content\/uploads\/2025\/02\/Screenshot-2025-02-13-at-01-33-36-Facebook-300x205.png",300,205,true],"medium_large":["https:\/\/www.radiocastor.com\/wp-content\/uploads\/2025\/02\/Screenshot-2025-02-13-at-01-33-36-Facebook-768x525.png",640,438,true],"large":["https:\/\/www.radiocastor.com\/wp-content\/uploads\/2025\/02\/Screenshot-2025-02-13-at-01-33-36-Facebook.png",640,438,false],"1536x1536":["https:\/\/www.radiocastor.com\/wp-content\/uploads\/2025\/02\/Screenshot-2025-02-13-at-01-33-36-Facebook.png",772,528,false],"2048x2048":["https:\/\/www.radiocastor.com\/wp-content\/uploads\/2025\/02\/Screenshot-2025-02-13-at-01-33-36-Facebook.png",772,528,false],"newsever-slider-full":["https:\/\/www.radiocastor.com\/wp-content\/uploads\/2025\/02\/Screenshot-2025-02-13-at-01-33-36-Facebook.png",772,528,false],"newsever-featured":["https:\/\/www.radiocastor.com\/wp-content\/uploads\/2025\/02\/Screenshot-2025-02-13-at-01-33-36-Facebook.png",772,528,false],"newsever-medium":["https:\/\/www.radiocastor.com\/wp-content\/uploads\/2025\/02\/Screenshot-2025-02-13-at-01-33-36-Facebook-720x475.png",720,475,true]},"uagb_author_info":{"display_name":"R\u00e9daction R C","author_link":"https:\/\/www.radiocastor.com\/index.php\/author\/radio-castor\/"},"uagb_comment_info":0,"uagb_excerpt":"Le groupe fran\u00e7ais The Deneuves nous pr\u00e9sente son dernier titre, \u00ab\u00a0parkles\u00a0\u00bb, sorti le 1 f\u00e9vrier...","_links":{"self":[{"href":"https:\/\/www.radiocastor.com\/index.php\/wp-json\/wp\/v2\/posts\/10814","targetHints":{"allow":["GET"]}}],"collection":[{"href":"https:\/\/www.radiocastor.com\/index.php\/wp-json\/wp\/v2\/posts"}],"about":[{"href":"https:\/\/www.radiocastor.com\/index.php\/wp-json\/wp\/v2\/types\/post"}],"author":[{"embeddable":true,"href":"https:\/\/www.radiocastor.com\/index.php\/wp-json\/wp\/v2\/users\/1"}],"replies":[{"embeddable":true,"href":"https:\/\/www.radiocastor.com\/index.php\/wp-json\/wp\/v2\/comments?post=10814"}],"version-history":[{"count":1,"href":"https:\/\/www.radiocastor.com\/index.php\/wp-json\/wp\/v2\/posts\/10814\/revisions"}],"predecessor-version":[{"id":10816,"href":"https:\/\/www.radiocastor.com\/index.php\/wp-json\/wp\/v2\/posts\/10814\/revisions\/10816"}],"wp:featuredmedia":[{"embeddable":true,"href":"https:\/\/www.radiocastor.com\/index.php\/wp-json\/wp\/v2\/media\/10815"}],"wp:attachment":[{"href":"https:\/\/www.radiocastor.com\/index.php\/wp-json\/wp\/v2\/media?parent=10814"}],"wp:term":[{"taxonomy":"category","embeddable":true,"href":"https:\/\/www.radiocastor.com\/index.php\/wp-json\/wp\/v2\/categories?post=10814"},{"taxonomy":"post_tag","embeddable":true,"href":"https:\/\/www.radiocastor.com\/index.php\/wp-json\/wp\/v2\/tags?post=10814"}],"curies":[{"name":"wp","href":"https:\/\/api.w.org\/{rel}","templated":true}]}}