{"id":10697,"date":"2025-01-24T04:53:06","date_gmt":"2025-01-24T03:53:06","guid":{"rendered":"https:\/\/www.radiocastor.com\/?p=10697"},"modified":"2025-01-24T04:53:07","modified_gmt":"2025-01-24T03:53:07","slug":"vella-balance-entre-lamour-la-decouverte-de-soi-et-la-resilience-dans-son-dernier-single-all-my-love","status":"publish","type":"post","link":"https:\/\/www.radiocastor.com\/index.php\/vella-balance-entre-lamour-la-decouverte-de-soi-et-la-resilience-dans-son-dernier-single-all-my-love\/","title":{"rendered":"Vella balance entre l&rsquo;amour, la d\u00e9couverte de soi et la r\u00e9silience dans son dernier single, \u00ab\u00a0All My Love\u00a0\u00bb"},"content":{"rendered":"\n<p>L&rsquo;artiste nord-am\u00e9ricaine Vella nous pr\u00e9sente son dernier titre, \u00ab\u00a0All My Love\u00a0\u00bb, sorti le 17 janvier 2025.<\/p>\n\n\n\n<p>Originaire de Tampa, en Floride, Vella est tout en rock &amp; roll, blues et soul.<br>Elle se d\u00e9crit comme l&rsquo;enfant ill\u00e9gitime d&rsquo;Amy Winehouse et de Janis Joplin, et apr\u00e8s une seule \u00e9coute, il est facile de comprendre pourquoi.<br>\u00c9tant authentiquement fid\u00e8le \u00e0 elle-m\u00eame, Vella donne du pouvoir aux auditeurs avec sa voix tonitruante et son c\u00f4t\u00e9 granuleux et sinc\u00e8re.<\/p>\n\n\n\n<p>Dot\u00e9e d&rsquo;une voix dynamique qui peut passer d&rsquo;une ceinture rugissante \u00e0 un falsetto doux et apaisant en quelques secondes, Vella affiche naturellement le type de contr\u00f4le vocal recherch\u00e9 m\u00eame par les meilleurs chanteurs.<\/p>\n\n\n\n<p>Co-\u00e9crit avec Vella et une impressionnante \u00e9quipe d&rsquo;auteurs-compositeurs, dont Will Simms, Carl Ryden et Sadie Rose Van, son premier single, \u00ab All My Love \u00bb est une exploration profonde de la vuln\u00e9rabilit\u00e9 et de la force.<br>Produit par Simms et Ryden, c&rsquo;est le premier aper\u00e7u d&rsquo;un voyage musical passionnant que Vella a con\u00e7u avec passion et authenticit\u00e9.<\/p>\n\n\n\n<p>\u00ab &lsquo;All My Love&rsquo; parle \u00e0 la fois d&rsquo;autonomisation et de vuln\u00e9rabilit\u00e9 \u00bb, explique Vella.<br>\u00ab Cette chanson capture les montagnes russes d&rsquo;\u00e9motions qui vous emporteront.<br>Il s&rsquo;agit d&rsquo;en avoir marre des gens qui ne vous donnent pas la m\u00eame \u00e9nergie que vous leur donnez.<br>Je voulais dire : J&rsquo;en ai fini de g\u00e2cher mon amour pour toi.\u00a0\u00bb<\/p>\n\n\n\n<p>Le r\u00e9cit puissant et les th\u00e8mes universels du single en font un hymne pour les auditeurs qui naviguent.<\/p>\n\n\n\n<p><em>A \u00e9couter sur <a href=\"https:\/\/www.radiocastor.com\/index.php\/playlist\/\" target=\"_blank\" rel=\"noreferrer noopener\">nos playlists<\/a> !<\/em><\/p>\n\n\n\n<p style=\"text-align: center;\"><iframe loading=\"lazy\" width=\"560\" height=\"315\" src=\"https:\/\/www.youtube.com\/embed\/lTQitm3n2Dc?si=AKhpRE9In0LRss5t\" title=\"YouTube video player\" frameborder=\"0\" allow=\"accelerometer; autoplay; clipboard-write; encrypted-media; gyroscope; picture-in-picture; web-share\" referrerpolicy=\"strict-origin-when-cross-origin\" allowfullscreen><\/iframe><\/p>\n\n\n\n<p class=\"has-text-align-center\"><a href=\"https:\/\/www.facebook.com\/vellasings\" target=\"_blank\" rel=\"noreferrer noopener\">Facebook<\/a> &#8211; <a href=\"https:\/\/www.instagram.com\/theradiocastor\" target=\"_blank\" rel=\"noreferrer noopener\">Instagram<\/a> &#8211; <a href=\"https:\/\/twitter.com\/TheRadioCastor\" target=\"_blank\" rel=\"noreferrer noopener\">Twitter<\/a><\/p>\n","protected":false},"excerpt":{"rendered":"<p>L&rsquo;artiste nord-am\u00e9ricaine Vella nous pr\u00e9sente son dernier titre, \u00ab\u00a0All My Love\u00a0\u00bb, sorti le 17 janvier&#8230;<\/p>\n","protected":false},"author":1,"featured_media":10698,"comment_status":"closed","ping_status":"open","sticky":false,"template":"","format":"standard","meta":{"_uag_custom_page_level_css":"","footnotes":""},"categories":[4,32,46],"tags":[],"class_list":["post-10697","post","type-post","status-publish","format-standard","has-post-thumbnail","hentry","category-pop","category-single","category-sortie"],"yoast_head":"<!-- This site is optimized with the Yoast SEO plugin v27.5 - https:\/\/yoast.com\/product\/yoast-seo-wordpress\/ -->\n<title>Vella balance entre l&#039;amour, la d\u00e9couverte de soi et la r\u00e9silience dans son dernier single, &quot;All My Love&quot; - Radio Castor<\/title>\n<meta name=\"robots\" content=\"index, follow, max-snippet:-1, max-image-preview:large, max-video-preview:-1\" \/>\n<link rel=\"canonical\" href=\"https:\/\/www.radiocastor.com\/index.php\/vella-balance-entre-lamour-la-decouverte-de-soi-et-la-resilience-dans-son-dernier-single-all-my-love\/\" \/>\n<meta property=\"og:locale\" content=\"fr_FR\" \/>\n<meta property=\"og:type\" content=\"article\" \/>\n<meta property=\"og:title\" content=\"Vella balance entre l&#039;amour, la d\u00e9couverte de soi et la r\u00e9silience dans son dernier single, &quot;All My Love&quot; - Radio Castor\" \/>\n<meta property=\"og:description\" content=\"L&rsquo;artiste nord-am\u00e9ricaine Vella nous pr\u00e9sente son dernier titre, \u00ab\u00a0All My Love\u00a0\u00bb, sorti le 17 janvier...\" \/>\n<meta property=\"og:url\" content=\"https:\/\/www.radiocastor.com\/index.php\/vella-balance-entre-lamour-la-decouverte-de-soi-et-la-resilience-dans-son-dernier-single-all-my-love\/\" \/>\n<meta property=\"og:site_name\" content=\"Radio Castor\" \/>\n<meta property=\"article:publisher\" content=\"https:\/\/www.facebook.com\/theradiocastor\" \/>\n<meta property=\"article:published_time\" content=\"2025-01-24T03:53:06+00:00\" \/>\n<meta property=\"article:modified_time\" content=\"2025-01-24T03:53:07+00:00\" \/>\n<meta property=\"og:image\" content=\"https:\/\/www.radiocastor.com\/wp-content\/uploads\/2025\/01\/Vella.jpg\" \/>\n\t<meta property=\"og:image:width\" content=\"640\" \/>\n\t<meta property=\"og:image:height\" content=\"640\" \/>\n\t<meta property=\"og:image:type\" content=\"image\/jpeg\" \/>\n<meta name=\"author\" content=\"R\u00e9daction R C\" \/>\n<meta name=\"twitter:card\" content=\"summary_large_image\" \/>\n<meta name=\"twitter:creator\" content=\"@TheRadioCastor\" \/>\n<meta name=\"twitter:site\" content=\"@TheRadioCastor\" \/>\n<meta name=\"twitter:label1\" content=\"\u00c9crit par\" \/>\n\t<meta name=\"twitter:data1\" content=\"R\u00e9daction R C\" \/>\n\t<meta name=\"twitter:label2\" content=\"Dur\u00e9e de lecture estim\u00e9e\" \/>\n\t<meta name=\"twitter:data2\" content=\"2 minutes\" \/>\n<script type=\"application\/ld+json\" class=\"yoast-schema-graph\">{\"@context\":\"https:\\\/\\\/schema.org\",\"@graph\":[{\"@type\":\"Article\",\"@id\":\"https:\\\/\\\/www.radiocastor.com\\\/index.php\\\/vella-balance-entre-lamour-la-decouverte-de-soi-et-la-resilience-dans-son-dernier-single-all-my-love\\\/#article\",\"isPartOf\":{\"@id\":\"https:\\\/\\\/www.radiocastor.com\\\/index.php\\\/vella-balance-entre-lamour-la-decouverte-de-soi-et-la-resilience-dans-son-dernier-single-all-my-love\\\/\"},\"author\":{\"name\":\"R\u00e9daction R C\",\"@id\":\"https:\\\/\\\/www.radiocastor.com\\\/#\\\/schema\\\/person\\\/558b0e47dc4c11fa52b2220ba6a78779\"},\"headline\":\"Vella balance entre l&rsquo;amour, la d\u00e9couverte de soi et la r\u00e9silience dans son dernier single, \u00ab\u00a0All My Love\u00a0\u00bb\",\"datePublished\":\"2025-01-24T03:53:06+00:00\",\"dateModified\":\"2025-01-24T03:53:07+00:00\",\"mainEntityOfPage\":{\"@id\":\"https:\\\/\\\/www.radiocastor.com\\\/index.php\\\/vella-balance-entre-lamour-la-decouverte-de-soi-et-la-resilience-dans-son-dernier-single-all-my-love\\\/\"},\"wordCount\":295,\"publisher\":{\"@id\":\"https:\\\/\\\/www.radiocastor.com\\\/#organization\"},\"image\":{\"@id\":\"https:\\\/\\\/www.radiocastor.com\\\/index.php\\\/vella-balance-entre-lamour-la-decouverte-de-soi-et-la-resilience-dans-son-dernier-single-all-my-love\\\/#primaryimage\"},\"thumbnailUrl\":\"https:\\\/\\\/www.radiocastor.com\\\/wp-content\\\/uploads\\\/2025\\\/01\\\/Vella.jpg\",\"articleSection\":[\"Pop\",\"Single\",\"Sortie\"],\"inLanguage\":\"fr-FR\"},{\"@type\":\"WebPage\",\"@id\":\"https:\\\/\\\/www.radiocastor.com\\\/index.php\\\/vella-balance-entre-lamour-la-decouverte-de-soi-et-la-resilience-dans-son-dernier-single-all-my-love\\\/\",\"url\":\"https:\\\/\\\/www.radiocastor.com\\\/index.php\\\/vella-balance-entre-lamour-la-decouverte-de-soi-et-la-resilience-dans-son-dernier-single-all-my-love\\\/\",\"name\":\"Vella balance entre l'amour, la d\u00e9couverte de soi et la r\u00e9silience dans son dernier single, \\\"All My Love\\\" - Radio Castor\",\"isPartOf\":{\"@id\":\"https:\\\/\\\/www.radiocastor.com\\\/#website\"},\"primaryImageOfPage\":{\"@id\":\"https:\\\/\\\/www.radiocastor.com\\\/index.php\\\/vella-balance-entre-lamour-la-decouverte-de-soi-et-la-resilience-dans-son-dernier-single-all-my-love\\\/#primaryimage\"},\"image\":{\"@id\":\"https:\\\/\\\/www.radiocastor.com\\\/index.php\\\/vella-balance-entre-lamour-la-decouverte-de-soi-et-la-resilience-dans-son-dernier-single-all-my-love\\\/#primaryimage\"},\"thumbnailUrl\":\"https:\\\/\\\/www.radiocastor.com\\\/wp-content\\\/uploads\\\/2025\\\/01\\\/Vella.jpg\",\"datePublished\":\"2025-01-24T03:53:06+00:00\",\"dateModified\":\"2025-01-24T03:53:07+00:00\",\"breadcrumb\":{\"@id\":\"https:\\\/\\\/www.radiocastor.com\\\/index.php\\\/vella-balance-entre-lamour-la-decouverte-de-soi-et-la-resilience-dans-son-dernier-single-all-my-love\\\/#breadcrumb\"},\"inLanguage\":\"fr-FR\",\"potentialAction\":[{\"@type\":\"ReadAction\",\"target\":[\"https:\\\/\\\/www.radiocastor.com\\\/index.php\\\/vella-balance-entre-lamour-la-decouverte-de-soi-et-la-resilience-dans-son-dernier-single-all-my-love\\\/\"]}]},{\"@type\":\"ImageObject\",\"inLanguage\":\"fr-FR\",\"@id\":\"https:\\\/\\\/www.radiocastor.com\\\/index.php\\\/vella-balance-entre-lamour-la-decouverte-de-soi-et-la-resilience-dans-son-dernier-single-all-my-love\\\/#primaryimage\",\"url\":\"https:\\\/\\\/www.radiocastor.com\\\/wp-content\\\/uploads\\\/2025\\\/01\\\/Vella.jpg\",\"contentUrl\":\"https:\\\/\\\/www.radiocastor.com\\\/wp-content\\\/uploads\\\/2025\\\/01\\\/Vella.jpg\",\"width\":640,\"height\":640,\"caption\":\"Vella\"},{\"@type\":\"BreadcrumbList\",\"@id\":\"https:\\\/\\\/www.radiocastor.com\\\/index.php\\\/vella-balance-entre-lamour-la-decouverte-de-soi-et-la-resilience-dans-son-dernier-single-all-my-love\\\/#breadcrumb\",\"itemListElement\":[{\"@type\":\"ListItem\",\"position\":1,\"name\":\"Accueil\",\"item\":\"https:\\\/\\\/www.radiocastor.com\\\/\"},{\"@type\":\"ListItem\",\"position\":2,\"name\":\"Vella balance entre l&rsquo;amour, la d\u00e9couverte de soi et la r\u00e9silience dans son dernier single, \u00ab\u00a0All My Love\u00a0\u00bb\"}]},{\"@type\":\"WebSite\",\"@id\":\"https:\\\/\\\/www.radiocastor.com\\\/#website\",\"url\":\"https:\\\/\\\/www.radiocastor.com\\\/\",\"name\":\"Radio Castor\",\"description\":\"La voix !\",\"publisher\":{\"@id\":\"https:\\\/\\\/www.radiocastor.com\\\/#organization\"},\"potentialAction\":[{\"@type\":\"SearchAction\",\"target\":{\"@type\":\"EntryPoint\",\"urlTemplate\":\"https:\\\/\\\/www.radiocastor.com\\\/?s={search_term_string}\"},\"query-input\":{\"@type\":\"PropertyValueSpecification\",\"valueRequired\":true,\"valueName\":\"search_term_string\"}}],\"inLanguage\":\"fr-FR\"},{\"@type\":\"Organization\",\"@id\":\"https:\\\/\\\/www.radiocastor.com\\\/#organization\",\"name\":\"Radio Castor\",\"url\":\"https:\\\/\\\/www.radiocastor.com\\\/\",\"logo\":{\"@type\":\"ImageObject\",\"inLanguage\":\"fr-FR\",\"@id\":\"https:\\\/\\\/www.radiocastor.com\\\/#\\\/schema\\\/logo\\\/image\\\/\",\"url\":\"https:\\\/\\\/www.radiocastor.com\\\/wp-content\\\/uploads\\\/2021\\\/11\\\/cropped-Radio-castor-logo-2.png\",\"contentUrl\":\"https:\\\/\\\/www.radiocastor.com\\\/wp-content\\\/uploads\\\/2021\\\/11\\\/cropped-Radio-castor-logo-2.png\",\"width\":437,\"height\":219,\"caption\":\"Radio Castor\"},\"image\":{\"@id\":\"https:\\\/\\\/www.radiocastor.com\\\/#\\\/schema\\\/logo\\\/image\\\/\"},\"sameAs\":[\"https:\\\/\\\/www.facebook.com\\\/theradiocastor\",\"https:\\\/\\\/x.com\\\/TheRadioCastor\",\"https:\\\/\\\/www.instagram.com\\\/theradiocastor\",\"https:\\\/\\\/www.youtube.com\\\/c\\\/RadioCastor\"]},{\"@type\":\"Person\",\"@id\":\"https:\\\/\\\/www.radiocastor.com\\\/#\\\/schema\\\/person\\\/558b0e47dc4c11fa52b2220ba6a78779\",\"name\":\"R\u00e9daction R C\",\"image\":{\"@type\":\"ImageObject\",\"inLanguage\":\"fr-FR\",\"@id\":\"https:\\\/\\\/secure.gravatar.com\\\/avatar\\\/1d3e4f4c4a0d129f7ed4838ea20c33760c2484b9bc381993df6c0e3f5bf89c23?s=96&d=mm&r=g\",\"url\":\"https:\\\/\\\/secure.gravatar.com\\\/avatar\\\/1d3e4f4c4a0d129f7ed4838ea20c33760c2484b9bc381993df6c0e3f5bf89c23?s=96&d=mm&r=g\",\"contentUrl\":\"https:\\\/\\\/secure.gravatar.com\\\/avatar\\\/1d3e4f4c4a0d129f7ed4838ea20c33760c2484b9bc381993df6c0e3f5bf89c23?s=96&d=mm&r=g\",\"caption\":\"R\u00e9daction R C\"},\"sameAs\":[\"http:\\\/\\\/www.radiocastor.com\"],\"url\":\"https:\\\/\\\/www.radiocastor.com\\\/index.php\\\/author\\\/radio-castor\\\/\"}]}<\/script>\n<!-- \/ Yoast SEO plugin. -->","yoast_head_json":{"title":"Vella balance entre l'amour, la d\u00e9couverte de soi et la r\u00e9silience dans son dernier single, \"All My Love\" - Radio Castor","robots":{"index":"index","follow":"follow","max-snippet":"max-snippet:-1","max-image-preview":"max-image-preview:large","max-video-preview":"max-video-preview:-1"},"canonical":"https:\/\/www.radiocastor.com\/index.php\/vella-balance-entre-lamour-la-decouverte-de-soi-et-la-resilience-dans-son-dernier-single-all-my-love\/","og_locale":"fr_FR","og_type":"article","og_title":"Vella balance entre l'amour, la d\u00e9couverte de soi et la r\u00e9silience dans son dernier single, \"All My Love\" - Radio Castor","og_description":"L&rsquo;artiste nord-am\u00e9ricaine Vella nous pr\u00e9sente son dernier titre, \u00ab\u00a0All My Love\u00a0\u00bb, sorti le 17 janvier...","og_url":"https:\/\/www.radiocastor.com\/index.php\/vella-balance-entre-lamour-la-decouverte-de-soi-et-la-resilience-dans-son-dernier-single-all-my-love\/","og_site_name":"Radio Castor","article_publisher":"https:\/\/www.facebook.com\/theradiocastor","article_published_time":"2025-01-24T03:53:06+00:00","article_modified_time":"2025-01-24T03:53:07+00:00","og_image":[{"width":640,"height":640,"url":"https:\/\/www.radiocastor.com\/wp-content\/uploads\/2025\/01\/Vella.jpg","type":"image\/jpeg"}],"author":"R\u00e9daction R C","twitter_card":"summary_large_image","twitter_creator":"@TheRadioCastor","twitter_site":"@TheRadioCastor","twitter_misc":{"\u00c9crit par":"R\u00e9daction R C","Dur\u00e9e de lecture estim\u00e9e":"2 minutes"},"schema":{"@context":"https:\/\/schema.org","@graph":[{"@type":"Article","@id":"https:\/\/www.radiocastor.com\/index.php\/vella-balance-entre-lamour-la-decouverte-de-soi-et-la-resilience-dans-son-dernier-single-all-my-love\/#article","isPartOf":{"@id":"https:\/\/www.radiocastor.com\/index.php\/vella-balance-entre-lamour-la-decouverte-de-soi-et-la-resilience-dans-son-dernier-single-all-my-love\/"},"author":{"name":"R\u00e9daction R C","@id":"https:\/\/www.radiocastor.com\/#\/schema\/person\/558b0e47dc4c11fa52b2220ba6a78779"},"headline":"Vella balance entre l&rsquo;amour, la d\u00e9couverte de soi et la r\u00e9silience dans son dernier single, \u00ab\u00a0All My Love\u00a0\u00bb","datePublished":"2025-01-24T03:53:06+00:00","dateModified":"2025-01-24T03:53:07+00:00","mainEntityOfPage":{"@id":"https:\/\/www.radiocastor.com\/index.php\/vella-balance-entre-lamour-la-decouverte-de-soi-et-la-resilience-dans-son-dernier-single-all-my-love\/"},"wordCount":295,"publisher":{"@id":"https:\/\/www.radiocastor.com\/#organization"},"image":{"@id":"https:\/\/www.radiocastor.com\/index.php\/vella-balance-entre-lamour-la-decouverte-de-soi-et-la-resilience-dans-son-dernier-single-all-my-love\/#primaryimage"},"thumbnailUrl":"https:\/\/www.radiocastor.com\/wp-content\/uploads\/2025\/01\/Vella.jpg","articleSection":["Pop","Single","Sortie"],"inLanguage":"fr-FR"},{"@type":"WebPage","@id":"https:\/\/www.radiocastor.com\/index.php\/vella-balance-entre-lamour-la-decouverte-de-soi-et-la-resilience-dans-son-dernier-single-all-my-love\/","url":"https:\/\/www.radiocastor.com\/index.php\/vella-balance-entre-lamour-la-decouverte-de-soi-et-la-resilience-dans-son-dernier-single-all-my-love\/","name":"Vella balance entre l'amour, la d\u00e9couverte de soi et la r\u00e9silience dans son dernier single, \"All My Love\" - Radio Castor","isPartOf":{"@id":"https:\/\/www.radiocastor.com\/#website"},"primaryImageOfPage":{"@id":"https:\/\/www.radiocastor.com\/index.php\/vella-balance-entre-lamour-la-decouverte-de-soi-et-la-resilience-dans-son-dernier-single-all-my-love\/#primaryimage"},"image":{"@id":"https:\/\/www.radiocastor.com\/index.php\/vella-balance-entre-lamour-la-decouverte-de-soi-et-la-resilience-dans-son-dernier-single-all-my-love\/#primaryimage"},"thumbnailUrl":"https:\/\/www.radiocastor.com\/wp-content\/uploads\/2025\/01\/Vella.jpg","datePublished":"2025-01-24T03:53:06+00:00","dateModified":"2025-01-24T03:53:07+00:00","breadcrumb":{"@id":"https:\/\/www.radiocastor.com\/index.php\/vella-balance-entre-lamour-la-decouverte-de-soi-et-la-resilience-dans-son-dernier-single-all-my-love\/#breadcrumb"},"inLanguage":"fr-FR","potentialAction":[{"@type":"ReadAction","target":["https:\/\/www.radiocastor.com\/index.php\/vella-balance-entre-lamour-la-decouverte-de-soi-et-la-resilience-dans-son-dernier-single-all-my-love\/"]}]},{"@type":"ImageObject","inLanguage":"fr-FR","@id":"https:\/\/www.radiocastor.com\/index.php\/vella-balance-entre-lamour-la-decouverte-de-soi-et-la-resilience-dans-son-dernier-single-all-my-love\/#primaryimage","url":"https:\/\/www.radiocastor.com\/wp-content\/uploads\/2025\/01\/Vella.jpg","contentUrl":"https:\/\/www.radiocastor.com\/wp-content\/uploads\/2025\/01\/Vella.jpg","width":640,"height":640,"caption":"Vella"},{"@type":"BreadcrumbList","@id":"https:\/\/www.radiocastor.com\/index.php\/vella-balance-entre-lamour-la-decouverte-de-soi-et-la-resilience-dans-son-dernier-single-all-my-love\/#breadcrumb","itemListElement":[{"@type":"ListItem","position":1,"name":"Accueil","item":"https:\/\/www.radiocastor.com\/"},{"@type":"ListItem","position":2,"name":"Vella balance entre l&rsquo;amour, la d\u00e9couverte de soi et la r\u00e9silience dans son dernier single, \u00ab\u00a0All My Love\u00a0\u00bb"}]},{"@type":"WebSite","@id":"https:\/\/www.radiocastor.com\/#website","url":"https:\/\/www.radiocastor.com\/","name":"Radio Castor","description":"La voix !","publisher":{"@id":"https:\/\/www.radiocastor.com\/#organization"},"potentialAction":[{"@type":"SearchAction","target":{"@type":"EntryPoint","urlTemplate":"https:\/\/www.radiocastor.com\/?s={search_term_string}"},"query-input":{"@type":"PropertyValueSpecification","valueRequired":true,"valueName":"search_term_string"}}],"inLanguage":"fr-FR"},{"@type":"Organization","@id":"https:\/\/www.radiocastor.com\/#organization","name":"Radio Castor","url":"https:\/\/www.radiocastor.com\/","logo":{"@type":"ImageObject","inLanguage":"fr-FR","@id":"https:\/\/www.radiocastor.com\/#\/schema\/logo\/image\/","url":"https:\/\/www.radiocastor.com\/wp-content\/uploads\/2021\/11\/cropped-Radio-castor-logo-2.png","contentUrl":"https:\/\/www.radiocastor.com\/wp-content\/uploads\/2021\/11\/cropped-Radio-castor-logo-2.png","width":437,"height":219,"caption":"Radio Castor"},"image":{"@id":"https:\/\/www.radiocastor.com\/#\/schema\/logo\/image\/"},"sameAs":["https:\/\/www.facebook.com\/theradiocastor","https:\/\/x.com\/TheRadioCastor","https:\/\/www.instagram.com\/theradiocastor","https:\/\/www.youtube.com\/c\/RadioCastor"]},{"@type":"Person","@id":"https:\/\/www.radiocastor.com\/#\/schema\/person\/558b0e47dc4c11fa52b2220ba6a78779","name":"R\u00e9daction R C","image":{"@type":"ImageObject","inLanguage":"fr-FR","@id":"https:\/\/secure.gravatar.com\/avatar\/1d3e4f4c4a0d129f7ed4838ea20c33760c2484b9bc381993df6c0e3f5bf89c23?s=96&d=mm&r=g","url":"https:\/\/secure.gravatar.com\/avatar\/1d3e4f4c4a0d129f7ed4838ea20c33760c2484b9bc381993df6c0e3f5bf89c23?s=96&d=mm&r=g","contentUrl":"https:\/\/secure.gravatar.com\/avatar\/1d3e4f4c4a0d129f7ed4838ea20c33760c2484b9bc381993df6c0e3f5bf89c23?s=96&d=mm&r=g","caption":"R\u00e9daction R C"},"sameAs":["http:\/\/www.radiocastor.com"],"url":"https:\/\/www.radiocastor.com\/index.php\/author\/radio-castor\/"}]}},"uagb_featured_image_src":{"full":["https:\/\/www.radiocastor.com\/wp-content\/uploads\/2025\/01\/Vella.jpg",640,640,false],"thumbnail":["https:\/\/www.radiocastor.com\/wp-content\/uploads\/2025\/01\/Vella-150x150.jpg",150,150,true],"medium":["https:\/\/www.radiocastor.com\/wp-content\/uploads\/2025\/01\/Vella-300x300.jpg",300,300,true],"medium_large":["https:\/\/www.radiocastor.com\/wp-content\/uploads\/2025\/01\/Vella.jpg",640,640,false],"large":["https:\/\/www.radiocastor.com\/wp-content\/uploads\/2025\/01\/Vella.jpg",640,640,false],"1536x1536":["https:\/\/www.radiocastor.com\/wp-content\/uploads\/2025\/01\/Vella.jpg",640,640,false],"2048x2048":["https:\/\/www.radiocastor.com\/wp-content\/uploads\/2025\/01\/Vella.jpg",640,640,false],"newsever-slider-full":["https:\/\/www.radiocastor.com\/wp-content\/uploads\/2025\/01\/Vella.jpg",640,640,false],"newsever-featured":["https:\/\/www.radiocastor.com\/wp-content\/uploads\/2025\/01\/Vella.jpg",640,640,false],"newsever-medium":["https:\/\/www.radiocastor.com\/wp-content\/uploads\/2025\/01\/Vella-640x475.jpg",640,475,true]},"uagb_author_info":{"display_name":"R\u00e9daction R C","author_link":"https:\/\/www.radiocastor.com\/index.php\/author\/radio-castor\/"},"uagb_comment_info":0,"uagb_excerpt":"L&rsquo;artiste nord-am\u00e9ricaine Vella nous pr\u00e9sente son dernier titre, \u00ab\u00a0All My Love\u00a0\u00bb, sorti le 17 janvier...","_links":{"self":[{"href":"https:\/\/www.radiocastor.com\/index.php\/wp-json\/wp\/v2\/posts\/10697","targetHints":{"allow":["GET"]}}],"collection":[{"href":"https:\/\/www.radiocastor.com\/index.php\/wp-json\/wp\/v2\/posts"}],"about":[{"href":"https:\/\/www.radiocastor.com\/index.php\/wp-json\/wp\/v2\/types\/post"}],"author":[{"embeddable":true,"href":"https:\/\/www.radiocastor.com\/index.php\/wp-json\/wp\/v2\/users\/1"}],"replies":[{"embeddable":true,"href":"https:\/\/www.radiocastor.com\/index.php\/wp-json\/wp\/v2\/comments?post=10697"}],"version-history":[{"count":1,"href":"https:\/\/www.radiocastor.com\/index.php\/wp-json\/wp\/v2\/posts\/10697\/revisions"}],"predecessor-version":[{"id":10699,"href":"https:\/\/www.radiocastor.com\/index.php\/wp-json\/wp\/v2\/posts\/10697\/revisions\/10699"}],"wp:featuredmedia":[{"embeddable":true,"href":"https:\/\/www.radiocastor.com\/index.php\/wp-json\/wp\/v2\/media\/10698"}],"wp:attachment":[{"href":"https:\/\/www.radiocastor.com\/index.php\/wp-json\/wp\/v2\/media?parent=10697"}],"wp:term":[{"taxonomy":"category","embeddable":true,"href":"https:\/\/www.radiocastor.com\/index.php\/wp-json\/wp\/v2\/categories?post=10697"},{"taxonomy":"post_tag","embeddable":true,"href":"https:\/\/www.radiocastor.com\/index.php\/wp-json\/wp\/v2\/tags?post=10697"}],"curies":[{"name":"wp","href":"https:\/\/api.w.org\/{rel}","templated":true}]}}