{"id":10594,"date":"2025-01-28T16:13:50","date_gmt":"2025-01-28T15:13:50","guid":{"rendered":"https:\/\/www.radiocastor.com\/?p=10594"},"modified":"2025-03-21T03:28:51","modified_gmt":"2025-03-21T02:28:51","slug":"chronique-de-la-chanson-francaise-episode-33","status":"publish","type":"post","link":"https:\/\/www.radiocastor.com\/index.php\/chronique-de-la-chanson-francaise-episode-33\/","title":{"rendered":"Chronique de la chanson fran\u00e7aise, les castors reviennent en force avec l&rsquo;\u00e9pisode 33"},"content":{"rendered":"\n<p>L\u2019\u00e9pisode 33 de notre chronique de la chanson fran\u00e7aise revient apr\u00e8s un mois d&rsquo;absence.<br>Pas d&rsquo;excuses, la neige \u00e9tait au rendez-vous, mais on ne vous a pas oubli\u00e9&#8230;<br>Une s\u00e9lection qui du coup se veut un peu plus s\u00e9v\u00e8re, et donc refl\u00e8te un peu plus nos go\u00fbts personnels !<br>Les castors sont de retour avec une tonne de bonne musique francophone qui nous vient de tous les coins du monde.<br>On regrette toutefois que tous les titres ne puissent figurer sur nos playlists, certains n&rsquo;ayant pas \u00e9t\u00e9 partag\u00e9s sur toutes les plateformes, mais aussi, nous vous rappelons que quand un contenu est publi\u00e9 sur YouTube avec l&rsquo;option \u00ab\u00a0Contenu pour enfant\u00a0\u00bb, la vid\u00e9o ne peut \u00eatre plac\u00e9e dans une playlist&#8230;<\/p>\n\n\n\n<p><em>A \u00e9couter sur <a href=\"https:\/\/www.radiocastor.com\/index.php\/playlist\/\" target=\"_blank\" rel=\"noreferrer noopener\">nos playlists<\/a> !<\/em><\/p>\n\n\n\n<h2 class=\"wp-block-heading has-luminous-vivid-orange-color has-text-color has-link-color wp-elements-7a1f77ae3190c7caa2af66de9e3bd4d4\">Amazone Lili : \u201cTu restes\u201d<\/h2>\n\n\n\n<p>Amazone Lili est devenue guerri\u00e8re, compositrice, auteure, tout \u00e0 la fois!<br>Et c\u2019est sa d\u00e9termination et la force de ses textes qui ont s\u00e9duit les talentueux Mark Daumail et Lionnel Buzac, qui ont compos\u00e9 et r\u00e9alis\u00e9 son premier EP dont les titres sont aussi poignants que singuliers.<br>C\u2019est donc en artiste forte et rayonnante qu\u2019elle aborde sa renaissance et nous offre l\u00e0, un nouveau single tout simplement magn\u00e9tique, qui annonce son album \u00e0 venir !<br>Cet album comme une n\u00e9cessit\u00e9 dans lequel Amazone Lili nous fait d\u00e9couvrir son univers rac\u00e9, \u00e9l\u00e9gant, rempli d\u2019\u00e9motions, dont le mantra serait de vivre intens\u00e9ment avec l\u2019audace comme \u00e9tendard !<\/p>\n\n\n\n<p style=\"text-align: center;\"><iframe loading=\"lazy\" width=\"560\" height=\"315\" src=\"https:\/\/www.youtube.com\/embed\/op5Pd-GoojY?si=3Y-vbAK-QD2gH2xQ\" title=\"YouTube video player\" frameborder=\"0\" allow=\"accelerometer; autoplay; clipboard-write; encrypted-media; gyroscope; picture-in-picture; web-share\" referrerpolicy=\"strict-origin-when-cross-origin\" allowfullscreen><\/iframe><\/p>\n\n\n\n<p class=\"has-text-align-center\"><a href=\"https:\/\/www.facebook.com\/amazonelili.music\/\" target=\"_blank\" rel=\"noreferrer noopener\">Facebook<\/a> \u2013 <a href=\"https:\/\/www.instagram.com\/amazone_lili\/\" target=\"_blank\" rel=\"noreferrer noopener\">Instagram<\/a><\/p>\n\n\n\n<h2 class=\"wp-block-heading has-luminous-vivid-orange-color has-text-color has-link-color wp-elements-d7df8a227e8a7ca71bc5cdf149f590cc\">Jana : \u201cHypersensible\u201d<\/h2>\n\n\n\n<p>Originaire de Paris, Jana est une artiste engag\u00e9e, auteure, compositrice et interpr\u00e8te aux multiples facettes.<br>Elle transmet son engagement f\u00e9ministe et environnemental au travers de ses chansons et de ses divers projets cr\u00e9atifs.\u2028<br>Ces chansons sensuelles et solaires s\u2019adressent aussi bien aux hommes qu\u2019aux femmes en rappelant que l\u2019\u00e9tape essentielle vers une reconstruction apr\u00e8s un coup dur de la vie passe par la n\u00e9cessit\u00e9 de s\u2019accepter et de s\u2019aimer soi-m\u00eame avant de s\u2019ouvrir \u00e0 nouveau aux autres.<br>\u00ab Hypersensible \u00bb c\u00e9l\u00e8bre l&rsquo;authenticit\u00e9 et la force d&rsquo;\u00eatre soi-m\u00eame.<br>Dans un monde o\u00f9 les attentes p\u00e8sent lourd, cette chanson pop \u00e9lectrisante invite chacun \u00e0 embrasser sa sensibilit\u00e9, \u00e0 s\u2019affirmer sans compromis.<br>Avec une m\u00e9lodie accrocheuse et des paroles poignantes, cette chanson \u00e9voque le voyage int\u00e9rieur de ceux qui osent briller malgr\u00e9 les jugements.<\/p>\n\n\n\n<p style=\"text-align: center;\"><iframe loading=\"lazy\" width=\"560\" height=\"315\" src=\"https:\/\/www.youtube.com\/embed\/HE4OeFH1exA?si=oe7DQwzt5gC342NC\" title=\"YouTube video player\" frameborder=\"0\" allow=\"accelerometer; autoplay; clipboard-write; encrypted-media; gyroscope; picture-in-picture; web-share\" referrerpolicy=\"strict-origin-when-cross-origin\" allowfullscreen><\/iframe><\/p>\n\n\n\n<p class=\"has-text-align-center\"><a href=\"https:\/\/www.facebook.com\/echovivant\/\" target=\"_blank\" rel=\"noreferrer noopener\">Facebook<\/a> \u2013 <a href=\"https:\/\/www.instagram.com\/jana.offmusic\/\" target=\"_blank\" rel=\"noreferrer noopener\">Instagram<\/a> \u2013 <a href=\"https:\/\/twitter.com\/echovivant\" target=\"_blank\" rel=\"noreferrer noopener\">Twitter<\/a><\/p>\n\n\n\n<h2 class=\"wp-block-heading has-luminous-vivid-orange-color has-text-color has-link-color wp-elements-eb0080850016b819c512367e140badca\">Lou Lipsker : \u201cTaxi\u201d<\/h2>\n\n\n\n<p>Lou Lipsker est une artiste n\u00e9e en France, form\u00e9e au Conservatoire de musique.<br>Sa musique m\u00e9lange le style vari\u00e9t\u00e9 fran\u00e7aise traditionnelle avec une touche contemporaine, s&rsquo;inspirant des influences de grands noms tels que Barbara, Charles Aznavour, Amy Winehouse, et Serge Gainsbourg.<br>Tout au long de son parcours musical, Lou a captiv\u00e9 le public dans des bars \u00e0 Camden, Londres, et a depuis enchant\u00e9 les bars de New York City avec ses performances.<br>Lou a enregistr\u00e9 son premier EP \u00e0 Paris, qui sortira bient\u00f4t, invitant les auditeurs \u00e0 des voyages nostalgiques \u00e0 travers ses compositions musicales en collaboration avec F\u00e9lix Gray.<\/p>\n\n\n\n<p class=\"has-text-align-center\"><iframe loading=\"lazy\" width=\"560\" height=\"315\" src=\"https:\/\/www.youtube.com\/embed\/2HxDWDCOrXc?si=GqgPJmwKFzVX49qR\" title=\"YouTube video player\" frameborder=\"0\" allow=\"accelerometer; autoplay; clipboard-write; encrypted-media; gyroscope; picture-in-picture; web-share\" referrerpolicy=\"strict-origin-when-cross-origin\" allowfullscreen=\"\"><\/iframe><\/p>\n\n\n\n<p class=\"has-text-align-center\"><a href=\"https:\/\/www.instagram.com\/loulipsker\/\" target=\"_blank\" rel=\"noreferrer noopener\">Instagram<\/a><\/p>\n\n\n\n<h2 class=\"wp-block-heading has-luminous-vivid-orange-color has-text-color has-link-color wp-elements-9349c500c19456a0808ffcd02bf06b44\">Faut qu&rsquo;\u00e7a guinche : \u201cLes oiseaux\u201d<\/h2>\n\n\n\n<p>Faut qu&rsquo;\u00e7a guinche, groupe Grenoblois avec plus de 1000 concerts \u00e0 son actif, compte bien faire danser et suer \u00e0 grosses gouttes tous les amateurs de rock et d\u2019accord\u00e9on.<br>Apr\u00e8s plus de 18 ans d&rsquo;existences, le groupe approche de la majorit\u00e9 et aborde des th\u00e8mes plus s\u00e9rieux mais toujours de mani\u00e8re rafra\u00eechissante.<br>Pour chanter, rire, danser et r\u00e9fl\u00e9chir, pas besoin de chercher plus loin, il y a tout ce qu\u2019il faut dans le dernier opus de la Guinche\u2019n\u2019roll attitude, l&rsquo;album \u00ab Jamais plus \u00bb sorti en octobre 2024.<br>\u00ab\u00a0Les oiseaux\u00a0\u00bb est le second single tir\u00e9 de l&rsquo;album \u00ab\u00a0Jamais plus.<br>Un titre plus calme aux m\u00e9lodies et arrangements recherch\u00e9s.<\/p>\n\n\n\n<p style=\"text-align: center;\"><iframe loading=\"lazy\" width=\"560\" height=\"315\" src=\"https:\/\/www.youtube.com\/embed\/BPhsNzcZkQ4?si=IgbWGcggKrJyNEg_\" title=\"YouTube video player\" frameborder=\"0\" allow=\"accelerometer; autoplay; clipboard-write; encrypted-media; gyroscope; picture-in-picture; web-share\" referrerpolicy=\"strict-origin-when-cross-origin\" allowfullscreen><\/iframe><\/p>\n\n\n\n<p class=\"has-text-align-center\"><a href=\"https:\/\/www.facebook.com\/FQCGlegroupe\/\" target=\"_blank\" rel=\"noreferrer noopener\">Facebook<\/a> \u2013 <a href=\"https:\/\/www.instagram.com\/fqcguinche\/\" target=\"_blank\" rel=\"noreferrer noopener\">Instagram<\/a> \u2013 <a href=\"https:\/\/twitter.com\/fqcglive\" target=\"_blank\" rel=\"noreferrer noopener\">Twitter<\/a><\/p>\n\n\n\n<h2 class=\"wp-block-heading has-luminous-vivid-orange-color has-text-color has-link-color wp-elements-36e4d6f972db70ad8d48655f82a8077e\">Alexandra et L\u00e9andre : \u201cDanse-moi\u201d<\/h2>\n\n\n\n<p>Alexandra et L\u00e9andre, c&rsquo;est Alexandra Delille et de L\u00e9andre Lacroix.<br>Alexandra, chanteuse, musicienne guitare et piano, et L\u00e9andre demi-finaliste de \u00ab\u00a0The Voice Kids\u00a0\u00bb il y a quelques ann\u00e9es.<br>Ils ont maintenant 18 ans, et assure une exp\u00e9riences de sc\u00e8ne pour tous les deux.<br>Dans leur chanson <strong>\u00ab\u00a0<\/strong>Danse-moi<strong>\u00ab\u00a0<\/strong> ils nous entra\u00eenent dans un univers musical vibrant, m\u00ealant pop et \u00e9motions intenses.<br>Le duo \u00e9voque la qu\u00eate de connexion et d&rsquo;\u00e9vasion \u00e0 travers la danse, symbole de libert\u00e9 et d&rsquo;amour.<br>Avec des m\u00e9lodies envo\u00fbtantes et des paroles po\u00e9tiques, ce morceau invite \u00e0 c\u00e9l\u00e9brer la vie et \u00e0 se laisser porter par le rythme.<\/p>\n\n\n\n<p style=\"text-align: center;\"><iframe loading=\"lazy\" width=\"560\" height=\"315\" src=\"https:\/\/www.youtube.com\/embed\/xT8mOSYr-NE?si=jtCWJ7gtOYp9o_Hv\" title=\"YouTube video player\" frameborder=\"0\" allow=\"accelerometer; autoplay; clipboard-write; encrypted-media; gyroscope; picture-in-picture; web-share\" referrerpolicy=\"strict-origin-when-cross-origin\" allowfullscreen><\/iframe><\/p>\n\n\n\n<p class=\"has-text-align-center\"><a href=\"https:\/\/www.instagram.com\/alexandramusicofficiel\/\" target=\"_blank\" rel=\"noreferrer noopener\">Instagram<\/a> \u2013 <a href=\"https:\/\/www.instagram.com\/leandremusicoff\/\" target=\"_blank\" rel=\"noreferrer noopener\">Instagram<\/a><\/p>\n\n\n\n<h2 class=\"wp-block-heading has-luminous-vivid-orange-color has-text-color has-link-color wp-elements-93855f9a4ade5762b38e8e876ec4c220\">Beltane Angel : \u201cM\u00e9tano\u00efa\u201d<\/h2>\n\n\n\n<p>Beltane Angel est un auteur-compositeur fran\u00e7ais.<br>N\u00e9 et \u00e9lev\u00e9 au milieu de cultures diff\u00e9rentes, il a su tr\u00e8s jeune que la part la plus importante de votre cr\u00e9ativit\u00e9 vient de qui vous \u00eates plus que du style de musique que vous produisez.<br>Son univers tourne souvent autour de ses th\u00e8mes de pr\u00e9dilections: le sens de la vie, la profondeur de l&rsquo;\u00eatre, la spiritualit\u00e9, la mort, la m\u00e9lancolie, la psychologie, l&rsquo;amour et la sexualit\u00e9.<br>Le single \u00ab\u00a0M\u00e9tano\u00efa\u00a0\u00bb est extrait de l&rsquo;album \u00e9ponyme sorti fin d\u00e9cembre 2024, qui revisite et r\u00e9actualise les meilleurs titres de ses quatre pr\u00e9c\u00e9dents albums.<br>Ce titre explore la transformation int\u00e9rieure et l\u2019\u00e9veil \u00e0 soi.<\/p>\n\n\n\n<p style=\"text-align: center;\"><iframe loading=\"lazy\" width=\"560\" height=\"315\" src=\"https:\/\/www.youtube.com\/embed\/XrAhr6VmErA?si=P1vvGKzLmVbbnoZ0\" title=\"YouTube video player\" frameborder=\"0\" allow=\"accelerometer; autoplay; clipboard-write; encrypted-media; gyroscope; picture-in-picture; web-share\" referrerpolicy=\"strict-origin-when-cross-origin\" allowfullscreen><\/iframe><\/p>\n\n\n\n<p class=\"has-text-align-center\"><a href=\"https:\/\/www.facebook.com\/profile.php?id=100063306273133\" target=\"_blank\" rel=\"noreferrer noopener\">Facebook<\/a> \u2013 <a href=\"https:\/\/www.instagram.com\/beltane_angel\/\" target=\"_blank\" rel=\"noreferrer noopener\">Instagram<\/a> \u2013 <a href=\"https:\/\/twitter.com\/beltane_angel\" target=\"_blank\" rel=\"noreferrer noopener\">Twitter<\/a><\/p>\n\n\n\n<h2 class=\"wp-block-heading has-luminous-vivid-orange-color has-text-color has-link-color wp-elements-63a90769295150b545d5a497e1bdcfde\">Herv\u00e9 Paul : \u201cQuand tu t&rsquo;en iras\u201d<\/h2>\n\n\n\n<p>Voix unique dans le paysage musical fran\u00e7ais, Herv\u00e9 Paul revient en force apr\u00e8s 12 ans d&rsquo;absence avec #5, son nouvel album produit par Mark Plati (Bowie, Bashung), enregistr\u00e9 \u00e0 NY avec des musiciens d&rsquo;Elvis Costello et de Bruce Springsteen.<br>Les chansons brillent par leur richesse sonore, passant de climats ouest am\u00e9ricains \u00e0 des ambiances plus anglo saxonnes, emmen\u00e9 par des guitares mordantes et le V8 d\u2019une section rythmique taill\u00e9e pour les highways qui permet \u00e0 son auteur de retrouver sa place au sein du club, tr\u00e8s select, des songwriters rock de la chanson fran\u00e7aise.<br>Il sort une version remix + remaster de \u00ab\u00a0Quand tu t&rsquo;en iras\u00a0\u00bb, son morceau sorti en 87 et repris par Murray Head dans les ann\u00e9es 2000.<\/p>\n\n\n\n<p style=\"text-align: center;\"><iframe loading=\"lazy\" width=\"560\" height=\"315\" src=\"https:\/\/www.youtube.com\/embed\/43O6QJulV8U?si=OsLo-n58S2Lns_4k\" title=\"YouTube video player\" frameborder=\"0\" allow=\"accelerometer; autoplay; clipboard-write; encrypted-media; gyroscope; picture-in-picture; web-share\" referrerpolicy=\"strict-origin-when-cross-origin\" allowfullscreen><\/iframe><\/p>\n\n\n\n<p class=\"has-text-align-center\"><a href=\"https:\/\/www.facebook.com\/hervepaulsongs\/\" target=\"_blank\" rel=\"noreferrer noopener\">Facebook<\/a> \u2013 <a href=\"https:\/\/www.instagram.com\/herve.paul_officiel\/\" target=\"_blank\" rel=\"noreferrer noopener\">Instagram<\/a> \u2013 <a href=\"https:\/\/twitter.com\/hervepaul\" target=\"_blank\" rel=\"noreferrer noopener\">Twitter<\/a><\/p>\n\n\n\n<h2 class=\"wp-block-heading has-luminous-vivid-orange-color has-text-color has-link-color wp-elements-443281cbf6eb90b53abe050708c4a713\">Victor Lee Gabriel : \u201cTout est \u00e0 refaire\u201d<\/h2>\n\n\n\n<p>Celui qui a d\u00e9cid\u00e9 de quitter la ville pour s&rsquo;installer avec sa famille dans la for\u00eat et adopter un autre mode de vie s&rsquo;est soudain retrouver confront\u00e9 \u00e0 la maladie.<br>Apr\u00e8s avoir c\u00f4toy\u00e9 les plus grands noms de la sc\u00e8ne musicale fran\u00e7aise, il sort aujourd\u2019hui son premier projet solo, une pop subtile et percutante, o\u00f9 chaque note raconte une lutte contre l&rsquo;adversit\u00e9.<br>\u00ab\u00a0Tout est \u00e0 refaire\u00a0\u00bb est le 2nd single extrait du 1er album de Victor Lee Gabriel \u00ab\u00a0Le monstre et la maison\u00a0\u00bb.<\/p>\n\n\n\n<p style=\"text-align: center;\"><iframe loading=\"lazy\" width=\"560\" height=\"315\" src=\"https:\/\/www.youtube.com\/embed\/cT14Im6FHfw?si=3oL4EUAmQEworHtU\" title=\"YouTube video player\" frameborder=\"0\" allow=\"accelerometer; autoplay; clipboard-write; encrypted-media; gyroscope; picture-in-picture; web-share\" referrerpolicy=\"strict-origin-when-cross-origin\" allowfullscreen><\/iframe><\/p>\n\n\n\n<p class=\"has-text-align-center\"><a href=\"https:\/\/www.facebook.com\/VictorLeeGabriel\/\" target=\"_blank\" rel=\"noreferrer noopener\">Facebook<\/a> \u2013 <a href=\"https:\/\/www.instagram.com\/victor_lee_gabriel\/\" target=\"_blank\" rel=\"noreferrer noopener\">Instagram<\/a><\/p>\n\n\n\n<h2 class=\"wp-block-heading has-luminous-vivid-orange-color has-text-color has-link-color wp-elements-74ee4b48ccc94102ef5b9119c04c4b7c\">Shanky : \u201cQue dire\u201d<\/h2>\n\n\n\n<p>Skanky, est un pionnier de la sc\u00e8ne reggae et dancehall en Martinique, apr\u00e8s avoir d\u00e9marr\u00e9 sa carri\u00e8re musicale au sein du groupe M\u00e9tal Sound dans les ann\u00e9es 90s.<br>Auteur interpr\u00e8te reconnu par tous gr\u00e2ce \u00e0 son empreinte vocale particuli\u00e8re, Skanky a toujours r\u00e9ussi \u00e0 s\u00e9duire les amateurs de bonne musique de tout \u00e2ge.<br>\u00ab\u00a0Que Dire\u00a0\u00bb est le titre phare de l&rsquo;album du m\u00eame nom.<br>C&rsquo;est bien plus qu&rsquo;un album : c&rsquo;est une r\u00e9flexion musicale sur des th\u00e9matiques essentielles telles que la spiritualit\u00e9, les relations humaines et la conscience collective.<\/p>\n\n\n\n<p style=\"text-align: center;\"><iframe loading=\"lazy\" width=\"560\" height=\"315\" src=\"https:\/\/www.youtube.com\/embed\/iSFiCS47MGY?si=ccCtnSULybVeHYcz\" title=\"YouTube video player\" frameborder=\"0\" allow=\"accelerometer; autoplay; clipboard-write; encrypted-media; gyroscope; picture-in-picture; web-share\" referrerpolicy=\"strict-origin-when-cross-origin\" allowfullscreen><\/iframe><\/p>\n\n\n\n<p class=\"has-text-align-center\"><a href=\"https:\/\/www.facebook.com\/Sk4nkyDOfficiel\/\" target=\"_blank\" rel=\"noreferrer noopener\">Facebook<\/a> \u2013 <a href=\"https:\/\/www.instagram.com\/skanky_d\/\" target=\"_blank\" rel=\"noreferrer noopener\">Instagram<\/a><\/p>\n\n\n\n<h2 class=\"wp-block-heading has-luminous-vivid-orange-color has-text-color has-link-color wp-elements-9a1e3a6bc94e2a3e7194c5e31d22ce32\">Glomari : \u201cNeige mouill\u00e9e\u201d<\/h2>\n\n\n\n<p>Glomar\u00ec est une artiste Italienne aux multiples facettes qui aime m\u00e9langer musique, po\u00e9sie et exp\u00e9rimentation visuelle \u00e0 travers l\u2019art des clips musicaux.<br>L&rsquo;amour est un langage qui se ma\u00eetrise toujours maladroitement et seulement partiellement, c&rsquo;est pourquoi l&rsquo;artiste italienne Glomar\u00ec choisit avec philosophie de nous en parler (pour la premi\u00e8re fois de sa carri\u00e8re) en fran\u00e7ais, sortant de sa zone de confort.<br>Laur\u00e9at du Prix Brassens au Marsico Nuovo de l&rsquo;ann\u00e9e 2022 \u00ab\u00a0Neige mouill\u00e9e\u00a0\u00bb est une ballade m\u00e9lancolique d\u00e9di\u00e9e \u00e0 ceux qui, po\u00e9tiquement, s&rsquo;obstinent \u00e0 voir la neige m\u00eame l\u00e0 o\u00f9 il ne reste que bouillie informe.<\/p>\n\n\n\n<p style=\"text-align: center;\"><iframe loading=\"lazy\" width=\"560\" height=\"315\" src=\"https:\/\/www.youtube.com\/embed\/KV61tY72TzM?si=0BYXjaD4r8YHCsoV\" title=\"YouTube video player\" frameborder=\"0\" allow=\"accelerometer; autoplay; clipboard-write; encrypted-media; gyroscope; picture-in-picture; web-share\" referrerpolicy=\"strict-origin-when-cross-origin\" allowfullscreen><\/iframe><\/p>\n\n\n\n<p class=\"has-text-align-center\"><a href=\"https:\/\/www.facebook.com\/ciaosonodisagio\/\" target=\"_blank\" rel=\"noreferrer noopener\">Facebook<\/a> \u2013 <a href=\"https:\/\/www.instagram.com\/ciaosonodisagio\/\" target=\"_blank\" rel=\"noreferrer noopener\">Instagram<\/a><\/p>\n\n\n\n<h2 class=\"wp-block-heading has-luminous-vivid-orange-color has-text-color has-link-color wp-elements-679eefc4a2c49ba72f89a1152d11ebed\">Alex devant les cimes : \u201cJuste \u00e0 deux\u201d<\/h2>\n\n\n\n<p>Alex Devant les Cimes (aka Alex Boriau) est un artiste Belge qui signe des titres cisel\u00e9s avec minutie.<br>Berc\u00e9 par la chanson fran\u00e7aise, \u00e0 partir de son piano, il cr\u00e9e l\u2019ensemble de ces m\u00e9lodies accrocheuses, inspir\u00e9es des ann\u00e9es 90.<br>Au c\u0153ur de ses textes, les mots racontent les cicatrices, les errances, des coups de c\u0153ur, des bouts de vie, des r\u00eaveries, toutes ces choses qui l\u2019ont fa\u00e7onn\u00e9.<br>Dans son travail d&rsquo;\u00e9criture, il poursuit la constante recherche des f\u00ealures qui trouveront un \u00e9cho aupr\u00e8s de son public.<br>Son univers s&rsquo;ancre dans une certaine tradition de la chanson fran\u00e7aise tout en y apportant la modernit\u00e9 qui fait la diff\u00e9rence, que ce soit par son flow tr\u00e8s contemporain mais aussi par l&rsquo;\u00e9vidence m\u00e9lodique de ses chansons qui r\u00e9ussissent \u00e0 emporter tout son petit monde.<\/p>\n\n\n\n<p style=\"text-align: center;\"><iframe loading=\"lazy\" width=\"560\" height=\"315\" src=\"https:\/\/www.youtube.com\/embed\/dm3jnMloyiY?si=fyDjjJu0wcelvq_V\" title=\"YouTube video player\" frameborder=\"0\" allow=\"accelerometer; autoplay; clipboard-write; encrypted-media; gyroscope; picture-in-picture; web-share\" referrerpolicy=\"strict-origin-when-cross-origin\" allowfullscreen><\/iframe><\/p>\n\n\n\n<p class=\"has-text-align-center\"><a href=\"https:\/\/www.facebook.com\/Alex.devantlescimes\/\" target=\"_blank\" rel=\"noreferrer noopener\">Facebook<\/a><\/p>\n\n\n\n<h2 class=\"wp-block-heading has-luminous-vivid-orange-color has-text-color has-link-color wp-elements-ab4689cc0d871c42560363161f8eee95\">Ced d\u2019Arcy : \u201cCoeur au shaker\u201d<\/h2>\n\n\n\n<p>Ced d\u2019Arcy \u00e9volue dans le monde de la musique depuis pr\u00e8s de 20 ans, il a eu la chance de faire les premi\u00e8res parties d\u2019artistes tels que Jacques Higelin, Cali ou encore The Offspring, Calogero et Florent Pagny.<br>Aujourd\u2019hui, Ced d\u2019Arcy se consacre \u00e0 son premier projet solo, enti\u00e8rement \u00e9crit, compos\u00e9, arrang\u00e9 et enregistr\u00e9 par ses soins (\u00e0 l\u2019exception de la batterie).<br>\u00ab\u00a0Coeur au shaker\u00a0\u00bb est la 2\u00e8me piste de son EP de 5 titres \u00ab\u00a0Au tournant\u00a0\u00bb, apr\u00e8s quoi l\u2019artiste est pr\u00eat \u00e0 donner vie \u00e0 un album, avec une vingtaine de morceaux de d\u00e9mo d\u00e9j\u00e0 en pr\u00e9paration.<\/p>\n\n\n\n<p style=\"text-align: center;\"><iframe loading=\"lazy\" width=\"560\" height=\"315\" src=\"https:\/\/www.youtube.com\/embed\/RoEb0DgCSQ4?si=szhclQfFlGPE-ypR\" title=\"YouTube video player\" frameborder=\"0\" allow=\"accelerometer; autoplay; clipboard-write; encrypted-media; gyroscope; picture-in-picture; web-share\" referrerpolicy=\"strict-origin-when-cross-origin\" allowfullscreen><\/iframe><\/p>\n\n\n\n<p class=\"has-text-align-center\"><a href=\"https:\/\/www.instagram.com\/ceddarcy\/\" target=\"_blank\" rel=\"noreferrer noopener\">Instagram<\/a><\/p>\n\n\n\n<h2 class=\"wp-block-heading has-luminous-vivid-orange-color has-text-color has-link-color wp-elements-3c4876037f84a342688a26019debf50e\">Alex Barry : \u201cEncore\u201d<\/h2>\n\n\n\n<p>Une nouvelle voix \u00e9merge sur la sc\u00e8ne musicale fran\u00e7aise.<br>Avec \u00ab\u00a0Encore\u00a0\u00bb, son tout premier single, il s\u2019impose comme un artiste \u00e0 suivre, proposant une fusion saisissante entre pop fran\u00e7aise et sonorit\u00e9s rock teint\u00e9es de nuances punk.<br>Dans une veine artistique rappelant des groupes comme Kyo, il marie une plume po\u00e9tique \u00e0 une instrumentation vibrante.<br>Des guitares incisives, des m\u00e9lodies accrocheuses et une interpr\u00e9tation sinc\u00e8re cr\u00e9ent une atmosph\u00e8re unique, \u00e0 la fois intime et puissante.<br>\u00ab\u00a0Encore\u00a0\u00bb est un cri du c\u0153ur, un hymne aux sentiments que l&rsquo;on garde souvent pour soi.<br>Entre regrets et espoir, Alex capte avec sinc\u00e9rit\u00e9 l\u2019essence des relations humaines : imparfaites, belles et parfois douloureuses.<br>Un premier single qui marquera une g\u00e9n\u00e9ration en qu\u00eate d\u2019authenticit\u00e9.<\/p>\n\n\n\n<p style=\"text-align: center;\"><iframe loading=\"lazy\" width=\"560\" height=\"315\" src=\"https:\/\/www.youtube.com\/embed\/UjfkGilB1lg?si=OoA6MIPOcf4eynZa\" title=\"YouTube video player\" frameborder=\"0\" allow=\"accelerometer; autoplay; clipboard-write; encrypted-media; gyroscope; picture-in-picture; web-share\" referrerpolicy=\"strict-origin-when-cross-origin\" allowfullscreen><\/iframe><\/p>\n\n\n\n<p class=\"has-text-align-center\"><a href=\"https:\/\/www.facebook.com\/alex.barry.92372\/\" target=\"_blank\" rel=\"noreferrer noopener\">Facebook<\/a> \u2013 <a href=\"https:\/\/www.instagram.com\/barry.alex\/\" target=\"_blank\" rel=\"noreferrer noopener\">Instagram<\/a><\/p>\n\n\n\n<h2 class=\"wp-block-heading has-luminous-vivid-orange-color has-text-color has-link-color wp-elements-3f50cf84138de59f6f72392f73882954\">Kocaze : \u201cAboyer en silence\u201d<\/h2>\n\n\n\n<p>K\u00d8CAZE est n\u00e9 de la rencontre d&rsquo;Elsa Verhoeven &amp; Olivier Jacqmin, deux musiciens belges aux m\u00e9thodes de travail diam\u00e9tralement oppos\u00e9es.<br>Ils nous offrent dans un style Dark Pop &#8211; Doomgaze, avec une formule guitare-piano-samples que les voix survolent d\u2019une d\u00e9licatesse sombre et limpide \u00e0 la fois.<br>\u00ab\u00a0Aboyer en silence\u00a0\u00bb parle du sentiment d&rsquo;impuissance face \u00e0 certaines situations.<br>Elle parle de la col\u00e8re sourde et int\u00e9rieure, o\u00f9 la rage gronde silencieusement dans nos fissures int\u00e9rieures.<\/p>\n\n\n\n<p style=\"text-align: center;\"><iframe loading=\"lazy\" width=\"560\" height=\"315\" src=\"https:\/\/www.youtube.com\/embed\/1L7wHmPiLws?si=wJpPpXbzKkG26EPD\" title=\"YouTube video player\" frameborder=\"0\" allow=\"accelerometer; autoplay; clipboard-write; encrypted-media; gyroscope; picture-in-picture; web-share\" referrerpolicy=\"strict-origin-when-cross-origin\" allowfullscreen><\/iframe><\/p>\n\n\n\n<p class=\"has-text-align-center\"><a href=\"https:\/\/www.facebook.com\/Kocaze\/\" target=\"_blank\" rel=\"noreferrer noopener\">Facebook<\/a> \u2013 <a href=\"https:\/\/www.instagram.com\/kocaze_band\/\" target=\"_blank\" rel=\"noreferrer noopener\">Instagram<\/a><\/p>\n\n\n\n<h2 class=\"wp-block-heading has-luminous-vivid-orange-color has-text-color has-link-color wp-elements-7b22b22773e82267728ff4bf036419a4\">Francesco Palmeri : \u201cTu ne vis pas \u201c<\/h2>\n\n\n\n<p>Auteur-compositeur-interpr\u00e8te n\u00e9 \u00e0 Bruxelles d\u2019origine italo-espagnole, Francesco a naturellement h\u00e9rit\u00e9 d\u2019une riche diversit\u00e9 culturelle qui se refl\u00e8te \u00e0 travers ses cr\u00e9ations musicales.<br>C\u2019est en 2007 que le public faisait sa connaissance pour la premi\u00e8re fois avec son premier single \u201cYaka Dans\u00e9\u201d.<br>Il a affin\u00e9 ses habilit\u00e9s musicales au fil du temps gr\u00e2ce \u00e0 l\u2019influence de son p\u00e8re musicien et avant m\u00eame de se concentrer sur sa carri\u00e8re solo, il a contribu\u00e9 \u00e0 de nombreux projets musicaux et collabor\u00e9 depuis 1991 avec plusieurs artistes de la sc\u00e8ne belge et internationale d\u00e9montrant ainsi une incroyable polyvalence comme auteur, compositeur, guitariste et producteur musical.<br>A travers son dernier titre, \u00ab\u00a0Tu ne vis pas\u00a0\u00bb, il a voulu aborder dans une ambiance musicale baroque, le th\u00e8me de la chute de l&rsquo;Homme et des civilisations \u00e0 travers les si\u00e8cles, en posant la dramatique question: \u00ab\u00a0L&rsquo;Homme ne serait-il pas au final son propre pr\u00e9dateur?\u00a0\u00bb<\/p>\n\n\n\n<p style=\"text-align: center;\"><iframe loading=\"lazy\" width=\"560\" height=\"315\" src=\"https:\/\/www.youtube.com\/embed\/JVySEDGpXOY?si=teuFBU3oQ3qjrjzx\" title=\"YouTube video player\" frameborder=\"0\" allow=\"accelerometer; autoplay; clipboard-write; encrypted-media; gyroscope; picture-in-picture; web-share\" referrerpolicy=\"strict-origin-when-cross-origin\" allowfullscreen><\/iframe><\/p>\n\n\n\n<p class=\"has-text-align-center\"><a href=\"https:\/\/www.facebook.com\/francescopalmerioff\/\" target=\"_blank\" rel=\"noreferrer noopener\">Facebook<\/a> \u2013 <a href=\"https:\/\/www.instagram.com\/francescopalmeri_off\/\" target=\"_blank\" rel=\"noreferrer noopener\">Instagram<\/a><\/p>\n\n\n\n<h2 class=\"wp-block-heading has-luminous-vivid-orange-color has-text-color has-link-color wp-elements-6914608b3b1dd87c753647236800a01d\">Digitipus in Nazoo : \u201cMademoiselle B\u201d<\/h2>\n\n\n\n<p>Digitipus In Nazoo est un groupe de rock lyonnais aux influences riches.<br>Dans la langue de Maupassant ou celle de Bashung, ils nous distillent un rock intense et enchanteur, un m\u00e9lange de basses bondissantes et de riffs acides.<br>Ici, se courtisent le Funk, le Rock, l\u2019\u00e9nergie Punk et la magie des mots.<br>Chacun de leur concert est l\u2019occasion pour les 4 musiciens d\u2019embarquer le public dans une transe langoureuse.<br>\u00ab\u00a0Mademoiselle B\u00a0\u00bb est le 6\u00e8me des titres de leur dernier album, \u00ab\u00a0Sourate Safran\u00a0\u00bb<br>Ici, r\u00eaves et m\u00e9lancolie habitent des riffs acides, narrant les aventures surr\u00e9alistes de personnages impossibles, d\u00e9m\u00ealant l&rsquo;\u00e9vidence.<\/p>\n\n\n\n<p style=\"text-align: center;\"><iframe loading=\"lazy\" width=\"560\" height=\"315\" src=\"https:\/\/www.youtube.com\/embed\/3RanFvVNdgU?si=zmCeBFD_eReMKXSz\" title=\"YouTube video player\" frameborder=\"0\" allow=\"accelerometer; autoplay; clipboard-write; encrypted-media; gyroscope; picture-in-picture; web-share\" referrerpolicy=\"strict-origin-when-cross-origin\" allowfullscreen><\/iframe><\/p>\n\n\n\n<p class=\"has-text-align-center\"><a href=\"https:\/\/www.facebook.com\/digitipusinnazoo\/\" target=\"_blank\" rel=\"noreferrer noopener\">Facebook<\/a> \u2013 <a href=\"https:\/\/www.instagram.com\/digitipus\/\" target=\"_blank\" rel=\"noreferrer noopener\">Instagram<\/a><\/p>\n\n\n\n<h2 class=\"wp-block-heading has-luminous-vivid-orange-color has-text-color has-link-color wp-elements-0e9235cef0b164a01b812a463c50af41\">D\u00e9corum : \u201cBleue Dry\u201d<\/h2>\n\n\n\n<p>Rencontre improbable de six musiciens aux parcours musicaux diff\u00e9rents, D\u00e9corum est un projet francophone bas\u00e9 \u00e0 Montr\u00e9al et constitu\u00e9 d\u2019instruments acoustiques, soit deux guitares, deux cajons, un harmonica et un violon.<br>L\u2019offre se veut \u00e0 la fois dansante, d\u00e9foulante, et touchante avec une touche d&rsquo;\u00e9clectisme.<br>\u00ab\u00a0Bleu Dry\u00a0\u00bb fait suite \u00e0 la sortie de leur album \u00ab\u00a0Touche du bois\u00a0\u00bb, o\u00f9 le groupe pousse le concept acoustique rock encore plus loin.<br>Tout y passe : cajuns en furies, violons enlevant, solos d\u2019harmonica enflamm\u00e9s,<strong> <\/strong>et bien des accords de guitares.<br>Il y a du folk, du gros rock, et tout ce qui peut se passer entre les deux.<br>La musique accote la prose typiquement qu\u00e9b\u00e9coise du groupe \u2013 parfois directe, parfois labyrinthique, tant\u00f4t abrasive, tant\u00f4t douce.<\/p>\n\n\n\n<p style=\"text-align: center;\"><iframe loading=\"lazy\" width=\"560\" height=\"315\" src=\"https:\/\/www.youtube.com\/embed\/x8WPwVI-f7U?si=E3jbJQD-6NmSj_kd\" title=\"YouTube video player\" frameborder=\"0\" allow=\"accelerometer; autoplay; clipboard-write; encrypted-media; gyroscope; picture-in-picture; web-share\" referrerpolicy=\"strict-origin-when-cross-origin\" allowfullscreen><\/iframe>><\/p>\n\n\n\n<p class=\"has-text-align-center\"><a href=\"https:\/\/www.facebook.com\/decorumband1\/\" target=\"_blank\" rel=\"noreferrer noopener\">Facebook<\/a> \u2013 <a href=\"https:\/\/www.instagram.com\/decorum_rock\/\" target=\"_blank\" rel=\"noreferrer noopener\">Instagram<\/a><\/p>\n\n\n\n<h2 class=\"wp-block-heading has-luminous-vivid-orange-color has-text-color has-link-color wp-elements-ae74870cde2edc60ddc8349176092ac2\">CyrilNo\u00ebl : \u201cLaisse faire Laisse venir\u201d<\/h2>\n\n\n\n<p>CyrilNo\u00ebl propose un retour \u00e0 l\u2019essentiel, une french folk \u00e9lectris\u00e9e, une chanson fran\u00e7aise bouscul\u00e9e qui, faute de trouver place dans le bourdonnement incessant des machines modernes c\u00f4toie avec aisance la singularit\u00e9 d\u2019une musique qui n\u2019a pas d\u2019\u00e9poque, un son brut qui ne se maquille pas en suivant son instinct.<br>\u00ab\u00a0Laisse Faire, Laisse Venir\u00a0\u00bb est la 3\u00e8me piste des 10 que compte son dernier album \u00ab\u00a0Amour Animal\u00a0\u00bb.<br>C&rsquo;est une pop rock l\u00e9g\u00e8re au gimmick ent\u00eatant qui vous emm\u00e8ne danser dans la m\u00e9tamorphose des corps.<\/p>\n\n\n\n<p style=\"text-align: center;\"><iframe loading=\"lazy\" width=\"560\" height=\"315\" src=\"https:\/\/www.youtube.com\/embed\/WlX1uw1oyLI?si=QOEDspRqQOn7bPw2\" title=\"YouTube video player\" frameborder=\"0\" allow=\"accelerometer; autoplay; clipboard-write; encrypted-media; gyroscope; picture-in-picture; web-share\" referrerpolicy=\"strict-origin-when-cross-origin\" allowfullscreen><\/iframe><\/p>\n\n\n\n<p class=\"has-text-align-center\"><a href=\"https:\/\/www.facebook.com\/cyrilnoel.music\/\" target=\"_blank\" rel=\"noreferrer noopener\">Facebook<\/a> \u2013 <a href=\"https:\/\/www.instagram.com\/cyrilnoel.music\/\" target=\"_blank\" rel=\"noreferrer noopener\">Instagram<\/a> \u2013 <a href=\"https:\/\/twitter.com\/aud_reyofficial\" target=\"_blank\" rel=\"noreferrer noopener\">Twitter<\/a><\/p>\n\n\n\n<h2 class=\"wp-block-heading has-luminous-vivid-orange-color has-text-color has-link-color wp-elements-041919231e51f6ed2287d1df3c1f540b\">Youen Le Thellec : \u201cPoulpe fiction\u201d<\/h2>\n\n\n\n<p>Saxophoniste de formation, il fait de la chanson depuis qu\u2019une guitare lui est tomb\u00e9 dans les mains \u00e0 ses 18 ans.<br>C&rsquo;est un auteur-compositeur-interpr\u00e8te pour qui le m\u00e9lange de la musique et de l\u2019image y joue une place importante.<br>Robin Pag\u00e8s, guitariste de formation, apporte toute la dimension rock au morceau \u00ab\u00a0Poulpe fiction\u00a0\u00bb.<br>La chanson et l\u2019animation ont \u00e9t\u00e9 cr\u00e9\u00e9s pour le spectacle musical \u00ab&nbsp;Le Marin &amp; Le Poisson&nbsp;\u00bb qui sera jou\u00e9 au Funambule Th\u00e9\u00e2tre \u00e0 Paris en f\u00e9vrier 2025 et qui propose un voyage musical \u00e0 travers diff\u00e9rents styles.<\/p>\n\n\n\n<p style=\"text-align: center;\"><iframe loading=\"lazy\" width=\"560\" height=\"315\" src=\"https:\/\/www.youtube.com\/embed\/2rgx6NFQmy8?si=3Sf1u0H-jDmsmlNJ\" title=\"YouTube video player\" frameborder=\"0\" allow=\"accelerometer; autoplay; clipboard-write; encrypted-media; gyroscope; picture-in-picture; web-share\" referrerpolicy=\"strict-origin-when-cross-origin\" allowfullscreen><\/iframe><\/p>\n\n\n\n<p class=\"has-text-align-center\"><a href=\"https:\/\/www.facebook.com\/youenlethellec\/\" target=\"_blank\" rel=\"noreferrer noopener\">Facebook<\/a><\/p>\n","protected":false},"excerpt":{"rendered":"<p>L\u2019\u00e9pisode 33 de notre chronique de la chanson fran\u00e7aise revient apr\u00e8s un mois d&rsquo;absence.Pas d&rsquo;excuses,&#8230;<\/p>\n","protected":false},"author":1,"featured_media":1476,"comment_status":"closed","ping_status":"open","sticky":false,"template":"","format":"standard","meta":{"_uag_custom_page_level_css":"","footnotes":""},"categories":[81],"tags":[],"class_list":["post-10594","post","type-post","status-publish","format-standard","has-post-thumbnail","hentry","category-chanson-francaise"],"yoast_head":"<!-- This site is optimized with the Yoast SEO plugin v27.5 - https:\/\/yoast.com\/product\/yoast-seo-wordpress\/ -->\n<title>Chronique de la chanson fran\u00e7aise, les castors reviennent en force avec l&#039;\u00e9pisode 33 - Radio Castor<\/title>\n<meta name=\"robots\" content=\"index, follow, max-snippet:-1, max-image-preview:large, max-video-preview:-1\" \/>\n<link rel=\"canonical\" href=\"https:\/\/www.radiocastor.com\/index.php\/chronique-de-la-chanson-francaise-episode-33\/\" \/>\n<meta property=\"og:locale\" content=\"fr_FR\" \/>\n<meta property=\"og:type\" content=\"article\" \/>\n<meta property=\"og:title\" content=\"Chronique de la chanson fran\u00e7aise, les castors reviennent en force avec l&#039;\u00e9pisode 33 - Radio Castor\" \/>\n<meta property=\"og:description\" content=\"L\u2019\u00e9pisode 33 de notre chronique de la chanson fran\u00e7aise revient apr\u00e8s un mois d&rsquo;absence.Pas d&rsquo;excuses,...\" \/>\n<meta property=\"og:url\" content=\"https:\/\/www.radiocastor.com\/index.php\/chronique-de-la-chanson-francaise-episode-33\/\" \/>\n<meta property=\"og:site_name\" content=\"Radio Castor\" \/>\n<meta property=\"article:publisher\" content=\"https:\/\/www.facebook.com\/theradiocastor\" \/>\n<meta property=\"article:published_time\" content=\"2025-01-28T15:13:50+00:00\" \/>\n<meta property=\"article:modified_time\" content=\"2025-03-21T02:28:51+00:00\" \/>\n<meta property=\"og:image\" content=\"https:\/\/www.radiocastor.com\/wp-content\/uploads\/2022\/04\/francophonie-3.jpg\" \/>\n\t<meta property=\"og:image:width\" content=\"500\" \/>\n\t<meta property=\"og:image:height\" content=\"368\" \/>\n\t<meta property=\"og:image:type\" content=\"image\/jpeg\" \/>\n<meta name=\"author\" content=\"R\u00e9daction R C\" \/>\n<meta name=\"twitter:card\" content=\"summary_large_image\" \/>\n<meta name=\"twitter:creator\" content=\"@TheRadioCastor\" \/>\n<meta name=\"twitter:site\" content=\"@TheRadioCastor\" \/>\n<meta name=\"twitter:label1\" content=\"\u00c9crit par\" \/>\n\t<meta name=\"twitter:data1\" content=\"R\u00e9daction R C\" \/>\n\t<meta name=\"twitter:label2\" content=\"Dur\u00e9e de lecture estim\u00e9e\" \/>\n\t<meta name=\"twitter:data2\" content=\"12 minutes\" \/>\n<script type=\"application\/ld+json\" class=\"yoast-schema-graph\">{\"@context\":\"https:\\\/\\\/schema.org\",\"@graph\":[{\"@type\":\"Article\",\"@id\":\"https:\\\/\\\/www.radiocastor.com\\\/index.php\\\/chronique-de-la-chanson-francaise-episode-33\\\/#article\",\"isPartOf\":{\"@id\":\"https:\\\/\\\/www.radiocastor.com\\\/index.php\\\/chronique-de-la-chanson-francaise-episode-33\\\/\"},\"author\":{\"name\":\"R\u00e9daction R C\",\"@id\":\"https:\\\/\\\/www.radiocastor.com\\\/#\\\/schema\\\/person\\\/558b0e47dc4c11fa52b2220ba6a78779\"},\"headline\":\"Chronique de la chanson fran\u00e7aise, les castors reviennent en force avec l&rsquo;\u00e9pisode 33\",\"datePublished\":\"2025-01-28T15:13:50+00:00\",\"dateModified\":\"2025-03-21T02:28:51+00:00\",\"mainEntityOfPage\":{\"@id\":\"https:\\\/\\\/www.radiocastor.com\\\/index.php\\\/chronique-de-la-chanson-francaise-episode-33\\\/\"},\"wordCount\":2501,\"publisher\":{\"@id\":\"https:\\\/\\\/www.radiocastor.com\\\/#organization\"},\"image\":{\"@id\":\"https:\\\/\\\/www.radiocastor.com\\\/index.php\\\/chronique-de-la-chanson-francaise-episode-33\\\/#primaryimage\"},\"thumbnailUrl\":\"https:\\\/\\\/www.radiocastor.com\\\/wp-content\\\/uploads\\\/2022\\\/04\\\/francophonie-3.jpg\",\"articleSection\":[\"Chanson Fran\u00e7aise\"],\"inLanguage\":\"fr-FR\"},{\"@type\":\"WebPage\",\"@id\":\"https:\\\/\\\/www.radiocastor.com\\\/index.php\\\/chronique-de-la-chanson-francaise-episode-33\\\/\",\"url\":\"https:\\\/\\\/www.radiocastor.com\\\/index.php\\\/chronique-de-la-chanson-francaise-episode-33\\\/\",\"name\":\"Chronique de la chanson fran\u00e7aise, les castors reviennent en force avec l'\u00e9pisode 33 - Radio Castor\",\"isPartOf\":{\"@id\":\"https:\\\/\\\/www.radiocastor.com\\\/#website\"},\"primaryImageOfPage\":{\"@id\":\"https:\\\/\\\/www.radiocastor.com\\\/index.php\\\/chronique-de-la-chanson-francaise-episode-33\\\/#primaryimage\"},\"image\":{\"@id\":\"https:\\\/\\\/www.radiocastor.com\\\/index.php\\\/chronique-de-la-chanson-francaise-episode-33\\\/#primaryimage\"},\"thumbnailUrl\":\"https:\\\/\\\/www.radiocastor.com\\\/wp-content\\\/uploads\\\/2022\\\/04\\\/francophonie-3.jpg\",\"datePublished\":\"2025-01-28T15:13:50+00:00\",\"dateModified\":\"2025-03-21T02:28:51+00:00\",\"breadcrumb\":{\"@id\":\"https:\\\/\\\/www.radiocastor.com\\\/index.php\\\/chronique-de-la-chanson-francaise-episode-33\\\/#breadcrumb\"},\"inLanguage\":\"fr-FR\",\"potentialAction\":[{\"@type\":\"ReadAction\",\"target\":[\"https:\\\/\\\/www.radiocastor.com\\\/index.php\\\/chronique-de-la-chanson-francaise-episode-33\\\/\"]}]},{\"@type\":\"ImageObject\",\"inLanguage\":\"fr-FR\",\"@id\":\"https:\\\/\\\/www.radiocastor.com\\\/index.php\\\/chronique-de-la-chanson-francaise-episode-33\\\/#primaryimage\",\"url\":\"https:\\\/\\\/www.radiocastor.com\\\/wp-content\\\/uploads\\\/2022\\\/04\\\/francophonie-3.jpg\",\"contentUrl\":\"https:\\\/\\\/www.radiocastor.com\\\/wp-content\\\/uploads\\\/2022\\\/04\\\/francophonie-3.jpg\",\"width\":500,\"height\":368,\"caption\":\"francophonie\"},{\"@type\":\"BreadcrumbList\",\"@id\":\"https:\\\/\\\/www.radiocastor.com\\\/index.php\\\/chronique-de-la-chanson-francaise-episode-33\\\/#breadcrumb\",\"itemListElement\":[{\"@type\":\"ListItem\",\"position\":1,\"name\":\"Accueil\",\"item\":\"https:\\\/\\\/www.radiocastor.com\\\/\"},{\"@type\":\"ListItem\",\"position\":2,\"name\":\"Chronique de la chanson fran\u00e7aise, les castors reviennent en force avec l&rsquo;\u00e9pisode 33\"}]},{\"@type\":\"WebSite\",\"@id\":\"https:\\\/\\\/www.radiocastor.com\\\/#website\",\"url\":\"https:\\\/\\\/www.radiocastor.com\\\/\",\"name\":\"Radio Castor\",\"description\":\"La voix !\",\"publisher\":{\"@id\":\"https:\\\/\\\/www.radiocastor.com\\\/#organization\"},\"potentialAction\":[{\"@type\":\"SearchAction\",\"target\":{\"@type\":\"EntryPoint\",\"urlTemplate\":\"https:\\\/\\\/www.radiocastor.com\\\/?s={search_term_string}\"},\"query-input\":{\"@type\":\"PropertyValueSpecification\",\"valueRequired\":true,\"valueName\":\"search_term_string\"}}],\"inLanguage\":\"fr-FR\"},{\"@type\":\"Organization\",\"@id\":\"https:\\\/\\\/www.radiocastor.com\\\/#organization\",\"name\":\"Radio Castor\",\"url\":\"https:\\\/\\\/www.radiocastor.com\\\/\",\"logo\":{\"@type\":\"ImageObject\",\"inLanguage\":\"fr-FR\",\"@id\":\"https:\\\/\\\/www.radiocastor.com\\\/#\\\/schema\\\/logo\\\/image\\\/\",\"url\":\"https:\\\/\\\/www.radiocastor.com\\\/wp-content\\\/uploads\\\/2021\\\/11\\\/cropped-Radio-castor-logo-2.png\",\"contentUrl\":\"https:\\\/\\\/www.radiocastor.com\\\/wp-content\\\/uploads\\\/2021\\\/11\\\/cropped-Radio-castor-logo-2.png\",\"width\":437,\"height\":219,\"caption\":\"Radio Castor\"},\"image\":{\"@id\":\"https:\\\/\\\/www.radiocastor.com\\\/#\\\/schema\\\/logo\\\/image\\\/\"},\"sameAs\":[\"https:\\\/\\\/www.facebook.com\\\/theradiocastor\",\"https:\\\/\\\/x.com\\\/TheRadioCastor\",\"https:\\\/\\\/www.instagram.com\\\/theradiocastor\",\"https:\\\/\\\/www.youtube.com\\\/c\\\/RadioCastor\"]},{\"@type\":\"Person\",\"@id\":\"https:\\\/\\\/www.radiocastor.com\\\/#\\\/schema\\\/person\\\/558b0e47dc4c11fa52b2220ba6a78779\",\"name\":\"R\u00e9daction R C\",\"image\":{\"@type\":\"ImageObject\",\"inLanguage\":\"fr-FR\",\"@id\":\"https:\\\/\\\/secure.gravatar.com\\\/avatar\\\/1d3e4f4c4a0d129f7ed4838ea20c33760c2484b9bc381993df6c0e3f5bf89c23?s=96&d=mm&r=g\",\"url\":\"https:\\\/\\\/secure.gravatar.com\\\/avatar\\\/1d3e4f4c4a0d129f7ed4838ea20c33760c2484b9bc381993df6c0e3f5bf89c23?s=96&d=mm&r=g\",\"contentUrl\":\"https:\\\/\\\/secure.gravatar.com\\\/avatar\\\/1d3e4f4c4a0d129f7ed4838ea20c33760c2484b9bc381993df6c0e3f5bf89c23?s=96&d=mm&r=g\",\"caption\":\"R\u00e9daction R C\"},\"sameAs\":[\"http:\\\/\\\/www.radiocastor.com\"],\"url\":\"https:\\\/\\\/www.radiocastor.com\\\/index.php\\\/author\\\/radio-castor\\\/\"}]}<\/script>\n<!-- \/ Yoast SEO plugin. -->","yoast_head_json":{"title":"Chronique de la chanson fran\u00e7aise, les castors reviennent en force avec l'\u00e9pisode 33 - Radio Castor","robots":{"index":"index","follow":"follow","max-snippet":"max-snippet:-1","max-image-preview":"max-image-preview:large","max-video-preview":"max-video-preview:-1"},"canonical":"https:\/\/www.radiocastor.com\/index.php\/chronique-de-la-chanson-francaise-episode-33\/","og_locale":"fr_FR","og_type":"article","og_title":"Chronique de la chanson fran\u00e7aise, les castors reviennent en force avec l'\u00e9pisode 33 - Radio Castor","og_description":"L\u2019\u00e9pisode 33 de notre chronique de la chanson fran\u00e7aise revient apr\u00e8s un mois d&rsquo;absence.Pas d&rsquo;excuses,...","og_url":"https:\/\/www.radiocastor.com\/index.php\/chronique-de-la-chanson-francaise-episode-33\/","og_site_name":"Radio Castor","article_publisher":"https:\/\/www.facebook.com\/theradiocastor","article_published_time":"2025-01-28T15:13:50+00:00","article_modified_time":"2025-03-21T02:28:51+00:00","og_image":[{"width":500,"height":368,"url":"https:\/\/www.radiocastor.com\/wp-content\/uploads\/2022\/04\/francophonie-3.jpg","type":"image\/jpeg"}],"author":"R\u00e9daction R C","twitter_card":"summary_large_image","twitter_creator":"@TheRadioCastor","twitter_site":"@TheRadioCastor","twitter_misc":{"\u00c9crit par":"R\u00e9daction R C","Dur\u00e9e de lecture estim\u00e9e":"12 minutes"},"schema":{"@context":"https:\/\/schema.org","@graph":[{"@type":"Article","@id":"https:\/\/www.radiocastor.com\/index.php\/chronique-de-la-chanson-francaise-episode-33\/#article","isPartOf":{"@id":"https:\/\/www.radiocastor.com\/index.php\/chronique-de-la-chanson-francaise-episode-33\/"},"author":{"name":"R\u00e9daction R C","@id":"https:\/\/www.radiocastor.com\/#\/schema\/person\/558b0e47dc4c11fa52b2220ba6a78779"},"headline":"Chronique de la chanson fran\u00e7aise, les castors reviennent en force avec l&rsquo;\u00e9pisode 33","datePublished":"2025-01-28T15:13:50+00:00","dateModified":"2025-03-21T02:28:51+00:00","mainEntityOfPage":{"@id":"https:\/\/www.radiocastor.com\/index.php\/chronique-de-la-chanson-francaise-episode-33\/"},"wordCount":2501,"publisher":{"@id":"https:\/\/www.radiocastor.com\/#organization"},"image":{"@id":"https:\/\/www.radiocastor.com\/index.php\/chronique-de-la-chanson-francaise-episode-33\/#primaryimage"},"thumbnailUrl":"https:\/\/www.radiocastor.com\/wp-content\/uploads\/2022\/04\/francophonie-3.jpg","articleSection":["Chanson Fran\u00e7aise"],"inLanguage":"fr-FR"},{"@type":"WebPage","@id":"https:\/\/www.radiocastor.com\/index.php\/chronique-de-la-chanson-francaise-episode-33\/","url":"https:\/\/www.radiocastor.com\/index.php\/chronique-de-la-chanson-francaise-episode-33\/","name":"Chronique de la chanson fran\u00e7aise, les castors reviennent en force avec l'\u00e9pisode 33 - Radio Castor","isPartOf":{"@id":"https:\/\/www.radiocastor.com\/#website"},"primaryImageOfPage":{"@id":"https:\/\/www.radiocastor.com\/index.php\/chronique-de-la-chanson-francaise-episode-33\/#primaryimage"},"image":{"@id":"https:\/\/www.radiocastor.com\/index.php\/chronique-de-la-chanson-francaise-episode-33\/#primaryimage"},"thumbnailUrl":"https:\/\/www.radiocastor.com\/wp-content\/uploads\/2022\/04\/francophonie-3.jpg","datePublished":"2025-01-28T15:13:50+00:00","dateModified":"2025-03-21T02:28:51+00:00","breadcrumb":{"@id":"https:\/\/www.radiocastor.com\/index.php\/chronique-de-la-chanson-francaise-episode-33\/#breadcrumb"},"inLanguage":"fr-FR","potentialAction":[{"@type":"ReadAction","target":["https:\/\/www.radiocastor.com\/index.php\/chronique-de-la-chanson-francaise-episode-33\/"]}]},{"@type":"ImageObject","inLanguage":"fr-FR","@id":"https:\/\/www.radiocastor.com\/index.php\/chronique-de-la-chanson-francaise-episode-33\/#primaryimage","url":"https:\/\/www.radiocastor.com\/wp-content\/uploads\/2022\/04\/francophonie-3.jpg","contentUrl":"https:\/\/www.radiocastor.com\/wp-content\/uploads\/2022\/04\/francophonie-3.jpg","width":500,"height":368,"caption":"francophonie"},{"@type":"BreadcrumbList","@id":"https:\/\/www.radiocastor.com\/index.php\/chronique-de-la-chanson-francaise-episode-33\/#breadcrumb","itemListElement":[{"@type":"ListItem","position":1,"name":"Accueil","item":"https:\/\/www.radiocastor.com\/"},{"@type":"ListItem","position":2,"name":"Chronique de la chanson fran\u00e7aise, les castors reviennent en force avec l&rsquo;\u00e9pisode 33"}]},{"@type":"WebSite","@id":"https:\/\/www.radiocastor.com\/#website","url":"https:\/\/www.radiocastor.com\/","name":"Radio Castor","description":"La voix !","publisher":{"@id":"https:\/\/www.radiocastor.com\/#organization"},"potentialAction":[{"@type":"SearchAction","target":{"@type":"EntryPoint","urlTemplate":"https:\/\/www.radiocastor.com\/?s={search_term_string}"},"query-input":{"@type":"PropertyValueSpecification","valueRequired":true,"valueName":"search_term_string"}}],"inLanguage":"fr-FR"},{"@type":"Organization","@id":"https:\/\/www.radiocastor.com\/#organization","name":"Radio Castor","url":"https:\/\/www.radiocastor.com\/","logo":{"@type":"ImageObject","inLanguage":"fr-FR","@id":"https:\/\/www.radiocastor.com\/#\/schema\/logo\/image\/","url":"https:\/\/www.radiocastor.com\/wp-content\/uploads\/2021\/11\/cropped-Radio-castor-logo-2.png","contentUrl":"https:\/\/www.radiocastor.com\/wp-content\/uploads\/2021\/11\/cropped-Radio-castor-logo-2.png","width":437,"height":219,"caption":"Radio Castor"},"image":{"@id":"https:\/\/www.radiocastor.com\/#\/schema\/logo\/image\/"},"sameAs":["https:\/\/www.facebook.com\/theradiocastor","https:\/\/x.com\/TheRadioCastor","https:\/\/www.instagram.com\/theradiocastor","https:\/\/www.youtube.com\/c\/RadioCastor"]},{"@type":"Person","@id":"https:\/\/www.radiocastor.com\/#\/schema\/person\/558b0e47dc4c11fa52b2220ba6a78779","name":"R\u00e9daction R C","image":{"@type":"ImageObject","inLanguage":"fr-FR","@id":"https:\/\/secure.gravatar.com\/avatar\/1d3e4f4c4a0d129f7ed4838ea20c33760c2484b9bc381993df6c0e3f5bf89c23?s=96&d=mm&r=g","url":"https:\/\/secure.gravatar.com\/avatar\/1d3e4f4c4a0d129f7ed4838ea20c33760c2484b9bc381993df6c0e3f5bf89c23?s=96&d=mm&r=g","contentUrl":"https:\/\/secure.gravatar.com\/avatar\/1d3e4f4c4a0d129f7ed4838ea20c33760c2484b9bc381993df6c0e3f5bf89c23?s=96&d=mm&r=g","caption":"R\u00e9daction R C"},"sameAs":["http:\/\/www.radiocastor.com"],"url":"https:\/\/www.radiocastor.com\/index.php\/author\/radio-castor\/"}]}},"uagb_featured_image_src":{"full":["https:\/\/www.radiocastor.com\/wp-content\/uploads\/2022\/04\/francophonie-3.jpg",500,368,false],"thumbnail":["https:\/\/www.radiocastor.com\/wp-content\/uploads\/2022\/04\/francophonie-3-150x150.jpg",150,150,true],"medium":["https:\/\/www.radiocastor.com\/wp-content\/uploads\/2022\/04\/francophonie-3-300x221.jpg",300,221,true],"medium_large":["https:\/\/www.radiocastor.com\/wp-content\/uploads\/2022\/04\/francophonie-3.jpg",500,368,false],"large":["https:\/\/www.radiocastor.com\/wp-content\/uploads\/2022\/04\/francophonie-3.jpg",500,368,false],"1536x1536":["https:\/\/www.radiocastor.com\/wp-content\/uploads\/2022\/04\/francophonie-3.jpg",500,368,false],"2048x2048":["https:\/\/www.radiocastor.com\/wp-content\/uploads\/2022\/04\/francophonie-3.jpg",500,368,false],"newsever-slider-full":["https:\/\/www.radiocastor.com\/wp-content\/uploads\/2022\/04\/francophonie-3.jpg",500,368,false],"newsever-featured":["https:\/\/www.radiocastor.com\/wp-content\/uploads\/2022\/04\/francophonie-3.jpg",500,368,false],"newsever-medium":["https:\/\/www.radiocastor.com\/wp-content\/uploads\/2022\/04\/francophonie-3.jpg",500,368,false]},"uagb_author_info":{"display_name":"R\u00e9daction R C","author_link":"https:\/\/www.radiocastor.com\/index.php\/author\/radio-castor\/"},"uagb_comment_info":0,"uagb_excerpt":"L\u2019\u00e9pisode 33 de notre chronique de la chanson fran\u00e7aise revient apr\u00e8s un mois d&rsquo;absence.Pas d&rsquo;excuses,...","_links":{"self":[{"href":"https:\/\/www.radiocastor.com\/index.php\/wp-json\/wp\/v2\/posts\/10594","targetHints":{"allow":["GET"]}}],"collection":[{"href":"https:\/\/www.radiocastor.com\/index.php\/wp-json\/wp\/v2\/posts"}],"about":[{"href":"https:\/\/www.radiocastor.com\/index.php\/wp-json\/wp\/v2\/types\/post"}],"author":[{"embeddable":true,"href":"https:\/\/www.radiocastor.com\/index.php\/wp-json\/wp\/v2\/users\/1"}],"replies":[{"embeddable":true,"href":"https:\/\/www.radiocastor.com\/index.php\/wp-json\/wp\/v2\/comments?post=10594"}],"version-history":[{"count":10,"href":"https:\/\/www.radiocastor.com\/index.php\/wp-json\/wp\/v2\/posts\/10594\/revisions"}],"predecessor-version":[{"id":10734,"href":"https:\/\/www.radiocastor.com\/index.php\/wp-json\/wp\/v2\/posts\/10594\/revisions\/10734"}],"wp:featuredmedia":[{"embeddable":true,"href":"https:\/\/www.radiocastor.com\/index.php\/wp-json\/wp\/v2\/media\/1476"}],"wp:attachment":[{"href":"https:\/\/www.radiocastor.com\/index.php\/wp-json\/wp\/v2\/media?parent=10594"}],"wp:term":[{"taxonomy":"category","embeddable":true,"href":"https:\/\/www.radiocastor.com\/index.php\/wp-json\/wp\/v2\/categories?post=10594"},{"taxonomy":"post_tag","embeddable":true,"href":"https:\/\/www.radiocastor.com\/index.php\/wp-json\/wp\/v2\/tags?post=10594"}],"curies":[{"name":"wp","href":"https:\/\/api.w.org\/{rel}","templated":true}]}}