{"id":10512,"date":"2024-12-30T02:49:09","date_gmt":"2024-12-30T01:49:09","guid":{"rendered":"https:\/\/www.radiocastor.com\/?p=10512"},"modified":"2024-12-30T02:49:10","modified_gmt":"2024-12-30T01:49:10","slug":"the-tame-and-the-wild-presente-son-dernier-titre-even-apple-trees-go-through-rough-times","status":"publish","type":"post","link":"https:\/\/www.radiocastor.com\/index.php\/the-tame-and-the-wild-presente-son-dernier-titre-even-apple-trees-go-through-rough-times\/","title":{"rendered":"The Tame and the Wild pr\u00e9sente son dernier titre, \u00ab\u00a0Even Apple Trees Go Through Rough Times\u00a0\u00bb"},"content":{"rendered":"\n<p>Le duo luxembourgeois The Tame and the Wild nous pr\u00e9sente son dernier titre, \u00ab\u00a0Even Apple Trees Go Through Rough Times\u00a0\u00bb, sorti le 27 d\u00e9cembre 2024.<\/p>\n\n\n\n<p>The Tame and the Wild est un groupe de folk indie nostalgique autour du duo d&rsquo;auteurs-compositeurs-interpr\u00e8tes Seja &amp; Fl\u00ebpp.<br>Sa musique est port\u00e9e par des voix qui explorent les \u00e9motions humaines parmi le monde naturel, la mer et les \u00e9toiles, la jeunesse et l&rsquo;\u00e2ge, la r\u00e9silience et l&rsquo;amour, l&rsquo;audace et la r\u00e9signation, l&rsquo;honn\u00eatet\u00e9 et la m\u00e9moire.<br>Les chansons nous poussent \u00e0 toucher ces situations personnelles qui sont ancr\u00e9es dans la nature et souvent si \u00e9troitement li\u00e9es \u00e0 elle.<br>Les Tame and the Wild s&rsquo;inspirent des sons de groupes tels que Daughter, Angus &amp; Julia Stone, Kodaline, Boy ou Feist.<\/p>\n\n\n\n<p>Cette ballade sinc\u00e8re de The Tame and the Wild est une tendre r\u00e9flexion sur l&rsquo;amour, la r\u00e9silience et la lutte pour tenir bon face aux temp\u00eates de la vie.<br>La chanson parle \u00e0 quelqu&rsquo;un perdu dans ses luttes int\u00e9rieures, accabl\u00e9 par l&rsquo;incertitude et l&rsquo;espoir qui s&rsquo;estompe. Les paroles explorent les th\u00e8mes de la vuln\u00e9rabilit\u00e9, de l&rsquo;estime de soi et de la douleur d&rsquo;essayer de r\u00e9pondre \u00e0 des attentes impossibles.<br>Seja &amp; Fl\u00ebpp, bien qu&rsquo;impuissants \u00e0 changer le cours de la vie, offrent un amour inconditionnel et du r\u00e9confort \u00e0 travers une chanson famili\u00e8re partag\u00e9e dans des temps meilleurs.<br>La promesse r\u00e9p\u00e9t\u00e9e, \u00ab\u00a0Je vais te chanter cette chanson\u00a0\u00bb, devient un symbole d&rsquo;espoir et de soutien durable, rappelant aux auditeurs que m\u00eame dans les moments de d\u00e9sespoir, ils ne sont pas seuls.<\/p>\n\n\n\n<p>Avec son imagerie po\u00e9tique et sa profondeur \u00e9motionnelle, cette chanson r\u00e9sonne comme un hymne poignant pour quiconque traverse des p\u00e9riodes difficiles de la vie.<\/p>\n\n\n\n<p>S\u2019\u00e9loignant de leur son indie-folk nostalgique, le groupe int\u00e8gre un arrangement de cordes \u00e0 la chanson, ajoutant une profondeur \u00e9motionnelle \u00e0 la fois intime et cin\u00e9matographique.<br>Ancr\u00e9 dans l\u2019empathie et la compr\u00e9hension, The Tame and the Wild offre un joyau musical intime d\u2019espoir, offrant du r\u00e9confort \u00e0 tous ceux qui traversent les moments difficiles de la vie. L\u2019arrangement pour violoncelle est jou\u00e9 par C\u00e9dric Fischer (Unison Studios), la partie de violon est jou\u00e9e par le c\u00e9l\u00e8bre Jojo Wagner (Sch\u00ebppe Siwen, groupe folk punk du Luxembourg).<\/p>\n\n\n\n<p><em>A \u00e9couter sur <a href=\"https:\/\/www.radiocastor.com\/index.php\/playlist\/\" target=\"_blank\" rel=\"noreferrer noopener\">nos playlists<\/a> !<\/em><\/p>\n\n\n\n<p style=\"text-align: center;\"><iframe loading=\"lazy\" width=\"560\" height=\"315\" src=\"https:\/\/www.youtube.com\/embed\/NpUxOon2Nms?si=nDsL5xqm2MwmZ-R0\" title=\"YouTube video player\" frameborder=\"0\" allow=\"accelerometer; autoplay; clipboard-write; encrypted-media; gyroscope; picture-in-picture; web-share\" referrerpolicy=\"strict-origin-when-cross-origin\" allowfullscreen><\/iframe><\/p>\n\n\n\n<p class=\"has-text-align-center\"><a href=\"https:\/\/www.facebook.com\/thetameandthewild\" target=\"_blank\" rel=\"noreferrer noopener\">Facebook<\/a> &#8211; <a href=\"https:\/\/www.instagram.com\/thetameandthewild\" target=\"_blank\" rel=\"noreferrer noopener\">Instagram<\/a><\/p>\n","protected":false},"excerpt":{"rendered":"<p>Le duo luxembourgeois The Tame and the Wild nous pr\u00e9sente son dernier titre, \u00ab\u00a0Even Apple&#8230;<\/p>\n","protected":false},"author":1,"featured_media":10513,"comment_status":"closed","ping_status":"open","sticky":false,"template":"","format":"standard","meta":{"_uag_custom_page_level_css":"","footnotes":""},"categories":[76,4,32,46],"tags":[],"class_list":["post-10512","post","type-post","status-publish","format-standard","has-post-thumbnail","hentry","category-folk","category-pop","category-single","category-sortie"],"yoast_head":"<!-- This site is optimized with the Yoast SEO plugin v27.5 - https:\/\/yoast.com\/product\/yoast-seo-wordpress\/ -->\n<title>The Tame and the Wild pr\u00e9sente son dernier titre, &quot;Even Apple Trees Go Through Rough Times&quot; - Radio Castor<\/title>\n<meta name=\"robots\" content=\"index, follow, max-snippet:-1, max-image-preview:large, max-video-preview:-1\" \/>\n<link rel=\"canonical\" href=\"https:\/\/www.radiocastor.com\/index.php\/the-tame-and-the-wild-presente-son-dernier-titre-even-apple-trees-go-through-rough-times\/\" \/>\n<meta property=\"og:locale\" content=\"fr_FR\" \/>\n<meta property=\"og:type\" content=\"article\" \/>\n<meta property=\"og:title\" content=\"The Tame and the Wild pr\u00e9sente son dernier titre, &quot;Even Apple Trees Go Through Rough Times&quot; - Radio Castor\" \/>\n<meta property=\"og:description\" content=\"Le duo luxembourgeois The Tame and the Wild nous pr\u00e9sente son dernier titre, \u00ab\u00a0Even Apple...\" \/>\n<meta property=\"og:url\" content=\"https:\/\/www.radiocastor.com\/index.php\/the-tame-and-the-wild-presente-son-dernier-titre-even-apple-trees-go-through-rough-times\/\" \/>\n<meta property=\"og:site_name\" content=\"Radio Castor\" \/>\n<meta property=\"article:publisher\" content=\"https:\/\/www.facebook.com\/theradiocastor\" \/>\n<meta property=\"article:published_time\" content=\"2024-12-30T01:49:09+00:00\" \/>\n<meta property=\"article:modified_time\" content=\"2024-12-30T01:49:10+00:00\" \/>\n<meta property=\"og:image\" content=\"https:\/\/www.radiocastor.com\/wp-content\/uploads\/2024\/12\/Screenshot-2024-12-30-at-02-48-08-Facebook.png\" \/>\n\t<meta property=\"og:image:width\" content=\"478\" \/>\n\t<meta property=\"og:image:height\" content=\"379\" \/>\n\t<meta property=\"og:image:type\" content=\"image\/png\" \/>\n<meta name=\"author\" content=\"R\u00e9daction R C\" \/>\n<meta name=\"twitter:card\" content=\"summary_large_image\" \/>\n<meta name=\"twitter:creator\" content=\"@TheRadioCastor\" \/>\n<meta name=\"twitter:site\" content=\"@TheRadioCastor\" \/>\n<meta name=\"twitter:label1\" content=\"\u00c9crit par\" \/>\n\t<meta name=\"twitter:data1\" content=\"R\u00e9daction R C\" \/>\n\t<meta name=\"twitter:label2\" content=\"Dur\u00e9e de lecture estim\u00e9e\" \/>\n\t<meta name=\"twitter:data2\" content=\"3 minutes\" \/>\n<script type=\"application\/ld+json\" class=\"yoast-schema-graph\">{\"@context\":\"https:\\\/\\\/schema.org\",\"@graph\":[{\"@type\":\"Article\",\"@id\":\"https:\\\/\\\/www.radiocastor.com\\\/index.php\\\/the-tame-and-the-wild-presente-son-dernier-titre-even-apple-trees-go-through-rough-times\\\/#article\",\"isPartOf\":{\"@id\":\"https:\\\/\\\/www.radiocastor.com\\\/index.php\\\/the-tame-and-the-wild-presente-son-dernier-titre-even-apple-trees-go-through-rough-times\\\/\"},\"author\":{\"name\":\"R\u00e9daction R C\",\"@id\":\"https:\\\/\\\/www.radiocastor.com\\\/#\\\/schema\\\/person\\\/558b0e47dc4c11fa52b2220ba6a78779\"},\"headline\":\"The Tame and the Wild pr\u00e9sente son dernier titre, \u00ab\u00a0Even Apple Trees Go Through Rough Times\u00a0\u00bb\",\"datePublished\":\"2024-12-30T01:49:09+00:00\",\"dateModified\":\"2024-12-30T01:49:10+00:00\",\"mainEntityOfPage\":{\"@id\":\"https:\\\/\\\/www.radiocastor.com\\\/index.php\\\/the-tame-and-the-wild-presente-son-dernier-titre-even-apple-trees-go-through-rough-times\\\/\"},\"wordCount\":436,\"publisher\":{\"@id\":\"https:\\\/\\\/www.radiocastor.com\\\/#organization\"},\"image\":{\"@id\":\"https:\\\/\\\/www.radiocastor.com\\\/index.php\\\/the-tame-and-the-wild-presente-son-dernier-titre-even-apple-trees-go-through-rough-times\\\/#primaryimage\"},\"thumbnailUrl\":\"https:\\\/\\\/www.radiocastor.com\\\/wp-content\\\/uploads\\\/2024\\\/12\\\/Screenshot-2024-12-30-at-02-48-08-Facebook.png\",\"articleSection\":[\"Folk\",\"Pop\",\"Single\",\"Sortie\"],\"inLanguage\":\"fr-FR\"},{\"@type\":\"WebPage\",\"@id\":\"https:\\\/\\\/www.radiocastor.com\\\/index.php\\\/the-tame-and-the-wild-presente-son-dernier-titre-even-apple-trees-go-through-rough-times\\\/\",\"url\":\"https:\\\/\\\/www.radiocastor.com\\\/index.php\\\/the-tame-and-the-wild-presente-son-dernier-titre-even-apple-trees-go-through-rough-times\\\/\",\"name\":\"The Tame and the Wild pr\u00e9sente son dernier titre, \\\"Even Apple Trees Go Through Rough Times\\\" - Radio Castor\",\"isPartOf\":{\"@id\":\"https:\\\/\\\/www.radiocastor.com\\\/#website\"},\"primaryImageOfPage\":{\"@id\":\"https:\\\/\\\/www.radiocastor.com\\\/index.php\\\/the-tame-and-the-wild-presente-son-dernier-titre-even-apple-trees-go-through-rough-times\\\/#primaryimage\"},\"image\":{\"@id\":\"https:\\\/\\\/www.radiocastor.com\\\/index.php\\\/the-tame-and-the-wild-presente-son-dernier-titre-even-apple-trees-go-through-rough-times\\\/#primaryimage\"},\"thumbnailUrl\":\"https:\\\/\\\/www.radiocastor.com\\\/wp-content\\\/uploads\\\/2024\\\/12\\\/Screenshot-2024-12-30-at-02-48-08-Facebook.png\",\"datePublished\":\"2024-12-30T01:49:09+00:00\",\"dateModified\":\"2024-12-30T01:49:10+00:00\",\"breadcrumb\":{\"@id\":\"https:\\\/\\\/www.radiocastor.com\\\/index.php\\\/the-tame-and-the-wild-presente-son-dernier-titre-even-apple-trees-go-through-rough-times\\\/#breadcrumb\"},\"inLanguage\":\"fr-FR\",\"potentialAction\":[{\"@type\":\"ReadAction\",\"target\":[\"https:\\\/\\\/www.radiocastor.com\\\/index.php\\\/the-tame-and-the-wild-presente-son-dernier-titre-even-apple-trees-go-through-rough-times\\\/\"]}]},{\"@type\":\"ImageObject\",\"inLanguage\":\"fr-FR\",\"@id\":\"https:\\\/\\\/www.radiocastor.com\\\/index.php\\\/the-tame-and-the-wild-presente-son-dernier-titre-even-apple-trees-go-through-rough-times\\\/#primaryimage\",\"url\":\"https:\\\/\\\/www.radiocastor.com\\\/wp-content\\\/uploads\\\/2024\\\/12\\\/Screenshot-2024-12-30-at-02-48-08-Facebook.png\",\"contentUrl\":\"https:\\\/\\\/www.radiocastor.com\\\/wp-content\\\/uploads\\\/2024\\\/12\\\/Screenshot-2024-12-30-at-02-48-08-Facebook.png\",\"width\":478,\"height\":379,\"caption\":\"The Tame and the Wild\"},{\"@type\":\"BreadcrumbList\",\"@id\":\"https:\\\/\\\/www.radiocastor.com\\\/index.php\\\/the-tame-and-the-wild-presente-son-dernier-titre-even-apple-trees-go-through-rough-times\\\/#breadcrumb\",\"itemListElement\":[{\"@type\":\"ListItem\",\"position\":1,\"name\":\"Accueil\",\"item\":\"https:\\\/\\\/www.radiocastor.com\\\/\"},{\"@type\":\"ListItem\",\"position\":2,\"name\":\"The Tame and the Wild pr\u00e9sente son dernier titre, \u00ab\u00a0Even Apple Trees Go Through Rough Times\u00a0\u00bb\"}]},{\"@type\":\"WebSite\",\"@id\":\"https:\\\/\\\/www.radiocastor.com\\\/#website\",\"url\":\"https:\\\/\\\/www.radiocastor.com\\\/\",\"name\":\"Radio Castor\",\"description\":\"La voix !\",\"publisher\":{\"@id\":\"https:\\\/\\\/www.radiocastor.com\\\/#organization\"},\"potentialAction\":[{\"@type\":\"SearchAction\",\"target\":{\"@type\":\"EntryPoint\",\"urlTemplate\":\"https:\\\/\\\/www.radiocastor.com\\\/?s={search_term_string}\"},\"query-input\":{\"@type\":\"PropertyValueSpecification\",\"valueRequired\":true,\"valueName\":\"search_term_string\"}}],\"inLanguage\":\"fr-FR\"},{\"@type\":\"Organization\",\"@id\":\"https:\\\/\\\/www.radiocastor.com\\\/#organization\",\"name\":\"Radio Castor\",\"url\":\"https:\\\/\\\/www.radiocastor.com\\\/\",\"logo\":{\"@type\":\"ImageObject\",\"inLanguage\":\"fr-FR\",\"@id\":\"https:\\\/\\\/www.radiocastor.com\\\/#\\\/schema\\\/logo\\\/image\\\/\",\"url\":\"https:\\\/\\\/www.radiocastor.com\\\/wp-content\\\/uploads\\\/2021\\\/11\\\/cropped-Radio-castor-logo-2.png\",\"contentUrl\":\"https:\\\/\\\/www.radiocastor.com\\\/wp-content\\\/uploads\\\/2021\\\/11\\\/cropped-Radio-castor-logo-2.png\",\"width\":437,\"height\":219,\"caption\":\"Radio Castor\"},\"image\":{\"@id\":\"https:\\\/\\\/www.radiocastor.com\\\/#\\\/schema\\\/logo\\\/image\\\/\"},\"sameAs\":[\"https:\\\/\\\/www.facebook.com\\\/theradiocastor\",\"https:\\\/\\\/x.com\\\/TheRadioCastor\",\"https:\\\/\\\/www.instagram.com\\\/theradiocastor\",\"https:\\\/\\\/www.youtube.com\\\/c\\\/RadioCastor\"]},{\"@type\":\"Person\",\"@id\":\"https:\\\/\\\/www.radiocastor.com\\\/#\\\/schema\\\/person\\\/558b0e47dc4c11fa52b2220ba6a78779\",\"name\":\"R\u00e9daction R C\",\"image\":{\"@type\":\"ImageObject\",\"inLanguage\":\"fr-FR\",\"@id\":\"https:\\\/\\\/secure.gravatar.com\\\/avatar\\\/1d3e4f4c4a0d129f7ed4838ea20c33760c2484b9bc381993df6c0e3f5bf89c23?s=96&d=mm&r=g\",\"url\":\"https:\\\/\\\/secure.gravatar.com\\\/avatar\\\/1d3e4f4c4a0d129f7ed4838ea20c33760c2484b9bc381993df6c0e3f5bf89c23?s=96&d=mm&r=g\",\"contentUrl\":\"https:\\\/\\\/secure.gravatar.com\\\/avatar\\\/1d3e4f4c4a0d129f7ed4838ea20c33760c2484b9bc381993df6c0e3f5bf89c23?s=96&d=mm&r=g\",\"caption\":\"R\u00e9daction R C\"},\"sameAs\":[\"http:\\\/\\\/www.radiocastor.com\"],\"url\":\"https:\\\/\\\/www.radiocastor.com\\\/index.php\\\/author\\\/radio-castor\\\/\"}]}<\/script>\n<!-- \/ Yoast SEO plugin. -->","yoast_head_json":{"title":"The Tame and the Wild pr\u00e9sente son dernier titre, \"Even Apple Trees Go Through Rough Times\" - Radio Castor","robots":{"index":"index","follow":"follow","max-snippet":"max-snippet:-1","max-image-preview":"max-image-preview:large","max-video-preview":"max-video-preview:-1"},"canonical":"https:\/\/www.radiocastor.com\/index.php\/the-tame-and-the-wild-presente-son-dernier-titre-even-apple-trees-go-through-rough-times\/","og_locale":"fr_FR","og_type":"article","og_title":"The Tame and the Wild pr\u00e9sente son dernier titre, \"Even Apple Trees Go Through Rough Times\" - Radio Castor","og_description":"Le duo luxembourgeois The Tame and the Wild nous pr\u00e9sente son dernier titre, \u00ab\u00a0Even Apple...","og_url":"https:\/\/www.radiocastor.com\/index.php\/the-tame-and-the-wild-presente-son-dernier-titre-even-apple-trees-go-through-rough-times\/","og_site_name":"Radio Castor","article_publisher":"https:\/\/www.facebook.com\/theradiocastor","article_published_time":"2024-12-30T01:49:09+00:00","article_modified_time":"2024-12-30T01:49:10+00:00","og_image":[{"width":478,"height":379,"url":"https:\/\/www.radiocastor.com\/wp-content\/uploads\/2024\/12\/Screenshot-2024-12-30-at-02-48-08-Facebook.png","type":"image\/png"}],"author":"R\u00e9daction R C","twitter_card":"summary_large_image","twitter_creator":"@TheRadioCastor","twitter_site":"@TheRadioCastor","twitter_misc":{"\u00c9crit par":"R\u00e9daction R C","Dur\u00e9e de lecture estim\u00e9e":"3 minutes"},"schema":{"@context":"https:\/\/schema.org","@graph":[{"@type":"Article","@id":"https:\/\/www.radiocastor.com\/index.php\/the-tame-and-the-wild-presente-son-dernier-titre-even-apple-trees-go-through-rough-times\/#article","isPartOf":{"@id":"https:\/\/www.radiocastor.com\/index.php\/the-tame-and-the-wild-presente-son-dernier-titre-even-apple-trees-go-through-rough-times\/"},"author":{"name":"R\u00e9daction R C","@id":"https:\/\/www.radiocastor.com\/#\/schema\/person\/558b0e47dc4c11fa52b2220ba6a78779"},"headline":"The Tame and the Wild pr\u00e9sente son dernier titre, \u00ab\u00a0Even Apple Trees Go Through Rough Times\u00a0\u00bb","datePublished":"2024-12-30T01:49:09+00:00","dateModified":"2024-12-30T01:49:10+00:00","mainEntityOfPage":{"@id":"https:\/\/www.radiocastor.com\/index.php\/the-tame-and-the-wild-presente-son-dernier-titre-even-apple-trees-go-through-rough-times\/"},"wordCount":436,"publisher":{"@id":"https:\/\/www.radiocastor.com\/#organization"},"image":{"@id":"https:\/\/www.radiocastor.com\/index.php\/the-tame-and-the-wild-presente-son-dernier-titre-even-apple-trees-go-through-rough-times\/#primaryimage"},"thumbnailUrl":"https:\/\/www.radiocastor.com\/wp-content\/uploads\/2024\/12\/Screenshot-2024-12-30-at-02-48-08-Facebook.png","articleSection":["Folk","Pop","Single","Sortie"],"inLanguage":"fr-FR"},{"@type":"WebPage","@id":"https:\/\/www.radiocastor.com\/index.php\/the-tame-and-the-wild-presente-son-dernier-titre-even-apple-trees-go-through-rough-times\/","url":"https:\/\/www.radiocastor.com\/index.php\/the-tame-and-the-wild-presente-son-dernier-titre-even-apple-trees-go-through-rough-times\/","name":"The Tame and the Wild pr\u00e9sente son dernier titre, \"Even Apple Trees Go Through Rough Times\" - Radio Castor","isPartOf":{"@id":"https:\/\/www.radiocastor.com\/#website"},"primaryImageOfPage":{"@id":"https:\/\/www.radiocastor.com\/index.php\/the-tame-and-the-wild-presente-son-dernier-titre-even-apple-trees-go-through-rough-times\/#primaryimage"},"image":{"@id":"https:\/\/www.radiocastor.com\/index.php\/the-tame-and-the-wild-presente-son-dernier-titre-even-apple-trees-go-through-rough-times\/#primaryimage"},"thumbnailUrl":"https:\/\/www.radiocastor.com\/wp-content\/uploads\/2024\/12\/Screenshot-2024-12-30-at-02-48-08-Facebook.png","datePublished":"2024-12-30T01:49:09+00:00","dateModified":"2024-12-30T01:49:10+00:00","breadcrumb":{"@id":"https:\/\/www.radiocastor.com\/index.php\/the-tame-and-the-wild-presente-son-dernier-titre-even-apple-trees-go-through-rough-times\/#breadcrumb"},"inLanguage":"fr-FR","potentialAction":[{"@type":"ReadAction","target":["https:\/\/www.radiocastor.com\/index.php\/the-tame-and-the-wild-presente-son-dernier-titre-even-apple-trees-go-through-rough-times\/"]}]},{"@type":"ImageObject","inLanguage":"fr-FR","@id":"https:\/\/www.radiocastor.com\/index.php\/the-tame-and-the-wild-presente-son-dernier-titre-even-apple-trees-go-through-rough-times\/#primaryimage","url":"https:\/\/www.radiocastor.com\/wp-content\/uploads\/2024\/12\/Screenshot-2024-12-30-at-02-48-08-Facebook.png","contentUrl":"https:\/\/www.radiocastor.com\/wp-content\/uploads\/2024\/12\/Screenshot-2024-12-30-at-02-48-08-Facebook.png","width":478,"height":379,"caption":"The Tame and the Wild"},{"@type":"BreadcrumbList","@id":"https:\/\/www.radiocastor.com\/index.php\/the-tame-and-the-wild-presente-son-dernier-titre-even-apple-trees-go-through-rough-times\/#breadcrumb","itemListElement":[{"@type":"ListItem","position":1,"name":"Accueil","item":"https:\/\/www.radiocastor.com\/"},{"@type":"ListItem","position":2,"name":"The Tame and the Wild pr\u00e9sente son dernier titre, \u00ab\u00a0Even Apple Trees Go Through Rough Times\u00a0\u00bb"}]},{"@type":"WebSite","@id":"https:\/\/www.radiocastor.com\/#website","url":"https:\/\/www.radiocastor.com\/","name":"Radio Castor","description":"La voix !","publisher":{"@id":"https:\/\/www.radiocastor.com\/#organization"},"potentialAction":[{"@type":"SearchAction","target":{"@type":"EntryPoint","urlTemplate":"https:\/\/www.radiocastor.com\/?s={search_term_string}"},"query-input":{"@type":"PropertyValueSpecification","valueRequired":true,"valueName":"search_term_string"}}],"inLanguage":"fr-FR"},{"@type":"Organization","@id":"https:\/\/www.radiocastor.com\/#organization","name":"Radio Castor","url":"https:\/\/www.radiocastor.com\/","logo":{"@type":"ImageObject","inLanguage":"fr-FR","@id":"https:\/\/www.radiocastor.com\/#\/schema\/logo\/image\/","url":"https:\/\/www.radiocastor.com\/wp-content\/uploads\/2021\/11\/cropped-Radio-castor-logo-2.png","contentUrl":"https:\/\/www.radiocastor.com\/wp-content\/uploads\/2021\/11\/cropped-Radio-castor-logo-2.png","width":437,"height":219,"caption":"Radio Castor"},"image":{"@id":"https:\/\/www.radiocastor.com\/#\/schema\/logo\/image\/"},"sameAs":["https:\/\/www.facebook.com\/theradiocastor","https:\/\/x.com\/TheRadioCastor","https:\/\/www.instagram.com\/theradiocastor","https:\/\/www.youtube.com\/c\/RadioCastor"]},{"@type":"Person","@id":"https:\/\/www.radiocastor.com\/#\/schema\/person\/558b0e47dc4c11fa52b2220ba6a78779","name":"R\u00e9daction R C","image":{"@type":"ImageObject","inLanguage":"fr-FR","@id":"https:\/\/secure.gravatar.com\/avatar\/1d3e4f4c4a0d129f7ed4838ea20c33760c2484b9bc381993df6c0e3f5bf89c23?s=96&d=mm&r=g","url":"https:\/\/secure.gravatar.com\/avatar\/1d3e4f4c4a0d129f7ed4838ea20c33760c2484b9bc381993df6c0e3f5bf89c23?s=96&d=mm&r=g","contentUrl":"https:\/\/secure.gravatar.com\/avatar\/1d3e4f4c4a0d129f7ed4838ea20c33760c2484b9bc381993df6c0e3f5bf89c23?s=96&d=mm&r=g","caption":"R\u00e9daction R C"},"sameAs":["http:\/\/www.radiocastor.com"],"url":"https:\/\/www.radiocastor.com\/index.php\/author\/radio-castor\/"}]}},"uagb_featured_image_src":{"full":["https:\/\/www.radiocastor.com\/wp-content\/uploads\/2024\/12\/Screenshot-2024-12-30-at-02-48-08-Facebook.png",478,379,false],"thumbnail":["https:\/\/www.radiocastor.com\/wp-content\/uploads\/2024\/12\/Screenshot-2024-12-30-at-02-48-08-Facebook-150x150.png",150,150,true],"medium":["https:\/\/www.radiocastor.com\/wp-content\/uploads\/2024\/12\/Screenshot-2024-12-30-at-02-48-08-Facebook-300x238.png",300,238,true],"medium_large":["https:\/\/www.radiocastor.com\/wp-content\/uploads\/2024\/12\/Screenshot-2024-12-30-at-02-48-08-Facebook.png",478,379,false],"large":["https:\/\/www.radiocastor.com\/wp-content\/uploads\/2024\/12\/Screenshot-2024-12-30-at-02-48-08-Facebook.png",478,379,false],"1536x1536":["https:\/\/www.radiocastor.com\/wp-content\/uploads\/2024\/12\/Screenshot-2024-12-30-at-02-48-08-Facebook.png",478,379,false],"2048x2048":["https:\/\/www.radiocastor.com\/wp-content\/uploads\/2024\/12\/Screenshot-2024-12-30-at-02-48-08-Facebook.png",478,379,false],"newsever-slider-full":["https:\/\/www.radiocastor.com\/wp-content\/uploads\/2024\/12\/Screenshot-2024-12-30-at-02-48-08-Facebook.png",478,379,false],"newsever-featured":["https:\/\/www.radiocastor.com\/wp-content\/uploads\/2024\/12\/Screenshot-2024-12-30-at-02-48-08-Facebook.png",478,379,false],"newsever-medium":["https:\/\/www.radiocastor.com\/wp-content\/uploads\/2024\/12\/Screenshot-2024-12-30-at-02-48-08-Facebook.png",478,379,false]},"uagb_author_info":{"display_name":"R\u00e9daction R C","author_link":"https:\/\/www.radiocastor.com\/index.php\/author\/radio-castor\/"},"uagb_comment_info":0,"uagb_excerpt":"Le duo luxembourgeois The Tame and the Wild nous pr\u00e9sente son dernier titre, \u00ab\u00a0Even Apple...","_links":{"self":[{"href":"https:\/\/www.radiocastor.com\/index.php\/wp-json\/wp\/v2\/posts\/10512","targetHints":{"allow":["GET"]}}],"collection":[{"href":"https:\/\/www.radiocastor.com\/index.php\/wp-json\/wp\/v2\/posts"}],"about":[{"href":"https:\/\/www.radiocastor.com\/index.php\/wp-json\/wp\/v2\/types\/post"}],"author":[{"embeddable":true,"href":"https:\/\/www.radiocastor.com\/index.php\/wp-json\/wp\/v2\/users\/1"}],"replies":[{"embeddable":true,"href":"https:\/\/www.radiocastor.com\/index.php\/wp-json\/wp\/v2\/comments?post=10512"}],"version-history":[{"count":1,"href":"https:\/\/www.radiocastor.com\/index.php\/wp-json\/wp\/v2\/posts\/10512\/revisions"}],"predecessor-version":[{"id":10514,"href":"https:\/\/www.radiocastor.com\/index.php\/wp-json\/wp\/v2\/posts\/10512\/revisions\/10514"}],"wp:featuredmedia":[{"embeddable":true,"href":"https:\/\/www.radiocastor.com\/index.php\/wp-json\/wp\/v2\/media\/10513"}],"wp:attachment":[{"href":"https:\/\/www.radiocastor.com\/index.php\/wp-json\/wp\/v2\/media?parent=10512"}],"wp:term":[{"taxonomy":"category","embeddable":true,"href":"https:\/\/www.radiocastor.com\/index.php\/wp-json\/wp\/v2\/categories?post=10512"},{"taxonomy":"post_tag","embeddable":true,"href":"https:\/\/www.radiocastor.com\/index.php\/wp-json\/wp\/v2\/tags?post=10512"}],"curies":[{"name":"wp","href":"https:\/\/api.w.org\/{rel}","templated":true}]}}