{"id":10429,"date":"2024-12-04T16:55:30","date_gmt":"2024-12-04T15:55:30","guid":{"rendered":"https:\/\/www.radiocastor.com\/?p=10429"},"modified":"2025-01-28T16:15:17","modified_gmt":"2025-01-28T15:15:17","slug":"chronique-de-la-chanson-francaise-episode-32-derniere-ligne-droite-jusqua-la-fin-de-lannee","status":"publish","type":"post","link":"https:\/\/www.radiocastor.com\/index.php\/chronique-de-la-chanson-francaise-episode-32-derniere-ligne-droite-jusqua-la-fin-de-lannee\/","title":{"rendered":"Chronique de la chanson fran\u00e7aise, \u00e9pisode 32, derni\u00e8re ligne droite jusqu&rsquo;\u00e0 la fin de l&rsquo;ann\u00e9e"},"content":{"rendered":"\n<p>L\u2019\u00e9pisode 32 marque la fin de l&rsquo;ann\u00e9e, et nous avons tenu \u00e0 vous offrir un panel aussi vari\u00e9 que possible, repr\u00e9sentatif des diff\u00e9rents genres que nous recevons chaque mois.<br>Une fois le m\u00e9nage fait des sempiternelles chansons de No\u00ebl aussi niaises les unes que les autres (pourtant, on vous a averti que \u00e7a ne nous branchait pas&#8230;), il reste un \u00e9chantillons extr\u00eamement riche de morceaux provenant d&rsquo;artistes de tout \u00e2ge et de tout horizon.<br>Vous allez forc\u00e9ment trouver votre coup de c\u0153ur dans cette s\u00e9lection, qui nous vous le souhaitons, vous permettra de terminer l&rsquo;ann\u00e9e en beaut\u00e9.<\/p>\n\n\n\n<p><em>A \u00e9couter sur <a href=\"https:\/\/www.radiocastor.com\/index.php\/playlist\/\" target=\"_blank\" rel=\"noreferrer noopener\">nos playlists<\/a> !<\/em><\/p>\n\n\n\n<h2 class=\"wp-block-heading has-luminous-vivid-orange-color has-text-color has-link-color wp-elements-be25f3f386aa88d9294d81a3cdcc6fdd\">Aud Rey : \u201cUniforme\u201d<\/h2>\n\n\n\n<p>Aud Rey est une artiste compl\u00e8te.<br>Elle \u00e9crit tous ses textes, co-compose ses chansons et cr\u00e9e les concepts de ses clips.<br>Son nouvel album, \u00ab Uniforme \u00bb compte 12 titres in\u00e9dits autobiographiques, toujours dans les couleurs pop et Aud Rey reste l\u2019auteure de tous les textes.<br>Son morceau principal, \u00ab\u00a0Uniforme\u00a0\u00bb, est une critique poignante de la conformit\u00e9 sociale.<br>La chanteuse d\u00e9nonce les faux-semblants et l&rsquo;hypocrisie, \u00e9voquant la pression de se conformer aux normes.<br>Elle utilise la m\u00e9taphore de l&rsquo;uniforme pour illustrer comment on s&rsquo;adapte superficiellement, au d\u00e9triment de son authenticit\u00e9 et de sa libert\u00e9.<\/p>\n\n\n\n<p style=\"text-align: center;\"><iframe loading=\"lazy\" width=\"560\" height=\"315\" src=\"https:\/\/www.youtube.com\/embed\/0Q-BMGw2GwA?si=M6LHIo_5tm-Zq1F0\" title=\"YouTube video player\" frameborder=\"0\" allow=\"accelerometer; autoplay; clipboard-write; encrypted-media; gyroscope; picture-in-picture; web-share\" referrerpolicy=\"strict-origin-when-cross-origin\" allowfullscreen><\/iframe><\/p>\n\n\n\n<p class=\"has-text-align-center\"><a href=\"https:\/\/www.facebook.com\/audreymusique\/\" target=\"_blank\" rel=\"noreferrer noopener\">Facebook<\/a> \u2013 <a href=\"https:\/\/www.instagram.com\/aud_reymusique\/\" target=\"_blank\" rel=\"noreferrer noopener\">Instagram<\/a> \u2013 <a href=\"https:\/\/twitter.com\/aud_reyofficial\" target=\"_blank\" rel=\"noreferrer noopener\">Twitter<\/a><\/p>\n\n\n\n<h2 class=\"wp-block-heading has-luminous-vivid-orange-color has-text-color has-link-color wp-elements-0694372db54ce6e295fd4adbf080fbc3\">Landry \u00a0\u00bb Monsieur Tour Eiffel \u00a0\u00bb : \u201cLa symphonie de nos vies\u201d<\/h2>\n\n\n\n<p>Landry, alias \u00ab\u00a0Monsieur Tour Eiffel\u00a0\u00bb, s&rsquo;est install\u00e9 \u00e0 Paris il y a 2 ans, apportant avec lui sa passion, sa petite guitare et son talent.<br>Depuis son arriv\u00e9e dans la capitale, ses lives TikTok quotidien \u00e0 17h, offrant une vue spectaculaire sur la Tour Eiffel, ont captiv\u00e9 un public grandissant, faisant de lui un nouveau talent de la sc\u00e8ne pop parisienne.<br>Son nouveau single, qu&rsquo;il qualifie d\u2019hymne \u00e0 la vie, \u00ab\u00a0La symphonie de nos vies \u00ab\u00a0, est une chanson qui parle d\u2019espoir et de la beaut\u00e9 de la vie.<\/p>\n\n\n\n<p style=\"text-align: center;\"><iframe loading=\"lazy\" width=\"560\" height=\"315\" src=\"https:\/\/www.youtube.com\/embed\/ccVYwiWjuP0?si=5FAs1lFstwH8rOes\" title=\"YouTube video player\" frameborder=\"0\" allow=\"accelerometer; autoplay; clipboard-write; encrypted-media; gyroscope; picture-in-picture; web-share\" referrerpolicy=\"strict-origin-when-cross-origin\" allowfullscreen><\/iframe><\/p>\n\n\n\n<p class=\"has-text-align-center\"><a href=\"https:\/\/www.facebook.com\/Landry.musique\" target=\"_blank\" rel=\"noreferrer noopener\">Facebook<\/a> &#8211; <a href=\"https:\/\/www.instagram.com\/landrymusique\" target=\"_blank\" rel=\"noreferrer noopener\">Instagram<\/a><\/p>\n\n\n\n<h2 class=\"wp-block-heading has-luminous-vivid-orange-color has-text-color has-link-color wp-elements-829a6e7e4cd1eb781675011d808b78f0\">Juliette Palmina : \u201cJe grandis\u201d<\/h2>\n\n\n\n<p>Juliette Palmina (Palmina, c&rsquo;est son deuxi\u00e8me pr\u00e9nom) est originaire du nord de la France.<br>A seulement 13 ans, elle a d\u00e9j\u00e0 un incroyable parcours, avec des sc\u00e8nes et des collaborations prestigieuses.<br>Elle sort son premier album, \u00ab\u00a0Fragile\u00a0\u00bb, 12 titres don 4 \u00e9crit par elle m\u00eame, et se d\u00e9crit comme une jeune fille hypersensible et timide mais elle ajoute : \u00ab\u00a0sur sc\u00e8ne je sais que j&rsquo;ai ma place et mes parents le remarquent&#8230;\u00a0\u00bb, oui, ben y a pas que ses parents !<br>\u00c9l\u00e8ve en classe de 3\u00e8me, hypersensible autant qu&rsquo;hyper dou\u00e9e, on sent une motivation qui devrait la mener loin&#8230;<\/p>\n\n\n\n<p style=\"text-align: center;\"><iframe loading=\"lazy\" width=\"560\" height=\"315\" src=\"https:\/\/www.youtube.com\/embed\/7r4-WyZumnU?si=C0S7x356vwPYj2CV\" title=\"YouTube video player\" frameborder=\"0\" allow=\"accelerometer; autoplay; clipboard-write; encrypted-media; gyroscope; picture-in-picture; web-share\" referrerpolicy=\"strict-origin-when-cross-origin\" allowfullscreen><\/iframe><\/p>\n\n\n\n<p class=\"has-text-align-center\"><a href=\"https:\/\/www.facebook.com\/JuliettePalmina\" target=\"_blank\" rel=\"noreferrer noopener\">Facebook<\/a> &#8211; <a href=\"https:\/\/www.instagram.com\/juliette_palmina\" target=\"_blank\" rel=\"noreferrer noopener\">Instagram<\/a><\/p>\n\n\n\n<h2 class=\"wp-block-heading has-luminous-vivid-orange-color has-text-color has-link-color wp-elements-64fad6f0998aeab88c78c74b6c5b7986\">Magali Michaut : \u201cCergy\u201d<\/h2>\n\n\n\n<p>Chercheuse \u00e0 plus d\u2019un titre, Magali Michaut met en \u0153uvre son g\u00e8ne cr\u00e9atif \u00e0 la fois dans la musique et dans la science.<br>Une formation de violoniste au Conservatoire de Cergy-Pontoise, des ann\u00e9es d\u2019orchestres symphoniques, une th\u00e8se en bio-informatique et des exp\u00e9riences de vie \u00e0 Copenhague, Amsterdam, Toronto et Cambridge forment une combinaison d\u00e9tonante !<br>Dans ses \u00e9prouvettes d\u2019autrice-compositrice-interpr\u00e8te, elle m\u00e9lange les influences de la musique classique, des chansons fran\u00e7aises et des ballades folks pour peindre, en quelques touches, des sc\u00e8nes de vie et des voyages, qu\u2019ils soient int\u00e9rieurs ou bien r\u00e9els.<br>Originaire de Cergy, dans le Val d\u2019Oise, Magali a roul\u00e9 sa bosse autour du monde et partag\u00e9 ses chansons en concerts dans 12 pays !<br>\u00ab\u00a0Cergy\u00a0\u00bb, un air folk chaleureux et rassembleur comme une soir\u00e9e feu de camp dans les bois avec guitares et marshmallows, qui rend hommage \u00e0 la ville dans laquelle elle a grandi.<br>Alliant la nature et l&rsquo;architecture moderne, la chanson fran\u00e7aise et la danse urbaine, le clip de Cergy met en avant l&rsquo;int\u00e9gration \u00e0 l&rsquo;\u0153uvre dans cette ville nouvelle et nous laisse avec un sentiment de bonheur simple.<\/p>\n\n\n\n<p style=\"text-align: center;\"><iframe loading=\"lazy\" width=\"560\" height=\"315\" src=\"https:\/\/www.youtube.com\/embed\/oqlEEbHYxF0?si=y5Egoojh8J7iRdEB\" title=\"YouTube video player\" frameborder=\"0\" allow=\"accelerometer; autoplay; clipboard-write; encrypted-media; gyroscope; picture-in-picture; web-share\" referrerpolicy=\"strict-origin-when-cross-origin\" allowfullscreen><\/iframe><\/p>\n\n\n\n<p class=\"has-text-align-center\"><a href=\"https:\/\/www.facebook.com\/MagaliMichautMusic\" target=\"_blank\" rel=\"noreferrer noopener\">Facebook<\/a><\/p>\n\n\n\n<h2 class=\"wp-block-heading has-luminous-vivid-orange-color has-text-color has-link-color wp-elements-6fd9cf324145cd9f773eb6640f0df77f\">RIP Chef : \u201cKeskegem\u201d<\/h2>\n\n\n\n<p>Le duo RIP chef ! (Prononcer &lsquo;Ai rip\u00e9 chef !) compos\u00e9 de Florian Martin et de Valentin Vuaillat est originaire de l&rsquo;Est de la France.<br>Naissant de la fusion d&rsquo;un accord\u00e9on et d&rsquo;une guitare solidement arrim\u00e9s de percussion au pied, ils offrent des chansons festives \u00e0 textes rip\u00e9 , avec bonne humeur et l\u00e2cher prise.<br>\u00ab\u00a0Keskegem\u00a0\u00bb est extrait de leur EP 3 titres \u00ab\u00a0Chacun ma gueule\u00a0\u00bb.<br>Un d\u00e9bridage musical, une \u00e9pop\u00e9e farouche et m\u00e9lodieuse, une guinguette aux airs de Rock&#8230;<\/p>\n\n\n\n<p style=\"text-align: center;\"><iframe loading=\"lazy\" width=\"560\" height=\"315\" src=\"https:\/\/www.youtube.com\/embed\/6HmcUBugWVc?si=47-dWISozdeqnVFH\" title=\"YouTube video player\" frameborder=\"0\" allow=\"accelerometer; autoplay; clipboard-write; encrypted-media; gyroscope; picture-in-picture; web-share\" referrerpolicy=\"strict-origin-when-cross-origin\" allowfullscreen><\/iframe><\/p>\n\n\n\n<p class=\"has-text-align-center\"><a href=\"https:\/\/www.facebook.com\/profile.php?id=100086975840027\" target=\"_blank\" rel=\"noreferrer noopener\">Facebook<\/a><\/p>\n\n\n\n<h2 class=\"wp-block-heading has-luminous-vivid-orange-color has-text-color has-link-color wp-elements-3114251eae73c9b0b3ab336ec9a661bd\">On verra demain : \u201cOn verra demain\u201d<\/h2>\n\n\n\n<p>Trio de Poprock francophone, On Verra Demain est n\u00e9 en 2023 de la rencontre de 3 musiciens du Val d\u2019Oise, r\u00e9unis par la passion de la musique.<br>Babeth au chant &amp; piano, Rodolphe au chant &amp; \u00e0 la guitare et Nicolas (Babar) \u00e0 la batterie, cr\u00e9ent des compositions originales et contrast\u00e9es parlant d&rsquo;amour et de moments du quotidien dans lesquels tout un chacun peut se reconnaitre.<br>Ils offrent une exp\u00e9rience musicale unique \u00e0 d\u00e9couvrir au travers d&rsquo;une riche palette de rythmes et o\u00f9 la po\u00e9sie reprend ses lettres de noblesses.<br>Port\u00e9 par des paroles \u00e9mouvantes et po\u00e9tiques, leur titre \u00e9ponyme \u201cOn Verra Demain\u201d est une composition originale, aux ambiances et rythmes musicaux contrast\u00e9s.<br>La chanson explore les vicissitudes de la vie que peuvent rencontrer les po\u00e8tes, les r\u00eaveurs, les boh\u00e8mes.<\/p>\n\n\n\n<p style=\"text-align: center;\"><iframe loading=\"lazy\" width=\"560\" height=\"315\" src=\"https:\/\/www.youtube.com\/embed\/wc6VXOwp-28?si=0CG6x-v9u5CFkgmb\" title=\"YouTube video player\" frameborder=\"0\" allow=\"accelerometer; autoplay; clipboard-write; encrypted-media; gyroscope; picture-in-picture; web-share\" referrerpolicy=\"strict-origin-when-cross-origin\" allowfullscreen><\/iframe><\/p>\n\n\n\n<p class=\"has-text-align-center\"><a href=\"https:\/\/www.instagram.com\/groupe_on_verra_demain\" target=\"_blank\" rel=\"noreferrer noopener\">Instagram<\/a><\/p>\n\n\n\n<h2 class=\"wp-block-heading has-luminous-vivid-orange-color has-text-color has-link-color wp-elements-f45f47cacbc30502ed554c6ab24eae51\">Lilo\u00eb : \u201cCombra\u201d<\/h2>\n\n\n\n<p>Lilo\u00eb, c\u2019est de la chanson \u00e0 bulles.<br>Elle pop par son chant, expulse sans pudeur et redessine un cocon de douceur avec l\u2019archet de son violon.<br>\u00c9lev\u00e9e dans le geste plut\u00f4t que par les mots, elle \u00e9vacue ses \u00e9motions arythmiques sur des s\u00e9quences de basse et de batterie.<br>Elle met l\u2019accent sur la diff\u00e9rence, la porte en \u00e9tendard.<br>Elle pousse sa catharsis par onomatop\u00e9es, en boucle, en boucle, en boucle.<br>Lilo\u00eb est allergique aux \u0153ufs, \u00e0 part quand ils sont \u00e9crits avec deux points dessus.<br>\u00ab\u00a0Combra\u00a0\u00bb est une invitation \u00e0 se questionner sur son regard, un appel \u00e0 la lib\u00e9ration de son corps et de son mental.<\/p>\n\n\n\n<p style=\"text-align: center;\"><iframe loading=\"lazy\" width=\"560\" height=\"315\" src=\"https:\/\/www.youtube.com\/embed\/VtAn9r3e3Us?si=a55C7IwK1R9FxxDJ\" title=\"YouTube video player\" frameborder=\"0\" allow=\"accelerometer; autoplay; clipboard-write; encrypted-media; gyroscope; picture-in-picture; web-share\" referrerpolicy=\"strict-origin-when-cross-origin\" allowfullscreen><\/iframe><\/p>\n\n\n\n<p class=\"has-text-align-center\"><a href=\"https:\/\/www.facebook.com\/liloe.musique\" target=\"_blank\" rel=\"noreferrer noopener\">Facebook<\/a> &#8211; <a href=\"https:\/\/www.instagram.com\/liloe.musique\" target=\"_blank\" rel=\"noreferrer noopener\">Instagram<\/a><\/p>\n\n\n\n<h2 class=\"wp-block-heading has-luminous-vivid-orange-color has-text-color has-link-color wp-elements-a75db02ce2f40415891ffbd900318de5\">Jane Angora : \u201cDe la Madeleine aux Capucines\u201d SH<\/h2>\n\n\n\n<p>A l&rsquo;automne 2020, un jeune pianiste compositeur retrouve une amie d&rsquo;enfance chanteuse.<br>Ensemble, ils d\u00e9couvrent les textes d&rsquo;un parolier d&rsquo;une autre g\u00e9n\u00e9ration, qui racontent des histoires d&rsquo;hommes, de femmes, de destins.<br>Tous trois d\u00e9cident de donner vie \u00e0 ces paroles, en s&rsquo;appuyant sur leur culture musicale Pop-rock.<br>Ils s&rsquo;entourent par la suite de trois musiciens : un bassiste, un batteur et un guitariste.<br>C&rsquo;est la naissance de Jane Angora.<br>\u00ab De la Madeleine aux Capucines \u00bb, vous plonge dans l\u2019univers intime d\u2019une jeune prostitu\u00e9e \u00e0 Paris.<br>Le morceau m\u00e9lodieux et entra\u00eenant d\u00e9peint le quotidien d\u2019une femme en marge de la soci\u00e9t\u00e9, tout en exprimant ses pens\u00e9es, ses r\u00eaves et ses d\u00e9sirs cach\u00e9s.<br>\u00c0 travers cette \u00e9vocation, et sur une musique puisant dans la vieille pop anglaise, Jane Angora offre une vision \u00e9l\u00e9gante et sensible de l\u2019amour, de la survie et \u00e9voque les ombres qui dansent au c\u0153ur de la Ville Lumi\u00e8re.<\/p>\n\n\n\n<p style=\"text-align: center;\"><iframe loading=\"lazy\" width=\"560\" height=\"315\" src=\"https:\/\/www.youtube.com\/embed\/rIUPNqMwKMQ?si=6uiSE0K0zEQKG5a1\" title=\"YouTube video player\" frameborder=\"0\" allow=\"accelerometer; autoplay; clipboard-write; encrypted-media; gyroscope; picture-in-picture; web-share\" referrerpolicy=\"strict-origin-when-cross-origin\" allowfullscreen><\/iframe><\/p>\n\n\n\n<p class=\"has-text-align-center\"><a href=\"https:\/\/www.facebook.com\/jane.angora.musique\" target=\"_blank\" rel=\"noreferrer noopener\">Facebook<\/a> &#8211; <a href=\"https:\/\/www.instagram.com\/jane.angora\" target=\"_blank\" rel=\"noreferrer noopener\">Instagram<\/a><\/p>\n\n\n\n<h2 class=\"wp-block-heading has-luminous-vivid-orange-color has-text-color has-link-color wp-elements-b43b9995e762c6db64369a88aab68311\">Fabien Cecchini : \u201cA vivre avec\u201d<\/h2>\n\n\n\n<p>Fabien Cecchini est originaire de Pessac, pr\u00e8s de Bordeaux (Gironde).<br>\u00ab\u00a0A Vivre Avec\u00a0\u00bb, qui semble \u00eatre une chanson simple en apparence, v\u00e9hicule des messages profonds sur la condition humaine, la soci\u00e9t\u00e9 moderne et les m\u00e9canismes de fatalisme, de r\u00e9silience, d&rsquo;adaptation ou d&rsquo;\u00e9vasion que nous utilisons pour faire face \u00e0 nos probl\u00e8mes.<br>Derri\u00e8re une m\u00e9lodie simple et rythm\u00e9e, Fabien diss\u00e9mine une critique ac\u00e9r\u00e9e de la soci\u00e9t\u00e9 actuelle et de ses nombreuses pressions.<br>Malgr\u00e9 les th\u00e8mes abord\u00e9s, \u00ab\u00a0A vivre Avec\u00a0\u00bb contient aussi un message d&rsquo;espoir et de r\u00e9silience.<br>En choisissant d&rsquo;accepter de vivre avec, les individus ne se contentent pas de fuir leurs probl\u00e8mes, ils les oublient et les affrontent et continuent ainsi d&rsquo;avancer.<\/p>\n\n\n\n<p style=\"text-align: center;\"><iframe loading=\"lazy\" width=\"560\" height=\"315\" src=\"https:\/\/www.youtube.com\/embed\/oH6wNt_Luhw?si=XziwV5PbCnArya2h\" title=\"YouTube video player\" frameborder=\"0\" allow=\"accelerometer; autoplay; clipboard-write; encrypted-media; gyroscope; picture-in-picture; web-share\" referrerpolicy=\"strict-origin-when-cross-origin\" allowfullscreen><\/iframe><\/p>\n\n\n\n<p class=\"has-text-align-center\"><a href=\"https:\/\/www.facebook.com\/FabienCecchiniArtiste\" target=\"_blank\" rel=\"noreferrer noopener\">Facebook<\/a> &#8211; <a href=\"https:\/\/www.instagram.com\/fabien.cecchini.artiste\" target=\"_blank\" rel=\"noreferrer noopener\">Instagram<\/a><\/p>\n\n\n\n<h2 class=\"wp-block-heading has-luminous-vivid-orange-color has-text-color has-link-color wp-elements-4af75f10bde9209a462a48199cf81207\">Dan Moisan : \u201cSans toi\u201d<\/h2>\n\n\n\n<p>Fort d\u2019une carri\u00e8re qui a d\u00e9but\u00e9 au d\u00e9but des ann\u00e9es 2000, le canadien Dan Moisan aussi connu sous le nom de Mosquito-B, a jou\u00e9 de Nashville \u00e0 Londres, de Moncton \u00e0 Winnipeg, en passant par Cleveland et Toronto avec sa formation Mosquito-B.<br>Entre l\u2019amour et l\u2019angoisse de perdre celui-ci, Dan Moisan remet son chapeau POP avec cette \u00ab\u00a0Lovers\u2019 song\u00a0\u00bb de l\u2019automne.<br>\u00ab\u00a0Sans toi\u00a0\u00bb, c\u2019est la bonne. C\u2019est l\u2019\u00e2me-s\u0153ur. La douce et sublime moiti\u00e9.<br>C\u2019est la destination tant voulue, tant d\u00e9sir\u00e9e. On aime au point o\u00f9 on ne voudrait imaginer l\u2019amour sans cette personne.<br>Et cette muse, le pense-t-elle autant?<\/p>\n\n\n\n<p style=\"text-align: center;\"><iframe loading=\"lazy\" width=\"560\" height=\"315\" src=\"https:\/\/www.youtube.com\/embed\/CkfAN4z1pYc?si=LmQ7AlTAGVzVKDnQ\" title=\"YouTube video player\" frameborder=\"0\" allow=\"accelerometer; autoplay; clipboard-write; encrypted-media; gyroscope; picture-in-picture; web-share\" referrerpolicy=\"strict-origin-when-cross-origin\" allowfullscreen><\/iframe><\/p>\n\n\n\n<p class=\"has-text-align-center\"><a href=\"https:\/\/www.instagram.com\/mosquito_b_danmoisan\" target=\"_blank\" rel=\"noreferrer noopener\">Instagram<\/a><\/p>\n\n\n\n<h2 class=\"wp-block-heading has-luminous-vivid-orange-color has-text-color has-link-color wp-elements-af17859e1e7fe7cee4366e8bc661812c\">Polyphone : \u201cDolores\u201d<\/h2>\n\n\n\n<p>Polyphone est un collectif de musiciens n\u00e9 \u00e0 Lille en novembre 2021 compos\u00e9 de cinq membres, Antoine Joffre, Malo Keroull\u00e9, Alexandre Savineau, Victor Gaigneux et Gaspard Saelen.<br>R\u00e9unis par une amiti\u00e9 soud\u00e9e autour d\u2019une passion commune, la musique, ils ont rassembl\u00e9 leurs influences afin de cr\u00e9er, distribuer du contenu musical et organiser des \u00e9v\u00e8nements live uniques.<br>\u00ab\u00a0Dolores\u00a0\u00bb, c\u2019est le d\u00e9but d\u2019un nouveau chapitre: les sonorit\u00e9s funk se m\u00ealent d\u00e9sormais \u00e0 un rock assum\u00e9, les guitares distordues se confondent aux synth\u00e9s effr\u00e9n\u00e9s. Dans ce morceau, Polyphone contrebalance l&rsquo;innocence d\u2019un texte parlant d\u2019amour \u00e0 sens unique par une production dansante et surprenante.<\/p>\n\n\n\n<p style=\"text-align: center;\"><iframe loading=\"lazy\" width=\"560\" height=\"315\" src=\"https:\/\/www.youtube.com\/embed\/wJ417isWdh4?si=_qbS49Y7MVIurahT\" title=\"YouTube video player\" frameborder=\"0\" allow=\"accelerometer; autoplay; clipboard-write; encrypted-media; gyroscope; picture-in-picture; web-share\" referrerpolicy=\"strict-origin-when-cross-origin\" allowfullscreen><\/iframe><\/p>\n\n\n\n<p class=\"has-text-align-center\"><a href=\"https:\/\/www.facebook.com\/LaMaisonPolyphone\" target=\"_blank\" rel=\"noreferrer noopener\">Facebook<\/a> &#8211; <a href=\"https:\/\/www.instagram.com\/polyphone_music\" target=\"_blank\" rel=\"noreferrer noopener\">Instagram<\/a><\/p>\n\n\n\n<h2 class=\"wp-block-heading has-luminous-vivid-orange-color has-text-color has-link-color wp-elements-74f8966563157fe235080d817a3b54bd\">Malya : \u201cMille pens\u00e9es\u201d<\/h2>\n\n\n\n<p>Vivant constamment accroch\u00e9e \u00e0 sa boule d\u2019\u00e9motion, les chansons de Malya sont dot\u00e9es d\u2019une grande sensibilit\u00e9; traduisant les fragilit\u00e9s et les espoirs d\u2019une jeune g\u00e9n\u00e9ration aliment\u00e9e par ce besoin constant de bouleverser leur existence.<br>Ses chansons sont un lieu de rendez-vous pour tous o\u00f9 elle y c\u00e9l\u00e8bre la vie; ce m\u00e9lange de gal\u00e8res, de plaisirs, d\u2019amours et de d\u00e9sillusions.<br>Cet alliage r\u00e9sonne gr\u00e2ce \u00e0 ses textes d\u00e9bordant d\u2019honn\u00eatet\u00e9 et d\u2019abandon, sa voix touchante et son piano m\u00ealant toutes formes de sonorit\u00e9s.<br>C\u2019est un dr\u00f4le de voyage; une fuite sans prison et sans destination.<br>Il faut se laisser porter par son art.<\/p>\n\n\n\n<p style=\"text-align: center;\"><iframe loading=\"lazy\" width=\"560\" height=\"315\" src=\"https:\/\/www.youtube.com\/embed\/VYu6EBqv2gc?si=Tq8dBnr6Vq3t_YgM\" title=\"YouTube video player\" frameborder=\"0\" allow=\"accelerometer; autoplay; clipboard-write; encrypted-media; gyroscope; picture-in-picture; web-share\" referrerpolicy=\"strict-origin-when-cross-origin\" allowfullscreen><\/iframe><\/p>\n\n\n\n<p class=\"has-text-align-center\"><a href=\"https:\/\/www.instagram.com\/malya.sings\" target=\"_blank\" rel=\"noreferrer noopener\">Instagram<\/a><\/p>\n\n\n\n<h2 class=\"wp-block-heading has-luminous-vivid-orange-color has-text-color has-link-color wp-elements-32fa2af05bfcf4177d94259ec17ab25c\">Elan : \u201cJe voulais seulement te dire\u201d<\/h2>\n\n\n\n<p>Princesse d\u00e9sabus\u00e9e des temps modernes, Elan est une jeune chanteuse et violoncelliste qui conte ses m\u00e9saventures amoureuses avec une po\u00e9sie d\u00e9sinvolte et imag\u00e9e.<br>Prisonni\u00e8re d\u2019un conte de f\u00e9e, elle r\u00eave du prince charmant et de de l\u2019amour \u00e9ternel mais se heurte inexorablement \u00e0 la culture du swipe, de l\u2019instantan\u00e9, et de la peur de l\u2019engagement.<br>Sa musique sonne comme une rencontre improbable entre Camille et Woodkid.<br>L\u2019intimisme de l\u2019une avec le grandiose de l\u2019autre.<br>Elle fait se rencontrer astucieusement classique et moderne, en m\u00e9langeant des orchestrations symphoniques imposantes avec des arrangements \u00e9lectroniques \u00e9clectiques, intenses et percutants.<br>Chanteuse et violoncelliste sur sc\u00e8ne, elle est accompagn\u00e9e d&rsquo;un batteur percussionniste qui symbolise la puissance et le dynamisme de la modernit\u00e9, face au lyrisme et au romantisme qu&rsquo;elle incarne.<br>Mais les deux entit\u00e9s ne s&rsquo;affrontent pas, au contraire, elles cr\u00e9ent ensemble, un nouveau lieu commun o\u00f9 les barri\u00e8res tombent, et o\u00f9 se retrouvent toutes les g\u00e9n\u00e9rations.<br>\u00ab\u00a0Je voulais seulement te dire\u00a0\u00bb est extrait de l&rsquo;EP qui porte son nom, \u00ab\u00a0Elan\u00a0\u00bb, 6 titres \u00e0 d\u00e9couvrir&#8230;<\/p>\n\n\n\n<p style=\"text-align: center;\"><iframe loading=\"lazy\" width=\"560\" height=\"315\" src=\"https:\/\/www.youtube.com\/embed\/1ZKeeq2Ecks?si=ms_LZNpRXuaIps1v\" title=\"YouTube video player\" frameborder=\"0\" allow=\"accelerometer; autoplay; clipboard-write; encrypted-media; gyroscope; picture-in-picture; web-share\" referrerpolicy=\"strict-origin-when-cross-origin\" allowfullscreen><\/iframe><\/p>\n\n\n\n<p class=\"has-text-align-center\"><a href=\"https:\/\/www.facebook.com\/juste.elan\" target=\"_blank\" rel=\"noreferrer noopener\">Facebook<\/a> &#8211; <a href=\"https:\/\/www.instagram.com\/juste.elan\" target=\"_blank\" rel=\"noreferrer noopener\">Instagram<\/a><\/p>\n\n\n\n<h2 class=\"wp-block-heading has-luminous-vivid-orange-color has-text-color has-link-color wp-elements-c9a5e52a811ef4ebe238e174b66262ef\">Madrias : \u201cRien ne vient \u201c<\/h2>\n\n\n\n<p>Madrias a d\u00e9j\u00e0 particip\u00e9 \u00e0 cette chronique francophone, et si on l&rsquo;y retrouve aujourd&rsquo;hui, ce n&rsquo;est pas un hasard.<br>Le succ\u00e8s qu&rsquo;elle a connu au sein du groupe Les 3 caf\u00e9s gourmands ne demande qu&rsquo;\u00e0 se reproduire pour sa carri\u00e8re solo.<br>\u00ab\u00a0Rien ne vient\u00a0\u00bb, c\u2019est l\u2019entre-pop contemporaine et le rock ind\u00e9pendant des ann\u00e9es 80 (Jacno, Elli Medeiros, les Rita Mitsouko\u2026).<br>\u00c0 l\u2019instar de ses a\u00een\u00e9s, Madrias traite d\u2019un sujet complexe, celui de la d\u00e9pression mais de mani\u00e8re compl\u00e8tement anti-d\u00e9pressive.<br>Absolument jubilatoire!<\/p>\n\n\n\n<p style=\"text-align: center;\"><iframe loading=\"lazy\" width=\"560\" height=\"315\" src=\"https:\/\/www.youtube.com\/embed\/tqywpen-G0c?si=qww4fLCNjzmwIXgp\" title=\"YouTube video player\" frameborder=\"0\" allow=\"accelerometer; autoplay; clipboard-write; encrypted-media; gyroscope; picture-in-picture; web-share\" referrerpolicy=\"strict-origin-when-cross-origin\" allowfullscreen><\/iframe><\/p>\n\n\n\n<p class=\"has-text-align-center\"><a href=\"https:\/\/www.facebook.com\/mymytroiscafesgourmands\" target=\"_blank\" rel=\"noreferrer noopener\">Facebook<\/a> &#8211; <a href=\"https:\/\/www.instagram.com\/mylene_madrias\" target=\"_blank\" rel=\"noreferrer noopener\">Instagram<\/a><\/p>\n\n\n\n<h2 class=\"wp-block-heading has-luminous-vivid-orange-color has-text-color has-link-color wp-elements-ce34ddbe63a18096c21829ede7e13268\">Red Saguaro : \u201cMarie poper\u2019s\u201d<\/h2>\n\n\n\n<p>Le groupe Red Saguaro est n\u00e9 des mains et des mots du Dr Ponge, ainsi que de son envie de partager un univers Pop-Rock aux sonorit\u00e9s du monde.<br>Guitariste, chanteur, et \u00e9picurien notoire, c\u2019est lui qui donne vie au projet avec ses premi\u00e8res compos d\u00e9j\u00e0 piquantes et fra\u00eeches \u00e0 souhait.<br>Meleh\u00e4n, chanteur polymorphe, vient ajouter sa plume, sa voix et une bonne dose d\u2019impertinence au projet.<br>Il fait frissonner ce cactus musical par des envol\u00e9es lyriques, des transes gutturales et son d\u00e9hanch\u00e9.<br>Guillaume et ses percussions \u00e9pic\u00e9es int\u00e8gre le groupe, ajoutant sa cr\u00e9ativit\u00e9, son audace et sa crini\u00e8re dor\u00e9e \u00e0 l\u2019aventure.<br>La temp\u00eate Tim et le grondement de sa basse fait vibrer et balancer Red Saguaro, soulevant de son souffle br\u00fblant les graines d\u2019une musique assoiff\u00e9e de nouveaut\u00e9.<br>Les atmosph\u00e8res passent d\u2019un morceau aux rythmes manouches \u00e0 des chants am\u00e9rindiens.<br>Des m\u00e9lodies venues d\u2019Orient s&rsquo;acoquinent \u00e0 des voix lyriques.<br>\u00ab\u00a0Marie poper\u2019s\u00a0\u00bb est un petit chef d\u2019\u0153uvre \u00e0 lui tout seul que vous vous devez d&rsquo;ajouter \u00e0 vos listes d&rsquo;\u00e9coute !<\/p>\n\n\n\n<p style=\"text-align: center;\"><iframe loading=\"lazy\" width=\"560\" height=\"315\" src=\"https:\/\/www.youtube.com\/embed\/2hZzZxIQy9M?si=U17t6KusvAnNpwQd\" title=\"YouTube video player\" frameborder=\"0\" allow=\"accelerometer; autoplay; clipboard-write; encrypted-media; gyroscope; picture-in-picture; web-share\" referrerpolicy=\"strict-origin-when-cross-origin\" allowfullscreen><\/iframe><\/p>\n\n\n\n<p class=\"has-text-align-center\"><a href=\"https:\/\/www.facebook.com\/SaguaroBand\" target=\"_blank\" rel=\"noreferrer noopener\">Facebook<\/a> &#8211; <a href=\"https:\/\/www.instagram.com\/redsaguaro_groupe\" target=\"_blank\" rel=\"noreferrer noopener\">Instagram<\/a><\/p>\n\n\n\n<h2 class=\"wp-block-heading has-luminous-vivid-orange-color has-text-color has-link-color wp-elements-88f4533aac37b9400033ea4cef19019d\">Val Korda : \u201cElle non\u201d<\/h2>\n\n\n\n<p>Val Korda est un musicien multi-instrumentiste et chanteur fran\u00e7ais talentueux.<br>Sp\u00e9cialis\u00e9 dans le LiveLooping, il ma\u00eetrise la guitare, le piano, la basse et l&rsquo;harmonica.<br>Son style musical vari\u00e9 englobe la pop, le folk et m\u00eame, le rap&#8230;<br>\u00ab\u00a0Elle non\u00a0\u00bb est une chanson qui m\u00eale des \u00e9l\u00e9ments pop et folk, refl\u00e9tant le style \u00e9clectique de l&rsquo;artiste, avec une rythmique surprenante.<br>Elle explore les th\u00e8mes de l&rsquo;amour et des relations, avec des paroles po\u00e9tiques recherch\u00e9es, et une m\u00e9lodie accrocheuse caract\u00e9ristiques.<\/p>\n\n\n\n<p style=\"text-align: center;\"><iframe loading=\"lazy\" width=\"560\" height=\"315\" src=\"https:\/\/www.youtube.com\/embed\/LL2h8uni7W4?si=yb23XHZiFQRHS6ML\" title=\"YouTube video player\" frameborder=\"0\" allow=\"accelerometer; autoplay; clipboard-write; encrypted-media; gyroscope; picture-in-picture; web-share\" referrerpolicy=\"strict-origin-when-cross-origin\" allowfullscreen><\/iframe><\/p>\n\n\n\n<p class=\"has-text-align-center\"><a href=\"https:\/\/www.facebook.com\/vall.korda\" target=\"_blank\" rel=\"noreferrer noopener\">Facebook<\/a> &#8211; <a href=\"https:\/\/www.instagram.com\/val_krda\" target=\"_blank\" rel=\"noreferrer noopener\">Instagram<\/a><\/p>\n\n\n\n<h2 class=\"wp-block-heading has-luminous-vivid-orange-color has-text-color has-link-color wp-elements-729a349cc715188dee80b0d2fcd88d2c\">Florence Estra : \u201cCigarette\u201d<\/h2>\n\n\n\n<p>Florence Estra (aka Florence Estragues) est une Auteure-Compositrice-Interpr\u00e8te et Productrice Pop originaire du Sud de la France (Perpignan) vivant actuellement en Belgique pr\u00e8s de Bruxelles.<br>Elle a commenc\u00e9 par se produire sur sc\u00e8ne, jouant avec des groupes dans divers bars et lieux du sud de la France et d\u2019Espagne (groupe de rock Uncle Les), puis avec les Gleaners of Joy \u00e0 Bruxelles.<br>\u00ab\u00a0Cigarette\u00a0\u00bb est un hymne pop fran\u00e7ais qui encourage les auditeurs \u00e0 surmonter leur addiction au tabac.<br>Inspir\u00e9e par son parcours personnel, Florence Estra a transform\u00e9 un po\u00e8me qu\u2019elle avait initialement \u00e9crit en une chanson poignante, orchestrant chaque d\u00e9tail, de la&nbsp;cr\u00e9ation de la m\u00e9lodie au mastering.<br>La chanson compare la d\u00e9pendance \u00e0 un ex s\u00e9duisant qui revient sans cesse, pour finalement \u00eatre chass\u00e9 d\u00e9finitivement.&nbsp;<\/p>\n\n\n\n<p style=\"text-align: center;\"><iframe loading=\"lazy\" width=\"560\" height=\"315\" src=\"https:\/\/www.youtube.com\/embed\/MQRwe4hpabY?si=Sa3j-D-PJVzM8a5Q\" title=\"YouTube video player\" frameborder=\"0\" allow=\"accelerometer; autoplay; clipboard-write; encrypted-media; gyroscope; picture-in-picture; web-share\" referrerpolicy=\"strict-origin-when-cross-origin\" allowfullscreen><\/iframe><\/p>\n\n\n\n<p class=\"has-text-align-center\"><a href=\"https:\/\/www.facebook.com\/estraflo\" target=\"_blank\" rel=\"noreferrer noopener\">Facebook<\/a> &#8211; <a href=\"https:\/\/www.instagram.com\/florenceestra\" target=\"_blank\" rel=\"noreferrer noopener\">Instagram<\/a> &#8211; <a href=\"https:\/\/twitter.com\/Florence_Estra\" target=\"_blank\" rel=\"noreferrer noopener\">Twitter<\/a><\/p>\n\n\n\n<h2 class=\"wp-block-heading has-luminous-vivid-orange-color has-text-color has-link-color wp-elements-2af643c4c0f6a96a63dbcda7ec23b083\">Fran\u00e7ois Thevenon : \u201cEt cette boule qui tourne&#8230;\u201d<\/h2>\n\n\n\n<p>Fran\u00e7ois Thevenon est un francilien de 55 ans qui a pass\u00e9 le plus \u00ab\u00a0cher\u00a0\u00bb de son temps \u00e0 \u0153uvrer pour le compte du PMU.<br>Quoi de plus normal pour celui qui a fait jouer des milliers de turfistes que de se tourner vers un autre d\u00e9mon, la roulette&#8230; avant de passer les autres jeux en revue !<br>Apr\u00e8s vous avoir fait \u00e9couter \u00ab\u00a0cigarette\u00a0\u00bb dans cette playlist, \u00ab\u00a0Et cette boule qui tourne&#8230;\u00a0\u00bb \u00e9tait toute indiqu\u00e9e pour terminer en addiction.<br>Prochaine \u00e9tape, les bandits manchots ?<\/p>\n\n\n\n<p style=\"text-align: center;\"><iframe loading=\"lazy\" width=\"560\" height=\"315\" src=\"https:\/\/www.youtube.com\/embed\/uRtWlJla1RA?si=_Ld8DtJE9kwtc1LL\" title=\"YouTube video player\" frameborder=\"0\" allow=\"accelerometer; autoplay; clipboard-write; encrypted-media; gyroscope; picture-in-picture; web-share\" referrerpolicy=\"strict-origin-when-cross-origin\" allowfullscreen><\/iframe><\/p>\n\n\n\n<p class=\"has-text-align-center\"><a href=\"https:\/\/www.instagram.com\/thevenonfrancois\" target=\"_blank\" rel=\"noreferrer noopener\">Instagram<\/a> &#8211; <a href=\"https:\/\/twitter.com\/FranoisTHEVENO4\" target=\"_blank\" rel=\"noreferrer noopener\">Twitter<\/a><\/p>\n","protected":false},"excerpt":{"rendered":"<p>L\u2019\u00e9pisode 32 marque la fin de l&rsquo;ann\u00e9e, et nous avons tenu \u00e0 vous offrir un&#8230;<\/p>\n","protected":false},"author":1,"featured_media":1476,"comment_status":"closed","ping_status":"open","sticky":false,"template":"","format":"standard","meta":{"_uag_custom_page_level_css":"","footnotes":""},"categories":[81],"tags":[],"class_list":["post-10429","post","type-post","status-publish","format-standard","has-post-thumbnail","hentry","category-chanson-francaise"],"yoast_head":"<!-- This site is optimized with the Yoast SEO plugin v27.5 - https:\/\/yoast.com\/product\/yoast-seo-wordpress\/ -->\n<title>Chronique de la chanson fran\u00e7aise, \u00e9pisode 32, derni\u00e8re ligne droite jusqu&#039;\u00e0 la fin de l&#039;ann\u00e9e - Radio Castor<\/title>\n<meta name=\"robots\" content=\"index, follow, max-snippet:-1, max-image-preview:large, max-video-preview:-1\" \/>\n<link rel=\"canonical\" href=\"https:\/\/www.radiocastor.com\/index.php\/chronique-de-la-chanson-francaise-episode-32-derniere-ligne-droite-jusqua-la-fin-de-lannee\/\" \/>\n<meta property=\"og:locale\" content=\"fr_FR\" \/>\n<meta property=\"og:type\" content=\"article\" \/>\n<meta property=\"og:title\" content=\"Chronique de la chanson fran\u00e7aise, \u00e9pisode 32, derni\u00e8re ligne droite jusqu&#039;\u00e0 la fin de l&#039;ann\u00e9e - Radio Castor\" \/>\n<meta property=\"og:description\" content=\"L\u2019\u00e9pisode 32 marque la fin de l&rsquo;ann\u00e9e, et nous avons tenu \u00e0 vous offrir un...\" \/>\n<meta property=\"og:url\" content=\"https:\/\/www.radiocastor.com\/index.php\/chronique-de-la-chanson-francaise-episode-32-derniere-ligne-droite-jusqua-la-fin-de-lannee\/\" \/>\n<meta property=\"og:site_name\" content=\"Radio Castor\" \/>\n<meta property=\"article:publisher\" content=\"https:\/\/www.facebook.com\/theradiocastor\" \/>\n<meta property=\"article:published_time\" content=\"2024-12-04T15:55:30+00:00\" \/>\n<meta property=\"article:modified_time\" content=\"2025-01-28T15:15:17+00:00\" \/>\n<meta property=\"og:image\" content=\"https:\/\/www.radiocastor.com\/wp-content\/uploads\/2022\/04\/francophonie-3.jpg\" \/>\n\t<meta property=\"og:image:width\" content=\"500\" \/>\n\t<meta property=\"og:image:height\" content=\"368\" \/>\n\t<meta property=\"og:image:type\" content=\"image\/jpeg\" \/>\n<meta name=\"author\" content=\"R\u00e9daction R C\" \/>\n<meta name=\"twitter:card\" content=\"summary_large_image\" \/>\n<meta name=\"twitter:creator\" content=\"@TheRadioCastor\" \/>\n<meta name=\"twitter:site\" content=\"@TheRadioCastor\" \/>\n<meta name=\"twitter:label1\" content=\"\u00c9crit par\" \/>\n\t<meta name=\"twitter:data1\" content=\"R\u00e9daction R C\" \/>\n\t<meta name=\"twitter:label2\" content=\"Dur\u00e9e de lecture estim\u00e9e\" \/>\n\t<meta name=\"twitter:data2\" content=\"12 minutes\" \/>\n<script type=\"application\/ld+json\" class=\"yoast-schema-graph\">{\"@context\":\"https:\\\/\\\/schema.org\",\"@graph\":[{\"@type\":\"Article\",\"@id\":\"https:\\\/\\\/www.radiocastor.com\\\/index.php\\\/chronique-de-la-chanson-francaise-episode-32-derniere-ligne-droite-jusqua-la-fin-de-lannee\\\/#article\",\"isPartOf\":{\"@id\":\"https:\\\/\\\/www.radiocastor.com\\\/index.php\\\/chronique-de-la-chanson-francaise-episode-32-derniere-ligne-droite-jusqua-la-fin-de-lannee\\\/\"},\"author\":{\"name\":\"R\u00e9daction R C\",\"@id\":\"https:\\\/\\\/www.radiocastor.com\\\/#\\\/schema\\\/person\\\/558b0e47dc4c11fa52b2220ba6a78779\"},\"headline\":\"Chronique de la chanson fran\u00e7aise, \u00e9pisode 32, derni\u00e8re ligne droite jusqu&rsquo;\u00e0 la fin de l&rsquo;ann\u00e9e\",\"datePublished\":\"2024-12-04T15:55:30+00:00\",\"dateModified\":\"2025-01-28T15:15:17+00:00\",\"mainEntityOfPage\":{\"@id\":\"https:\\\/\\\/www.radiocastor.com\\\/index.php\\\/chronique-de-la-chanson-francaise-episode-32-derniere-ligne-droite-jusqua-la-fin-de-lannee\\\/\"},\"wordCount\":2547,\"publisher\":{\"@id\":\"https:\\\/\\\/www.radiocastor.com\\\/#organization\"},\"image\":{\"@id\":\"https:\\\/\\\/www.radiocastor.com\\\/index.php\\\/chronique-de-la-chanson-francaise-episode-32-derniere-ligne-droite-jusqua-la-fin-de-lannee\\\/#primaryimage\"},\"thumbnailUrl\":\"https:\\\/\\\/www.radiocastor.com\\\/wp-content\\\/uploads\\\/2022\\\/04\\\/francophonie-3.jpg\",\"articleSection\":[\"Chanson Fran\u00e7aise\"],\"inLanguage\":\"fr-FR\"},{\"@type\":\"WebPage\",\"@id\":\"https:\\\/\\\/www.radiocastor.com\\\/index.php\\\/chronique-de-la-chanson-francaise-episode-32-derniere-ligne-droite-jusqua-la-fin-de-lannee\\\/\",\"url\":\"https:\\\/\\\/www.radiocastor.com\\\/index.php\\\/chronique-de-la-chanson-francaise-episode-32-derniere-ligne-droite-jusqua-la-fin-de-lannee\\\/\",\"name\":\"Chronique de la chanson fran\u00e7aise, \u00e9pisode 32, derni\u00e8re ligne droite jusqu'\u00e0 la fin de l'ann\u00e9e - Radio Castor\",\"isPartOf\":{\"@id\":\"https:\\\/\\\/www.radiocastor.com\\\/#website\"},\"primaryImageOfPage\":{\"@id\":\"https:\\\/\\\/www.radiocastor.com\\\/index.php\\\/chronique-de-la-chanson-francaise-episode-32-derniere-ligne-droite-jusqua-la-fin-de-lannee\\\/#primaryimage\"},\"image\":{\"@id\":\"https:\\\/\\\/www.radiocastor.com\\\/index.php\\\/chronique-de-la-chanson-francaise-episode-32-derniere-ligne-droite-jusqua-la-fin-de-lannee\\\/#primaryimage\"},\"thumbnailUrl\":\"https:\\\/\\\/www.radiocastor.com\\\/wp-content\\\/uploads\\\/2022\\\/04\\\/francophonie-3.jpg\",\"datePublished\":\"2024-12-04T15:55:30+00:00\",\"dateModified\":\"2025-01-28T15:15:17+00:00\",\"breadcrumb\":{\"@id\":\"https:\\\/\\\/www.radiocastor.com\\\/index.php\\\/chronique-de-la-chanson-francaise-episode-32-derniere-ligne-droite-jusqua-la-fin-de-lannee\\\/#breadcrumb\"},\"inLanguage\":\"fr-FR\",\"potentialAction\":[{\"@type\":\"ReadAction\",\"target\":[\"https:\\\/\\\/www.radiocastor.com\\\/index.php\\\/chronique-de-la-chanson-francaise-episode-32-derniere-ligne-droite-jusqua-la-fin-de-lannee\\\/\"]}]},{\"@type\":\"ImageObject\",\"inLanguage\":\"fr-FR\",\"@id\":\"https:\\\/\\\/www.radiocastor.com\\\/index.php\\\/chronique-de-la-chanson-francaise-episode-32-derniere-ligne-droite-jusqua-la-fin-de-lannee\\\/#primaryimage\",\"url\":\"https:\\\/\\\/www.radiocastor.com\\\/wp-content\\\/uploads\\\/2022\\\/04\\\/francophonie-3.jpg\",\"contentUrl\":\"https:\\\/\\\/www.radiocastor.com\\\/wp-content\\\/uploads\\\/2022\\\/04\\\/francophonie-3.jpg\",\"width\":500,\"height\":368,\"caption\":\"francophonie\"},{\"@type\":\"BreadcrumbList\",\"@id\":\"https:\\\/\\\/www.radiocastor.com\\\/index.php\\\/chronique-de-la-chanson-francaise-episode-32-derniere-ligne-droite-jusqua-la-fin-de-lannee\\\/#breadcrumb\",\"itemListElement\":[{\"@type\":\"ListItem\",\"position\":1,\"name\":\"Accueil\",\"item\":\"https:\\\/\\\/www.radiocastor.com\\\/\"},{\"@type\":\"ListItem\",\"position\":2,\"name\":\"Chronique de la chanson fran\u00e7aise, \u00e9pisode 32, derni\u00e8re ligne droite jusqu&rsquo;\u00e0 la fin de l&rsquo;ann\u00e9e\"}]},{\"@type\":\"WebSite\",\"@id\":\"https:\\\/\\\/www.radiocastor.com\\\/#website\",\"url\":\"https:\\\/\\\/www.radiocastor.com\\\/\",\"name\":\"Radio Castor\",\"description\":\"La voix !\",\"publisher\":{\"@id\":\"https:\\\/\\\/www.radiocastor.com\\\/#organization\"},\"potentialAction\":[{\"@type\":\"SearchAction\",\"target\":{\"@type\":\"EntryPoint\",\"urlTemplate\":\"https:\\\/\\\/www.radiocastor.com\\\/?s={search_term_string}\"},\"query-input\":{\"@type\":\"PropertyValueSpecification\",\"valueRequired\":true,\"valueName\":\"search_term_string\"}}],\"inLanguage\":\"fr-FR\"},{\"@type\":\"Organization\",\"@id\":\"https:\\\/\\\/www.radiocastor.com\\\/#organization\",\"name\":\"Radio Castor\",\"url\":\"https:\\\/\\\/www.radiocastor.com\\\/\",\"logo\":{\"@type\":\"ImageObject\",\"inLanguage\":\"fr-FR\",\"@id\":\"https:\\\/\\\/www.radiocastor.com\\\/#\\\/schema\\\/logo\\\/image\\\/\",\"url\":\"https:\\\/\\\/www.radiocastor.com\\\/wp-content\\\/uploads\\\/2021\\\/11\\\/cropped-Radio-castor-logo-2.png\",\"contentUrl\":\"https:\\\/\\\/www.radiocastor.com\\\/wp-content\\\/uploads\\\/2021\\\/11\\\/cropped-Radio-castor-logo-2.png\",\"width\":437,\"height\":219,\"caption\":\"Radio Castor\"},\"image\":{\"@id\":\"https:\\\/\\\/www.radiocastor.com\\\/#\\\/schema\\\/logo\\\/image\\\/\"},\"sameAs\":[\"https:\\\/\\\/www.facebook.com\\\/theradiocastor\",\"https:\\\/\\\/x.com\\\/TheRadioCastor\",\"https:\\\/\\\/www.instagram.com\\\/theradiocastor\",\"https:\\\/\\\/www.youtube.com\\\/c\\\/RadioCastor\"]},{\"@type\":\"Person\",\"@id\":\"https:\\\/\\\/www.radiocastor.com\\\/#\\\/schema\\\/person\\\/558b0e47dc4c11fa52b2220ba6a78779\",\"name\":\"R\u00e9daction R C\",\"image\":{\"@type\":\"ImageObject\",\"inLanguage\":\"fr-FR\",\"@id\":\"https:\\\/\\\/secure.gravatar.com\\\/avatar\\\/1d3e4f4c4a0d129f7ed4838ea20c33760c2484b9bc381993df6c0e3f5bf89c23?s=96&d=mm&r=g\",\"url\":\"https:\\\/\\\/secure.gravatar.com\\\/avatar\\\/1d3e4f4c4a0d129f7ed4838ea20c33760c2484b9bc381993df6c0e3f5bf89c23?s=96&d=mm&r=g\",\"contentUrl\":\"https:\\\/\\\/secure.gravatar.com\\\/avatar\\\/1d3e4f4c4a0d129f7ed4838ea20c33760c2484b9bc381993df6c0e3f5bf89c23?s=96&d=mm&r=g\",\"caption\":\"R\u00e9daction R C\"},\"sameAs\":[\"http:\\\/\\\/www.radiocastor.com\"],\"url\":\"https:\\\/\\\/www.radiocastor.com\\\/index.php\\\/author\\\/radio-castor\\\/\"}]}<\/script>\n<!-- \/ Yoast SEO plugin. -->","yoast_head_json":{"title":"Chronique de la chanson fran\u00e7aise, \u00e9pisode 32, derni\u00e8re ligne droite jusqu'\u00e0 la fin de l'ann\u00e9e - Radio Castor","robots":{"index":"index","follow":"follow","max-snippet":"max-snippet:-1","max-image-preview":"max-image-preview:large","max-video-preview":"max-video-preview:-1"},"canonical":"https:\/\/www.radiocastor.com\/index.php\/chronique-de-la-chanson-francaise-episode-32-derniere-ligne-droite-jusqua-la-fin-de-lannee\/","og_locale":"fr_FR","og_type":"article","og_title":"Chronique de la chanson fran\u00e7aise, \u00e9pisode 32, derni\u00e8re ligne droite jusqu'\u00e0 la fin de l'ann\u00e9e - Radio Castor","og_description":"L\u2019\u00e9pisode 32 marque la fin de l&rsquo;ann\u00e9e, et nous avons tenu \u00e0 vous offrir un...","og_url":"https:\/\/www.radiocastor.com\/index.php\/chronique-de-la-chanson-francaise-episode-32-derniere-ligne-droite-jusqua-la-fin-de-lannee\/","og_site_name":"Radio Castor","article_publisher":"https:\/\/www.facebook.com\/theradiocastor","article_published_time":"2024-12-04T15:55:30+00:00","article_modified_time":"2025-01-28T15:15:17+00:00","og_image":[{"width":500,"height":368,"url":"https:\/\/www.radiocastor.com\/wp-content\/uploads\/2022\/04\/francophonie-3.jpg","type":"image\/jpeg"}],"author":"R\u00e9daction R C","twitter_card":"summary_large_image","twitter_creator":"@TheRadioCastor","twitter_site":"@TheRadioCastor","twitter_misc":{"\u00c9crit par":"R\u00e9daction R C","Dur\u00e9e de lecture estim\u00e9e":"12 minutes"},"schema":{"@context":"https:\/\/schema.org","@graph":[{"@type":"Article","@id":"https:\/\/www.radiocastor.com\/index.php\/chronique-de-la-chanson-francaise-episode-32-derniere-ligne-droite-jusqua-la-fin-de-lannee\/#article","isPartOf":{"@id":"https:\/\/www.radiocastor.com\/index.php\/chronique-de-la-chanson-francaise-episode-32-derniere-ligne-droite-jusqua-la-fin-de-lannee\/"},"author":{"name":"R\u00e9daction R C","@id":"https:\/\/www.radiocastor.com\/#\/schema\/person\/558b0e47dc4c11fa52b2220ba6a78779"},"headline":"Chronique de la chanson fran\u00e7aise, \u00e9pisode 32, derni\u00e8re ligne droite jusqu&rsquo;\u00e0 la fin de l&rsquo;ann\u00e9e","datePublished":"2024-12-04T15:55:30+00:00","dateModified":"2025-01-28T15:15:17+00:00","mainEntityOfPage":{"@id":"https:\/\/www.radiocastor.com\/index.php\/chronique-de-la-chanson-francaise-episode-32-derniere-ligne-droite-jusqua-la-fin-de-lannee\/"},"wordCount":2547,"publisher":{"@id":"https:\/\/www.radiocastor.com\/#organization"},"image":{"@id":"https:\/\/www.radiocastor.com\/index.php\/chronique-de-la-chanson-francaise-episode-32-derniere-ligne-droite-jusqua-la-fin-de-lannee\/#primaryimage"},"thumbnailUrl":"https:\/\/www.radiocastor.com\/wp-content\/uploads\/2022\/04\/francophonie-3.jpg","articleSection":["Chanson Fran\u00e7aise"],"inLanguage":"fr-FR"},{"@type":"WebPage","@id":"https:\/\/www.radiocastor.com\/index.php\/chronique-de-la-chanson-francaise-episode-32-derniere-ligne-droite-jusqua-la-fin-de-lannee\/","url":"https:\/\/www.radiocastor.com\/index.php\/chronique-de-la-chanson-francaise-episode-32-derniere-ligne-droite-jusqua-la-fin-de-lannee\/","name":"Chronique de la chanson fran\u00e7aise, \u00e9pisode 32, derni\u00e8re ligne droite jusqu'\u00e0 la fin de l'ann\u00e9e - Radio Castor","isPartOf":{"@id":"https:\/\/www.radiocastor.com\/#website"},"primaryImageOfPage":{"@id":"https:\/\/www.radiocastor.com\/index.php\/chronique-de-la-chanson-francaise-episode-32-derniere-ligne-droite-jusqua-la-fin-de-lannee\/#primaryimage"},"image":{"@id":"https:\/\/www.radiocastor.com\/index.php\/chronique-de-la-chanson-francaise-episode-32-derniere-ligne-droite-jusqua-la-fin-de-lannee\/#primaryimage"},"thumbnailUrl":"https:\/\/www.radiocastor.com\/wp-content\/uploads\/2022\/04\/francophonie-3.jpg","datePublished":"2024-12-04T15:55:30+00:00","dateModified":"2025-01-28T15:15:17+00:00","breadcrumb":{"@id":"https:\/\/www.radiocastor.com\/index.php\/chronique-de-la-chanson-francaise-episode-32-derniere-ligne-droite-jusqua-la-fin-de-lannee\/#breadcrumb"},"inLanguage":"fr-FR","potentialAction":[{"@type":"ReadAction","target":["https:\/\/www.radiocastor.com\/index.php\/chronique-de-la-chanson-francaise-episode-32-derniere-ligne-droite-jusqua-la-fin-de-lannee\/"]}]},{"@type":"ImageObject","inLanguage":"fr-FR","@id":"https:\/\/www.radiocastor.com\/index.php\/chronique-de-la-chanson-francaise-episode-32-derniere-ligne-droite-jusqua-la-fin-de-lannee\/#primaryimage","url":"https:\/\/www.radiocastor.com\/wp-content\/uploads\/2022\/04\/francophonie-3.jpg","contentUrl":"https:\/\/www.radiocastor.com\/wp-content\/uploads\/2022\/04\/francophonie-3.jpg","width":500,"height":368,"caption":"francophonie"},{"@type":"BreadcrumbList","@id":"https:\/\/www.radiocastor.com\/index.php\/chronique-de-la-chanson-francaise-episode-32-derniere-ligne-droite-jusqua-la-fin-de-lannee\/#breadcrumb","itemListElement":[{"@type":"ListItem","position":1,"name":"Accueil","item":"https:\/\/www.radiocastor.com\/"},{"@type":"ListItem","position":2,"name":"Chronique de la chanson fran\u00e7aise, \u00e9pisode 32, derni\u00e8re ligne droite jusqu&rsquo;\u00e0 la fin de l&rsquo;ann\u00e9e"}]},{"@type":"WebSite","@id":"https:\/\/www.radiocastor.com\/#website","url":"https:\/\/www.radiocastor.com\/","name":"Radio Castor","description":"La voix !","publisher":{"@id":"https:\/\/www.radiocastor.com\/#organization"},"potentialAction":[{"@type":"SearchAction","target":{"@type":"EntryPoint","urlTemplate":"https:\/\/www.radiocastor.com\/?s={search_term_string}"},"query-input":{"@type":"PropertyValueSpecification","valueRequired":true,"valueName":"search_term_string"}}],"inLanguage":"fr-FR"},{"@type":"Organization","@id":"https:\/\/www.radiocastor.com\/#organization","name":"Radio Castor","url":"https:\/\/www.radiocastor.com\/","logo":{"@type":"ImageObject","inLanguage":"fr-FR","@id":"https:\/\/www.radiocastor.com\/#\/schema\/logo\/image\/","url":"https:\/\/www.radiocastor.com\/wp-content\/uploads\/2021\/11\/cropped-Radio-castor-logo-2.png","contentUrl":"https:\/\/www.radiocastor.com\/wp-content\/uploads\/2021\/11\/cropped-Radio-castor-logo-2.png","width":437,"height":219,"caption":"Radio Castor"},"image":{"@id":"https:\/\/www.radiocastor.com\/#\/schema\/logo\/image\/"},"sameAs":["https:\/\/www.facebook.com\/theradiocastor","https:\/\/x.com\/TheRadioCastor","https:\/\/www.instagram.com\/theradiocastor","https:\/\/www.youtube.com\/c\/RadioCastor"]},{"@type":"Person","@id":"https:\/\/www.radiocastor.com\/#\/schema\/person\/558b0e47dc4c11fa52b2220ba6a78779","name":"R\u00e9daction R C","image":{"@type":"ImageObject","inLanguage":"fr-FR","@id":"https:\/\/secure.gravatar.com\/avatar\/1d3e4f4c4a0d129f7ed4838ea20c33760c2484b9bc381993df6c0e3f5bf89c23?s=96&d=mm&r=g","url":"https:\/\/secure.gravatar.com\/avatar\/1d3e4f4c4a0d129f7ed4838ea20c33760c2484b9bc381993df6c0e3f5bf89c23?s=96&d=mm&r=g","contentUrl":"https:\/\/secure.gravatar.com\/avatar\/1d3e4f4c4a0d129f7ed4838ea20c33760c2484b9bc381993df6c0e3f5bf89c23?s=96&d=mm&r=g","caption":"R\u00e9daction R C"},"sameAs":["http:\/\/www.radiocastor.com"],"url":"https:\/\/www.radiocastor.com\/index.php\/author\/radio-castor\/"}]}},"uagb_featured_image_src":{"full":["https:\/\/www.radiocastor.com\/wp-content\/uploads\/2022\/04\/francophonie-3.jpg",500,368,false],"thumbnail":["https:\/\/www.radiocastor.com\/wp-content\/uploads\/2022\/04\/francophonie-3-150x150.jpg",150,150,true],"medium":["https:\/\/www.radiocastor.com\/wp-content\/uploads\/2022\/04\/francophonie-3-300x221.jpg",300,221,true],"medium_large":["https:\/\/www.radiocastor.com\/wp-content\/uploads\/2022\/04\/francophonie-3.jpg",500,368,false],"large":["https:\/\/www.radiocastor.com\/wp-content\/uploads\/2022\/04\/francophonie-3.jpg",500,368,false],"1536x1536":["https:\/\/www.radiocastor.com\/wp-content\/uploads\/2022\/04\/francophonie-3.jpg",500,368,false],"2048x2048":["https:\/\/www.radiocastor.com\/wp-content\/uploads\/2022\/04\/francophonie-3.jpg",500,368,false],"newsever-slider-full":["https:\/\/www.radiocastor.com\/wp-content\/uploads\/2022\/04\/francophonie-3.jpg",500,368,false],"newsever-featured":["https:\/\/www.radiocastor.com\/wp-content\/uploads\/2022\/04\/francophonie-3.jpg",500,368,false],"newsever-medium":["https:\/\/www.radiocastor.com\/wp-content\/uploads\/2022\/04\/francophonie-3.jpg",500,368,false]},"uagb_author_info":{"display_name":"R\u00e9daction R C","author_link":"https:\/\/www.radiocastor.com\/index.php\/author\/radio-castor\/"},"uagb_comment_info":0,"uagb_excerpt":"L\u2019\u00e9pisode 32 marque la fin de l&rsquo;ann\u00e9e, et nous avons tenu \u00e0 vous offrir un...","_links":{"self":[{"href":"https:\/\/www.radiocastor.com\/index.php\/wp-json\/wp\/v2\/posts\/10429","targetHints":{"allow":["GET"]}}],"collection":[{"href":"https:\/\/www.radiocastor.com\/index.php\/wp-json\/wp\/v2\/posts"}],"about":[{"href":"https:\/\/www.radiocastor.com\/index.php\/wp-json\/wp\/v2\/types\/post"}],"author":[{"embeddable":true,"href":"https:\/\/www.radiocastor.com\/index.php\/wp-json\/wp\/v2\/users\/1"}],"replies":[{"embeddable":true,"href":"https:\/\/www.radiocastor.com\/index.php\/wp-json\/wp\/v2\/comments?post=10429"}],"version-history":[{"count":8,"href":"https:\/\/www.radiocastor.com\/index.php\/wp-json\/wp\/v2\/posts\/10429\/revisions"}],"predecessor-version":[{"id":10442,"href":"https:\/\/www.radiocastor.com\/index.php\/wp-json\/wp\/v2\/posts\/10429\/revisions\/10442"}],"wp:featuredmedia":[{"embeddable":true,"href":"https:\/\/www.radiocastor.com\/index.php\/wp-json\/wp\/v2\/media\/1476"}],"wp:attachment":[{"href":"https:\/\/www.radiocastor.com\/index.php\/wp-json\/wp\/v2\/media?parent=10429"}],"wp:term":[{"taxonomy":"category","embeddable":true,"href":"https:\/\/www.radiocastor.com\/index.php\/wp-json\/wp\/v2\/categories?post=10429"},{"taxonomy":"post_tag","embeddable":true,"href":"https:\/\/www.radiocastor.com\/index.php\/wp-json\/wp\/v2\/tags?post=10429"}],"curies":[{"name":"wp","href":"https:\/\/api.w.org\/{rel}","templated":true}]}}