{"id":10163,"date":"2024-11-05T17:01:22","date_gmt":"2024-11-05T16:01:22","guid":{"rendered":"https:\/\/www.radiocastor.com\/?p=10163"},"modified":"2024-12-04T16:55:09","modified_gmt":"2024-12-04T15:55:09","slug":"chronique-de-la-chanson-francaise-episode-31","status":"publish","type":"post","link":"https:\/\/www.radiocastor.com\/index.php\/chronique-de-la-chanson-francaise-episode-31\/","title":{"rendered":"Chronique de la chanson fran\u00e7aise, l&rsquo;\u00e9pisode 31 r\u00e9v\u00e8le de vrais talents !"},"content":{"rendered":"\n<p>Derni\u00e8re ligne droite avant la fin de l&rsquo;ann\u00e9e, et nous avons re\u00e7ues de vraies p\u00e9pites, mais au milieu de myriades de morceaux ind\u00e9sirables&#8230;<br>Alors juste comme \u00e7a, on vous rappelle que nous ne supportons pas les voix d\u00e9form\u00e9es, que ce soit par vocoder, autotune, o\u00f9 n&rsquo;importe quel autre effet masquant la puret\u00e9 naturelle de la voix; que nous ne sommes pas fans de rap, hip-hop, slam, ou tout autre genre d&rsquo;urban-music; que nous ne voulons pas \u00e9couter de musique religieuse (quelque soit le dieu&#8230;), et que 90% des chansons de No\u00ebl en font partie; que nous ne relayons pas non plus de pistes instrumentales&#8230; et enfin, que nous \u00e9coutons en priorit\u00e9 les morceaux envoy\u00e9s par nos partenaires Groover et SubitHub, non pas pour glaner un euro par-ci par-l\u00e0, mais parce que les artistes passant par ces plateformes croient plus en leur musique que ceux qui ont peur de s&rsquo;y risquer, et que de notre exp\u00e9rience, la qualit\u00e9 est plus fr\u00e9quemment au rendez-vous (aujourd&rsquo;hui, faute de temps, nous ne parvenons pas \u00e0 \u00e9couter plus de 5% des morceaux envoy\u00e9s spontan\u00e9ment, par mail ou via les r\u00e9seaux sociaux).<br>Cette petite piqure de rappel pour vous \u00e9viter de faux espoirs de diffusion, et les pertes de temps qui vont avec, pour vous comme pour nous.<br>C&rsquo;est ainsi que notre 31\u00e8me \u00e9pisode de la chanson fran\u00e7aise repr\u00e9sente une s\u00e9lection qui nous plait \u00e9norm\u00e9ment, et qui correspond aux go\u00fbts de ceux qui nous suivent !<br>Alors, profitez-en bien&#8230;<\/p>\n\n\n\n<p><em>A \u00e9couter sur <a href=\"https:\/\/www.radiocastor.com\/index.php\/playlist\/\" target=\"_blank\" rel=\"noreferrer noopener\">nos playlists<\/a> !<\/em><\/p>\n\n\n\n<h2 class=\"wp-block-heading has-luminous-vivid-orange-color has-text-color has-link-color wp-elements-f2c5372b253199d07e9fbb10cc004a63\">LISV : \u201cJe t&#8217;emm\u00e8ne\u201d<\/h2>\n\n\n\n<p>LISV dit LISA, est une artiste autodidacte, auteure-compositrice-interpr\u00e8te.<br>Plut\u00f4t dans un style Pop, vari\u00e9t\u00e9 fran\u00e7aise, elle souhaite rester libre dans son choix de style musical et \u00ab&nbsp;s\u2019amuser \u00e0 aller l\u00e0 o\u00f9 son c\u0153ur l\u2019entra\u00eene&nbsp;\u00bb.<br>D\u2019origine Guadeloup\u00e9enne, on est s\u00e9duit par son timbre de voix cristallin, envelopp\u00e9 de douceur et sa grande sensibilit\u00e9.<br>Initi\u00e9e \u00e0 divers genre musical, elle informe que c\u2019est en partie ces origines Carib\u00e9enne qui lui ont permis d\u2019avoir une influence musicale de tout genre et elle remercie sa famille d\u2019avoir cultiv\u00e9 cette richesse. Elle d\u00e9couvre la composition et commence l&rsquo;\u00e9criture \u00e0 14 ans quand sa m\u00e8re lui offre son premier piano. La musique est pour elle une source de r\u00e9confort, un refuge \u00e0 travers lequel elle trouve un moyen de s\u2019exprimer et de s\u2019\u00e9vader.<\/p>\n\n\n\n<p style=\"text-align: center;\"><iframe loading=\"lazy\" width=\"560\" height=\"315\" src=\"https:\/\/www.youtube.com\/embed\/xEZDUFqvWcg?si=PmJ2ivJ0VZxVOOtr\" title=\"YouTube video player\" frameborder=\"0\" allow=\"accelerometer; autoplay; clipboard-write; encrypted-media; gyroscope; picture-in-picture; web-share\" referrerpolicy=\"strict-origin-when-cross-origin\" allowfullscreen><\/iframe><\/p>\n\n\n\n<p class=\"has-text-align-center\"><a href=\"https:\/\/www.facebook.com\/LISVOFF\" target=\"_blank\" rel=\"noreferrer noopener\">Facebook<\/a> &#8211; <a href=\"https:\/\/www.instagram.com\/lisv_officiel\" target=\"_blank\" rel=\"noreferrer noopener\">Instagram<\/a><\/p>\n\n\n\n<h2 class=\"wp-block-heading has-luminous-vivid-orange-color has-text-color has-link-color wp-elements-de9d584e71f53d3d6772169d826b385a\">Hum Hum : \u201cLa maison sauvage\u201d<\/h2>\n\n\n\n<p>Rencontr\u00e9s sur un tournage de film, Sophie Verbeeck, paroli\u00e8re, chanteuse et actrice d&rsquo;origine belge, et Bernard Tanguy, r\u00e9alisateur, compositeur et musicien (sous le nom BT93) forment en 2019 le duo musical Hum Hum.<br>\u00ab\u00a0La maison sauvage\u00a0\u00bb est extrait de leur deuxi\u00e8me album, \u00ab\u00a0Le prince de Cendres\u00a0\u00bb, qui confirme les influences Prog-pop, y compris dans l&rsquo;artwork, avec parfois une touche de techno.<br>Port\u00e9 par la voix lyrique de Sophie et l&rsquo;utilisation de vrais instruments dont un violon, un alto et une trompette, ce nouvel opus d\u00e9livre une pop fran\u00e7aise originale, authentique et \u00e9volutive.<br>Plus qu\u2019une maison, \u00ab\u00a0La maison sauvage\u00a0\u00bb est un espace mental.<br>Ce qu\u2019on b\u00e2tit avec son c\u0153ur et son intelligence pour que \u00ab l\u2019amour r\u00e9siste \u00e0 nos ravages \u00bb.<br>La musique est d\u2019inspiration new wave avec un solo de guitare \u00e0 la fin (de Fran\u00e7ois Poggio, guitariste d&rsquo;Etienne Daho).<\/p>\n\n\n\n<p style=\"text-align: center;\"><iframe loading=\"lazy\" width=\"560\" height=\"315\" src=\"https:\/\/www.youtube.com\/embed\/lBfyGMKPugA?si=Ljj4f0JhRC33d0Kk\" title=\"YouTube video player\" frameborder=\"0\" allow=\"accelerometer; autoplay; clipboard-write; encrypted-media; gyroscope; picture-in-picture; web-share\" referrerpolicy=\"strict-origin-when-cross-origin\" allowfullscreen><\/iframe><\/p>\n\n\n\n<p class=\"has-text-align-center\"><a href=\"https:\/\/www.facebook.com\/humhum.music\" target=\"_blank\" rel=\"noreferrer noopener\">Facebook<\/a> &#8211; <a href=\"https:\/\/www.instagram.com\/hum_hum.music\" target=\"_blank\" rel=\"noreferrer noopener\">Instagram<\/a> &#8211; <a href=\"https:\/\/www.instagram.com\/sophie.verbeeck\" target=\"_blank\" rel=\"noreferrer noopener\">Instagram<\/a> &#8211; <a href=\"https:\/\/www.instagram.com\/bt93.music\" target=\"_blank\" rel=\"noreferrer noopener\">Instagram<\/a><\/p>\n\n\n\n<h2 class=\"wp-block-heading has-luminous-vivid-orange-color has-text-color has-link-color wp-elements-22494da120bfc4dee01c656c381d9a23\">Julien Fontana et Mystic Firm : \u201cJe sais que c\u2019est toi\u201d<\/h2>\n\n\n\n<p>Julien Fontana est un artiste, producteur, et guitariste avec Mystic Firm, un collectif de Reggae Francais.<br>Une m\u00e9lodie entrainante et des riffs de guitare envoutants, \u00ab Je sais que c\u2019est toi \u00bb est un titre radieux et palpitant aux sonorit\u00e9s jama\u00efcaines, \u00ab Roots \u00bb et chaleureux, qui sonne comme une d\u00e9claration d\u2019amour.<br>Pour ce titre, Julien Fontana s\u2019est entour\u00e9 de musiciens de grande renomm\u00e9e comme Kubix \u00e0 la guitare, Mato Cirade \u00e0 la basse et Simon Saymon Roger Coutant \u00e0 la batterie&#8230;<br>Mix\u00e9 et masteris\u00e9 par Sebastien Houot du \u00ab Wise Studio \u00bb, la production est de grande qualit\u00e9.<br>Le clip r\u00e9alis\u00e9 par Marc Landers, tourn\u00e9 entre La d\u00e9fense et le Jardin des plantes \u00e0 Paris, illustre \u00e0 merveille l\u2019\u00e9nergie d\u00e9gag\u00e9e par ce nouveau single. Dans la vid\u00e9o, le chanteur est accompagn\u00e9 de l\u2019actrice Alix B\u00e9n\u00e9zech.<\/p>\n\n\n\n<p style=\"text-align: center;\"><iframe loading=\"lazy\" width=\"560\" height=\"315\" src=\"https:\/\/www.youtube.com\/embed\/Xu2q0a4_xcw?si=fcjfieWvEeNbGNm0\" title=\"YouTube video player\" frameborder=\"0\" allow=\"accelerometer; autoplay; clipboard-write; encrypted-media; gyroscope; picture-in-picture; web-share\" referrerpolicy=\"strict-origin-when-cross-origin\" allowfullscreen><\/iframe><\/p>\n\n\n\n<p class=\"has-text-align-center\"><a href=\"https:\/\/www.facebook.com\/mysticfirm\" target=\"_blank\" rel=\"noreferrer noopener\">Facebook<\/a> &#8211; <a href=\"https:\/\/www.instagram.com\/mystic_firm\" target=\"_blank\" rel=\"noreferrer noopener\">Instagram<\/a> &#8211; <a href=\"https:\/\/twitter.com\/mysticfirm\" target=\"_blank\" rel=\"noreferrer noopener\">Twitter<\/a><\/p>\n\n\n\n<h2 class=\"wp-block-heading has-luminous-vivid-orange-color has-text-color has-link-color wp-elements-9fa1cd828e3b8ab764b5968f645c378d\">Wepa Wepa : \u201cQuand est ce qu&rsquo;on fait la f\u00eate\u201d<\/h2>\n\n\n\n<p>De l&rsquo;espoir, de l\u2019amour, du partage, voici l\u2019essence m\u00eame de la Pop\u2019n\u2019Joy invent\u00e9e par Wepa Wepa il y a 10 ans, transmise dans une bienveillance et une g\u00e9n\u00e9rosit\u00e9 assum\u00e9e qui vous mettent en joie.<br>Sur des textes enjou\u00e9s et po\u00e9tiques, port\u00e9s par une musique dansante et joyeuse, cinq musicien.ne.s entra\u00eenent les spectateurs les plus calmes \u00e0 virevolter sur des airs de violon exalt\u00e9s et des riffs de guitare fr\u00e9n\u00e9tiques.<br>Entre Pop et chanson fran\u00e7aise, Wepa Wepa met du sourire sur tous ses instruments, entrelac\u00e9s autour de textes et de compositions originales.<br>Ils viennent de ressortir leur ancien titre dans une version radio-edit, accompagn\u00e9e d&rsquo;une vid\u00e9o dont l\u2019ambiance intemporelle se joint aux paroles porteuse d&rsquo;espoir du titre pour nous plonger \u00e0 la fois dans une nostalgie douce-am\u00e8re et dans un \u00e9lan euphorique de Vie.<\/p>\n\n\n\n<p style=\"text-align: center;\"><iframe loading=\"lazy\" width=\"560\" height=\"315\" src=\"https:\/\/www.youtube.com\/embed\/9ueCoEh_lMA?si=dpN3kWFUZZmZnvuN\" title=\"YouTube video player\" frameborder=\"0\" allow=\"accelerometer; autoplay; clipboard-write; encrypted-media; gyroscope; picture-in-picture; web-share\" referrerpolicy=\"strict-origin-when-cross-origin\" allowfullscreen><\/iframe><\/p>\n\n\n\n<p class=\"has-text-align-center\"><a href=\"https:\/\/www.facebook.com\/wepawepaofficiel\" target=\"_blank\" rel=\"noreferrer noopener\">Facebook<\/a> &#8211; <a href=\"https:\/\/www.instagram.com\/wepawepaofficiel\" target=\"_blank\" rel=\"noreferrer noopener\">Instagram<\/a><\/p>\n\n\n\n<h2 class=\"wp-block-heading has-luminous-vivid-orange-color has-text-color has-link-color wp-elements-9e1b4e745bb9b9af01688a45f175da50\">Meimuna : \u201cPr\u00e8s du littoral\u201d<\/h2>\n\n\n\n<p>Fond\u00e9 en 2016 par la chanteuse et guitariste Cyrielle Formaz, Meimuna s\u2019est impos\u00e9 comme l\u2019un des projets musicaux les plus pr\u00e9cieux de la sc\u00e8ne suisse et europ\u00e9enne.<br>Jouant avec les fronti\u00e8res musicales et linguistiques, elle se situe aux confins du folk anglo-saxon et de la po\u00e9sie fran\u00e7aise, explorant un territoire d\u2019expression d\u00e9licat et fragile que peu d\u2019artistes savent cultiver avec autant de gr\u00e2ce.<br><strong>\u00ab\u00a0<\/strong>Pr\u00e8s du littoral<strong>\u00ab\u00a0<\/strong> \u00e9voque une qu\u00eate \u00e9motionnelle au bord de la mer.<br>\u00c0 travers des images puissantes de vagues et de fant\u00f4mes, l&rsquo;artiste explore la m\u00e9moire et le souvenir, interrogeant le lien entre le pass\u00e9 et le pr\u00e9sent.<br>Les paroles, empreintes de m\u00e9lancolie, nous invitent \u00e0 r\u00e9fl\u00e9chir sur ceux qui nous ont quitt\u00e9s et sur les secrets partag\u00e9s dans nos r\u00eaves. Une \u0153uvre po\u00e9tique et touchante.<\/p>\n\n\n\n<p style=\"text-align: center;\"><iframe loading=\"lazy\" width=\"560\" height=\"315\" src=\"https:\/\/www.youtube.com\/embed\/jb8vyTY8iVk?si=AY8bpj9TgAgyg2GU\" title=\"YouTube video player\" frameborder=\"0\" allow=\"accelerometer; autoplay; clipboard-write; encrypted-media; gyroscope; picture-in-picture; web-share\" referrerpolicy=\"strict-origin-when-cross-origin\" allowfullscreen><\/iframe><\/p>\n\n\n\n<p class=\"has-text-align-center\"><a href=\"https:\/\/www.facebook.com\/IamMeimuna\" target=\"_blank\" rel=\"noreferrer noopener\">Facebook<\/a> &#8211; <a href=\"https:\/\/www.instagram.com\/meimuna.music\" target=\"_blank\" rel=\"noreferrer noopener\">Instagram<\/a><\/p>\n\n\n\n<h2 class=\"wp-block-heading has-luminous-vivid-orange-color has-text-color has-link-color wp-elements-9aea62cb75c7e16acccde261c82a0c12\">Thierry Obadia : \u201cMes Amis\u201d<\/h2>\n\n\n\n<p>Thierry Obadia est un acteur et r\u00e9alisateur de cin\u00e9ma de la r\u00e9gion de Toulouse.<br>Il est \u00e9galement auteur, compositeur et interpr\u00e8te, et profite de la tourn\u00e9e nationale pour la sortie de mon dernier long m\u00e9trage \u00ab&nbsp;Sur mon chemin&nbsp;\u00bb, pour \u00e9galement assurer la promotion de ses chansons, qui lors de ces soir\u00e9es, seront jou\u00e9s avant et apr\u00e8s le film.<br>\u00ab\u00a0Mes Amis\u00a0\u00bb est un titre m\u00ealant chanson \u00e0 texte et piano voix.<\/p>\n\n\n\n<p style=\"text-align: center;\"><iframe loading=\"lazy\" width=\"560\" height=\"315\" src=\"https:\/\/www.youtube.com\/embed\/VDq3NlQoXdA?si=Gd1HObrpRMf5N_UH\" title=\"YouTube video player\" frameborder=\"0\" allow=\"accelerometer; autoplay; clipboard-write; encrypted-media; gyroscope; picture-in-picture; web-share\" referrerpolicy=\"strict-origin-when-cross-origin\" allowfullscreen><\/iframe><\/p>\n\n\n\n<p class=\"has-text-align-center\"><a href=\"https:\/\/www.facebook.com\/thierry.obadia.page.pro\" target=\"_blank\" rel=\"noreferrer noopener\">Facebook<\/a> &#8211; <a href=\"https:\/\/www.instagram.com\/obadia.thierry\" target=\"_blank\" rel=\"noreferrer noopener\">Instagram<\/a><\/p>\n\n\n\n<h2 class=\"wp-block-heading has-luminous-vivid-orange-color has-text-color has-link-color wp-elements-eff629b86eb24442a0a9227a2ae002a2\">Francis \u00a0\u00bbFrizz\u00a0\u00bb Larouche : \u201cBonjour matin\u201d<\/h2>\n\n\n\n<p>Francis \u00ab Frizz \u00bb Larouche est un auteur-compositeur-interpr\u00e8te canadien qui fusionne habilement pop-rock alternatif et sensibilit\u00e9 po\u00e9tique.<br>Passionn\u00e9 de musique depuis l\u2019enfance, il enregistre un premier EP instrumental \u00e0 seulement 15 ans.<br>Apr\u00e8s un DEC en piano jazz au C\u00e9gep de Trois-Rivi\u00e8res, il poursuit sa formation \u00e0 l&rsquo;\u00c9cole nationale de la chanson, o\u00f9 il perfectionne ses talents d&rsquo;auteur-compositeur et d\u00e9veloppe une signature sonore unique.<br>Influenc\u00e9 par des artistes comme Louis-Jean Cormier, Robert Charlebois et Daniel B\u00e9langer, il lance en octobre sa premi\u00e8re chanson\u202f: \u00ab Bonjour matin \u00bb, une ode authentique \u00e0 la qu\u00eate de libert\u00e9, pour tous celles et ceux qui cherchent le courage de quitter un milieu qui ne leur permet pas d&rsquo;\u00eatre eux-m\u00eames !<\/p>\n\n\n\n<p style=\"text-align: center;\"><iframe loading=\"lazy\" width=\"560\" height=\"315\" src=\"https:\/\/www.youtube.com\/embed\/TpPjs_8k9sg?si=JlRWsGZ7A_0_LGN6\" title=\"YouTube video player\" frameborder=\"0\" allow=\"accelerometer; autoplay; clipboard-write; encrypted-media; gyroscope; picture-in-picture; web-share\" referrerpolicy=\"strict-origin-when-cross-origin\" allowfullscreen><\/iframe><\/p>\n\n\n\n<p class=\"has-text-align-center\"><a href=\"https:\/\/www.facebook.com\/profile.php?id=61558491065667\" target=\"_blank\" rel=\"noreferrer noopener\">Facebook<\/a> &#8211; <a href=\"https:\/\/www.instagram.com\/Francisfrizzlarouche\" target=\"_blank\" rel=\"noreferrer noopener\">Instagram<\/a><\/p>\n\n\n\n<h2 class=\"wp-block-heading has-luminous-vivid-orange-color has-text-color has-link-color wp-elements-ad3e7e2fa68618a35ab37ddb6e910c43\">Andy St-Louis : \u201cNouvelle chanson (l\u00e0 c&rsquo;est vrai)\u201c<\/h2>\n\n\n\n<p>La canadienne montr\u00e9alaise Andy St-Louis, c&rsquo;est un univers Pop-Cabaret-Sympathique ponctu\u00e9 d&rsquo;histoires, d&rsquo;anecdotes, d&rsquo;un soup\u00e7on de vuln\u00e9rabilit\u00e9 et d&rsquo;une bonne dose de sourires.<br>Elle a lanc\u00e9 son tout premier album au printemps 2019, et a fait le tour du Qu\u00e9bec avec son piano et ce mini-album, \u00ab\u00a0Petit bout de femme\u00a0\u00bb, et a partag\u00e9 les planches avec Marie-Pierre Arthur, Patrick Norman, Pascal Picard, Lisa LeBlanc, Sally Folk, Karim Ouellet pour n\u2019en nommer que quelques-uns.<br>Et comme son nom l&rsquo;indique, \u00ab\u00a0Nouvelle chanson (l\u00e0 c&rsquo;est vrai)\u00a0\u00bb, est une nouvelle chanson rock humoristique&#8230;<\/p>\n\n\n\n<p style=\"text-align: center;\"><iframe loading=\"lazy\" width=\"560\" height=\"315\" src=\"https:\/\/www.youtube.com\/embed\/WRJq9SLSw0Q?si=J1ECSXxYccQCn7UC\" title=\"YouTube video player\" frameborder=\"0\" allow=\"accelerometer; autoplay; clipboard-write; encrypted-media; gyroscope; picture-in-picture; web-share\" referrerpolicy=\"strict-origin-when-cross-origin\" allowfullscreen><\/iframe><\/p>\n\n\n\n<p class=\"has-text-align-center\"><a href=\"https:\/\/www.facebook.com\/stlouisandy\" target=\"_blank\" rel=\"noreferrer noopener\">Facebook<\/a> &#8211; <a href=\"https:\/\/www.instagram.com\/andystlouisofficiel\" target=\"_blank\" rel=\"noreferrer noopener\">Instagram<\/a> &#8211; <a href=\"https:\/\/twitter.com\/AndyTheFrenchy\" target=\"_blank\" rel=\"noreferrer noopener\">Twitter<\/a><\/p>\n\n\n\n<h2 class=\"wp-block-heading has-luminous-vivid-orange-color has-text-color has-link-color wp-elements-da05cc73557149ddd64fc77248ec681e\">Etats d\u2019ame : \u201cOn oublie tout\u201d<\/h2>\n\n\n\n<p>Groupe Pop Rock Fran\u00e7ais originaire de l\u2019est de la France influenc\u00e9 par les ann\u00e9es 70 au style tr\u00e8s vari\u00e9s, la base du groupe est form\u00e9e en 2018 par le trio d\u2019auteur compositeur Jos\u00e9 Brignoli, Philippe Michel et Julien Sicuri rejoint par le Guitariste Sterpi le Basiste Michel Roth et le batteur Donovan Robert.<br><strong>\u00ab\u00a0<\/strong>On oublie tout<strong>\u00ab\u00a0<\/strong> \u00e9voque un d\u00e9sir de l\u00e9g\u00e8ret\u00e9 et d&rsquo;\u00e9vasion face aux tracas du quotidien. Avec des m\u00e9lodies entra\u00eenantes et des paroles introspectives, elle invite l&rsquo;auditeur \u00e0 se lib\u00e9rer des pr\u00e9occupations et \u00e0 savourer l&rsquo;instant pr\u00e9sent.<br>Ce morceau, \u00e0 la fois m\u00e9lancolique et joyeux, r\u00e9sonne comme un hymne \u00e0 la r\u00e9silience et \u00e0 l&rsquo;optimisme.<\/p>\n\n\n\n<p style=\"text-align: center;\"><iframe loading=\"lazy\" width=\"560\" height=\"315\" src=\"https:\/\/www.youtube.com\/embed\/-C0kkLwxVTc?si=JcC2LjXb9_y5YVT9\" title=\"YouTube video player\" frameborder=\"0\" allow=\"accelerometer; autoplay; clipboard-write; encrypted-media; gyroscope; picture-in-picture; web-share\" referrerpolicy=\"strict-origin-when-cross-origin\" allowfullscreen><\/iframe><\/p>\n\n\n\n<p class=\"has-text-align-center\"><a href=\"https:\/\/www.facebook.com\/profile.php?id=100076107330535\" target=\"_blank\" rel=\"noreferrer noopener\">Facebook<\/a> &#8211; <a href=\"https:\/\/www.instagram.com\/etatsdamemusique\" target=\"_blank\" rel=\"noreferrer noopener\">Instagram<\/a><\/p>\n\n\n\n<h2 class=\"wp-block-heading has-luminous-vivid-orange-color has-text-color has-link-color wp-elements-b8a85053c7168166d53f3f16940b23f3\">Samuel Zachmann : \u201cLes Mots Qui Blessent\u201d<\/h2>\n\n\n\n<p>N\u00e9 en r\u00e9gion parisienne, Samuel Zachmann est un auteur-compositeur, guitariste et chanteur, ancr\u00e9 dans la tradition de la chanson fran\u00e7aise.<br>Il est \u00e9galement l&rsquo;arrangeur de ses propres morceaux, proposant des compositions riches et personnelles qui s\u2019inscrivent dans le paysage de la vari\u00e9t\u00e9 fran\u00e7aise.<br>Parmi ses influences majeures, on retrouve des figures embl\u00e9matiques telles que Jean-Jacques Goldman, Michel Berger, Charles Aznavour, Francis Cabrel et Maxime Le Forestier.<br>\u00ab\u00a0Les mots qui blessent\u00a0\u00bb marque une nouvelle \u00e9tape dans son parcours artistique.<br>Cette chanson aborde avec sensibilit\u00e9 et \u00e9motion les th\u00e8mes de la communication et de ses impacts dans les relations humaines.<\/p>\n\n\n\n<p style=\"text-align: center;\"><iframe loading=\"lazy\" width=\"560\" height=\"315\" src=\"https:\/\/www.youtube.com\/embed\/pZXiREXRCb0?si=FdJWICPJVja7R2pJ\" title=\"YouTube video player\" frameborder=\"0\" allow=\"accelerometer; autoplay; clipboard-write; encrypted-media; gyroscope; picture-in-picture; web-share\" referrerpolicy=\"strict-origin-when-cross-origin\" allowfullscreen><\/iframe><\/p>\n\n\n\n<p class=\"has-text-align-center\"><a href=\"https:\/\/www.facebook.com\/profile.php?id=61565994586931\" target=\"_blank\" rel=\"noreferrer noopener\">Facebook<\/a> &#8211; <a href=\"https:\/\/www.instagram.com\/samuel_zachmann\" target=\"_blank\" rel=\"noreferrer noopener\">Instagram<\/a><\/p>\n\n\n\n<h2 class=\"wp-block-heading has-luminous-vivid-orange-color has-text-color has-link-color wp-elements-f5e89f0029bea50f51e4b37a9d74d889\">Moki : \u201cBonnie\u201d<\/h2>\n\n\n\n<p>Moki offre une pop rock douce-am\u00e8re, o\u00f9 les m\u00e9lodies enveloppent et les paroles captivent.<br>Compos\u00e9 de C\u00f4me, Lucas, Thibaut, et Johan, Moki fusionnent leurs univers pour cr\u00e9er une identit\u00e9 sonore unique.<br>Dans leurs bagages, ils apportent l\u2019ironie subtile de l&rsquo;indie pop qu\u00e9b\u00e9coise (Comment Debord, Hubert Lenoir), les beats impr\u00e9visibles de BadBadNotGood, et une fascination commune pour les textes cisel\u00e9s de Brigitte Fontaine et l\u2019avant-garde de Flavien Berger et Bonnie Banane.<br>Moki, c\u2019est aussi un voyage dans les ann\u00e9es 2000, o\u00f9 les guitares chorus\u00e9es \u00e0 la Conan Mockasin se m\u00ealent \u00e0 des textes profonds, inspir\u00e9s par Bashung et Disiz La Peste.<br>Chaque morceau est une invitation \u00e0 explorer des \u00e9motions brutes, des histoires o\u00f9 la nostalgie flirte avec la l\u00e9g\u00e8ret\u00e9.<br>\u00ab\u00a0Bonnie\u00a0\u00bb est une ballade qui raconte comment tu peux vriller et tomber amoureux de quelqu&rsquo;un que tu connais pas.<\/p>\n\n\n\n<p style=\"text-align: center;\"><iframe loading=\"lazy\" width=\"560\" height=\"315\" src=\"https:\/\/www.youtube.com\/embed\/pTyXSG2tpwk?si=o-kmIrPihLgNDKlh\" title=\"YouTube video player\" frameborder=\"0\" allow=\"accelerometer; autoplay; clipboard-write; encrypted-media; gyroscope; picture-in-picture; web-share\" referrerpolicy=\"strict-origin-when-cross-origin\" allowfullscreen><\/iframe><\/p>\n\n\n\n<p class=\"has-text-align-center\"><a href=\"https:\/\/www.instagram.com\/moki.musique\" target=\"_blank\" rel=\"noreferrer noopener\">Instagram<\/a><\/p>\n\n\n\n<h2 class=\"wp-block-heading has-luminous-vivid-orange-color has-text-color has-link-color wp-elements-3f6d349ba2fb610e4a7d0b72570bc5ee\">2 Lunes : \u201cJe ressens\u201d<\/h2>\n\n\n\n<p>Duo Pop Rock compos\u00e9 de Lola au chant et de Syl au chant et \u00e0 la guitare.<br>Un nom qui leur ressemble pour leur trait commun \u00e0 \u00eatre toujours un peu dans la lune.<br>Deux personnes un peu \u00e0 l&rsquo;ouest qui veulent poursuivre leur r\u00eave.<br>L&rsquo;\u00e9nergie de 2 Lunes tout droit sortie du Rock aux empreintes teint\u00e9es de Pop r\u00e9v\u00e8le leur univers color\u00e9.<br>\u00c0 travers leur fra\u00eecheur ce duo explosif est une promesse d&rsquo;un renouveau du pop-rock Fran\u00e7ais.<br>\u00ab\u00a0Je Ressens\u00a0\u00bb est un titre extrait de leur premier EP de 5 titres, \u00ab\u00a0A L&rsquo;Ouest\u00a0\u00bb.<\/p>\n\n\n\n<p style=\"text-align: center;\"><iframe loading=\"lazy\" width=\"560\" height=\"315\" src=\"https:\/\/www.youtube.com\/embed\/70DZklEMnk4?si=O4n5iMghotfXESA2\" title=\"YouTube video player\" frameborder=\"0\" allow=\"accelerometer; autoplay; clipboard-write; encrypted-media; gyroscope; picture-in-picture; web-share\" referrerpolicy=\"strict-origin-when-cross-origin\" allowfullscreen><\/iframe><\/p>\n\n\n\n<p class=\"has-text-align-center\"><a href=\"https:\/\/www.facebook.com\/profile.php?id=100047660806341\" target=\"_blank\" rel=\"noreferrer noopener\">Facebook<\/a> &#8211; <a href=\"https:\/\/www.instagram.com\/2_lunes_music\" target=\"_blank\" rel=\"noreferrer noopener\">Instagram<\/a> &#8211; <a href=\"https:\/\/twitter.com\/maggie_mister\" target=\"_blank\" rel=\"noreferrer noopener\">Twitter<\/a><\/p>\n\n\n\n<h2 class=\"wp-block-heading has-luminous-vivid-orange-color has-text-color has-link-color wp-elements-15ccbb0fefbeed60eb5967bc00d6f9b3\">Jac Livenais : \u201cJe touche un arbre\u201d<\/h2>\n\n\n\n<p>Originaire des Pays de la Loire, Jac Livenais nous revient avec des nouvelles chansons emplies de gaiet\u00e9 et de douceur, pour parcourir avec les enfants l&rsquo;ann\u00e9e qui passe au fil des saisons.<br>Un hymne \u00e0 la nature mais pas que, , un calendrier musical que l&rsquo;enfant prendra plaisir \u00e0 d\u00e9couvrir chaque mois \u00e0 la maison ou \u00e0 l&rsquo;\u00e9cole.<br>Jac Livenais \u00e9voque les variations climatiques rythmant mois et saisons, mais c\u00e9l\u00e8bre aussi les \u00e9v\u00e9nements temporels comme No\u00ebl, la f\u00eate des p\u00e8res\u2026<br>Le choix d&rsquo;instrumentations naturelles, simples et bois\u00e9es, souligne l&rsquo;attention port\u00e9e aux \u00e9l\u00e9ments.<\/p>\n\n\n\n<p style=\"text-align: center;\"><iframe loading=\"lazy\" width=\"560\" height=\"315\" src=\"https:\/\/www.youtube.com\/embed\/8YNpbVozTbw?si=pqVl5F44arwOQruC\" title=\"YouTube video player\" frameborder=\"0\" allow=\"accelerometer; autoplay; clipboard-write; encrypted-media; gyroscope; picture-in-picture; web-share\" referrerpolicy=\"strict-origin-when-cross-origin\" allowfullscreen><\/iframe><\/p>\n\n\n\n<p class=\"has-text-align-center\"><a href=\"https:\/\/www.facebook.com\/jaclivenais\" target=\"_blank\" rel=\"noreferrer noopener\">Facebook<\/a> &#8211; <a href=\"https:\/\/www.instagram.com\/jaclivenais\" target=\"_blank\" rel=\"noreferrer noopener\">Instagram<\/a> &#8211; <a href=\"https:\/\/twitter.com\/LivenaisJac\" target=\"_blank\" rel=\"noreferrer noopener\">Twitter<\/a><\/p>\n\n\n\n<h2 class=\"wp-block-heading has-luminous-vivid-orange-color has-text-color has-link-color wp-elements-2bb9a43222c5724b1b5f40d7e539c1fe\">Myriades : \u201cJ\u2019\u00e9crirai encore\u201d<\/h2>\n\n\n\n<p>Naviguant entre le soft-rock, le jazz et le folk, l\u2019auteure-compositrice-interpr\u00e8te canadienne Myriades (aka Myriam Noury) chante l\u2019exp\u00e9rience humaine et le grand voyage int\u00e9rieur tout comme la richesse du quotidien.<br>Elle a fait ses \u00e9tudes en tourisme \u00e0 Trois-Rivi\u00e8res et en Bretagne, habit\u00e9 \u00e0 Vancouver, puis en Australie.<br>Myriades, c\u2019est un monde o\u00f9 chaque chanson appelle son univers sonore, d\u00e9bordant all\u00e8grement du cadre d\u2019un style d\u00e9fini.<br>C\u2019est le go\u00fbt de l\u2019aventure, un d\u00e9sir d\u2019aller ailleurs, plus loin.<br>C\u2019est la volont\u00e9 d\u2019aller \u00e0 la rencontre de soi, \u00e0 la rencontre de l\u2019autre.<br>\u00ab\u00a0J\u2019\u00e9crirai encore\u00a0\u00bb est extrait de l\u2019album \u00ab\u00a0Les bouts d\u2019papier\u00a0\u00bb.<\/p>\n\n\n\n<p style=\"text-align: center;\"><iframe loading=\"lazy\" width=\"560\" height=\"315\" src=\"https:\/\/www.youtube.com\/embed\/6xUs_Zwb9WU?si=PUwSOSm1-dXD4SeH\" title=\"YouTube video player\" frameborder=\"0\" allow=\"accelerometer; autoplay; clipboard-write; encrypted-media; gyroscope; picture-in-picture; web-share\" referrerpolicy=\"strict-origin-when-cross-origin\" allowfullscreen><\/iframe><\/p>\n\n\n\n<p class=\"has-text-align-center\"><a href=\"https:\/\/www.facebook.com\/myriades.musique\" target=\"_blank\" rel=\"noreferrer noopener\">Facebook<\/a> &#8211; <a href=\"https:\/\/www.instagram.com\/myriades.musique\" target=\"_blank\" rel=\"noreferrer noopener\">Instagram<\/a><\/p>\n\n\n\n<h2 class=\"wp-block-heading has-luminous-vivid-orange-color has-text-color has-link-color wp-elements-8c04087c7b29301dad017f27cd93548a\">Stefie Shock : \u201cLes souvenirs se reposent\u201d<\/h2>\n\n\n\n<p>Stefie Shock est un auteur-compositeur-interpr\u00e8te, multi-instrumentiste, r\u00e9alisateur et DJ qu\u00e9b\u00e9cois.<br>Il a publi\u00e9 huit albums depuis 2000.<br>Reconnu et r\u00e9compens\u00e9 pour son travail de composition et d\u2019\u00e9criture, il se d\u00e9marque \u00e9galement sur sc\u00e8ne, o\u00f9 ses concerts ont \u00e9t\u00e9 chaudement accueillis des centaines de fois.<br>Cr\u00e9\u00e9 en 2015, Joli-Bois est un duo pop-folk form\u00e9 de Rapha\u00eblle Lalande et Sonia Cordeau.<br>Musiciennes de l\u2019instinct, elles abordent les th\u00e8mes de l\u2019amour, de l\u2019avenir et de ses grandes promesses, de la rupture amoureuse, de l\u2019amiti\u00e9, des regrets, de la solitude.<br>Avec une \u00e9criture imag\u00e9e et sensible, les deux jeunes femmes proposent des chansons d\u00e9licates, chaleureuses et sinc\u00e8res qu\u2019elles font sonner avec des voix riches et douces.<br>\u00ab\u00a0Les souvenirs se reposent\u00a0\u00bb est une chanson introspective qui \u00e9voque la nostalgie et les souvenirs enfouis qui invite l&rsquo;auditeur \u00e0 r\u00e9fl\u00e9chir sur le passage du temps et l&rsquo;importance des moments partag\u00e9s.<\/p>\n\n\n\n<p style=\"text-align: center;\"><iframe loading=\"lazy\" width=\"560\" height=\"315\" src=\"https:\/\/www.youtube.com\/embed\/DrLtNrXCorM?si=R-3cH1TWq7ueF_3i\" title=\"YouTube video player\" frameborder=\"0\" allow=\"accelerometer; autoplay; clipboard-write; encrypted-media; gyroscope; picture-in-picture; web-share\" referrerpolicy=\"strict-origin-when-cross-origin\" allowfullscreen><\/iframe><\/p>\n\n\n\n<p class=\"has-text-align-center\"><a href=\"https:\/\/www.facebook.com\/StefieShock\" target=\"_blank\" rel=\"noreferrer noopener\">Facebook<\/a> &#8211; <a href=\"https:\/\/www.instagram.com\/stefie_shock\" target=\"_blank\" rel=\"noreferrer noopener\">Instagram<\/a><\/p>\n","protected":false},"excerpt":{"rendered":"<p>Derni\u00e8re ligne droite avant la fin de l&rsquo;ann\u00e9e, et nous avons re\u00e7ues de vraies p\u00e9pites,&#8230;<\/p>\n","protected":false},"author":1,"featured_media":1476,"comment_status":"closed","ping_status":"open","sticky":false,"template":"","format":"standard","meta":{"_uag_custom_page_level_css":"","footnotes":""},"categories":[81],"tags":[],"class_list":["post-10163","post","type-post","status-publish","format-standard","has-post-thumbnail","hentry","category-chanson-francaise"],"yoast_head":"<!-- This site is optimized with the Yoast SEO plugin v27.5 - https:\/\/yoast.com\/product\/yoast-seo-wordpress\/ -->\n<title>Chronique de la chanson fran\u00e7aise, l&#039;\u00e9pisode 31 r\u00e9v\u00e8le de vrais talents ! - Radio Castor<\/title>\n<meta name=\"robots\" content=\"index, follow, max-snippet:-1, max-image-preview:large, max-video-preview:-1\" \/>\n<link rel=\"canonical\" href=\"https:\/\/www.radiocastor.com\/index.php\/chronique-de-la-chanson-francaise-episode-31\/\" \/>\n<meta property=\"og:locale\" content=\"fr_FR\" \/>\n<meta property=\"og:type\" content=\"article\" \/>\n<meta property=\"og:title\" content=\"Chronique de la chanson fran\u00e7aise, l&#039;\u00e9pisode 31 r\u00e9v\u00e8le de vrais talents ! - Radio Castor\" \/>\n<meta property=\"og:description\" content=\"Derni\u00e8re ligne droite avant la fin de l&rsquo;ann\u00e9e, et nous avons re\u00e7ues de vraies p\u00e9pites,...\" \/>\n<meta property=\"og:url\" content=\"https:\/\/www.radiocastor.com\/index.php\/chronique-de-la-chanson-francaise-episode-31\/\" \/>\n<meta property=\"og:site_name\" content=\"Radio Castor\" \/>\n<meta property=\"article:publisher\" content=\"https:\/\/www.facebook.com\/theradiocastor\" \/>\n<meta property=\"article:published_time\" content=\"2024-11-05T16:01:22+00:00\" \/>\n<meta property=\"article:modified_time\" content=\"2024-12-04T15:55:09+00:00\" \/>\n<meta property=\"og:image\" content=\"https:\/\/www.radiocastor.com\/wp-content\/uploads\/2022\/04\/francophonie-3.jpg\" \/>\n\t<meta property=\"og:image:width\" content=\"500\" \/>\n\t<meta property=\"og:image:height\" content=\"368\" \/>\n\t<meta property=\"og:image:type\" content=\"image\/jpeg\" \/>\n<meta name=\"author\" content=\"R\u00e9daction R C\" \/>\n<meta name=\"twitter:card\" content=\"summary_large_image\" \/>\n<meta name=\"twitter:creator\" content=\"@TheRadioCastor\" \/>\n<meta name=\"twitter:site\" content=\"@TheRadioCastor\" \/>\n<meta name=\"twitter:label1\" content=\"\u00c9crit par\" \/>\n\t<meta name=\"twitter:data1\" content=\"R\u00e9daction R C\" \/>\n\t<meta name=\"twitter:label2\" content=\"Dur\u00e9e de lecture estim\u00e9e\" \/>\n\t<meta name=\"twitter:data2\" content=\"11 minutes\" \/>\n<script type=\"application\/ld+json\" class=\"yoast-schema-graph\">{\"@context\":\"https:\\\/\\\/schema.org\",\"@graph\":[{\"@type\":\"Article\",\"@id\":\"https:\\\/\\\/www.radiocastor.com\\\/index.php\\\/chronique-de-la-chanson-francaise-episode-31\\\/#article\",\"isPartOf\":{\"@id\":\"https:\\\/\\\/www.radiocastor.com\\\/index.php\\\/chronique-de-la-chanson-francaise-episode-31\\\/\"},\"author\":{\"name\":\"R\u00e9daction R C\",\"@id\":\"https:\\\/\\\/www.radiocastor.com\\\/#\\\/schema\\\/person\\\/558b0e47dc4c11fa52b2220ba6a78779\"},\"headline\":\"Chronique de la chanson fran\u00e7aise, l&rsquo;\u00e9pisode 31 r\u00e9v\u00e8le de vrais talents !\",\"datePublished\":\"2024-11-05T16:01:22+00:00\",\"dateModified\":\"2024-12-04T15:55:09+00:00\",\"mainEntityOfPage\":{\"@id\":\"https:\\\/\\\/www.radiocastor.com\\\/index.php\\\/chronique-de-la-chanson-francaise-episode-31\\\/\"},\"wordCount\":2336,\"publisher\":{\"@id\":\"https:\\\/\\\/www.radiocastor.com\\\/#organization\"},\"image\":{\"@id\":\"https:\\\/\\\/www.radiocastor.com\\\/index.php\\\/chronique-de-la-chanson-francaise-episode-31\\\/#primaryimage\"},\"thumbnailUrl\":\"https:\\\/\\\/www.radiocastor.com\\\/wp-content\\\/uploads\\\/2022\\\/04\\\/francophonie-3.jpg\",\"articleSection\":[\"Chanson Fran\u00e7aise\"],\"inLanguage\":\"fr-FR\"},{\"@type\":\"WebPage\",\"@id\":\"https:\\\/\\\/www.radiocastor.com\\\/index.php\\\/chronique-de-la-chanson-francaise-episode-31\\\/\",\"url\":\"https:\\\/\\\/www.radiocastor.com\\\/index.php\\\/chronique-de-la-chanson-francaise-episode-31\\\/\",\"name\":\"Chronique de la chanson fran\u00e7aise, l'\u00e9pisode 31 r\u00e9v\u00e8le de vrais talents ! - Radio Castor\",\"isPartOf\":{\"@id\":\"https:\\\/\\\/www.radiocastor.com\\\/#website\"},\"primaryImageOfPage\":{\"@id\":\"https:\\\/\\\/www.radiocastor.com\\\/index.php\\\/chronique-de-la-chanson-francaise-episode-31\\\/#primaryimage\"},\"image\":{\"@id\":\"https:\\\/\\\/www.radiocastor.com\\\/index.php\\\/chronique-de-la-chanson-francaise-episode-31\\\/#primaryimage\"},\"thumbnailUrl\":\"https:\\\/\\\/www.radiocastor.com\\\/wp-content\\\/uploads\\\/2022\\\/04\\\/francophonie-3.jpg\",\"datePublished\":\"2024-11-05T16:01:22+00:00\",\"dateModified\":\"2024-12-04T15:55:09+00:00\",\"breadcrumb\":{\"@id\":\"https:\\\/\\\/www.radiocastor.com\\\/index.php\\\/chronique-de-la-chanson-francaise-episode-31\\\/#breadcrumb\"},\"inLanguage\":\"fr-FR\",\"potentialAction\":[{\"@type\":\"ReadAction\",\"target\":[\"https:\\\/\\\/www.radiocastor.com\\\/index.php\\\/chronique-de-la-chanson-francaise-episode-31\\\/\"]}]},{\"@type\":\"ImageObject\",\"inLanguage\":\"fr-FR\",\"@id\":\"https:\\\/\\\/www.radiocastor.com\\\/index.php\\\/chronique-de-la-chanson-francaise-episode-31\\\/#primaryimage\",\"url\":\"https:\\\/\\\/www.radiocastor.com\\\/wp-content\\\/uploads\\\/2022\\\/04\\\/francophonie-3.jpg\",\"contentUrl\":\"https:\\\/\\\/www.radiocastor.com\\\/wp-content\\\/uploads\\\/2022\\\/04\\\/francophonie-3.jpg\",\"width\":500,\"height\":368,\"caption\":\"francophonie\"},{\"@type\":\"BreadcrumbList\",\"@id\":\"https:\\\/\\\/www.radiocastor.com\\\/index.php\\\/chronique-de-la-chanson-francaise-episode-31\\\/#breadcrumb\",\"itemListElement\":[{\"@type\":\"ListItem\",\"position\":1,\"name\":\"Accueil\",\"item\":\"https:\\\/\\\/www.radiocastor.com\\\/\"},{\"@type\":\"ListItem\",\"position\":2,\"name\":\"Chronique de la chanson fran\u00e7aise, l&rsquo;\u00e9pisode 31 r\u00e9v\u00e8le de vrais talents !\"}]},{\"@type\":\"WebSite\",\"@id\":\"https:\\\/\\\/www.radiocastor.com\\\/#website\",\"url\":\"https:\\\/\\\/www.radiocastor.com\\\/\",\"name\":\"Radio Castor\",\"description\":\"La voix !\",\"publisher\":{\"@id\":\"https:\\\/\\\/www.radiocastor.com\\\/#organization\"},\"potentialAction\":[{\"@type\":\"SearchAction\",\"target\":{\"@type\":\"EntryPoint\",\"urlTemplate\":\"https:\\\/\\\/www.radiocastor.com\\\/?s={search_term_string}\"},\"query-input\":{\"@type\":\"PropertyValueSpecification\",\"valueRequired\":true,\"valueName\":\"search_term_string\"}}],\"inLanguage\":\"fr-FR\"},{\"@type\":\"Organization\",\"@id\":\"https:\\\/\\\/www.radiocastor.com\\\/#organization\",\"name\":\"Radio Castor\",\"url\":\"https:\\\/\\\/www.radiocastor.com\\\/\",\"logo\":{\"@type\":\"ImageObject\",\"inLanguage\":\"fr-FR\",\"@id\":\"https:\\\/\\\/www.radiocastor.com\\\/#\\\/schema\\\/logo\\\/image\\\/\",\"url\":\"https:\\\/\\\/www.radiocastor.com\\\/wp-content\\\/uploads\\\/2021\\\/11\\\/cropped-Radio-castor-logo-2.png\",\"contentUrl\":\"https:\\\/\\\/www.radiocastor.com\\\/wp-content\\\/uploads\\\/2021\\\/11\\\/cropped-Radio-castor-logo-2.png\",\"width\":437,\"height\":219,\"caption\":\"Radio Castor\"},\"image\":{\"@id\":\"https:\\\/\\\/www.radiocastor.com\\\/#\\\/schema\\\/logo\\\/image\\\/\"},\"sameAs\":[\"https:\\\/\\\/www.facebook.com\\\/theradiocastor\",\"https:\\\/\\\/x.com\\\/TheRadioCastor\",\"https:\\\/\\\/www.instagram.com\\\/theradiocastor\",\"https:\\\/\\\/www.youtube.com\\\/c\\\/RadioCastor\"]},{\"@type\":\"Person\",\"@id\":\"https:\\\/\\\/www.radiocastor.com\\\/#\\\/schema\\\/person\\\/558b0e47dc4c11fa52b2220ba6a78779\",\"name\":\"R\u00e9daction R C\",\"image\":{\"@type\":\"ImageObject\",\"inLanguage\":\"fr-FR\",\"@id\":\"https:\\\/\\\/secure.gravatar.com\\\/avatar\\\/1d3e4f4c4a0d129f7ed4838ea20c33760c2484b9bc381993df6c0e3f5bf89c23?s=96&d=mm&r=g\",\"url\":\"https:\\\/\\\/secure.gravatar.com\\\/avatar\\\/1d3e4f4c4a0d129f7ed4838ea20c33760c2484b9bc381993df6c0e3f5bf89c23?s=96&d=mm&r=g\",\"contentUrl\":\"https:\\\/\\\/secure.gravatar.com\\\/avatar\\\/1d3e4f4c4a0d129f7ed4838ea20c33760c2484b9bc381993df6c0e3f5bf89c23?s=96&d=mm&r=g\",\"caption\":\"R\u00e9daction R C\"},\"sameAs\":[\"http:\\\/\\\/www.radiocastor.com\"],\"url\":\"https:\\\/\\\/www.radiocastor.com\\\/index.php\\\/author\\\/radio-castor\\\/\"}]}<\/script>\n<!-- \/ Yoast SEO plugin. -->","yoast_head_json":{"title":"Chronique de la chanson fran\u00e7aise, l'\u00e9pisode 31 r\u00e9v\u00e8le de vrais talents ! - Radio Castor","robots":{"index":"index","follow":"follow","max-snippet":"max-snippet:-1","max-image-preview":"max-image-preview:large","max-video-preview":"max-video-preview:-1"},"canonical":"https:\/\/www.radiocastor.com\/index.php\/chronique-de-la-chanson-francaise-episode-31\/","og_locale":"fr_FR","og_type":"article","og_title":"Chronique de la chanson fran\u00e7aise, l'\u00e9pisode 31 r\u00e9v\u00e8le de vrais talents ! - Radio Castor","og_description":"Derni\u00e8re ligne droite avant la fin de l&rsquo;ann\u00e9e, et nous avons re\u00e7ues de vraies p\u00e9pites,...","og_url":"https:\/\/www.radiocastor.com\/index.php\/chronique-de-la-chanson-francaise-episode-31\/","og_site_name":"Radio Castor","article_publisher":"https:\/\/www.facebook.com\/theradiocastor","article_published_time":"2024-11-05T16:01:22+00:00","article_modified_time":"2024-12-04T15:55:09+00:00","og_image":[{"width":500,"height":368,"url":"https:\/\/www.radiocastor.com\/wp-content\/uploads\/2022\/04\/francophonie-3.jpg","type":"image\/jpeg"}],"author":"R\u00e9daction R C","twitter_card":"summary_large_image","twitter_creator":"@TheRadioCastor","twitter_site":"@TheRadioCastor","twitter_misc":{"\u00c9crit par":"R\u00e9daction R C","Dur\u00e9e de lecture estim\u00e9e":"11 minutes"},"schema":{"@context":"https:\/\/schema.org","@graph":[{"@type":"Article","@id":"https:\/\/www.radiocastor.com\/index.php\/chronique-de-la-chanson-francaise-episode-31\/#article","isPartOf":{"@id":"https:\/\/www.radiocastor.com\/index.php\/chronique-de-la-chanson-francaise-episode-31\/"},"author":{"name":"R\u00e9daction R C","@id":"https:\/\/www.radiocastor.com\/#\/schema\/person\/558b0e47dc4c11fa52b2220ba6a78779"},"headline":"Chronique de la chanson fran\u00e7aise, l&rsquo;\u00e9pisode 31 r\u00e9v\u00e8le de vrais talents !","datePublished":"2024-11-05T16:01:22+00:00","dateModified":"2024-12-04T15:55:09+00:00","mainEntityOfPage":{"@id":"https:\/\/www.radiocastor.com\/index.php\/chronique-de-la-chanson-francaise-episode-31\/"},"wordCount":2336,"publisher":{"@id":"https:\/\/www.radiocastor.com\/#organization"},"image":{"@id":"https:\/\/www.radiocastor.com\/index.php\/chronique-de-la-chanson-francaise-episode-31\/#primaryimage"},"thumbnailUrl":"https:\/\/www.radiocastor.com\/wp-content\/uploads\/2022\/04\/francophonie-3.jpg","articleSection":["Chanson Fran\u00e7aise"],"inLanguage":"fr-FR"},{"@type":"WebPage","@id":"https:\/\/www.radiocastor.com\/index.php\/chronique-de-la-chanson-francaise-episode-31\/","url":"https:\/\/www.radiocastor.com\/index.php\/chronique-de-la-chanson-francaise-episode-31\/","name":"Chronique de la chanson fran\u00e7aise, l'\u00e9pisode 31 r\u00e9v\u00e8le de vrais talents ! - Radio Castor","isPartOf":{"@id":"https:\/\/www.radiocastor.com\/#website"},"primaryImageOfPage":{"@id":"https:\/\/www.radiocastor.com\/index.php\/chronique-de-la-chanson-francaise-episode-31\/#primaryimage"},"image":{"@id":"https:\/\/www.radiocastor.com\/index.php\/chronique-de-la-chanson-francaise-episode-31\/#primaryimage"},"thumbnailUrl":"https:\/\/www.radiocastor.com\/wp-content\/uploads\/2022\/04\/francophonie-3.jpg","datePublished":"2024-11-05T16:01:22+00:00","dateModified":"2024-12-04T15:55:09+00:00","breadcrumb":{"@id":"https:\/\/www.radiocastor.com\/index.php\/chronique-de-la-chanson-francaise-episode-31\/#breadcrumb"},"inLanguage":"fr-FR","potentialAction":[{"@type":"ReadAction","target":["https:\/\/www.radiocastor.com\/index.php\/chronique-de-la-chanson-francaise-episode-31\/"]}]},{"@type":"ImageObject","inLanguage":"fr-FR","@id":"https:\/\/www.radiocastor.com\/index.php\/chronique-de-la-chanson-francaise-episode-31\/#primaryimage","url":"https:\/\/www.radiocastor.com\/wp-content\/uploads\/2022\/04\/francophonie-3.jpg","contentUrl":"https:\/\/www.radiocastor.com\/wp-content\/uploads\/2022\/04\/francophonie-3.jpg","width":500,"height":368,"caption":"francophonie"},{"@type":"BreadcrumbList","@id":"https:\/\/www.radiocastor.com\/index.php\/chronique-de-la-chanson-francaise-episode-31\/#breadcrumb","itemListElement":[{"@type":"ListItem","position":1,"name":"Accueil","item":"https:\/\/www.radiocastor.com\/"},{"@type":"ListItem","position":2,"name":"Chronique de la chanson fran\u00e7aise, l&rsquo;\u00e9pisode 31 r\u00e9v\u00e8le de vrais talents !"}]},{"@type":"WebSite","@id":"https:\/\/www.radiocastor.com\/#website","url":"https:\/\/www.radiocastor.com\/","name":"Radio Castor","description":"La voix !","publisher":{"@id":"https:\/\/www.radiocastor.com\/#organization"},"potentialAction":[{"@type":"SearchAction","target":{"@type":"EntryPoint","urlTemplate":"https:\/\/www.radiocastor.com\/?s={search_term_string}"},"query-input":{"@type":"PropertyValueSpecification","valueRequired":true,"valueName":"search_term_string"}}],"inLanguage":"fr-FR"},{"@type":"Organization","@id":"https:\/\/www.radiocastor.com\/#organization","name":"Radio Castor","url":"https:\/\/www.radiocastor.com\/","logo":{"@type":"ImageObject","inLanguage":"fr-FR","@id":"https:\/\/www.radiocastor.com\/#\/schema\/logo\/image\/","url":"https:\/\/www.radiocastor.com\/wp-content\/uploads\/2021\/11\/cropped-Radio-castor-logo-2.png","contentUrl":"https:\/\/www.radiocastor.com\/wp-content\/uploads\/2021\/11\/cropped-Radio-castor-logo-2.png","width":437,"height":219,"caption":"Radio Castor"},"image":{"@id":"https:\/\/www.radiocastor.com\/#\/schema\/logo\/image\/"},"sameAs":["https:\/\/www.facebook.com\/theradiocastor","https:\/\/x.com\/TheRadioCastor","https:\/\/www.instagram.com\/theradiocastor","https:\/\/www.youtube.com\/c\/RadioCastor"]},{"@type":"Person","@id":"https:\/\/www.radiocastor.com\/#\/schema\/person\/558b0e47dc4c11fa52b2220ba6a78779","name":"R\u00e9daction R C","image":{"@type":"ImageObject","inLanguage":"fr-FR","@id":"https:\/\/secure.gravatar.com\/avatar\/1d3e4f4c4a0d129f7ed4838ea20c33760c2484b9bc381993df6c0e3f5bf89c23?s=96&d=mm&r=g","url":"https:\/\/secure.gravatar.com\/avatar\/1d3e4f4c4a0d129f7ed4838ea20c33760c2484b9bc381993df6c0e3f5bf89c23?s=96&d=mm&r=g","contentUrl":"https:\/\/secure.gravatar.com\/avatar\/1d3e4f4c4a0d129f7ed4838ea20c33760c2484b9bc381993df6c0e3f5bf89c23?s=96&d=mm&r=g","caption":"R\u00e9daction R C"},"sameAs":["http:\/\/www.radiocastor.com"],"url":"https:\/\/www.radiocastor.com\/index.php\/author\/radio-castor\/"}]}},"uagb_featured_image_src":{"full":["https:\/\/www.radiocastor.com\/wp-content\/uploads\/2022\/04\/francophonie-3.jpg",500,368,false],"thumbnail":["https:\/\/www.radiocastor.com\/wp-content\/uploads\/2022\/04\/francophonie-3-150x150.jpg",150,150,true],"medium":["https:\/\/www.radiocastor.com\/wp-content\/uploads\/2022\/04\/francophonie-3-300x221.jpg",300,221,true],"medium_large":["https:\/\/www.radiocastor.com\/wp-content\/uploads\/2022\/04\/francophonie-3.jpg",500,368,false],"large":["https:\/\/www.radiocastor.com\/wp-content\/uploads\/2022\/04\/francophonie-3.jpg",500,368,false],"1536x1536":["https:\/\/www.radiocastor.com\/wp-content\/uploads\/2022\/04\/francophonie-3.jpg",500,368,false],"2048x2048":["https:\/\/www.radiocastor.com\/wp-content\/uploads\/2022\/04\/francophonie-3.jpg",500,368,false],"newsever-slider-full":["https:\/\/www.radiocastor.com\/wp-content\/uploads\/2022\/04\/francophonie-3.jpg",500,368,false],"newsever-featured":["https:\/\/www.radiocastor.com\/wp-content\/uploads\/2022\/04\/francophonie-3.jpg",500,368,false],"newsever-medium":["https:\/\/www.radiocastor.com\/wp-content\/uploads\/2022\/04\/francophonie-3.jpg",500,368,false]},"uagb_author_info":{"display_name":"R\u00e9daction R C","author_link":"https:\/\/www.radiocastor.com\/index.php\/author\/radio-castor\/"},"uagb_comment_info":0,"uagb_excerpt":"Derni\u00e8re ligne droite avant la fin de l&rsquo;ann\u00e9e, et nous avons re\u00e7ues de vraies p\u00e9pites,...","_links":{"self":[{"href":"https:\/\/www.radiocastor.com\/index.php\/wp-json\/wp\/v2\/posts\/10163","targetHints":{"allow":["GET"]}}],"collection":[{"href":"https:\/\/www.radiocastor.com\/index.php\/wp-json\/wp\/v2\/posts"}],"about":[{"href":"https:\/\/www.radiocastor.com\/index.php\/wp-json\/wp\/v2\/types\/post"}],"author":[{"embeddable":true,"href":"https:\/\/www.radiocastor.com\/index.php\/wp-json\/wp\/v2\/users\/1"}],"replies":[{"embeddable":true,"href":"https:\/\/www.radiocastor.com\/index.php\/wp-json\/wp\/v2\/comments?post=10163"}],"version-history":[{"count":5,"href":"https:\/\/www.radiocastor.com\/index.php\/wp-json\/wp\/v2\/posts\/10163\/revisions"}],"predecessor-version":[{"id":10191,"href":"https:\/\/www.radiocastor.com\/index.php\/wp-json\/wp\/v2\/posts\/10163\/revisions\/10191"}],"wp:featuredmedia":[{"embeddable":true,"href":"https:\/\/www.radiocastor.com\/index.php\/wp-json\/wp\/v2\/media\/1476"}],"wp:attachment":[{"href":"https:\/\/www.radiocastor.com\/index.php\/wp-json\/wp\/v2\/media?parent=10163"}],"wp:term":[{"taxonomy":"category","embeddable":true,"href":"https:\/\/www.radiocastor.com\/index.php\/wp-json\/wp\/v2\/categories?post=10163"},{"taxonomy":"post_tag","embeddable":true,"href":"https:\/\/www.radiocastor.com\/index.php\/wp-json\/wp\/v2\/tags?post=10163"}],"curies":[{"name":"wp","href":"https:\/\/api.w.org\/{rel}","templated":true}]}}