{"id":10093,"date":"2024-10-25T01:47:54","date_gmt":"2024-10-24T23:47:54","guid":{"rendered":"https:\/\/www.radiocastor.com\/?p=10093"},"modified":"2024-10-25T01:47:56","modified_gmt":"2024-10-24T23:47:56","slug":"gareth-nugent-sort-un-nouveau-single-hommage-a-la-country-as-country-as-you","status":"publish","type":"post","link":"https:\/\/www.radiocastor.com\/index.php\/gareth-nugent-sort-un-nouveau-single-hommage-a-la-country-as-country-as-you\/","title":{"rendered":"Gareth Nugent sort un nouveau single, hommage \u00e0 la country, \u00ab\u00a0As Country As You\u00a0\u00bb"},"content":{"rendered":"\n<p>L&rsquo;artiste irlandais Gareth Nugent nous pr\u00e9sente son dernier titre, \u00ab\u00a0As Country As You\u00a0\u00bb, sorti le 17 octobre 2024.<\/p>\n\n\n\n<p>Gareth Nugent est n\u00e9 et a grandi \u00e0 Dublin, une ville o\u00f9 la musique est omnipr\u00e9sente \u00e0 chaque coin de rue, un formidable melting-pot de styles et de genres.<br>Il a toujours eu un faible pour la country, mais pas n\u00e9cessairement dans sa forme la plus classique, ce qui a probablement \u00e9t\u00e9 influenc\u00e9 par son enfance en Irlande.<br>Gareth est anim\u00e9 par une passion pour les chansons qui, comme la country, racontent une histoire et sont illustr\u00e9es par des m\u00e9lodies g\u00e9n\u00e9reuses, des refrains et des paroles qui racontent une histoire.<br>Ou comme Gareth lui-m\u00eame l&rsquo;explique :<br>\u00ab Je ne dis pas que je suis country et je ne dis pas que je ne le suis pas, mais si la country \u00e9tait une maison, vous me trouveriez dans la cuisine en train de cuisiner. \u00bb<\/p>\n\n\n\n<p>Gareth Nugent a d\u00e9sormais \u00e9lu domicile \u00e0 Ume\u00e5, une ville du nord de la Su\u00e8de.<\/p>\n\n\n\n<p>Son nouveau single, \u00ab As Country As You \u00bb, c\u00e9l\u00e8bre l\u2019amour universel pour la musique country, transcendant les fronti\u00e8res et les pays, c\u2019est un sentiment et c\u2019est ce sentiment qui touche votre \u00e2me.<br>Connu pour son attention port\u00e9e \u00e0 la m\u00e9lodie et aux paroles, Gareth associe sa voix captivante \u00e0 une production de premier ordre, offrant une histoire captivante et un refrain puissant.<br>Co-\u00e9crit avec Tricia Duffy, Gareth a produit ce morceau avec Nils Johansson.<br>\u00ab As Country As You \u00bb incarne le c\u0153ur de son art.<\/p>\n\n\n\n<p><em>A \u00e9couter sur <a href=\"https:\/\/www.radiocastor.com\/index.php\/playlist\/\" target=\"_blank\" rel=\"noreferrer noopener\">nos playlists<\/a> !<\/em><\/p>\n\n\n\n<p style=\"text-align: center;\"><iframe loading=\"lazy\" width=\"560\" height=\"315\" src=\"https:\/\/www.youtube.com\/embed\/e4aVyi2au_Q?si=UbXF75ILSvmHTs6t\" title=\"YouTube video player\" frameborder=\"0\" allow=\"accelerometer; autoplay; clipboard-write; encrypted-media; gyroscope; picture-in-picture; web-share\" referrerpolicy=\"strict-origin-when-cross-origin\" allowfullscreen><\/iframe><\/p>\n\n\n\n<p class=\"has-text-align-center\"><a href=\"https:\/\/www.facebook.com\/GarethNugentMusic\" target=\"_blank\" rel=\"noreferrer noopener\">Facebook<\/a> &#8211; <a href=\"https:\/\/www.instagram.com\/gareth.nugent\" target=\"_blank\" rel=\"noreferrer noopener\">Instagram<\/a><\/p>\n","protected":false},"excerpt":{"rendered":"<p>L&rsquo;artiste irlandais Gareth Nugent nous pr\u00e9sente son dernier titre, \u00ab\u00a0As Country As You\u00a0\u00bb, sorti le&#8230;<\/p>\n","protected":false},"author":1,"featured_media":10094,"comment_status":"closed","ping_status":"open","sticky":false,"template":"","format":"standard","meta":{"_uag_custom_page_level_css":"","footnotes":""},"categories":[85,77,32],"tags":[],"class_list":["post-10093","post","type-post","status-publish","format-standard","has-post-thumbnail","hentry","category-alternatif","category-country","category-single"],"yoast_head":"<!-- This site is optimized with the Yoast SEO plugin v27.4 - https:\/\/yoast.com\/product\/yoast-seo-wordpress\/ -->\n<title>Gareth Nugent sort un nouveau single, hommage \u00e0 la country, &quot;As Country As You&quot; - Radio Castor<\/title>\n<meta name=\"robots\" content=\"index, follow, max-snippet:-1, max-image-preview:large, max-video-preview:-1\" \/>\n<link rel=\"canonical\" href=\"https:\/\/www.radiocastor.com\/index.php\/gareth-nugent-sort-un-nouveau-single-hommage-a-la-country-as-country-as-you\/\" \/>\n<meta property=\"og:locale\" content=\"fr_FR\" \/>\n<meta property=\"og:type\" content=\"article\" \/>\n<meta property=\"og:title\" content=\"Gareth Nugent sort un nouveau single, hommage \u00e0 la country, &quot;As Country As You&quot; - Radio Castor\" \/>\n<meta property=\"og:description\" content=\"L&rsquo;artiste irlandais Gareth Nugent nous pr\u00e9sente son dernier titre, \u00ab\u00a0As Country As You\u00a0\u00bb, sorti le...\" \/>\n<meta property=\"og:url\" content=\"https:\/\/www.radiocastor.com\/index.php\/gareth-nugent-sort-un-nouveau-single-hommage-a-la-country-as-country-as-you\/\" \/>\n<meta property=\"og:site_name\" content=\"Radio Castor\" \/>\n<meta property=\"article:publisher\" content=\"https:\/\/www.facebook.com\/theradiocastor\" \/>\n<meta property=\"article:published_time\" content=\"2024-10-24T23:47:54+00:00\" \/>\n<meta property=\"article:modified_time\" content=\"2024-10-24T23:47:56+00:00\" \/>\n<meta property=\"og:image\" content=\"https:\/\/www.radiocastor.com\/wp-content\/uploads\/2024\/10\/Screenshot-2024-10-25-at-01-47-07-1-Facebook.png\" \/>\n\t<meta property=\"og:image:width\" content=\"512\" \/>\n\t<meta property=\"og:image:height\" content=\"554\" \/>\n\t<meta property=\"og:image:type\" content=\"image\/png\" \/>\n<meta name=\"author\" content=\"R\u00e9daction R C\" \/>\n<meta name=\"twitter:card\" content=\"summary_large_image\" \/>\n<meta name=\"twitter:creator\" content=\"@TheRadioCastor\" \/>\n<meta name=\"twitter:site\" content=\"@TheRadioCastor\" \/>\n<meta name=\"twitter:label1\" content=\"\u00c9crit par\" \/>\n\t<meta name=\"twitter:data1\" content=\"R\u00e9daction R C\" \/>\n\t<meta name=\"twitter:label2\" content=\"Dur\u00e9e de lecture estim\u00e9e\" \/>\n\t<meta name=\"twitter:data2\" content=\"2 minutes\" \/>\n<script type=\"application\/ld+json\" class=\"yoast-schema-graph\">{\"@context\":\"https:\\\/\\\/schema.org\",\"@graph\":[{\"@type\":\"Article\",\"@id\":\"https:\\\/\\\/www.radiocastor.com\\\/index.php\\\/gareth-nugent-sort-un-nouveau-single-hommage-a-la-country-as-country-as-you\\\/#article\",\"isPartOf\":{\"@id\":\"https:\\\/\\\/www.radiocastor.com\\\/index.php\\\/gareth-nugent-sort-un-nouveau-single-hommage-a-la-country-as-country-as-you\\\/\"},\"author\":{\"name\":\"R\u00e9daction R C\",\"@id\":\"https:\\\/\\\/www.radiocastor.com\\\/#\\\/schema\\\/person\\\/558b0e47dc4c11fa52b2220ba6a78779\"},\"headline\":\"Gareth Nugent sort un nouveau single, hommage \u00e0 la country, \u00ab\u00a0As Country As You\u00a0\u00bb\",\"datePublished\":\"2024-10-24T23:47:54+00:00\",\"dateModified\":\"2024-10-24T23:47:56+00:00\",\"mainEntityOfPage\":{\"@id\":\"https:\\\/\\\/www.radiocastor.com\\\/index.php\\\/gareth-nugent-sort-un-nouveau-single-hommage-a-la-country-as-country-as-you\\\/\"},\"wordCount\":283,\"publisher\":{\"@id\":\"https:\\\/\\\/www.radiocastor.com\\\/#organization\"},\"image\":{\"@id\":\"https:\\\/\\\/www.radiocastor.com\\\/index.php\\\/gareth-nugent-sort-un-nouveau-single-hommage-a-la-country-as-country-as-you\\\/#primaryimage\"},\"thumbnailUrl\":\"https:\\\/\\\/www.radiocastor.com\\\/wp-content\\\/uploads\\\/2024\\\/10\\\/Screenshot-2024-10-25-at-01-47-07-1-Facebook.png\",\"articleSection\":[\"Alternatif\",\"Country\",\"Single\"],\"inLanguage\":\"fr-FR\"},{\"@type\":\"WebPage\",\"@id\":\"https:\\\/\\\/www.radiocastor.com\\\/index.php\\\/gareth-nugent-sort-un-nouveau-single-hommage-a-la-country-as-country-as-you\\\/\",\"url\":\"https:\\\/\\\/www.radiocastor.com\\\/index.php\\\/gareth-nugent-sort-un-nouveau-single-hommage-a-la-country-as-country-as-you\\\/\",\"name\":\"Gareth Nugent sort un nouveau single, hommage \u00e0 la country, \\\"As Country As You\\\" - Radio Castor\",\"isPartOf\":{\"@id\":\"https:\\\/\\\/www.radiocastor.com\\\/#website\"},\"primaryImageOfPage\":{\"@id\":\"https:\\\/\\\/www.radiocastor.com\\\/index.php\\\/gareth-nugent-sort-un-nouveau-single-hommage-a-la-country-as-country-as-you\\\/#primaryimage\"},\"image\":{\"@id\":\"https:\\\/\\\/www.radiocastor.com\\\/index.php\\\/gareth-nugent-sort-un-nouveau-single-hommage-a-la-country-as-country-as-you\\\/#primaryimage\"},\"thumbnailUrl\":\"https:\\\/\\\/www.radiocastor.com\\\/wp-content\\\/uploads\\\/2024\\\/10\\\/Screenshot-2024-10-25-at-01-47-07-1-Facebook.png\",\"datePublished\":\"2024-10-24T23:47:54+00:00\",\"dateModified\":\"2024-10-24T23:47:56+00:00\",\"breadcrumb\":{\"@id\":\"https:\\\/\\\/www.radiocastor.com\\\/index.php\\\/gareth-nugent-sort-un-nouveau-single-hommage-a-la-country-as-country-as-you\\\/#breadcrumb\"},\"inLanguage\":\"fr-FR\",\"potentialAction\":[{\"@type\":\"ReadAction\",\"target\":[\"https:\\\/\\\/www.radiocastor.com\\\/index.php\\\/gareth-nugent-sort-un-nouveau-single-hommage-a-la-country-as-country-as-you\\\/\"]}]},{\"@type\":\"ImageObject\",\"inLanguage\":\"fr-FR\",\"@id\":\"https:\\\/\\\/www.radiocastor.com\\\/index.php\\\/gareth-nugent-sort-un-nouveau-single-hommage-a-la-country-as-country-as-you\\\/#primaryimage\",\"url\":\"https:\\\/\\\/www.radiocastor.com\\\/wp-content\\\/uploads\\\/2024\\\/10\\\/Screenshot-2024-10-25-at-01-47-07-1-Facebook.png\",\"contentUrl\":\"https:\\\/\\\/www.radiocastor.com\\\/wp-content\\\/uploads\\\/2024\\\/10\\\/Screenshot-2024-10-25-at-01-47-07-1-Facebook.png\",\"width\":512,\"height\":554,\"caption\":\"Gareth Nugent\"},{\"@type\":\"BreadcrumbList\",\"@id\":\"https:\\\/\\\/www.radiocastor.com\\\/index.php\\\/gareth-nugent-sort-un-nouveau-single-hommage-a-la-country-as-country-as-you\\\/#breadcrumb\",\"itemListElement\":[{\"@type\":\"ListItem\",\"position\":1,\"name\":\"Accueil\",\"item\":\"https:\\\/\\\/www.radiocastor.com\\\/\"},{\"@type\":\"ListItem\",\"position\":2,\"name\":\"Gareth Nugent sort un nouveau single, hommage \u00e0 la country, \u00ab\u00a0As Country As You\u00a0\u00bb\"}]},{\"@type\":\"WebSite\",\"@id\":\"https:\\\/\\\/www.radiocastor.com\\\/#website\",\"url\":\"https:\\\/\\\/www.radiocastor.com\\\/\",\"name\":\"Radio Castor\",\"description\":\"La voix !\",\"publisher\":{\"@id\":\"https:\\\/\\\/www.radiocastor.com\\\/#organization\"},\"potentialAction\":[{\"@type\":\"SearchAction\",\"target\":{\"@type\":\"EntryPoint\",\"urlTemplate\":\"https:\\\/\\\/www.radiocastor.com\\\/?s={search_term_string}\"},\"query-input\":{\"@type\":\"PropertyValueSpecification\",\"valueRequired\":true,\"valueName\":\"search_term_string\"}}],\"inLanguage\":\"fr-FR\"},{\"@type\":\"Organization\",\"@id\":\"https:\\\/\\\/www.radiocastor.com\\\/#organization\",\"name\":\"Radio Castor\",\"url\":\"https:\\\/\\\/www.radiocastor.com\\\/\",\"logo\":{\"@type\":\"ImageObject\",\"inLanguage\":\"fr-FR\",\"@id\":\"https:\\\/\\\/www.radiocastor.com\\\/#\\\/schema\\\/logo\\\/image\\\/\",\"url\":\"https:\\\/\\\/www.radiocastor.com\\\/wp-content\\\/uploads\\\/2021\\\/11\\\/cropped-Radio-castor-logo-2.png\",\"contentUrl\":\"https:\\\/\\\/www.radiocastor.com\\\/wp-content\\\/uploads\\\/2021\\\/11\\\/cropped-Radio-castor-logo-2.png\",\"width\":437,\"height\":219,\"caption\":\"Radio Castor\"},\"image\":{\"@id\":\"https:\\\/\\\/www.radiocastor.com\\\/#\\\/schema\\\/logo\\\/image\\\/\"},\"sameAs\":[\"https:\\\/\\\/www.facebook.com\\\/theradiocastor\",\"https:\\\/\\\/x.com\\\/TheRadioCastor\",\"https:\\\/\\\/www.instagram.com\\\/theradiocastor\",\"https:\\\/\\\/www.youtube.com\\\/c\\\/RadioCastor\"]},{\"@type\":\"Person\",\"@id\":\"https:\\\/\\\/www.radiocastor.com\\\/#\\\/schema\\\/person\\\/558b0e47dc4c11fa52b2220ba6a78779\",\"name\":\"R\u00e9daction R C\",\"image\":{\"@type\":\"ImageObject\",\"inLanguage\":\"fr-FR\",\"@id\":\"https:\\\/\\\/secure.gravatar.com\\\/avatar\\\/1d3e4f4c4a0d129f7ed4838ea20c33760c2484b9bc381993df6c0e3f5bf89c23?s=96&d=mm&r=g\",\"url\":\"https:\\\/\\\/secure.gravatar.com\\\/avatar\\\/1d3e4f4c4a0d129f7ed4838ea20c33760c2484b9bc381993df6c0e3f5bf89c23?s=96&d=mm&r=g\",\"contentUrl\":\"https:\\\/\\\/secure.gravatar.com\\\/avatar\\\/1d3e4f4c4a0d129f7ed4838ea20c33760c2484b9bc381993df6c0e3f5bf89c23?s=96&d=mm&r=g\",\"caption\":\"R\u00e9daction R C\"},\"sameAs\":[\"http:\\\/\\\/www.radiocastor.com\"],\"url\":\"https:\\\/\\\/www.radiocastor.com\\\/index.php\\\/author\\\/radio-castor\\\/\"}]}<\/script>\n<!-- \/ Yoast SEO plugin. -->","yoast_head_json":{"title":"Gareth Nugent sort un nouveau single, hommage \u00e0 la country, \"As Country As You\" - Radio Castor","robots":{"index":"index","follow":"follow","max-snippet":"max-snippet:-1","max-image-preview":"max-image-preview:large","max-video-preview":"max-video-preview:-1"},"canonical":"https:\/\/www.radiocastor.com\/index.php\/gareth-nugent-sort-un-nouveau-single-hommage-a-la-country-as-country-as-you\/","og_locale":"fr_FR","og_type":"article","og_title":"Gareth Nugent sort un nouveau single, hommage \u00e0 la country, \"As Country As You\" - Radio Castor","og_description":"L&rsquo;artiste irlandais Gareth Nugent nous pr\u00e9sente son dernier titre, \u00ab\u00a0As Country As You\u00a0\u00bb, sorti le...","og_url":"https:\/\/www.radiocastor.com\/index.php\/gareth-nugent-sort-un-nouveau-single-hommage-a-la-country-as-country-as-you\/","og_site_name":"Radio Castor","article_publisher":"https:\/\/www.facebook.com\/theradiocastor","article_published_time":"2024-10-24T23:47:54+00:00","article_modified_time":"2024-10-24T23:47:56+00:00","og_image":[{"width":512,"height":554,"url":"https:\/\/www.radiocastor.com\/wp-content\/uploads\/2024\/10\/Screenshot-2024-10-25-at-01-47-07-1-Facebook.png","type":"image\/png"}],"author":"R\u00e9daction R C","twitter_card":"summary_large_image","twitter_creator":"@TheRadioCastor","twitter_site":"@TheRadioCastor","twitter_misc":{"\u00c9crit par":"R\u00e9daction R C","Dur\u00e9e de lecture estim\u00e9e":"2 minutes"},"schema":{"@context":"https:\/\/schema.org","@graph":[{"@type":"Article","@id":"https:\/\/www.radiocastor.com\/index.php\/gareth-nugent-sort-un-nouveau-single-hommage-a-la-country-as-country-as-you\/#article","isPartOf":{"@id":"https:\/\/www.radiocastor.com\/index.php\/gareth-nugent-sort-un-nouveau-single-hommage-a-la-country-as-country-as-you\/"},"author":{"name":"R\u00e9daction R C","@id":"https:\/\/www.radiocastor.com\/#\/schema\/person\/558b0e47dc4c11fa52b2220ba6a78779"},"headline":"Gareth Nugent sort un nouveau single, hommage \u00e0 la country, \u00ab\u00a0As Country As You\u00a0\u00bb","datePublished":"2024-10-24T23:47:54+00:00","dateModified":"2024-10-24T23:47:56+00:00","mainEntityOfPage":{"@id":"https:\/\/www.radiocastor.com\/index.php\/gareth-nugent-sort-un-nouveau-single-hommage-a-la-country-as-country-as-you\/"},"wordCount":283,"publisher":{"@id":"https:\/\/www.radiocastor.com\/#organization"},"image":{"@id":"https:\/\/www.radiocastor.com\/index.php\/gareth-nugent-sort-un-nouveau-single-hommage-a-la-country-as-country-as-you\/#primaryimage"},"thumbnailUrl":"https:\/\/www.radiocastor.com\/wp-content\/uploads\/2024\/10\/Screenshot-2024-10-25-at-01-47-07-1-Facebook.png","articleSection":["Alternatif","Country","Single"],"inLanguage":"fr-FR"},{"@type":"WebPage","@id":"https:\/\/www.radiocastor.com\/index.php\/gareth-nugent-sort-un-nouveau-single-hommage-a-la-country-as-country-as-you\/","url":"https:\/\/www.radiocastor.com\/index.php\/gareth-nugent-sort-un-nouveau-single-hommage-a-la-country-as-country-as-you\/","name":"Gareth Nugent sort un nouveau single, hommage \u00e0 la country, \"As Country As You\" - Radio Castor","isPartOf":{"@id":"https:\/\/www.radiocastor.com\/#website"},"primaryImageOfPage":{"@id":"https:\/\/www.radiocastor.com\/index.php\/gareth-nugent-sort-un-nouveau-single-hommage-a-la-country-as-country-as-you\/#primaryimage"},"image":{"@id":"https:\/\/www.radiocastor.com\/index.php\/gareth-nugent-sort-un-nouveau-single-hommage-a-la-country-as-country-as-you\/#primaryimage"},"thumbnailUrl":"https:\/\/www.radiocastor.com\/wp-content\/uploads\/2024\/10\/Screenshot-2024-10-25-at-01-47-07-1-Facebook.png","datePublished":"2024-10-24T23:47:54+00:00","dateModified":"2024-10-24T23:47:56+00:00","breadcrumb":{"@id":"https:\/\/www.radiocastor.com\/index.php\/gareth-nugent-sort-un-nouveau-single-hommage-a-la-country-as-country-as-you\/#breadcrumb"},"inLanguage":"fr-FR","potentialAction":[{"@type":"ReadAction","target":["https:\/\/www.radiocastor.com\/index.php\/gareth-nugent-sort-un-nouveau-single-hommage-a-la-country-as-country-as-you\/"]}]},{"@type":"ImageObject","inLanguage":"fr-FR","@id":"https:\/\/www.radiocastor.com\/index.php\/gareth-nugent-sort-un-nouveau-single-hommage-a-la-country-as-country-as-you\/#primaryimage","url":"https:\/\/www.radiocastor.com\/wp-content\/uploads\/2024\/10\/Screenshot-2024-10-25-at-01-47-07-1-Facebook.png","contentUrl":"https:\/\/www.radiocastor.com\/wp-content\/uploads\/2024\/10\/Screenshot-2024-10-25-at-01-47-07-1-Facebook.png","width":512,"height":554,"caption":"Gareth Nugent"},{"@type":"BreadcrumbList","@id":"https:\/\/www.radiocastor.com\/index.php\/gareth-nugent-sort-un-nouveau-single-hommage-a-la-country-as-country-as-you\/#breadcrumb","itemListElement":[{"@type":"ListItem","position":1,"name":"Accueil","item":"https:\/\/www.radiocastor.com\/"},{"@type":"ListItem","position":2,"name":"Gareth Nugent sort un nouveau single, hommage \u00e0 la country, \u00ab\u00a0As Country As You\u00a0\u00bb"}]},{"@type":"WebSite","@id":"https:\/\/www.radiocastor.com\/#website","url":"https:\/\/www.radiocastor.com\/","name":"Radio Castor","description":"La voix !","publisher":{"@id":"https:\/\/www.radiocastor.com\/#organization"},"potentialAction":[{"@type":"SearchAction","target":{"@type":"EntryPoint","urlTemplate":"https:\/\/www.radiocastor.com\/?s={search_term_string}"},"query-input":{"@type":"PropertyValueSpecification","valueRequired":true,"valueName":"search_term_string"}}],"inLanguage":"fr-FR"},{"@type":"Organization","@id":"https:\/\/www.radiocastor.com\/#organization","name":"Radio Castor","url":"https:\/\/www.radiocastor.com\/","logo":{"@type":"ImageObject","inLanguage":"fr-FR","@id":"https:\/\/www.radiocastor.com\/#\/schema\/logo\/image\/","url":"https:\/\/www.radiocastor.com\/wp-content\/uploads\/2021\/11\/cropped-Radio-castor-logo-2.png","contentUrl":"https:\/\/www.radiocastor.com\/wp-content\/uploads\/2021\/11\/cropped-Radio-castor-logo-2.png","width":437,"height":219,"caption":"Radio Castor"},"image":{"@id":"https:\/\/www.radiocastor.com\/#\/schema\/logo\/image\/"},"sameAs":["https:\/\/www.facebook.com\/theradiocastor","https:\/\/x.com\/TheRadioCastor","https:\/\/www.instagram.com\/theradiocastor","https:\/\/www.youtube.com\/c\/RadioCastor"]},{"@type":"Person","@id":"https:\/\/www.radiocastor.com\/#\/schema\/person\/558b0e47dc4c11fa52b2220ba6a78779","name":"R\u00e9daction R C","image":{"@type":"ImageObject","inLanguage":"fr-FR","@id":"https:\/\/secure.gravatar.com\/avatar\/1d3e4f4c4a0d129f7ed4838ea20c33760c2484b9bc381993df6c0e3f5bf89c23?s=96&d=mm&r=g","url":"https:\/\/secure.gravatar.com\/avatar\/1d3e4f4c4a0d129f7ed4838ea20c33760c2484b9bc381993df6c0e3f5bf89c23?s=96&d=mm&r=g","contentUrl":"https:\/\/secure.gravatar.com\/avatar\/1d3e4f4c4a0d129f7ed4838ea20c33760c2484b9bc381993df6c0e3f5bf89c23?s=96&d=mm&r=g","caption":"R\u00e9daction R C"},"sameAs":["http:\/\/www.radiocastor.com"],"url":"https:\/\/www.radiocastor.com\/index.php\/author\/radio-castor\/"}]}},"uagb_featured_image_src":{"full":["https:\/\/www.radiocastor.com\/wp-content\/uploads\/2024\/10\/Screenshot-2024-10-25-at-01-47-07-1-Facebook.png",512,554,false],"thumbnail":["https:\/\/www.radiocastor.com\/wp-content\/uploads\/2024\/10\/Screenshot-2024-10-25-at-01-47-07-1-Facebook-150x150.png",150,150,true],"medium":["https:\/\/www.radiocastor.com\/wp-content\/uploads\/2024\/10\/Screenshot-2024-10-25-at-01-47-07-1-Facebook-277x300.png",277,300,true],"medium_large":["https:\/\/www.radiocastor.com\/wp-content\/uploads\/2024\/10\/Screenshot-2024-10-25-at-01-47-07-1-Facebook.png",512,554,false],"large":["https:\/\/www.radiocastor.com\/wp-content\/uploads\/2024\/10\/Screenshot-2024-10-25-at-01-47-07-1-Facebook.png",512,554,false],"1536x1536":["https:\/\/www.radiocastor.com\/wp-content\/uploads\/2024\/10\/Screenshot-2024-10-25-at-01-47-07-1-Facebook.png",512,554,false],"2048x2048":["https:\/\/www.radiocastor.com\/wp-content\/uploads\/2024\/10\/Screenshot-2024-10-25-at-01-47-07-1-Facebook.png",512,554,false],"newsever-slider-full":["https:\/\/www.radiocastor.com\/wp-content\/uploads\/2024\/10\/Screenshot-2024-10-25-at-01-47-07-1-Facebook.png",512,554,false],"newsever-featured":["https:\/\/www.radiocastor.com\/wp-content\/uploads\/2024\/10\/Screenshot-2024-10-25-at-01-47-07-1-Facebook.png",512,554,false],"newsever-medium":["https:\/\/www.radiocastor.com\/wp-content\/uploads\/2024\/10\/Screenshot-2024-10-25-at-01-47-07-1-Facebook-512x475.png",512,475,true]},"uagb_author_info":{"display_name":"R\u00e9daction R C","author_link":"https:\/\/www.radiocastor.com\/index.php\/author\/radio-castor\/"},"uagb_comment_info":0,"uagb_excerpt":"L&rsquo;artiste irlandais Gareth Nugent nous pr\u00e9sente son dernier titre, \u00ab\u00a0As Country As You\u00a0\u00bb, sorti le...","_links":{"self":[{"href":"https:\/\/www.radiocastor.com\/index.php\/wp-json\/wp\/v2\/posts\/10093","targetHints":{"allow":["GET"]}}],"collection":[{"href":"https:\/\/www.radiocastor.com\/index.php\/wp-json\/wp\/v2\/posts"}],"about":[{"href":"https:\/\/www.radiocastor.com\/index.php\/wp-json\/wp\/v2\/types\/post"}],"author":[{"embeddable":true,"href":"https:\/\/www.radiocastor.com\/index.php\/wp-json\/wp\/v2\/users\/1"}],"replies":[{"embeddable":true,"href":"https:\/\/www.radiocastor.com\/index.php\/wp-json\/wp\/v2\/comments?post=10093"}],"version-history":[{"count":1,"href":"https:\/\/www.radiocastor.com\/index.php\/wp-json\/wp\/v2\/posts\/10093\/revisions"}],"predecessor-version":[{"id":10095,"href":"https:\/\/www.radiocastor.com\/index.php\/wp-json\/wp\/v2\/posts\/10093\/revisions\/10095"}],"wp:featuredmedia":[{"embeddable":true,"href":"https:\/\/www.radiocastor.com\/index.php\/wp-json\/wp\/v2\/media\/10094"}],"wp:attachment":[{"href":"https:\/\/www.radiocastor.com\/index.php\/wp-json\/wp\/v2\/media?parent=10093"}],"wp:term":[{"taxonomy":"category","embeddable":true,"href":"https:\/\/www.radiocastor.com\/index.php\/wp-json\/wp\/v2\/categories?post=10093"},{"taxonomy":"post_tag","embeddable":true,"href":"https:\/\/www.radiocastor.com\/index.php\/wp-json\/wp\/v2\/tags?post=10093"}],"curies":[{"name":"wp","href":"https:\/\/api.w.org\/{rel}","templated":true}]}}